{"id":19813,"date":"2025-06-05T08:27:43","date_gmt":"2025-06-05T08:27:43","guid":{"rendered":"https:\/\/gotoandweb.com\/webs\/sitges\/?p=19813"},"modified":"2025-06-05T08:28:28","modified_gmt":"2025-06-05T08:28:28","slug":"port-de-sitges-conclou-amb-exit-les-xxi-jornades-tecniques-de-ports-de-catalunya","status":"publish","type":"post","link":"https:\/\/www.portdesitges.com\/ca\/port-de-sitges-conclou-amb-exit-les-xxi-jornades-tecniques-de-ports-de-catalunya\/","title":{"rendered":"Port de Sitges conclou amb \u00e8xit les XXI Jornades T\u00e8cniques de Ports de Catalunya"},"content":{"rendered":"[vc_row type=&#8221;in_container&#8221; full_screen_row_position=&#8221;middle&#8221; column_margin=&#8221;default&#8221; column_direction=&#8221;default&#8221; column_direction_tablet=&#8221;default&#8221; column_direction_phone=&#8221;default&#8221; scene_position=&#8221;center&#8221; text_color=&#8221;dark&#8221; text_align=&#8221;left&#8221; row_border_radius=&#8221;none&#8221; row_border_radius_applies=&#8221;bg&#8221; overflow=&#8221;visible&#8221; overlay_strength=&#8221;0.3&#8243; gradient_direction=&#8221;left_to_right&#8221; shape_divider_position=&#8221;bottom&#8221; bg_image_animation=&#8221;none&#8221;][vc_column column_padding=&#8221;no-extra-padding&#8221; column_padding_tablet=&#8221;inherit&#8221; column_padding_phone=&#8221;inherit&#8221; column_padding_position=&#8221;all&#8221; column_element_direction_desktop=&#8221;default&#8221; column_element_spacing=&#8221;default&#8221; desktop_text_alignment=&#8221;default&#8221; tablet_text_alignment=&#8221;default&#8221; phone_text_alignment=&#8221;default&#8221; background_color_opacity=&#8221;1&#8243; background_hover_color_opacity=&#8221;1&#8243; column_backdrop_filter=&#8221;none&#8221; column_shadow=&#8221;none&#8221; column_border_radius=&#8221;none&#8221; column_link_target=&#8221;_self&#8221; column_position=&#8221;default&#8221; gradient_direction=&#8221;left_to_right&#8221; overlay_strength=&#8221;0.3&#8243; width=&#8221;1\/1&#8243; tablet_width_inherit=&#8221;default&#8221; animation_type=&#8221;default&#8221; bg_image_animation=&#8221;none&#8221; border_type=&#8221;simple&#8221; column_border_width=&#8221;none&#8221; column_border_style=&#8221;solid&#8221;][vc_column_text]\n<ul class=\"wp-block-list\">\n<li>El Port de Sitges ha exercit d\u2019amfitri\u00f3 i ha rebut a gaireb\u00e9 200 professionals vinculats amb la n\u00e0utica, coincidint amb el seu 50\u00e8 aniversari<\/li>\n<\/ul>\n[\/vc_column_text][image_with_animation image_url=&#8221;19810&#8243; image_size=&#8221;full&#8221; animation_type=&#8221;entrance&#8221; animation=&#8221;None&#8221; animation_movement_type=&#8221;transform_y&#8221; hover_animation=&#8221;none&#8221; alignment=&#8221;&#8221; border_radius=&#8221;none&#8221; box_shadow=&#8221;none&#8221; image_loading=&#8221;default&#8221; max_width=&#8221;100%&#8221; max_width_mobile=&#8221;default&#8221;][vc_column_text]El Port de Sitges-Aiguadol\u00e7 va acollir els dies 15 i 16 de maig les XXI Jornades T\u00e8cniques dels Ports de Catalunya, organitzades per l\u2019Associaci\u00f3 Catalana de Ports Esportius i Tur\u00edstics (Ports de Catalunya-ACPET).<\/p>\n<p>Amb l\u2019assist\u00e8ncia de gaireb\u00e9 200 professionals de l\u2019\u00e0mbit portuari, institucional i empresarial, les jornades han reafirmat el seu paper com a espai de refer\u00e8ncia per a la reflexi\u00f3 i l\u2019intercanvi d\u2019experi\u00e8ncies entorn del present i el futur dels ports esportius i tur\u00edstics de Catalunya, aix\u00ed com del sector n\u00e0utic en general, i en aquesta ocasi\u00f3 el Port de Sitges ha exercit d\u2019amfitri\u00f3 coincidint amb el seu 50\u00e8 aniversari.<\/p>\n<p>L\u2019acte inaugural va estar presidit per Albert Bertran, president de Ports de Catalunya-ACPET i president executiu del Port de Sitges-Aiguadol\u00e7, qui va donar la benvinguda als assistents subratllant la import\u00e0ncia de la unitat dels Ports de Catalunya per afrontar els reptes de present i futur amb una sola veu. La sessi\u00f3 va comptar tamb\u00e9 amb la intervenci\u00f3 de Jaume Monasterio, tinent d\u2019alcaldessa i regidor d\u2019Esports de l\u2019Ajuntament de Sitges.<\/p>\n<p>Al llarg de les dues jornades es van tractar temes clau com el projecte Econ\u00e0utic, l\u2019impacte del canvi clim\u00e0tic, els h\u00e0bitats marins de Catalunya, la intel\u00b7lig\u00e8ncia artificial, les solucions t\u00e8cniques ja implantades, i les noves normatives jur\u00eddiques que afecten el sector, entre d\u2019altres.<\/p>\n<p>Les pon\u00e8ncies van comptar amb reconeguts experts com Joan Pau Sierra, catedr\u00e0tic de la UPC, qui va parlar sobre \u201cEls ports esportius i el canvi clim\u00e0tic\u201d; Montse Pe\u00f1arroya, CEO de Quadrant Alfa, que va exposar el tema \u201cLa IA i les noves tecnologies als ports esportius\u201d; Josep Antoni Llopart, director del Sal\u00f3 N\u00e0utic de Barcelona, que va explicar com ser\u00e0 la nova edici\u00f3 del certamen el 2025; i Cristina Lag\u00e9, directora general de Turisme de la Generalitat, que va parlar del nou full de ruta del Turisme a Catalunya, destacant la import\u00e0ncia de la n\u00e0utica i els ports esportius en el nou enfocament de l\u2019Administraci\u00f3.<\/p>\n<p>Cal destacar tamb\u00e9 la pon\u00e8ncia \u201cPresent i futur de la n\u00e0utica esportiva i de recreaci\u00f3\u201d, amb la participaci\u00f3 de Carlos Sanlorenzo, assessor jur\u00eddic d\u2019ANEN; Tom\u00e1s Azc\u00e1rate, president de Marinas de Espa\u00f1a; Ignacio Erroz, president del Barcelona Cl\u00faster N\u00e0utic; Carlos Torrado, gerent de la CEACNA; i Albert Bertran, president de Ports de Catalunya-ACPET. L\u2019acte de cloenda va reunir destacades autoritats institucionals com l\u2019alcaldessa de Sitges, Aurora Carbonell; la Directora General de Transports i Mobilitat de la Generalitat de Catalunya, Susi L\u00f3pez; el secretari general d\u2019Esports, Abel Garcia; i el president de Ports de Catalunya-ACPET, Albert Bertran, qui va cloure les jornades agraint la implicaci\u00f3 de tots els participants i reafirmant el comprom\u00eds de l\u2019Associaci\u00f3 Catalana de Ports Esportius i Tur\u00edstics amb la millora cont\u00ednua del sistema portuari catal\u00e0.[\/vc_column_text][\/vc_column][\/vc_row]\n","protected":false},"excerpt":{"rendered":"<p>[vc_row type=&#8221;in_container&#8221; full_screen_row_position=&#8221;middle&#8221; column_margin=&#8221;default&#8221; column_direction=&#8221;default&#8221; column_direction_tablet=&#8221;default&#8221; column_direction_phone=&#8221;default&#8221; scene_position=&#8221;center&#8221; text_color=&#8221;dark&#8221; text_align=&#8221;left&#8221; row_border_radius=&#8221;none&#8221; row_border_radius_applies=&#8221;bg&#8221; overflow=&#8221;visible&#8221; overlay_strength=&#8221;0.3&#8243; gradient_direction=&#8221;left_to_right&#8221; shape_divider_position=&#8221;bottom&#8221; bg_image_animation=&#8221;none&#8221;][vc_column column_padding=&#8221;no-extra-padding&#8221; column_padding_tablet=&#8221;inherit&#8221; column_padding_phone=&#8221;inherit&#8221; column_padding_position=&#8221;all&#8221; column_element_direction_desktop=&#8221;default&#8221; column_element_spacing=&#8221;default&#8221; desktop_text_alignment=&#8221;default&#8221; tablet_text_alignment=&#8221;default&#8221; phone_text_alignment=&#8221;default&#8221; background_color_opacity=&#8221;1&#8243; background_hover_color_opacity=&#8221;1&#8243; column_backdrop_filter=&#8221;none&#8221; column_shadow=&#8221;none&#8221;&#8230;<\/p>\n","protected":false},"author":1,"featured_media":19810,"comment_status":"open","ping_status":"open","sticky":false,"template":"","format":"standard","meta":{"footnotes":""},"categories":[62,47],"tags":[],"class_list":{"0":"post-19813","1":"post","2":"type-post","3":"status-publish","4":"format-standard","5":"has-post-thumbnail","7":"category-noticias-ca","8":"category-sense-categoria"},"yoast_head":"<!-- This site is optimized with the Yoast SEO plugin v27.3 - https:\/\/yoast.com\/product\/yoast-seo-wordpress\/ -->\n<title>Port de Sitges conclou amb \u00e8xit les XXI Jornades T\u00e8cniques de Ports de Catalunya - Port de Sitges - Aiguadol\u00e7<\/title>\n<meta name=\"robots\" content=\"index, follow, max-snippet:-1, max-image-preview:large, max-video-preview:-1\" \/>\n<link rel=\"canonical\" href=\"https:\/\/www.portdesitges.com\/port-de-sitges-concluye-con-exito-las-xxi-jornadas-tecnicas-de-puertos-de-cataluna\/\" \/>\n<meta property=\"og:locale\" content=\"ca_ES\" \/>\n<meta property=\"og:type\" content=\"article\" \/>\n<meta property=\"og:title\" content=\"Port de Sitges conclou amb \u00e8xit les XXI Jornades T\u00e8cniques de Ports de Catalunya - Port de Sitges - Aiguadol\u00e7\" \/>\n<meta property=\"og:description\" content=\"[vc_row type=&#8221;in_container&#8221; full_screen_row_position=&#8221;middle&#8221; column_margin=&#8221;default&#8221; column_direction=&#8221;default&#8221; column_direction_tablet=&#8221;default&#8221; column_direction_phone=&#8221;default&#8221; scene_position=&#8221;center&#8221; text_color=&#8221;dark&#8221; text_align=&#8221;left&#8221; row_border_radius=&#8221;none&#8221; row_border_radius_applies=&#8221;bg&#8221; overflow=&#8221;visible&#8221; overlay_strength=&#8221;0.3&#8243; gradient_direction=&#8221;left_to_right&#8221; shape_divider_position=&#8221;bottom&#8221; bg_image_animation=&#8221;none&#8221;][vc_column column_padding=&#8221;no-extra-padding&#8221; column_padding_tablet=&#8221;inherit&#8221; column_padding_phone=&#8221;inherit&#8221; column_padding_position=&#8221;all&#8221; column_element_direction_desktop=&#8221;default&#8221; column_element_spacing=&#8221;default&#8221; desktop_text_alignment=&#8221;default&#8221; tablet_text_alignment=&#8221;default&#8221; phone_text_alignment=&#8221;default&#8221; background_color_opacity=&#8221;1&#8243; background_hover_color_opacity=&#8221;1&#8243; column_backdrop_filter=&#8221;none&#8221; column_shadow=&#8221;none&#8221;...\" \/>\n<meta property=\"og:url\" content=\"https:\/\/www.portdesitges.com\/port-de-sitges-concluye-con-exito-las-xxi-jornadas-tecnicas-de-puertos-de-cataluna\/\" \/>\n<meta property=\"og:site_name\" content=\"Port de Sitges - Aiguadol\u00e7\" \/>\n<meta property=\"article:published_time\" content=\"2025-06-05T08:27:43+00:00\" \/>\n<meta property=\"article:modified_time\" content=\"2025-06-05T08:28:28+00:00\" \/>\n<meta property=\"og:image\" content=\"https:\/\/www.portdesitges.com\/wp-content\/uploads\/2025\/06\/fotofamilia-1024x628-1.jpg\" \/>\n\t<meta property=\"og:image:width\" content=\"1024\" \/>\n\t<meta property=\"og:image:height\" content=\"628\" \/>\n\t<meta property=\"og:image:type\" content=\"image\/jpeg\" \/>\n<meta name=\"author\" content=\"admin\" \/>\n<meta name=\"twitter:card\" content=\"summary_large_image\" \/>\n<meta name=\"twitter:label1\" content=\"Escrit per\" \/>\n\t<meta name=\"twitter:data1\" content=\"admin\" \/>\n\t<meta name=\"twitter:label2\" content=\"Temps estimat de lectura\" \/>\n\t<meta name=\"twitter:data2\" content=\"3 minuts\" \/>\n<script type=\"application\/ld+json\" class=\"yoast-schema-graph\">{\"@context\":\"https:\\\/\\\/schema.org\",\"@graph\":[{\"@type\":\"Article\",\"@id\":\"https:\\\/\\\/www.portdesitges.com\\\/port-de-sitges-concluye-con-exito-las-xxi-jornadas-tecnicas-de-puertos-de-cataluna\\\/#article\",\"isPartOf\":{\"@id\":\"https:\\\/\\\/www.portdesitges.com\\\/port-de-sitges-concluye-con-exito-las-xxi-jornadas-tecnicas-de-puertos-de-cataluna\\\/\"},\"author\":{\"name\":\"admin\",\"@id\":\"https:\\\/\\\/www.portdesitges.com\\\/#\\\/schema\\\/person\\\/1eefc99f5083e56db6bd643d0e8649fd\"},\"headline\":\"Port de Sitges conclou amb \u00e8xit les XXI Jornades T\u00e8cniques de Ports de Catalunya\",\"datePublished\":\"2025-06-05T08:27:43+00:00\",\"dateModified\":\"2025-06-05T08:28:28+00:00\",\"mainEntityOfPage\":{\"@id\":\"https:\\\/\\\/www.portdesitges.com\\\/port-de-sitges-concluye-con-exito-las-xxi-jornadas-tecnicas-de-puertos-de-cataluna\\\/\"},\"wordCount\":736,\"commentCount\":0,\"image\":{\"@id\":\"https:\\\/\\\/www.portdesitges.com\\\/port-de-sitges-concluye-con-exito-las-xxi-jornadas-tecnicas-de-puertos-de-cataluna\\\/#primaryimage\"},\"thumbnailUrl\":\"https:\\\/\\\/www.portdesitges.com\\\/wp-content\\\/uploads\\\/2025\\\/06\\\/fotofamilia-1024x628-1.jpg\",\"articleSection\":[\"Not\u00edcias\"],\"inLanguage\":\"ca\",\"potentialAction\":[{\"@type\":\"CommentAction\",\"name\":\"Comment\",\"target\":[\"https:\\\/\\\/www.portdesitges.com\\\/port-de-sitges-concluye-con-exito-las-xxi-jornadas-tecnicas-de-puertos-de-cataluna\\\/#respond\"]}]},{\"@type\":\"WebPage\",\"@id\":\"https:\\\/\\\/www.portdesitges.com\\\/port-de-sitges-concluye-con-exito-las-xxi-jornadas-tecnicas-de-puertos-de-cataluna\\\/\",\"url\":\"https:\\\/\\\/www.portdesitges.com\\\/port-de-sitges-concluye-con-exito-las-xxi-jornadas-tecnicas-de-puertos-de-cataluna\\\/\",\"name\":\"Port de Sitges conclou amb \u00e8xit les XXI Jornades T\u00e8cniques de Ports de Catalunya - Port de Sitges - Aiguadol\u00e7\",\"isPartOf\":{\"@id\":\"https:\\\/\\\/www.portdesitges.com\\\/#website\"},\"primaryImageOfPage\":{\"@id\":\"https:\\\/\\\/www.portdesitges.com\\\/port-de-sitges-concluye-con-exito-las-xxi-jornadas-tecnicas-de-puertos-de-cataluna\\\/#primaryimage\"},\"image\":{\"@id\":\"https:\\\/\\\/www.portdesitges.com\\\/port-de-sitges-concluye-con-exito-las-xxi-jornadas-tecnicas-de-puertos-de-cataluna\\\/#primaryimage\"},\"thumbnailUrl\":\"https:\\\/\\\/www.portdesitges.com\\\/wp-content\\\/uploads\\\/2025\\\/06\\\/fotofamilia-1024x628-1.jpg\",\"datePublished\":\"2025-06-05T08:27:43+00:00\",\"dateModified\":\"2025-06-05T08:28:28+00:00\",\"author\":{\"@id\":\"https:\\\/\\\/www.portdesitges.com\\\/#\\\/schema\\\/person\\\/1eefc99f5083e56db6bd643d0e8649fd\"},\"breadcrumb\":{\"@id\":\"https:\\\/\\\/www.portdesitges.com\\\/port-de-sitges-concluye-con-exito-las-xxi-jornadas-tecnicas-de-puertos-de-cataluna\\\/#breadcrumb\"},\"inLanguage\":\"ca\",\"potentialAction\":[{\"@type\":\"ReadAction\",\"target\":[\"https:\\\/\\\/www.portdesitges.com\\\/port-de-sitges-concluye-con-exito-las-xxi-jornadas-tecnicas-de-puertos-de-cataluna\\\/\"]}]},{\"@type\":\"ImageObject\",\"inLanguage\":\"ca\",\"@id\":\"https:\\\/\\\/www.portdesitges.com\\\/port-de-sitges-concluye-con-exito-las-xxi-jornadas-tecnicas-de-puertos-de-cataluna\\\/#primaryimage\",\"url\":\"https:\\\/\\\/www.portdesitges.com\\\/wp-content\\\/uploads\\\/2025\\\/06\\\/fotofamilia-1024x628-1.jpg\",\"contentUrl\":\"https:\\\/\\\/www.portdesitges.com\\\/wp-content\\\/uploads\\\/2025\\\/06\\\/fotofamilia-1024x628-1.jpg\",\"width\":1024,\"height\":628,\"caption\":\"default\"},{\"@type\":\"BreadcrumbList\",\"@id\":\"https:\\\/\\\/www.portdesitges.com\\\/port-de-sitges-concluye-con-exito-las-xxi-jornadas-tecnicas-de-puertos-de-cataluna\\\/#breadcrumb\",\"itemListElement\":[{\"@type\":\"ListItem\",\"position\":1,\"name\":\"Portada\",\"item\":\"https:\\\/\\\/www.portdesitges.com\\\/ca\\\/\"},{\"@type\":\"ListItem\",\"position\":2,\"name\":\"Port de Sitges conclou amb \u00e8xit les XXI Jornades T\u00e8cniques de Ports de Catalunya\"}]},{\"@type\":\"WebSite\",\"@id\":\"https:\\\/\\\/www.portdesitges.com\\\/#website\",\"url\":\"https:\\\/\\\/www.portdesitges.com\\\/\",\"name\":\"Port de Sitges - Aiguadol\u00e7\",\"description\":\"lugar donde el mar y la tierra se dan de la mano para crear un espacio \u00fanico y atractivo. Disfruta de un mar de experiencias.\",\"potentialAction\":[{\"@type\":\"SearchAction\",\"target\":{\"@type\":\"EntryPoint\",\"urlTemplate\":\"https:\\\/\\\/www.portdesitges.com\\\/?s={search_term_string}\"},\"query-input\":{\"@type\":\"PropertyValueSpecification\",\"valueRequired\":true,\"valueName\":\"search_term_string\"}}],\"inLanguage\":\"ca\"},{\"@type\":\"Person\",\"@id\":\"https:\\\/\\\/www.portdesitges.com\\\/#\\\/schema\\\/person\\\/1eefc99f5083e56db6bd643d0e8649fd\",\"name\":\"admin\",\"image\":{\"@type\":\"ImageObject\",\"inLanguage\":\"ca\",\"@id\":\"https:\\\/\\\/secure.gravatar.com\\\/avatar\\\/2db7db7d08053efc6bbf52674f99717837ec8d1dd72ce992247f1bade9278b82?s=96&d=mm&r=g\",\"url\":\"https:\\\/\\\/secure.gravatar.com\\\/avatar\\\/2db7db7d08053efc6bbf52674f99717837ec8d1dd72ce992247f1bade9278b82?s=96&d=mm&r=g\",\"contentUrl\":\"https:\\\/\\\/secure.gravatar.com\\\/avatar\\\/2db7db7d08053efc6bbf52674f99717837ec8d1dd72ce992247f1bade9278b82?s=96&d=mm&r=g\",\"caption\":\"admin\"},\"url\":\"https:\\\/\\\/www.portdesitges.com\\\/ca\\\/author\\\/admin\\\/\"}]}<\/script>\n<!-- \/ Yoast SEO plugin. -->","yoast_head_json":{"title":"Port de Sitges conclou amb \u00e8xit les XXI Jornades T\u00e8cniques de Ports de Catalunya - Port de Sitges - Aiguadol\u00e7","robots":{"index":"index","follow":"follow","max-snippet":"max-snippet:-1","max-image-preview":"max-image-preview:large","max-video-preview":"max-video-preview:-1"},"canonical":"https:\/\/www.portdesitges.com\/port-de-sitges-concluye-con-exito-las-xxi-jornadas-tecnicas-de-puertos-de-cataluna\/","og_locale":"ca_ES","og_type":"article","og_title":"Port de Sitges conclou amb \u00e8xit les XXI Jornades T\u00e8cniques de Ports de Catalunya - Port de Sitges - Aiguadol\u00e7","og_description":"[vc_row type=&#8221;in_container&#8221; full_screen_row_position=&#8221;middle&#8221; column_margin=&#8221;default&#8221; column_direction=&#8221;default&#8221; column_direction_tablet=&#8221;default&#8221; column_direction_phone=&#8221;default&#8221; scene_position=&#8221;center&#8221; text_color=&#8221;dark&#8221; text_align=&#8221;left&#8221; row_border_radius=&#8221;none&#8221; row_border_radius_applies=&#8221;bg&#8221; overflow=&#8221;visible&#8221; overlay_strength=&#8221;0.3&#8243; gradient_direction=&#8221;left_to_right&#8221; shape_divider_position=&#8221;bottom&#8221; bg_image_animation=&#8221;none&#8221;][vc_column column_padding=&#8221;no-extra-padding&#8221; column_padding_tablet=&#8221;inherit&#8221; column_padding_phone=&#8221;inherit&#8221; column_padding_position=&#8221;all&#8221; column_element_direction_desktop=&#8221;default&#8221; column_element_spacing=&#8221;default&#8221; desktop_text_alignment=&#8221;default&#8221; tablet_text_alignment=&#8221;default&#8221; phone_text_alignment=&#8221;default&#8221; background_color_opacity=&#8221;1&#8243; background_hover_color_opacity=&#8221;1&#8243; column_backdrop_filter=&#8221;none&#8221; column_shadow=&#8221;none&#8221;...","og_url":"https:\/\/www.portdesitges.com\/port-de-sitges-concluye-con-exito-las-xxi-jornadas-tecnicas-de-puertos-de-cataluna\/","og_site_name":"Port de Sitges - Aiguadol\u00e7","article_published_time":"2025-06-05T08:27:43+00:00","article_modified_time":"2025-06-05T08:28:28+00:00","og_image":[{"width":1024,"height":628,"url":"https:\/\/www.portdesitges.com\/wp-content\/uploads\/2025\/06\/fotofamilia-1024x628-1.jpg","type":"image\/jpeg"}],"author":"admin","twitter_card":"summary_large_image","twitter_misc":{"Escrit per":"admin","Temps estimat de lectura":"3 minuts"},"schema":{"@context":"https:\/\/schema.org","@graph":[{"@type":"Article","@id":"https:\/\/www.portdesitges.com\/port-de-sitges-concluye-con-exito-las-xxi-jornadas-tecnicas-de-puertos-de-cataluna\/#article","isPartOf":{"@id":"https:\/\/www.portdesitges.com\/port-de-sitges-concluye-con-exito-las-xxi-jornadas-tecnicas-de-puertos-de-cataluna\/"},"author":{"name":"admin","@id":"https:\/\/www.portdesitges.com\/#\/schema\/person\/1eefc99f5083e56db6bd643d0e8649fd"},"headline":"Port de Sitges conclou amb \u00e8xit les XXI Jornades T\u00e8cniques de Ports de Catalunya","datePublished":"2025-06-05T08:27:43+00:00","dateModified":"2025-06-05T08:28:28+00:00","mainEntityOfPage":{"@id":"https:\/\/www.portdesitges.com\/port-de-sitges-concluye-con-exito-las-xxi-jornadas-tecnicas-de-puertos-de-cataluna\/"},"wordCount":736,"commentCount":0,"image":{"@id":"https:\/\/www.portdesitges.com\/port-de-sitges-concluye-con-exito-las-xxi-jornadas-tecnicas-de-puertos-de-cataluna\/#primaryimage"},"thumbnailUrl":"https:\/\/www.portdesitges.com\/wp-content\/uploads\/2025\/06\/fotofamilia-1024x628-1.jpg","articleSection":["Not\u00edcias"],"inLanguage":"ca","potentialAction":[{"@type":"CommentAction","name":"Comment","target":["https:\/\/www.portdesitges.com\/port-de-sitges-concluye-con-exito-las-xxi-jornadas-tecnicas-de-puertos-de-cataluna\/#respond"]}]},{"@type":"WebPage","@id":"https:\/\/www.portdesitges.com\/port-de-sitges-concluye-con-exito-las-xxi-jornadas-tecnicas-de-puertos-de-cataluna\/","url":"https:\/\/www.portdesitges.com\/port-de-sitges-concluye-con-exito-las-xxi-jornadas-tecnicas-de-puertos-de-cataluna\/","name":"Port de Sitges conclou amb \u00e8xit les XXI Jornades T\u00e8cniques de Ports de Catalunya - Port de Sitges - Aiguadol\u00e7","isPartOf":{"@id":"https:\/\/www.portdesitges.com\/#website"},"primaryImageOfPage":{"@id":"https:\/\/www.portdesitges.com\/port-de-sitges-concluye-con-exito-las-xxi-jornadas-tecnicas-de-puertos-de-cataluna\/#primaryimage"},"image":{"@id":"https:\/\/www.portdesitges.com\/port-de-sitges-concluye-con-exito-las-xxi-jornadas-tecnicas-de-puertos-de-cataluna\/#primaryimage"},"thumbnailUrl":"https:\/\/www.portdesitges.com\/wp-content\/uploads\/2025\/06\/fotofamilia-1024x628-1.jpg","datePublished":"2025-06-05T08:27:43+00:00","dateModified":"2025-06-05T08:28:28+00:00","author":{"@id":"https:\/\/www.portdesitges.com\/#\/schema\/person\/1eefc99f5083e56db6bd643d0e8649fd"},"breadcrumb":{"@id":"https:\/\/www.portdesitges.com\/port-de-sitges-concluye-con-exito-las-xxi-jornadas-tecnicas-de-puertos-de-cataluna\/#breadcrumb"},"inLanguage":"ca","potentialAction":[{"@type":"ReadAction","target":["https:\/\/www.portdesitges.com\/port-de-sitges-concluye-con-exito-las-xxi-jornadas-tecnicas-de-puertos-de-cataluna\/"]}]},{"@type":"ImageObject","inLanguage":"ca","@id":"https:\/\/www.portdesitges.com\/port-de-sitges-concluye-con-exito-las-xxi-jornadas-tecnicas-de-puertos-de-cataluna\/#primaryimage","url":"https:\/\/www.portdesitges.com\/wp-content\/uploads\/2025\/06\/fotofamilia-1024x628-1.jpg","contentUrl":"https:\/\/www.portdesitges.com\/wp-content\/uploads\/2025\/06\/fotofamilia-1024x628-1.jpg","width":1024,"height":628,"caption":"default"},{"@type":"BreadcrumbList","@id":"https:\/\/www.portdesitges.com\/port-de-sitges-concluye-con-exito-las-xxi-jornadas-tecnicas-de-puertos-de-cataluna\/#breadcrumb","itemListElement":[{"@type":"ListItem","position":1,"name":"Portada","item":"https:\/\/www.portdesitges.com\/ca\/"},{"@type":"ListItem","position":2,"name":"Port de Sitges conclou amb \u00e8xit les XXI Jornades T\u00e8cniques de Ports de Catalunya"}]},{"@type":"WebSite","@id":"https:\/\/www.portdesitges.com\/#website","url":"https:\/\/www.portdesitges.com\/","name":"Port de Sitges - Aiguadol\u00e7","description":"lugar donde el mar y la tierra se dan de la mano para crear un espacio \u00fanico y atractivo. Disfruta de un mar de experiencias.","potentialAction":[{"@type":"SearchAction","target":{"@type":"EntryPoint","urlTemplate":"https:\/\/www.portdesitges.com\/?s={search_term_string}"},"query-input":{"@type":"PropertyValueSpecification","valueRequired":true,"valueName":"search_term_string"}}],"inLanguage":"ca"},{"@type":"Person","@id":"https:\/\/www.portdesitges.com\/#\/schema\/person\/1eefc99f5083e56db6bd643d0e8649fd","name":"admin","image":{"@type":"ImageObject","inLanguage":"ca","@id":"https:\/\/secure.gravatar.com\/avatar\/2db7db7d08053efc6bbf52674f99717837ec8d1dd72ce992247f1bade9278b82?s=96&d=mm&r=g","url":"https:\/\/secure.gravatar.com\/avatar\/2db7db7d08053efc6bbf52674f99717837ec8d1dd72ce992247f1bade9278b82?s=96&d=mm&r=g","contentUrl":"https:\/\/secure.gravatar.com\/avatar\/2db7db7d08053efc6bbf52674f99717837ec8d1dd72ce992247f1bade9278b82?s=96&d=mm&r=g","caption":"admin"},"url":"https:\/\/www.portdesitges.com\/ca\/author\/admin\/"}]}},"_links":{"self":[{"href":"https:\/\/www.portdesitges.com\/ca\/wp-json\/wp\/v2\/posts\/19813","targetHints":{"allow":["GET"]}}],"collection":[{"href":"https:\/\/www.portdesitges.com\/ca\/wp-json\/wp\/v2\/posts"}],"about":[{"href":"https:\/\/www.portdesitges.com\/ca\/wp-json\/wp\/v2\/types\/post"}],"author":[{"embeddable":true,"href":"https:\/\/www.portdesitges.com\/ca\/wp-json\/wp\/v2\/users\/1"}],"replies":[{"embeddable":true,"href":"https:\/\/www.portdesitges.com\/ca\/wp-json\/wp\/v2\/comments?post=19813"}],"version-history":[{"count":3,"href":"https:\/\/www.portdesitges.com\/ca\/wp-json\/wp\/v2\/posts\/19813\/revisions"}],"predecessor-version":[{"id":19816,"href":"https:\/\/www.portdesitges.com\/ca\/wp-json\/wp\/v2\/posts\/19813\/revisions\/19816"}],"wp:featuredmedia":[{"embeddable":true,"href":"https:\/\/www.portdesitges.com\/ca\/wp-json\/wp\/v2\/media\/19810"}],"wp:attachment":[{"href":"https:\/\/www.portdesitges.com\/ca\/wp-json\/wp\/v2\/media?parent=19813"}],"wp:term":[{"taxonomy":"category","embeddable":true,"href":"https:\/\/www.portdesitges.com\/ca\/wp-json\/wp\/v2\/categories?post=19813"},{"taxonomy":"post_tag","embeddable":true,"href":"https:\/\/www.portdesitges.com\/ca\/wp-json\/wp\/v2\/tags?post=19813"}],"curies":[{"name":"wp","href":"https:\/\/api.w.org\/{rel}","templated":true}]}}