{"id":18120,"date":"2024-12-03T12:58:57","date_gmt":"2024-12-03T12:58:57","guid":{"rendered":"https:\/\/www.portdesitges.com\/?p=18120"},"modified":"2024-12-05T13:16:51","modified_gmt":"2024-12-05T13:16:51","slug":"el-port-de-sitges-col%c2%b7labora-amb-lhospital-sant-joan-de-deu-per-recollir-regals-pels-infants-mes-vulnerables","status":"publish","type":"post","link":"https:\/\/www.portdesitges.com\/ca\/el-port-de-sitges-col%c2%b7labora-amb-lhospital-sant-joan-de-deu-per-recollir-regals-pels-infants-mes-vulnerables\/","title":{"rendered":"El Port de Sitges col\u00b7labora amb l\u2019Hospital Sant Joan de D\u00e9u per recollir regals pels infants m\u00e9s vulnerables"},"content":{"rendered":"[vc_row type=&#8221;in_container&#8221; full_screen_row_position=&#8221;middle&#8221; column_margin=&#8221;default&#8221; column_direction=&#8221;default&#8221; column_direction_tablet=&#8221;default&#8221; column_direction_phone=&#8221;default&#8221; scene_position=&#8221;center&#8221; text_color=&#8221;dark&#8221; text_align=&#8221;left&#8221; row_border_radius=&#8221;none&#8221; row_border_radius_applies=&#8221;bg&#8221; overflow=&#8221;visible&#8221; overlay_strength=&#8221;0.3&#8243; gradient_direction=&#8221;left_to_right&#8221; shape_divider_position=&#8221;bottom&#8221; bg_image_animation=&#8221;none&#8221;][vc_column column_padding=&#8221;no-extra-padding&#8221; column_padding_tablet=&#8221;inherit&#8221; column_padding_phone=&#8221;inherit&#8221; column_padding_position=&#8221;all&#8221; column_element_direction_desktop=&#8221;default&#8221; column_element_spacing=&#8221;default&#8221; desktop_text_alignment=&#8221;default&#8221; tablet_text_alignment=&#8221;default&#8221; phone_text_alignment=&#8221;default&#8221; background_color_opacity=&#8221;1&#8243; background_hover_color_opacity=&#8221;1&#8243; column_backdrop_filter=&#8221;none&#8221; column_shadow=&#8221;none&#8221; column_border_radius=&#8221;none&#8221; column_link_target=&#8221;_self&#8221; column_position=&#8221;default&#8221; gradient_direction=&#8221;left_to_right&#8221; overlay_strength=&#8221;0.3&#8243; width=&#8221;1\/1&#8243; tablet_width_inherit=&#8221;default&#8221; animation_type=&#8221;default&#8221; bg_image_animation=&#8221;none&#8221; border_type=&#8221;simple&#8221; column_border_width=&#8221;none&#8221; column_border_style=&#8221;solid&#8221;][vc_column_text]El Port de Sitges es suma a una iniciativa solid\u00e0ria en col\u00b7laboraci\u00f3 amb l\u2019Hospital Sant Joan de D\u00e9u per recollir regals destinats als nens i nenes m\u00e9s vulnerables. Aquesta acci\u00f3 t\u00e9 com a objectiu aportar una mica d\u2019alegria a les seves vides durant aquestes festes.<\/p>\n<p>Per preservar la dignitat i assegurar la qualitat dels obsequis, es demana que els regals siguin nous o, si s\u00f3n de segona m\u00e0, que estiguin en perfecte estat.<\/p>\n<p><strong>Important:<\/strong><\/p>\n<ul>\n<li>L\u2019entrega s\u2019ha de realitzar a <strong>la recepci\u00f3 de la Torre de Capitania<\/strong>.<\/li>\n<li>La recollida estar\u00e0 disponible fins al dilluns 16, incl\u00f2s.<\/li>\n<\/ul>\n<p>Amb el vostre gest solidari, podeu fer que aquestes festes siguin m\u00e9s m\u00e0giques per a molts infants.<\/p>\n<p>Moltes gr\u00e0cies per la vostra col\u00b7laboraci\u00f3!<\/p>\n<p>El Port de Sitges agraeix de tot cor el suport i generositat de tots els participants en aquesta causa solid\u00e0ria.[\/vc_column_text][\/vc_column][\/vc_row][vc_row type=&#8221;in_container&#8221; full_screen_row_position=&#8221;middle&#8221; column_margin=&#8221;default&#8221; column_direction=&#8221;default&#8221; column_direction_tablet=&#8221;default&#8221; column_direction_phone=&#8221;default&#8221; scene_position=&#8221;center&#8221; text_color=&#8221;dark&#8221; text_align=&#8221;left&#8221; row_border_radius=&#8221;none&#8221; row_border_radius_applies=&#8221;bg&#8221; overflow=&#8221;visible&#8221; overlay_strength=&#8221;0.3&#8243; gradient_direction=&#8221;left_to_right&#8221; shape_divider_position=&#8221;bottom&#8221; bg_image_animation=&#8221;none&#8221;][vc_column column_padding=&#8221;no-extra-padding&#8221; column_padding_tablet=&#8221;inherit&#8221; column_padding_phone=&#8221;inherit&#8221; column_padding_position=&#8221;all&#8221; column_element_direction_desktop=&#8221;default&#8221; column_element_spacing=&#8221;default&#8221; desktop_text_alignment=&#8221;default&#8221; tablet_text_alignment=&#8221;default&#8221; phone_text_alignment=&#8221;default&#8221; background_color_opacity=&#8221;1&#8243; background_hover_color_opacity=&#8221;1&#8243; column_backdrop_filter=&#8221;none&#8221; column_shadow=&#8221;none&#8221; column_border_radius=&#8221;none&#8221; column_link_target=&#8221;_self&#8221; column_position=&#8221;default&#8221; gradient_direction=&#8221;left_to_right&#8221; overlay_strength=&#8221;0.3&#8243; width=&#8221;1\/3&#8243; tablet_width_inherit=&#8221;default&#8221; animation_type=&#8221;default&#8221; bg_image_animation=&#8221;none&#8221; border_type=&#8221;simple&#8221; column_border_width=&#8221;none&#8221; column_border_style=&#8221;solid&#8221;][\/vc_column][vc_column column_padding=&#8221;no-extra-padding&#8221; column_padding_tablet=&#8221;inherit&#8221; column_padding_phone=&#8221;inherit&#8221; column_padding_position=&#8221;all&#8221; column_element_direction_desktop=&#8221;default&#8221; column_element_spacing=&#8221;default&#8221; desktop_text_alignment=&#8221;default&#8221; tablet_text_alignment=&#8221;default&#8221; phone_text_alignment=&#8221;default&#8221; background_color_opacity=&#8221;1&#8243; background_hover_color_opacity=&#8221;1&#8243; column_backdrop_filter=&#8221;none&#8221; column_shadow=&#8221;none&#8221; column_border_radius=&#8221;none&#8221; column_link_target=&#8221;_self&#8221; column_position=&#8221;default&#8221; gradient_direction=&#8221;left_to_right&#8221; overlay_strength=&#8221;0.3&#8243; width=&#8221;1\/3&#8243; tablet_width_inherit=&#8221;default&#8221; animation_type=&#8221;default&#8221; bg_image_animation=&#8221;none&#8221; border_type=&#8221;simple&#8221; column_border_width=&#8221;none&#8221; column_border_style=&#8221;solid&#8221;][image_with_animation image_url=&#8221;18129&#8243; image_size=&#8221;full&#8221; animation_type=&#8221;entrance&#8221; animation=&#8221;Fade In&#8221; animation_easing=&#8221;default&#8221; animation_movement_type=&#8221;transform_y&#8221; hover_animation=&#8221;none&#8221; alignment=&#8221;&#8221; border_radius=&#8221;none&#8221; box_shadow=&#8221;none&#8221; image_loading=&#8221;default&#8221; max_width=&#8221;100%&#8221; max_width_mobile=&#8221;default&#8221;][\/vc_column][vc_column column_padding=&#8221;no-extra-padding&#8221; column_padding_tablet=&#8221;inherit&#8221; column_padding_phone=&#8221;inherit&#8221; column_padding_position=&#8221;all&#8221; column_element_direction_desktop=&#8221;default&#8221; column_element_spacing=&#8221;default&#8221; desktop_text_alignment=&#8221;default&#8221; tablet_text_alignment=&#8221;default&#8221; phone_text_alignment=&#8221;default&#8221; background_color_opacity=&#8221;1&#8243; background_hover_color_opacity=&#8221;1&#8243; column_backdrop_filter=&#8221;none&#8221; column_shadow=&#8221;none&#8221; column_border_radius=&#8221;none&#8221; column_link_target=&#8221;_self&#8221; column_position=&#8221;default&#8221; gradient_direction=&#8221;left_to_right&#8221; overlay_strength=&#8221;0.3&#8243; width=&#8221;1\/3&#8243; tablet_width_inherit=&#8221;default&#8221; animation_type=&#8221;default&#8221; bg_image_animation=&#8221;none&#8221; border_type=&#8221;simple&#8221; column_border_width=&#8221;none&#8221; column_border_style=&#8221;solid&#8221;][\/vc_column][\/vc_row][vc_row type=&#8221;in_container&#8221; full_screen_row_position=&#8221;middle&#8221; column_margin=&#8221;default&#8221; column_direction=&#8221;default&#8221; column_direction_tablet=&#8221;default&#8221; column_direction_phone=&#8221;default&#8221; scene_position=&#8221;center&#8221; text_color=&#8221;dark&#8221; text_align=&#8221;left&#8221; row_border_radius=&#8221;none&#8221; row_border_radius_applies=&#8221;bg&#8221; overflow=&#8221;visible&#8221; overlay_strength=&#8221;0.3&#8243; gradient_direction=&#8221;left_to_right&#8221; shape_divider_position=&#8221;bottom&#8221; bg_image_animation=&#8221;none&#8221;][vc_column column_padding=&#8221;no-extra-padding&#8221; column_padding_tablet=&#8221;inherit&#8221; column_padding_phone=&#8221;inherit&#8221; column_padding_position=&#8221;all&#8221; column_element_direction_desktop=&#8221;default&#8221; column_element_spacing=&#8221;default&#8221; desktop_text_alignment=&#8221;default&#8221; tablet_text_alignment=&#8221;default&#8221; phone_text_alignment=&#8221;default&#8221; background_color_opacity=&#8221;1&#8243; background_hover_color_opacity=&#8221;1&#8243; column_backdrop_filter=&#8221;none&#8221; column_shadow=&#8221;none&#8221; column_border_radius=&#8221;none&#8221; column_link_target=&#8221;_self&#8221; column_position=&#8221;default&#8221; gradient_direction=&#8221;left_to_right&#8221; overlay_strength=&#8221;0.3&#8243; width=&#8221;1\/1&#8243; tablet_width_inherit=&#8221;default&#8221; animation_type=&#8221;default&#8221; bg_image_animation=&#8221;none&#8221; border_type=&#8221;simple&#8221; column_border_width=&#8221;none&#8221; column_border_style=&#8221;solid&#8221;][vc_column_text][\/ vc_column] [\/ vc_row][\/vc_column_text][\/vc_column][\/vc_row]\n","protected":false},"excerpt":{"rendered":"<p>[vc_row type=&#8221;in_container&#8221; full_screen_row_position=&#8221;middle&#8221; column_margin=&#8221;default&#8221; column_direction=&#8221;default&#8221; column_direction_tablet=&#8221;default&#8221; column_direction_phone=&#8221;default&#8221; scene_position=&#8221;center&#8221; text_color=&#8221;dark&#8221; text_align=&#8221;left&#8221; row_border_radius=&#8221;none&#8221; row_border_radius_applies=&#8221;bg&#8221; overflow=&#8221;visible&#8221; overlay_strength=&#8221;0.3&#8243; gradient_direction=&#8221;left_to_right&#8221; shape_divider_position=&#8221;bottom&#8221; bg_image_animation=&#8221;none&#8221;][vc_column column_padding=&#8221;no-extra-padding&#8221; column_padding_tablet=&#8221;inherit&#8221; column_padding_phone=&#8221;inherit&#8221; column_padding_position=&#8221;all&#8221; column_element_direction_desktop=&#8221;default&#8221; column_element_spacing=&#8221;default&#8221; desktop_text_alignment=&#8221;default&#8221; tablet_text_alignment=&#8221;default&#8221; phone_text_alignment=&#8221;default&#8221; background_color_opacity=&#8221;1&#8243; background_hover_color_opacity=&#8221;1&#8243; column_backdrop_filter=&#8221;none&#8221; column_shadow=&#8221;none&#8221;&#8230;<\/p>\n","protected":false},"author":3,"featured_media":18138,"comment_status":"closed","ping_status":"closed","sticky":false,"template":"","format":"standard","meta":{"footnotes":""},"categories":[62],"tags":[],"class_list":{"0":"post-18120","1":"post","2":"type-post","3":"status-publish","4":"format-standard","5":"has-post-thumbnail","7":"category-noticias-ca"},"yoast_head":"<!-- This site is optimized with the Yoast SEO plugin v27.3 - https:\/\/yoast.com\/product\/yoast-seo-wordpress\/ -->\n<title>El Port de Sitges col\u00b7labora amb l\u2019Hospital Sant Joan de D\u00e9u per recollir regals pels infants m\u00e9s vulnerables<\/title>\n<meta name=\"description\" content=\"El Port de Sitges es suma a una iniciativa solid\u00e0ria en col\u00b7laboraci\u00f3 amb l\u2019Hospital Sant Joan de D\u00e9u per recollir regals destinats als nens i nenes m\u00e9s vulnerables. Aquesta acci\u00f3 t\u00e9 com a objectiu aportar una mica d\u2019alegria a les seves vides durant aquestes festes.\" \/>\n<meta name=\"robots\" content=\"index, follow, max-snippet:-1, max-image-preview:large, max-video-preview:-1\" \/>\n<link rel=\"canonical\" href=\"https:\/\/www.portdesitges.com\/ca\/el-port-de-sitges-col\u00b7labora-amb-lhospital-sant-joan-de-deu-per-recollir-regals-pels-infants-mes-vulnerables\/\" \/>\n<meta property=\"og:locale\" content=\"ca_ES\" \/>\n<meta property=\"og:type\" content=\"article\" \/>\n<meta property=\"og:title\" content=\"El Port de Sitges col\u00b7labora amb l\u2019Hospital Sant Joan de D\u00e9u per recollir regals pels infants m\u00e9s vulnerables\" \/>\n<meta property=\"og:description\" content=\"El Port de Sitges es suma a una iniciativa solid\u00e0ria en col\u00b7laboraci\u00f3 amb l\u2019Hospital Sant Joan de D\u00e9u per recollir regals destinats als nens i nenes m\u00e9s vulnerables. Aquesta acci\u00f3 t\u00e9 com a objectiu aportar una mica d\u2019alegria a les seves vides durant aquestes festes.\" \/>\n<meta property=\"og:url\" content=\"https:\/\/www.portdesitges.com\/ca\/el-port-de-sitges-col\u00b7labora-amb-lhospital-sant-joan-de-deu-per-recollir-regals-pels-infants-mes-vulnerables\/\" \/>\n<meta property=\"og:site_name\" content=\"Port de Sitges - Aiguadol\u00e7\" \/>\n<meta property=\"article:published_time\" content=\"2024-12-03T12:58:57+00:00\" \/>\n<meta property=\"article:modified_time\" content=\"2024-12-05T13:16:51+00:00\" \/>\n<meta property=\"og:image\" content=\"https:\/\/www.portdesitges.com\/wp-content\/uploads\/2024\/12\/IMG_3515-scaled.jpeg\" \/>\n\t<meta property=\"og:image:width\" content=\"1920\" \/>\n\t<meta property=\"og:image:height\" content=\"2560\" \/>\n\t<meta property=\"og:image:type\" content=\"image\/jpeg\" \/>\n<meta name=\"author\" content=\"S\u00f2nia Felip\" \/>\n<meta name=\"twitter:card\" content=\"summary_large_image\" \/>\n<meta name=\"twitter:label1\" content=\"Escrit per\" \/>\n\t<meta name=\"twitter:data1\" content=\"S\u00f2nia Felip\" \/>\n\t<meta name=\"twitter:label2\" content=\"Temps estimat de lectura\" \/>\n\t<meta name=\"twitter:data2\" content=\"2 minuts\" \/>\n<script type=\"application\/ld+json\" class=\"yoast-schema-graph\">{\"@context\":\"https:\\\/\\\/schema.org\",\"@graph\":[{\"@type\":\"Article\",\"@id\":\"https:\\\/\\\/www.portdesitges.com\\\/ca\\\/el-port-de-sitges-col%c2%b7labora-amb-lhospital-sant-joan-de-deu-per-recollir-regals-pels-infants-mes-vulnerables\\\/#article\",\"isPartOf\":{\"@id\":\"https:\\\/\\\/www.portdesitges.com\\\/ca\\\/el-port-de-sitges-col%c2%b7labora-amb-lhospital-sant-joan-de-deu-per-recollir-regals-pels-infants-mes-vulnerables\\\/\"},\"author\":{\"name\":\"S\u00f2nia Felip\",\"@id\":\"https:\\\/\\\/www.portdesitges.com\\\/#\\\/schema\\\/person\\\/be98f3191d6c7bb6ccddc2e0ac4d861f\"},\"headline\":\"El Port de Sitges col\u00b7labora amb l\u2019Hospital Sant Joan de D\u00e9u per recollir regals pels infants m\u00e9s vulnerables\",\"datePublished\":\"2024-12-03T12:58:57+00:00\",\"dateModified\":\"2024-12-05T13:16:51+00:00\",\"mainEntityOfPage\":{\"@id\":\"https:\\\/\\\/www.portdesitges.com\\\/ca\\\/el-port-de-sitges-col%c2%b7labora-amb-lhospital-sant-joan-de-deu-per-recollir-regals-pels-infants-mes-vulnerables\\\/\"},\"wordCount\":889,\"image\":{\"@id\":\"https:\\\/\\\/www.portdesitges.com\\\/ca\\\/el-port-de-sitges-col%c2%b7labora-amb-lhospital-sant-joan-de-deu-per-recollir-regals-pels-infants-mes-vulnerables\\\/#primaryimage\"},\"thumbnailUrl\":\"https:\\\/\\\/www.portdesitges.com\\\/wp-content\\\/uploads\\\/2024\\\/12\\\/IMG_3515-scaled.jpeg\",\"articleSection\":[\"Not\u00edcias\"],\"inLanguage\":\"ca\"},{\"@type\":\"WebPage\",\"@id\":\"https:\\\/\\\/www.portdesitges.com\\\/ca\\\/el-port-de-sitges-col%c2%b7labora-amb-lhospital-sant-joan-de-deu-per-recollir-regals-pels-infants-mes-vulnerables\\\/\",\"url\":\"https:\\\/\\\/www.portdesitges.com\\\/ca\\\/el-port-de-sitges-col%c2%b7labora-amb-lhospital-sant-joan-de-deu-per-recollir-regals-pels-infants-mes-vulnerables\\\/\",\"name\":\"El Port de Sitges col\u00b7labora amb l\u2019Hospital Sant Joan de D\u00e9u per recollir regals pels infants m\u00e9s vulnerables\",\"isPartOf\":{\"@id\":\"https:\\\/\\\/www.portdesitges.com\\\/#website\"},\"primaryImageOfPage\":{\"@id\":\"https:\\\/\\\/www.portdesitges.com\\\/ca\\\/el-port-de-sitges-col%c2%b7labora-amb-lhospital-sant-joan-de-deu-per-recollir-regals-pels-infants-mes-vulnerables\\\/#primaryimage\"},\"image\":{\"@id\":\"https:\\\/\\\/www.portdesitges.com\\\/ca\\\/el-port-de-sitges-col%c2%b7labora-amb-lhospital-sant-joan-de-deu-per-recollir-regals-pels-infants-mes-vulnerables\\\/#primaryimage\"},\"thumbnailUrl\":\"https:\\\/\\\/www.portdesitges.com\\\/wp-content\\\/uploads\\\/2024\\\/12\\\/IMG_3515-scaled.jpeg\",\"datePublished\":\"2024-12-03T12:58:57+00:00\",\"dateModified\":\"2024-12-05T13:16:51+00:00\",\"author\":{\"@id\":\"https:\\\/\\\/www.portdesitges.com\\\/#\\\/schema\\\/person\\\/be98f3191d6c7bb6ccddc2e0ac4d861f\"},\"description\":\"El Port de Sitges es suma a una iniciativa solid\u00e0ria en col\u00b7laboraci\u00f3 amb l\u2019Hospital Sant Joan de D\u00e9u per recollir regals destinats als nens i nenes m\u00e9s vulnerables. Aquesta acci\u00f3 t\u00e9 com a objectiu aportar una mica d\u2019alegria a les seves vides durant aquestes festes.\",\"breadcrumb\":{\"@id\":\"https:\\\/\\\/www.portdesitges.com\\\/ca\\\/el-port-de-sitges-col%c2%b7labora-amb-lhospital-sant-joan-de-deu-per-recollir-regals-pels-infants-mes-vulnerables\\\/#breadcrumb\"},\"inLanguage\":\"ca\",\"potentialAction\":[{\"@type\":\"ReadAction\",\"target\":[\"https:\\\/\\\/www.portdesitges.com\\\/ca\\\/el-port-de-sitges-col%c2%b7labora-amb-lhospital-sant-joan-de-deu-per-recollir-regals-pels-infants-mes-vulnerables\\\/\"]}]},{\"@type\":\"ImageObject\",\"inLanguage\":\"ca\",\"@id\":\"https:\\\/\\\/www.portdesitges.com\\\/ca\\\/el-port-de-sitges-col%c2%b7labora-amb-lhospital-sant-joan-de-deu-per-recollir-regals-pels-infants-mes-vulnerables\\\/#primaryimage\",\"url\":\"https:\\\/\\\/www.portdesitges.com\\\/wp-content\\\/uploads\\\/2024\\\/12\\\/IMG_3515-scaled.jpeg\",\"contentUrl\":\"https:\\\/\\\/www.portdesitges.com\\\/wp-content\\\/uploads\\\/2024\\\/12\\\/IMG_3515-scaled.jpeg\",\"width\":1920,\"height\":2560},{\"@type\":\"BreadcrumbList\",\"@id\":\"https:\\\/\\\/www.portdesitges.com\\\/ca\\\/el-port-de-sitges-col%c2%b7labora-amb-lhospital-sant-joan-de-deu-per-recollir-regals-pels-infants-mes-vulnerables\\\/#breadcrumb\",\"itemListElement\":[{\"@type\":\"ListItem\",\"position\":1,\"name\":\"Portada\",\"item\":\"https:\\\/\\\/www.portdesitges.com\\\/ca\\\/\"},{\"@type\":\"ListItem\",\"position\":2,\"name\":\"El Port de Sitges col\u00b7labora amb l\u2019Hospital Sant Joan de D\u00e9u per recollir regals pels infants m\u00e9s vulnerables\"}]},{\"@type\":\"WebSite\",\"@id\":\"https:\\\/\\\/www.portdesitges.com\\\/#website\",\"url\":\"https:\\\/\\\/www.portdesitges.com\\\/\",\"name\":\"Port de Sitges - Aiguadol\u00e7\",\"description\":\"lugar donde el mar y la tierra se dan de la mano para crear un espacio \u00fanico y atractivo. Disfruta de un mar de experiencias.\",\"potentialAction\":[{\"@type\":\"SearchAction\",\"target\":{\"@type\":\"EntryPoint\",\"urlTemplate\":\"https:\\\/\\\/www.portdesitges.com\\\/?s={search_term_string}\"},\"query-input\":{\"@type\":\"PropertyValueSpecification\",\"valueRequired\":true,\"valueName\":\"search_term_string\"}}],\"inLanguage\":\"ca\"},{\"@type\":\"Person\",\"@id\":\"https:\\\/\\\/www.portdesitges.com\\\/#\\\/schema\\\/person\\\/be98f3191d6c7bb6ccddc2e0ac4d861f\",\"name\":\"S\u00f2nia Felip\",\"image\":{\"@type\":\"ImageObject\",\"inLanguage\":\"ca\",\"@id\":\"https:\\\/\\\/secure.gravatar.com\\\/avatar\\\/3f5abf961091eed8bea1ba4a0fb5f78e0c728f907fe0cf722e81af4aa82939db?s=96&d=mm&r=g\",\"url\":\"https:\\\/\\\/secure.gravatar.com\\\/avatar\\\/3f5abf961091eed8bea1ba4a0fb5f78e0c728f907fe0cf722e81af4aa82939db?s=96&d=mm&r=g\",\"contentUrl\":\"https:\\\/\\\/secure.gravatar.com\\\/avatar\\\/3f5abf961091eed8bea1ba4a0fb5f78e0c728f907fe0cf722e81af4aa82939db?s=96&d=mm&r=g\",\"caption\":\"S\u00f2nia Felip\"},\"url\":\"https:\\\/\\\/www.portdesitges.com\\\/ca\\\/author\\\/sonia\\\/\"}]}<\/script>\n<!-- \/ Yoast SEO plugin. -->","yoast_head_json":{"title":"El Port de Sitges col\u00b7labora amb l\u2019Hospital Sant Joan de D\u00e9u per recollir regals pels infants m\u00e9s vulnerables","description":"El Port de Sitges es suma a una iniciativa solid\u00e0ria en col\u00b7laboraci\u00f3 amb l\u2019Hospital Sant Joan de D\u00e9u per recollir regals destinats als nens i nenes m\u00e9s vulnerables. Aquesta acci\u00f3 t\u00e9 com a objectiu aportar una mica d\u2019alegria a les seves vides durant aquestes festes.","robots":{"index":"index","follow":"follow","max-snippet":"max-snippet:-1","max-image-preview":"max-image-preview:large","max-video-preview":"max-video-preview:-1"},"canonical":"https:\/\/www.portdesitges.com\/ca\/el-port-de-sitges-col\u00b7labora-amb-lhospital-sant-joan-de-deu-per-recollir-regals-pels-infants-mes-vulnerables\/","og_locale":"ca_ES","og_type":"article","og_title":"El Port de Sitges col\u00b7labora amb l\u2019Hospital Sant Joan de D\u00e9u per recollir regals pels infants m\u00e9s vulnerables","og_description":"El Port de Sitges es suma a una iniciativa solid\u00e0ria en col\u00b7laboraci\u00f3 amb l\u2019Hospital Sant Joan de D\u00e9u per recollir regals destinats als nens i nenes m\u00e9s vulnerables. Aquesta acci\u00f3 t\u00e9 com a objectiu aportar una mica d\u2019alegria a les seves vides durant aquestes festes.","og_url":"https:\/\/www.portdesitges.com\/ca\/el-port-de-sitges-col\u00b7labora-amb-lhospital-sant-joan-de-deu-per-recollir-regals-pels-infants-mes-vulnerables\/","og_site_name":"Port de Sitges - Aiguadol\u00e7","article_published_time":"2024-12-03T12:58:57+00:00","article_modified_time":"2024-12-05T13:16:51+00:00","og_image":[{"width":1920,"height":2560,"url":"https:\/\/www.portdesitges.com\/wp-content\/uploads\/2024\/12\/IMG_3515-scaled.jpeg","type":"image\/jpeg"}],"author":"S\u00f2nia Felip","twitter_card":"summary_large_image","twitter_misc":{"Escrit per":"S\u00f2nia Felip","Temps estimat de lectura":"2 minuts"},"schema":{"@context":"https:\/\/schema.org","@graph":[{"@type":"Article","@id":"https:\/\/www.portdesitges.com\/ca\/el-port-de-sitges-col%c2%b7labora-amb-lhospital-sant-joan-de-deu-per-recollir-regals-pels-infants-mes-vulnerables\/#article","isPartOf":{"@id":"https:\/\/www.portdesitges.com\/ca\/el-port-de-sitges-col%c2%b7labora-amb-lhospital-sant-joan-de-deu-per-recollir-regals-pels-infants-mes-vulnerables\/"},"author":{"name":"S\u00f2nia Felip","@id":"https:\/\/www.portdesitges.com\/#\/schema\/person\/be98f3191d6c7bb6ccddc2e0ac4d861f"},"headline":"El Port de Sitges col\u00b7labora amb l\u2019Hospital Sant Joan de D\u00e9u per recollir regals pels infants m\u00e9s vulnerables","datePublished":"2024-12-03T12:58:57+00:00","dateModified":"2024-12-05T13:16:51+00:00","mainEntityOfPage":{"@id":"https:\/\/www.portdesitges.com\/ca\/el-port-de-sitges-col%c2%b7labora-amb-lhospital-sant-joan-de-deu-per-recollir-regals-pels-infants-mes-vulnerables\/"},"wordCount":889,"image":{"@id":"https:\/\/www.portdesitges.com\/ca\/el-port-de-sitges-col%c2%b7labora-amb-lhospital-sant-joan-de-deu-per-recollir-regals-pels-infants-mes-vulnerables\/#primaryimage"},"thumbnailUrl":"https:\/\/www.portdesitges.com\/wp-content\/uploads\/2024\/12\/IMG_3515-scaled.jpeg","articleSection":["Not\u00edcias"],"inLanguage":"ca"},{"@type":"WebPage","@id":"https:\/\/www.portdesitges.com\/ca\/el-port-de-sitges-col%c2%b7labora-amb-lhospital-sant-joan-de-deu-per-recollir-regals-pels-infants-mes-vulnerables\/","url":"https:\/\/www.portdesitges.com\/ca\/el-port-de-sitges-col%c2%b7labora-amb-lhospital-sant-joan-de-deu-per-recollir-regals-pels-infants-mes-vulnerables\/","name":"El Port de Sitges col\u00b7labora amb l\u2019Hospital Sant Joan de D\u00e9u per recollir regals pels infants m\u00e9s vulnerables","isPartOf":{"@id":"https:\/\/www.portdesitges.com\/#website"},"primaryImageOfPage":{"@id":"https:\/\/www.portdesitges.com\/ca\/el-port-de-sitges-col%c2%b7labora-amb-lhospital-sant-joan-de-deu-per-recollir-regals-pels-infants-mes-vulnerables\/#primaryimage"},"image":{"@id":"https:\/\/www.portdesitges.com\/ca\/el-port-de-sitges-col%c2%b7labora-amb-lhospital-sant-joan-de-deu-per-recollir-regals-pels-infants-mes-vulnerables\/#primaryimage"},"thumbnailUrl":"https:\/\/www.portdesitges.com\/wp-content\/uploads\/2024\/12\/IMG_3515-scaled.jpeg","datePublished":"2024-12-03T12:58:57+00:00","dateModified":"2024-12-05T13:16:51+00:00","author":{"@id":"https:\/\/www.portdesitges.com\/#\/schema\/person\/be98f3191d6c7bb6ccddc2e0ac4d861f"},"description":"El Port de Sitges es suma a una iniciativa solid\u00e0ria en col\u00b7laboraci\u00f3 amb l\u2019Hospital Sant Joan de D\u00e9u per recollir regals destinats als nens i nenes m\u00e9s vulnerables. Aquesta acci\u00f3 t\u00e9 com a objectiu aportar una mica d\u2019alegria a les seves vides durant aquestes festes.","breadcrumb":{"@id":"https:\/\/www.portdesitges.com\/ca\/el-port-de-sitges-col%c2%b7labora-amb-lhospital-sant-joan-de-deu-per-recollir-regals-pels-infants-mes-vulnerables\/#breadcrumb"},"inLanguage":"ca","potentialAction":[{"@type":"ReadAction","target":["https:\/\/www.portdesitges.com\/ca\/el-port-de-sitges-col%c2%b7labora-amb-lhospital-sant-joan-de-deu-per-recollir-regals-pels-infants-mes-vulnerables\/"]}]},{"@type":"ImageObject","inLanguage":"ca","@id":"https:\/\/www.portdesitges.com\/ca\/el-port-de-sitges-col%c2%b7labora-amb-lhospital-sant-joan-de-deu-per-recollir-regals-pels-infants-mes-vulnerables\/#primaryimage","url":"https:\/\/www.portdesitges.com\/wp-content\/uploads\/2024\/12\/IMG_3515-scaled.jpeg","contentUrl":"https:\/\/www.portdesitges.com\/wp-content\/uploads\/2024\/12\/IMG_3515-scaled.jpeg","width":1920,"height":2560},{"@type":"BreadcrumbList","@id":"https:\/\/www.portdesitges.com\/ca\/el-port-de-sitges-col%c2%b7labora-amb-lhospital-sant-joan-de-deu-per-recollir-regals-pels-infants-mes-vulnerables\/#breadcrumb","itemListElement":[{"@type":"ListItem","position":1,"name":"Portada","item":"https:\/\/www.portdesitges.com\/ca\/"},{"@type":"ListItem","position":2,"name":"El Port de Sitges col\u00b7labora amb l\u2019Hospital Sant Joan de D\u00e9u per recollir regals pels infants m\u00e9s vulnerables"}]},{"@type":"WebSite","@id":"https:\/\/www.portdesitges.com\/#website","url":"https:\/\/www.portdesitges.com\/","name":"Port de Sitges - Aiguadol\u00e7","description":"lugar donde el mar y la tierra se dan de la mano para crear un espacio \u00fanico y atractivo. Disfruta de un mar de experiencias.","potentialAction":[{"@type":"SearchAction","target":{"@type":"EntryPoint","urlTemplate":"https:\/\/www.portdesitges.com\/?s={search_term_string}"},"query-input":{"@type":"PropertyValueSpecification","valueRequired":true,"valueName":"search_term_string"}}],"inLanguage":"ca"},{"@type":"Person","@id":"https:\/\/www.portdesitges.com\/#\/schema\/person\/be98f3191d6c7bb6ccddc2e0ac4d861f","name":"S\u00f2nia Felip","image":{"@type":"ImageObject","inLanguage":"ca","@id":"https:\/\/secure.gravatar.com\/avatar\/3f5abf961091eed8bea1ba4a0fb5f78e0c728f907fe0cf722e81af4aa82939db?s=96&d=mm&r=g","url":"https:\/\/secure.gravatar.com\/avatar\/3f5abf961091eed8bea1ba4a0fb5f78e0c728f907fe0cf722e81af4aa82939db?s=96&d=mm&r=g","contentUrl":"https:\/\/secure.gravatar.com\/avatar\/3f5abf961091eed8bea1ba4a0fb5f78e0c728f907fe0cf722e81af4aa82939db?s=96&d=mm&r=g","caption":"S\u00f2nia Felip"},"url":"https:\/\/www.portdesitges.com\/ca\/author\/sonia\/"}]}},"_links":{"self":[{"href":"https:\/\/www.portdesitges.com\/ca\/wp-json\/wp\/v2\/posts\/18120","targetHints":{"allow":["GET"]}}],"collection":[{"href":"https:\/\/www.portdesitges.com\/ca\/wp-json\/wp\/v2\/posts"}],"about":[{"href":"https:\/\/www.portdesitges.com\/ca\/wp-json\/wp\/v2\/types\/post"}],"author":[{"embeddable":true,"href":"https:\/\/www.portdesitges.com\/ca\/wp-json\/wp\/v2\/users\/3"}],"replies":[{"embeddable":true,"href":"https:\/\/www.portdesitges.com\/ca\/wp-json\/wp\/v2\/comments?post=18120"}],"version-history":[{"count":4,"href":"https:\/\/www.portdesitges.com\/ca\/wp-json\/wp\/v2\/posts\/18120\/revisions"}],"predecessor-version":[{"id":18146,"href":"https:\/\/www.portdesitges.com\/ca\/wp-json\/wp\/v2\/posts\/18120\/revisions\/18146"}],"wp:featuredmedia":[{"embeddable":true,"href":"https:\/\/www.portdesitges.com\/ca\/wp-json\/wp\/v2\/media\/18138"}],"wp:attachment":[{"href":"https:\/\/www.portdesitges.com\/ca\/wp-json\/wp\/v2\/media?parent=18120"}],"wp:term":[{"taxonomy":"category","embeddable":true,"href":"https:\/\/www.portdesitges.com\/ca\/wp-json\/wp\/v2\/categories?post=18120"},{"taxonomy":"post_tag","embeddable":true,"href":"https:\/\/www.portdesitges.com\/ca\/wp-json\/wp\/v2\/tags?post=18120"}],"curies":[{"name":"wp","href":"https:\/\/api.w.org\/{rel}","templated":true}]}}