{"id":18050,"date":"2024-07-26T11:37:37","date_gmt":"2024-07-26T11:37:37","guid":{"rendered":"https:\/\/www.portdesitges.com\/?p=18050"},"modified":"2024-07-26T11:37:39","modified_gmt":"2024-07-26T11:37:39","slug":"els-concerts-de-mitjanit-arriben-al-seu-ultim-concert-en-una-nova-edicio-dexit","status":"publish","type":"post","link":"https:\/\/www.portdesitges.com\/ca\/els-concerts-de-mitjanit-arriben-al-seu-ultim-concert-en-una-nova-edicio-dexit\/","title":{"rendered":"Els Concerts de Mitjanit arriben al seu \u00faltim concert en una nova edici\u00f3 d&#8217;\u00e8xit"},"content":{"rendered":"\n<p>Els Concerts de Mitjanit 2024 arriben aquest dissabte al seu \u00faltim concert en una nova edici\u00f3 que ha suposat un \u00e8xit total del certamen. Aquest dissabte, 27 de juliol a les 23.30 hores, el grup Suzanna far\u00e0 un Tribut a Tina Turner per dir adeu als Concerts, que, enguany, ha omplert de gom a gom el Port de Sitges amb m\u00e9s de 5.000 visitants d&#8217;arreu.&nbsp;<\/p>\n\n\n\n<p>Ser\u00e0 un moment emotiu, ja que l&#8217;edici\u00f3 d&#8217;enguany han suposat la consolidaci\u00f3 d&#8217;un format que ha anat evolucionant i desenvolupant-se any rere any. El Port \u00e9s una ubicaci\u00f3 brillant per gaudir de la m\u00fasica, amb la calor i la brisa del mar tocant-te el clatell, el gran bulevard dels restaurants i la seva \u00e0mplia varietat gastron\u00f2mica i la m\u00e0gia que suposen les nits d&#8217;estiu.&nbsp;<\/p>\n\n\n\n<p>Recordar que les entrades no s\u00f3n necess\u00e0ries i l&#8217;acc\u00e9s ser\u00e0 gratu\u00eft. Vine amb els teus amics, fam\u00edlia i, sobretot, amb ganes de passar-s&#8217;ho pipa per dir adeu a un dels esdeveniments de l&#8217;any al Port de Sitges.<\/p>\n\n\n\n<div class=\"wp-block-group\"><div class=\"wp-block-group__inner-container is-layout-constrained wp-block-group-is-layout-constrained\">\n<div class=\"wp-block-columns is-layout-flex wp-container-core-columns-is-layout-9d6595d7 wp-block-columns-is-layout-flex\">\n<div class=\"wp-block-column is-layout-flow wp-block-column-is-layout-flow\" style=\"flex-basis:100%\">\n<figure class=\"wp-block-gallery has-nested-images columns-default is-cropped wp-block-gallery-1 is-layout-flex wp-block-gallery-is-layout-flex\">\n<figure class=\"wp-block-image size-full\"><img loading=\"lazy\" decoding=\"async\" width=\"2560\" height=\"1917\" data-id=\"18027\" src=\"https:\/\/www.portdesitges.com\/wp-content\/uploads\/2024\/07\/DJI_0278-Enhanced-NR-scaled.jpg\" alt=\"\" class=\"wp-image-18027\" srcset=\"https:\/\/www.portdesitges.com\/wp-content\/uploads\/2024\/07\/DJI_0278-Enhanced-NR-scaled.jpg 2560w, https:\/\/www.portdesitges.com\/wp-content\/uploads\/2024\/07\/DJI_0278-Enhanced-NR-300x225.jpg 300w, https:\/\/www.portdesitges.com\/wp-content\/uploads\/2024\/07\/DJI_0278-Enhanced-NR-1024x767.jpg 1024w, https:\/\/www.portdesitges.com\/wp-content\/uploads\/2024\/07\/DJI_0278-Enhanced-NR-768x575.jpg 768w, https:\/\/www.portdesitges.com\/wp-content\/uploads\/2024\/07\/DJI_0278-Enhanced-NR-1536x1150.jpg 1536w, https:\/\/www.portdesitges.com\/wp-content\/uploads\/2024\/07\/DJI_0278-Enhanced-NR-2048x1534.jpg 2048w\" sizes=\"auto, (max-width: 2560px) 100vw, 2560px\" \/><\/figure>\n\n\n\n<figure class=\"wp-block-image size-full\"><img loading=\"lazy\" decoding=\"async\" width=\"541\" height=\"676\" data-id=\"18031\" src=\"https:\/\/www.portdesitges.com\/wp-content\/uploads\/2024\/07\/WhatsApp-Image-2024-06-26-at-21.55.03.jpeg\" alt=\"\" class=\"wp-image-18031\" srcset=\"https:\/\/www.portdesitges.com\/wp-content\/uploads\/2024\/07\/WhatsApp-Image-2024-06-26-at-21.55.03.jpeg 541w, https:\/\/www.portdesitges.com\/wp-content\/uploads\/2024\/07\/WhatsApp-Image-2024-06-26-at-21.55.03-240x300.jpeg 240w\" sizes=\"auto, (max-width: 541px) 100vw, 541px\" \/><\/figure>\n\n\n\n<figure class=\"wp-block-image size-full\"><img loading=\"lazy\" decoding=\"async\" width=\"2048\" height=\"2560\" data-id=\"18037\" src=\"https:\/\/www.portdesitges.com\/wp-content\/uploads\/2024\/07\/DJI_0268-Enhanced-NR-scaled.jpg\" alt=\"\" class=\"wp-image-18037\" srcset=\"https:\/\/www.portdesitges.com\/wp-content\/uploads\/2024\/07\/DJI_0268-Enhanced-NR-scaled.jpg 2048w, https:\/\/www.portdesitges.com\/wp-content\/uploads\/2024\/07\/DJI_0268-Enhanced-NR-240x300.jpg 240w, https:\/\/www.portdesitges.com\/wp-content\/uploads\/2024\/07\/DJI_0268-Enhanced-NR-819x1024.jpg 819w, https:\/\/www.portdesitges.com\/wp-content\/uploads\/2024\/07\/DJI_0268-Enhanced-NR-768x960.jpg 768w, https:\/\/www.portdesitges.com\/wp-content\/uploads\/2024\/07\/DJI_0268-Enhanced-NR-1229x1536.jpg 1229w, https:\/\/www.portdesitges.com\/wp-content\/uploads\/2024\/07\/DJI_0268-Enhanced-NR-1638x2048.jpg 1638w\" sizes=\"auto, (max-width: 2048px) 100vw, 2048px\" \/><\/figure>\n<\/figure>\n<\/div>\n<\/div>\n<\/div><\/div>\n","protected":false},"excerpt":{"rendered":"<p>Els Concerts de Mitjanit 2024 arriben aquest dissabte al seu \u00faltim concert en una nova edici\u00f3 que ha suposat un \u00e8xit total del certamen. Aquest dissabte, 27 de juliol a&#8230;<\/p>\n","protected":false},"author":1,"featured_media":18027,"comment_status":"closed","ping_status":"closed","sticky":false,"template":"","format":"standard","meta":{"footnotes":""},"categories":[62],"tags":[],"class_list":{"0":"post-18050","1":"post","2":"type-post","3":"status-publish","4":"format-standard","5":"has-post-thumbnail","7":"category-noticias-ca"},"yoast_head":"<!-- This site is optimized with the Yoast SEO plugin v27.3 - https:\/\/yoast.com\/product\/yoast-seo-wordpress\/ -->\n<title>Els Concerts de Mitjanit arriben al seu \u00faltim concert en una nova edici\u00f3 d&#039;\u00e8xit - Port de Sitges - Aiguadol\u00e7<\/title>\n<meta name=\"description\" content=\"Els Concerts de Mitjanit 2024 arriben aquest dissabte al seu \u00faltim concert en una nova edici\u00f3 que ha suposat un \u00e8xit total del certamen\" \/>\n<meta name=\"robots\" content=\"index, follow, max-snippet:-1, max-image-preview:large, max-video-preview:-1\" \/>\n<link rel=\"canonical\" href=\"https:\/\/www.portdesitges.com\/ca\/els-concerts-de-mitjanit-arriben-al-seu-ultim-concert-en-una-nova-edicio-dexit\/\" \/>\n<meta property=\"og:locale\" content=\"ca_ES\" \/>\n<meta property=\"og:type\" content=\"article\" \/>\n<meta property=\"og:title\" content=\"Els Concerts de Mitjanit arriben al seu \u00faltim concert en una nova edici\u00f3 d&#039;\u00e8xit - Port de Sitges - Aiguadol\u00e7\" \/>\n<meta property=\"og:description\" content=\"Els Concerts de Mitjanit 2024 arriben aquest dissabte al seu \u00faltim concert en una nova edici\u00f3 que ha suposat un \u00e8xit total del certamen\" \/>\n<meta property=\"og:url\" content=\"https:\/\/www.portdesitges.com\/ca\/els-concerts-de-mitjanit-arriben-al-seu-ultim-concert-en-una-nova-edicio-dexit\/\" \/>\n<meta property=\"og:site_name\" content=\"Port de Sitges - Aiguadol\u00e7\" \/>\n<meta property=\"article:published_time\" content=\"2024-07-26T11:37:37+00:00\" \/>\n<meta property=\"article:modified_time\" content=\"2024-07-26T11:37:39+00:00\" \/>\n<meta property=\"og:image\" content=\"https:\/\/www.portdesitges.com\/wp-content\/uploads\/2024\/07\/DJI_0278-Enhanced-NR-scaled.jpg\" \/>\n\t<meta property=\"og:image:width\" content=\"2560\" \/>\n\t<meta property=\"og:image:height\" content=\"1917\" \/>\n\t<meta property=\"og:image:type\" content=\"image\/jpeg\" \/>\n<meta name=\"author\" content=\"admin\" \/>\n<meta name=\"twitter:card\" content=\"summary_large_image\" \/>\n<meta name=\"twitter:label1\" content=\"Escrit per\" \/>\n\t<meta name=\"twitter:data1\" content=\"admin\" \/>\n\t<meta name=\"twitter:label2\" content=\"Temps estimat de lectura\" \/>\n\t<meta name=\"twitter:data2\" content=\"2 minuts\" \/>\n<script type=\"application\/ld+json\" class=\"yoast-schema-graph\">{\"@context\":\"https:\\\/\\\/schema.org\",\"@graph\":[{\"@type\":\"Article\",\"@id\":\"https:\\\/\\\/www.portdesitges.com\\\/ca\\\/els-concerts-de-mitjanit-arriben-al-seu-ultim-concert-en-una-nova-edicio-dexit\\\/#article\",\"isPartOf\":{\"@id\":\"https:\\\/\\\/www.portdesitges.com\\\/ca\\\/els-concerts-de-mitjanit-arriben-al-seu-ultim-concert-en-una-nova-edicio-dexit\\\/\"},\"author\":{\"name\":\"admin\",\"@id\":\"https:\\\/\\\/www.portdesitges.com\\\/#\\\/schema\\\/person\\\/1eefc99f5083e56db6bd643d0e8649fd\"},\"headline\":\"Els Concerts de Mitjanit arriben al seu \u00faltim concert en una nova edici\u00f3 d&#8217;\u00e8xit\",\"datePublished\":\"2024-07-26T11:37:37+00:00\",\"dateModified\":\"2024-07-26T11:37:39+00:00\",\"mainEntityOfPage\":{\"@id\":\"https:\\\/\\\/www.portdesitges.com\\\/ca\\\/els-concerts-de-mitjanit-arriben-al-seu-ultim-concert-en-una-nova-edicio-dexit\\\/\"},\"wordCount\":196,\"image\":{\"@id\":\"https:\\\/\\\/www.portdesitges.com\\\/ca\\\/els-concerts-de-mitjanit-arriben-al-seu-ultim-concert-en-una-nova-edicio-dexit\\\/#primaryimage\"},\"thumbnailUrl\":\"https:\\\/\\\/www.portdesitges.com\\\/wp-content\\\/uploads\\\/2024\\\/07\\\/DJI_0278-Enhanced-NR-scaled.jpg\",\"articleSection\":[\"Not\u00edcias\"],\"inLanguage\":\"ca\"},{\"@type\":\"WebPage\",\"@id\":\"https:\\\/\\\/www.portdesitges.com\\\/ca\\\/els-concerts-de-mitjanit-arriben-al-seu-ultim-concert-en-una-nova-edicio-dexit\\\/\",\"url\":\"https:\\\/\\\/www.portdesitges.com\\\/ca\\\/els-concerts-de-mitjanit-arriben-al-seu-ultim-concert-en-una-nova-edicio-dexit\\\/\",\"name\":\"Els Concerts de Mitjanit arriben al seu \u00faltim concert en una nova edici\u00f3 d'\u00e8xit - Port de Sitges - Aiguadol\u00e7\",\"isPartOf\":{\"@id\":\"https:\\\/\\\/www.portdesitges.com\\\/#website\"},\"primaryImageOfPage\":{\"@id\":\"https:\\\/\\\/www.portdesitges.com\\\/ca\\\/els-concerts-de-mitjanit-arriben-al-seu-ultim-concert-en-una-nova-edicio-dexit\\\/#primaryimage\"},\"image\":{\"@id\":\"https:\\\/\\\/www.portdesitges.com\\\/ca\\\/els-concerts-de-mitjanit-arriben-al-seu-ultim-concert-en-una-nova-edicio-dexit\\\/#primaryimage\"},\"thumbnailUrl\":\"https:\\\/\\\/www.portdesitges.com\\\/wp-content\\\/uploads\\\/2024\\\/07\\\/DJI_0278-Enhanced-NR-scaled.jpg\",\"datePublished\":\"2024-07-26T11:37:37+00:00\",\"dateModified\":\"2024-07-26T11:37:39+00:00\",\"author\":{\"@id\":\"https:\\\/\\\/www.portdesitges.com\\\/#\\\/schema\\\/person\\\/1eefc99f5083e56db6bd643d0e8649fd\"},\"description\":\"Els Concerts de Mitjanit 2024 arriben aquest dissabte al seu \u00faltim concert en una nova edici\u00f3 que ha suposat un \u00e8xit total del certamen\",\"breadcrumb\":{\"@id\":\"https:\\\/\\\/www.portdesitges.com\\\/ca\\\/els-concerts-de-mitjanit-arriben-al-seu-ultim-concert-en-una-nova-edicio-dexit\\\/#breadcrumb\"},\"inLanguage\":\"ca\",\"potentialAction\":[{\"@type\":\"ReadAction\",\"target\":[\"https:\\\/\\\/www.portdesitges.com\\\/ca\\\/els-concerts-de-mitjanit-arriben-al-seu-ultim-concert-en-una-nova-edicio-dexit\\\/\"]}]},{\"@type\":\"ImageObject\",\"inLanguage\":\"ca\",\"@id\":\"https:\\\/\\\/www.portdesitges.com\\\/ca\\\/els-concerts-de-mitjanit-arriben-al-seu-ultim-concert-en-una-nova-edicio-dexit\\\/#primaryimage\",\"url\":\"https:\\\/\\\/www.portdesitges.com\\\/wp-content\\\/uploads\\\/2024\\\/07\\\/DJI_0278-Enhanced-NR-scaled.jpg\",\"contentUrl\":\"https:\\\/\\\/www.portdesitges.com\\\/wp-content\\\/uploads\\\/2024\\\/07\\\/DJI_0278-Enhanced-NR-scaled.jpg\",\"width\":2560,\"height\":1917},{\"@type\":\"BreadcrumbList\",\"@id\":\"https:\\\/\\\/www.portdesitges.com\\\/ca\\\/els-concerts-de-mitjanit-arriben-al-seu-ultim-concert-en-una-nova-edicio-dexit\\\/#breadcrumb\",\"itemListElement\":[{\"@type\":\"ListItem\",\"position\":1,\"name\":\"Portada\",\"item\":\"https:\\\/\\\/www.portdesitges.com\\\/ca\\\/\"},{\"@type\":\"ListItem\",\"position\":2,\"name\":\"Els Concerts de Mitjanit arriben al seu \u00faltim concert en una nova edici\u00f3 d&#8217;\u00e8xit\"}]},{\"@type\":\"WebSite\",\"@id\":\"https:\\\/\\\/www.portdesitges.com\\\/#website\",\"url\":\"https:\\\/\\\/www.portdesitges.com\\\/\",\"name\":\"Port de Sitges - Aiguadol\u00e7\",\"description\":\"lugar donde el mar y la tierra se dan de la mano para crear un espacio \u00fanico y atractivo. Disfruta de un mar de experiencias.\",\"potentialAction\":[{\"@type\":\"SearchAction\",\"target\":{\"@type\":\"EntryPoint\",\"urlTemplate\":\"https:\\\/\\\/www.portdesitges.com\\\/?s={search_term_string}\"},\"query-input\":{\"@type\":\"PropertyValueSpecification\",\"valueRequired\":true,\"valueName\":\"search_term_string\"}}],\"inLanguage\":\"ca\"},{\"@type\":\"Person\",\"@id\":\"https:\\\/\\\/www.portdesitges.com\\\/#\\\/schema\\\/person\\\/1eefc99f5083e56db6bd643d0e8649fd\",\"name\":\"admin\",\"image\":{\"@type\":\"ImageObject\",\"inLanguage\":\"ca\",\"@id\":\"https:\\\/\\\/secure.gravatar.com\\\/avatar\\\/2db7db7d08053efc6bbf52674f99717837ec8d1dd72ce992247f1bade9278b82?s=96&d=mm&r=g\",\"url\":\"https:\\\/\\\/secure.gravatar.com\\\/avatar\\\/2db7db7d08053efc6bbf52674f99717837ec8d1dd72ce992247f1bade9278b82?s=96&d=mm&r=g\",\"contentUrl\":\"https:\\\/\\\/secure.gravatar.com\\\/avatar\\\/2db7db7d08053efc6bbf52674f99717837ec8d1dd72ce992247f1bade9278b82?s=96&d=mm&r=g\",\"caption\":\"admin\"},\"url\":\"https:\\\/\\\/www.portdesitges.com\\\/ca\\\/author\\\/admin\\\/\"}]}<\/script>\n<!-- \/ Yoast SEO plugin. -->","yoast_head_json":{"title":"Els Concerts de Mitjanit arriben al seu \u00faltim concert en una nova edici\u00f3 d'\u00e8xit - Port de Sitges - Aiguadol\u00e7","description":"Els Concerts de Mitjanit 2024 arriben aquest dissabte al seu \u00faltim concert en una nova edici\u00f3 que ha suposat un \u00e8xit total del certamen","robots":{"index":"index","follow":"follow","max-snippet":"max-snippet:-1","max-image-preview":"max-image-preview:large","max-video-preview":"max-video-preview:-1"},"canonical":"https:\/\/www.portdesitges.com\/ca\/els-concerts-de-mitjanit-arriben-al-seu-ultim-concert-en-una-nova-edicio-dexit\/","og_locale":"ca_ES","og_type":"article","og_title":"Els Concerts de Mitjanit arriben al seu \u00faltim concert en una nova edici\u00f3 d'\u00e8xit - Port de Sitges - Aiguadol\u00e7","og_description":"Els Concerts de Mitjanit 2024 arriben aquest dissabte al seu \u00faltim concert en una nova edici\u00f3 que ha suposat un \u00e8xit total del certamen","og_url":"https:\/\/www.portdesitges.com\/ca\/els-concerts-de-mitjanit-arriben-al-seu-ultim-concert-en-una-nova-edicio-dexit\/","og_site_name":"Port de Sitges - Aiguadol\u00e7","article_published_time":"2024-07-26T11:37:37+00:00","article_modified_time":"2024-07-26T11:37:39+00:00","og_image":[{"width":2560,"height":1917,"url":"https:\/\/www.portdesitges.com\/wp-content\/uploads\/2024\/07\/DJI_0278-Enhanced-NR-scaled.jpg","type":"image\/jpeg"}],"author":"admin","twitter_card":"summary_large_image","twitter_misc":{"Escrit per":"admin","Temps estimat de lectura":"2 minuts"},"schema":{"@context":"https:\/\/schema.org","@graph":[{"@type":"Article","@id":"https:\/\/www.portdesitges.com\/ca\/els-concerts-de-mitjanit-arriben-al-seu-ultim-concert-en-una-nova-edicio-dexit\/#article","isPartOf":{"@id":"https:\/\/www.portdesitges.com\/ca\/els-concerts-de-mitjanit-arriben-al-seu-ultim-concert-en-una-nova-edicio-dexit\/"},"author":{"name":"admin","@id":"https:\/\/www.portdesitges.com\/#\/schema\/person\/1eefc99f5083e56db6bd643d0e8649fd"},"headline":"Els Concerts de Mitjanit arriben al seu \u00faltim concert en una nova edici\u00f3 d&#8217;\u00e8xit","datePublished":"2024-07-26T11:37:37+00:00","dateModified":"2024-07-26T11:37:39+00:00","mainEntityOfPage":{"@id":"https:\/\/www.portdesitges.com\/ca\/els-concerts-de-mitjanit-arriben-al-seu-ultim-concert-en-una-nova-edicio-dexit\/"},"wordCount":196,"image":{"@id":"https:\/\/www.portdesitges.com\/ca\/els-concerts-de-mitjanit-arriben-al-seu-ultim-concert-en-una-nova-edicio-dexit\/#primaryimage"},"thumbnailUrl":"https:\/\/www.portdesitges.com\/wp-content\/uploads\/2024\/07\/DJI_0278-Enhanced-NR-scaled.jpg","articleSection":["Not\u00edcias"],"inLanguage":"ca"},{"@type":"WebPage","@id":"https:\/\/www.portdesitges.com\/ca\/els-concerts-de-mitjanit-arriben-al-seu-ultim-concert-en-una-nova-edicio-dexit\/","url":"https:\/\/www.portdesitges.com\/ca\/els-concerts-de-mitjanit-arriben-al-seu-ultim-concert-en-una-nova-edicio-dexit\/","name":"Els Concerts de Mitjanit arriben al seu \u00faltim concert en una nova edici\u00f3 d'\u00e8xit - Port de Sitges - Aiguadol\u00e7","isPartOf":{"@id":"https:\/\/www.portdesitges.com\/#website"},"primaryImageOfPage":{"@id":"https:\/\/www.portdesitges.com\/ca\/els-concerts-de-mitjanit-arriben-al-seu-ultim-concert-en-una-nova-edicio-dexit\/#primaryimage"},"image":{"@id":"https:\/\/www.portdesitges.com\/ca\/els-concerts-de-mitjanit-arriben-al-seu-ultim-concert-en-una-nova-edicio-dexit\/#primaryimage"},"thumbnailUrl":"https:\/\/www.portdesitges.com\/wp-content\/uploads\/2024\/07\/DJI_0278-Enhanced-NR-scaled.jpg","datePublished":"2024-07-26T11:37:37+00:00","dateModified":"2024-07-26T11:37:39+00:00","author":{"@id":"https:\/\/www.portdesitges.com\/#\/schema\/person\/1eefc99f5083e56db6bd643d0e8649fd"},"description":"Els Concerts de Mitjanit 2024 arriben aquest dissabte al seu \u00faltim concert en una nova edici\u00f3 que ha suposat un \u00e8xit total del certamen","breadcrumb":{"@id":"https:\/\/www.portdesitges.com\/ca\/els-concerts-de-mitjanit-arriben-al-seu-ultim-concert-en-una-nova-edicio-dexit\/#breadcrumb"},"inLanguage":"ca","potentialAction":[{"@type":"ReadAction","target":["https:\/\/www.portdesitges.com\/ca\/els-concerts-de-mitjanit-arriben-al-seu-ultim-concert-en-una-nova-edicio-dexit\/"]}]},{"@type":"ImageObject","inLanguage":"ca","@id":"https:\/\/www.portdesitges.com\/ca\/els-concerts-de-mitjanit-arriben-al-seu-ultim-concert-en-una-nova-edicio-dexit\/#primaryimage","url":"https:\/\/www.portdesitges.com\/wp-content\/uploads\/2024\/07\/DJI_0278-Enhanced-NR-scaled.jpg","contentUrl":"https:\/\/www.portdesitges.com\/wp-content\/uploads\/2024\/07\/DJI_0278-Enhanced-NR-scaled.jpg","width":2560,"height":1917},{"@type":"BreadcrumbList","@id":"https:\/\/www.portdesitges.com\/ca\/els-concerts-de-mitjanit-arriben-al-seu-ultim-concert-en-una-nova-edicio-dexit\/#breadcrumb","itemListElement":[{"@type":"ListItem","position":1,"name":"Portada","item":"https:\/\/www.portdesitges.com\/ca\/"},{"@type":"ListItem","position":2,"name":"Els Concerts de Mitjanit arriben al seu \u00faltim concert en una nova edici\u00f3 d&#8217;\u00e8xit"}]},{"@type":"WebSite","@id":"https:\/\/www.portdesitges.com\/#website","url":"https:\/\/www.portdesitges.com\/","name":"Port de Sitges - Aiguadol\u00e7","description":"lugar donde el mar y la tierra se dan de la mano para crear un espacio \u00fanico y atractivo. Disfruta de un mar de experiencias.","potentialAction":[{"@type":"SearchAction","target":{"@type":"EntryPoint","urlTemplate":"https:\/\/www.portdesitges.com\/?s={search_term_string}"},"query-input":{"@type":"PropertyValueSpecification","valueRequired":true,"valueName":"search_term_string"}}],"inLanguage":"ca"},{"@type":"Person","@id":"https:\/\/www.portdesitges.com\/#\/schema\/person\/1eefc99f5083e56db6bd643d0e8649fd","name":"admin","image":{"@type":"ImageObject","inLanguage":"ca","@id":"https:\/\/secure.gravatar.com\/avatar\/2db7db7d08053efc6bbf52674f99717837ec8d1dd72ce992247f1bade9278b82?s=96&d=mm&r=g","url":"https:\/\/secure.gravatar.com\/avatar\/2db7db7d08053efc6bbf52674f99717837ec8d1dd72ce992247f1bade9278b82?s=96&d=mm&r=g","contentUrl":"https:\/\/secure.gravatar.com\/avatar\/2db7db7d08053efc6bbf52674f99717837ec8d1dd72ce992247f1bade9278b82?s=96&d=mm&r=g","caption":"admin"},"url":"https:\/\/www.portdesitges.com\/ca\/author\/admin\/"}]}},"_links":{"self":[{"href":"https:\/\/www.portdesitges.com\/ca\/wp-json\/wp\/v2\/posts\/18050","targetHints":{"allow":["GET"]}}],"collection":[{"href":"https:\/\/www.portdesitges.com\/ca\/wp-json\/wp\/v2\/posts"}],"about":[{"href":"https:\/\/www.portdesitges.com\/ca\/wp-json\/wp\/v2\/types\/post"}],"author":[{"embeddable":true,"href":"https:\/\/www.portdesitges.com\/ca\/wp-json\/wp\/v2\/users\/1"}],"replies":[{"embeddable":true,"href":"https:\/\/www.portdesitges.com\/ca\/wp-json\/wp\/v2\/comments?post=18050"}],"version-history":[{"count":3,"href":"https:\/\/www.portdesitges.com\/ca\/wp-json\/wp\/v2\/posts\/18050\/revisions"}],"predecessor-version":[{"id":18057,"href":"https:\/\/www.portdesitges.com\/ca\/wp-json\/wp\/v2\/posts\/18050\/revisions\/18057"}],"wp:featuredmedia":[{"embeddable":true,"href":"https:\/\/www.portdesitges.com\/ca\/wp-json\/wp\/v2\/media\/18027"}],"wp:attachment":[{"href":"https:\/\/www.portdesitges.com\/ca\/wp-json\/wp\/v2\/media?parent=18050"}],"wp:term":[{"taxonomy":"category","embeddable":true,"href":"https:\/\/www.portdesitges.com\/ca\/wp-json\/wp\/v2\/categories?post=18050"},{"taxonomy":"post_tag","embeddable":true,"href":"https:\/\/www.portdesitges.com\/ca\/wp-json\/wp\/v2\/tags?post=18050"}],"curies":[{"name":"wp","href":"https:\/\/api.w.org\/{rel}","templated":true}]}}