{"id":17937,"date":"2024-07-10T12:57:25","date_gmt":"2024-07-10T12:57:25","guid":{"rendered":"https:\/\/www.portdesitges.com\/?p=17937"},"modified":"2024-07-11T11:47:58","modified_gmt":"2024-07-11T11:47:58","slug":"port-sitges-honor-patrona-mariners-pescadors","status":"publish","type":"post","link":"https:\/\/www.portdesitges.com\/ca\/port-sitges-honor-patrona-mariners-pescadors\/","title":{"rendered":"El Port de Sitges fa honor a la patrona dels mariners i pescadors amb un programa d&#8217;activitats"},"content":{"rendered":"[vc_row type=&#8221;in_container&#8221; full_screen_row_position=&#8221;middle&#8221; column_margin=&#8221;default&#8221; column_direction=&#8221;default&#8221; column_direction_tablet=&#8221;default&#8221; column_direction_phone=&#8221;default&#8221; scene_position=&#8221;center&#8221; text_color=&#8221;dark&#8221; text_align=&#8221;left&#8221; row_border_radius=&#8221;none&#8221; row_border_radius_applies=&#8221;bg&#8221; overflow=&#8221;visible&#8221; overlay_strength=&#8221;0.3&#8243; gradient_direction=&#8221;left_to_right&#8221; shape_divider_position=&#8221;bottom&#8221; bg_image_animation=&#8221;none&#8221;][vc_column column_padding=&#8221;no-extra-padding&#8221; column_padding_tablet=&#8221;inherit&#8221; column_padding_phone=&#8221;inherit&#8221; column_padding_position=&#8221;all&#8221; column_element_direction_desktop=&#8221;default&#8221; column_element_spacing=&#8221;default&#8221; desktop_text_alignment=&#8221;default&#8221; tablet_text_alignment=&#8221;default&#8221; phone_text_alignment=&#8221;default&#8221; background_color_opacity=&#8221;1&#8243; background_hover_color_opacity=&#8221;1&#8243; column_backdrop_filter=&#8221;none&#8221; column_shadow=&#8221;none&#8221; column_border_radius=&#8221;none&#8221; column_link_target=&#8221;_self&#8221; column_position=&#8221;default&#8221; gradient_direction=&#8221;left_to_right&#8221; overlay_strength=&#8221;0.3&#8243; width=&#8221;1\/1&#8243; tablet_width_inherit=&#8221;default&#8221; animation_type=&#8221;default&#8221; bg_image_animation=&#8221;none&#8221; border_type=&#8221;simple&#8221; column_border_width=&#8221;none&#8221; column_border_style=&#8221;solid&#8221;][vc_column_text]El Port de Sitges acull la seva tradicional process\u00f3 amb motiu de la Festa de la Mare de D\u00e9u del Carme el pr\u00f2xim dimarts 16 de juliol. Com cada any, la festa tindr\u00e0 el mar i els vaixells com a principals protagonistes, amb la benedicci\u00f3 de les embarcacions i l&#8217;ofrena floral al mar. A m\u00e9s, la gastronomia abra\u00e7ar\u00e0 els actes d&#8217;aquesta festivitat, amb la degustaci\u00f3 d&#8217;un arr\u00f2s mariner i vi blanc subur de la Malvasia de Sitges del Celler de l&#8217;Hospital. La m\u00fasica, a m\u00e9s, acompanyar\u00e0 l&#8217;esdeveniment amb una cantada d&#8217;havaneres i de rumba catalana a c\u00e0rrec d&#8217;Enrique Santiago M\u00fasic, juntament amb rom cremat.<\/p>\n<p>El Port de Sitges tamb\u00e9 impulsa diversos actes al CIM, amb un programa d&#8217;activitats que comen\u00e7a aquest dissabte a la tarda amb la malvasia tradicional de Sitges abra\u00e7ant-se al mar i als seus elements. Podeu consultar tots els actes a continuaci\u00f3:<\/p>\n<p>Programa:<\/p>\n<p>&nbsp;<\/p>\n<p>Dissabte 13 juliol, 18h<\/p>\n<p><strong>Malvasia i Aiguadol\u00e7<\/strong><br \/>\nVisita guiada, tast de tres vins, piscolabis<br \/>\nCIM i Vinya de l\u2019Hospital<br \/>\n40\u20ac<br \/>\nActivitat en catal\u00e0 i castell\u00e0<br \/>\nLink reserva d\u2019entrades: <a href=\"https:\/\/www.entrapolis.com\/entradas\/malvasia-i-aiguadolc-13062024\">https:\/\/www.entrapolis.com\/entradas\/malvasia-i-aiguadolc-13062024<\/a><\/p>\n<p>&nbsp;<\/p>\n<p>Dimarts 16 juliol, 19h<\/p>\n<p><strong>Festivitat de la Mare de D\u00e9u del Carme<\/strong><br \/>\nActes tradicionals per celebrar la festa dels mariners a Sitges<br \/>\nPort de Sitges \u2013 Aiguadol\u00e7<br \/>\n19h. Process\u00f3 marinera i ofrena floral<br \/>\n20h. Degustaci\u00f3 d\u2019arr\u00f2s mariner i malvasia de Sitges<br \/>\nTot seguit concert de Rumba Catalana<br \/>\nActivitat gratu\u00efta (tiquets de la degustaci\u00f3 d\u2019arr\u00f2s i malvasia)<\/p>\n<p>&nbsp;<\/p>\n<p>Dissabte 20, 19h<\/p>\n<p><strong>El relat dels indians<\/strong><br \/>\nHist\u00f2ries i llegendes sobre la Malvasia de Sitges i els americanos que van anar a fer les Am\u00e8riques. Maridat amb vins de Malvasia de Sitges i xocolata<br \/>\nCentre Interpretaci\u00f3 de la Malvasia<br \/>\nActivitat en catal\u00e0<br \/>\n12\u20ac (tres vins de malvasia maridats amb Xocolates Torras<\/p>\n<p>Link reserva d\u2019entrades: <a href=\"https:\/\/www.entrapolis.com\/entradas\/el-llegat-dels-americanos-tast-de-malvasies-i-xocolates\">https:\/\/www.entrapolis.com\/entradas\/el-llegat-dels-americanos-tast-de-malvasies-i-xocolates<\/a>[\/vc_column_text][\/vc_column][\/vc_row][vc_row type=&#8221;in_container&#8221; full_screen_row_position=&#8221;middle&#8221; column_margin=&#8221;default&#8221; column_direction=&#8221;default&#8221; column_direction_tablet=&#8221;default&#8221; column_direction_phone=&#8221;default&#8221; scene_position=&#8221;center&#8221; text_color=&#8221;dark&#8221; text_align=&#8221;left&#8221; row_border_radius=&#8221;none&#8221; row_border_radius_applies=&#8221;bg&#8221; overflow=&#8221;visible&#8221; overlay_strength=&#8221;0.3&#8243; gradient_direction=&#8221;left_to_right&#8221; shape_divider_position=&#8221;bottom&#8221; bg_image_animation=&#8221;none&#8221;][vc_column column_padding=&#8221;no-extra-padding&#8221; column_padding_tablet=&#8221;inherit&#8221; column_padding_phone=&#8221;inherit&#8221; column_padding_position=&#8221;all&#8221; column_element_direction_desktop=&#8221;default&#8221; column_element_spacing=&#8221;default&#8221; desktop_text_alignment=&#8221;default&#8221; tablet_text_alignment=&#8221;default&#8221; phone_text_alignment=&#8221;default&#8221; background_color_opacity=&#8221;1&#8243; background_hover_color_opacity=&#8221;1&#8243; column_backdrop_filter=&#8221;none&#8221; column_shadow=&#8221;none&#8221; column_border_radius=&#8221;none&#8221; column_link_target=&#8221;_self&#8221; column_position=&#8221;default&#8221; gradient_direction=&#8221;left_to_right&#8221; overlay_strength=&#8221;0.3&#8243; width=&#8221;1\/2&#8243; tablet_width_inherit=&#8221;default&#8221; animation_type=&#8221;default&#8221; bg_image_animation=&#8221;none&#8221; border_type=&#8221;simple&#8221; column_border_width=&#8221;none&#8221; column_border_style=&#8221;solid&#8221;][image_with_animation image_url=&#8221;17956&#8243; image_size=&#8221;full&#8221; animation_type=&#8221;entrance&#8221; animation=&#8221;Fade In&#8221; animation_easing=&#8221;default&#8221; animation_movement_type=&#8221;transform_y&#8221; hover_animation=&#8221;none&#8221; alignment=&#8221;center&#8221; border_radius=&#8221;none&#8221; box_shadow=&#8221;none&#8221; image_loading=&#8221;default&#8221; max_width=&#8221;100%&#8221; max_width_mobile=&#8221;default&#8221; img_link=&#8221;https:\/\/concertsdemitjanit.com\/?lang=ca&#8221;][\/vc_column][vc_column column_padding=&#8221;no-extra-padding&#8221; column_padding_tablet=&#8221;inherit&#8221; column_padding_phone=&#8221;inherit&#8221; column_padding_position=&#8221;all&#8221; column_element_direction_desktop=&#8221;default&#8221; column_element_spacing=&#8221;default&#8221; desktop_text_alignment=&#8221;default&#8221; tablet_text_alignment=&#8221;default&#8221; phone_text_alignment=&#8221;default&#8221; background_color_opacity=&#8221;1&#8243; background_hover_color_opacity=&#8221;1&#8243; column_backdrop_filter=&#8221;none&#8221; column_shadow=&#8221;none&#8221; column_border_radius=&#8221;none&#8221; column_link_target=&#8221;_self&#8221; column_position=&#8221;default&#8221; gradient_direction=&#8221;left_to_right&#8221; overlay_strength=&#8221;0.3&#8243; width=&#8221;1\/2&#8243; tablet_width_inherit=&#8221;default&#8221; animation_type=&#8221;default&#8221; bg_image_animation=&#8221;none&#8221; border_type=&#8221;simple&#8221; column_border_width=&#8221;none&#8221; column_border_style=&#8221;solid&#8221;][image_with_animation image_url=&#8221;17960&#8243; image_size=&#8221;full&#8221; animation_type=&#8221;entrance&#8221; animation=&#8221;Fade In&#8221; animation_easing=&#8221;default&#8221; animation_movement_type=&#8221;transform_y&#8221; hover_animation=&#8221;none&#8221; alignment=&#8221;center&#8221; border_radius=&#8221;none&#8221; box_shadow=&#8221;none&#8221; image_loading=&#8221;default&#8221; max_width=&#8221;100%&#8221; max_width_mobile=&#8221;default&#8221; img_link=&#8221;https:\/\/concertsdemitjanit.com\/?lang=ca&#8221;][\/vc_column][\/vc_row][vc_row type=&#8221;in_container&#8221; full_screen_row_position=&#8221;middle&#8221; column_margin=&#8221;default&#8221; column_direction=&#8221;default&#8221; column_direction_tablet=&#8221;default&#8221; column_direction_phone=&#8221;default&#8221; scene_position=&#8221;center&#8221; text_color=&#8221;dark&#8221; text_align=&#8221;left&#8221; row_border_radius=&#8221;none&#8221; row_border_radius_applies=&#8221;bg&#8221; overflow=&#8221;visible&#8221; overlay_strength=&#8221;0.3&#8243; gradient_direction=&#8221;left_to_right&#8221; shape_divider_position=&#8221;bottom&#8221; bg_image_animation=&#8221;none&#8221;][vc_column column_padding=&#8221;no-extra-padding&#8221; column_padding_tablet=&#8221;inherit&#8221; column_padding_phone=&#8221;inherit&#8221; column_padding_position=&#8221;all&#8221; column_element_direction_desktop=&#8221;default&#8221; column_element_spacing=&#8221;default&#8221; desktop_text_alignment=&#8221;default&#8221; tablet_text_alignment=&#8221;default&#8221; phone_text_alignment=&#8221;default&#8221; background_color_opacity=&#8221;1&#8243; background_hover_color_opacity=&#8221;1&#8243; column_backdrop_filter=&#8221;none&#8221; column_shadow=&#8221;none&#8221; column_border_radius=&#8221;none&#8221; column_link_target=&#8221;_self&#8221; column_position=&#8221;default&#8221; gradient_direction=&#8221;left_to_right&#8221; overlay_strength=&#8221;0.3&#8243; width=&#8221;1\/1&#8243; tablet_width_inherit=&#8221;default&#8221; animation_type=&#8221;default&#8221; bg_image_animation=&#8221;none&#8221; border_type=&#8221;simple&#8221; column_border_width=&#8221;none&#8221; column_border_style=&#8221;solid&#8221;][vc_column_text][\/ vc_column] [\/ vc_row][\/vc_column_text][\/vc_column][\/vc_row]\n","protected":false},"excerpt":{"rendered":"<p>[vc_row type=&#8221;in_container&#8221; full_screen_row_position=&#8221;middle&#8221; column_margin=&#8221;default&#8221; column_direction=&#8221;default&#8221; column_direction_tablet=&#8221;default&#8221; column_direction_phone=&#8221;default&#8221; scene_position=&#8221;center&#8221; text_color=&#8221;dark&#8221; text_align=&#8221;left&#8221; row_border_radius=&#8221;none&#8221; row_border_radius_applies=&#8221;bg&#8221; overflow=&#8221;visible&#8221; overlay_strength=&#8221;0.3&#8243; gradient_direction=&#8221;left_to_right&#8221; shape_divider_position=&#8221;bottom&#8221; bg_image_animation=&#8221;none&#8221;][vc_column column_padding=&#8221;no-extra-padding&#8221; column_padding_tablet=&#8221;inherit&#8221; column_padding_phone=&#8221;inherit&#8221; column_padding_position=&#8221;all&#8221; column_element_direction_desktop=&#8221;default&#8221; column_element_spacing=&#8221;default&#8221; desktop_text_alignment=&#8221;default&#8221; tablet_text_alignment=&#8221;default&#8221; phone_text_alignment=&#8221;default&#8221; background_color_opacity=&#8221;1&#8243; background_hover_color_opacity=&#8221;1&#8243; column_backdrop_filter=&#8221;none&#8221; column_shadow=&#8221;none&#8221;&#8230;<\/p>\n","protected":false},"author":1,"featured_media":17967,"comment_status":"closed","ping_status":"closed","sticky":false,"template":"","format":"standard","meta":{"footnotes":""},"categories":[62],"tags":[],"class_list":{"0":"post-17937","1":"post","2":"type-post","3":"status-publish","4":"format-standard","5":"has-post-thumbnail","7":"category-noticias-ca"},"yoast_head":"<!-- This site is optimized with the Yoast SEO plugin v27.3 - https:\/\/yoast.com\/product\/yoast-seo-wordpress\/ -->\n<title>El Port de Sitges fa honor a la patrona dels mariners i pescadors amb un programa d&#039;activitats<\/title>\n<meta name=\"description\" content=\"El Port de Sitges acull la seva tradicional process\u00f3 amb motiu de la Festa de la Mare de D\u00e9u del Carme el pr\u00f2xim dimarts 16 de juliol.\" \/>\n<meta name=\"robots\" content=\"index, follow, max-snippet:-1, max-image-preview:large, max-video-preview:-1\" \/>\n<link rel=\"canonical\" href=\"https:\/\/www.portdesitges.com\/port-sitges-patrona-marineros-pescadores\/\" \/>\n<meta property=\"og:locale\" content=\"ca_ES\" \/>\n<meta property=\"og:type\" content=\"article\" \/>\n<meta property=\"og:title\" content=\"El Port de Sitges fa honor a la patrona dels mariners i pescadors amb un programa d&#039;activitats\" \/>\n<meta property=\"og:description\" content=\"El Port de Sitges acull la seva tradicional process\u00f3 amb motiu de la Festa de la Mare de D\u00e9u del Carme el pr\u00f2xim dimarts 16 de juliol.\" \/>\n<meta property=\"og:url\" content=\"https:\/\/www.portdesitges.com\/port-sitges-patrona-marineros-pescadores\/\" \/>\n<meta property=\"og:site_name\" content=\"Port de Sitges - Aiguadol\u00e7\" \/>\n<meta property=\"article:published_time\" content=\"2024-07-10T12:57:25+00:00\" \/>\n<meta property=\"article:modified_time\" content=\"2024-07-11T11:47:58+00:00\" \/>\n<meta property=\"og:image\" content=\"https:\/\/www.portdesitges.com\/wp-content\/uploads\/2024\/07\/IG_2_CIM_FestadelaMaredeDeudelCarme_A.jpg\" \/>\n\t<meta property=\"og:image:width\" content=\"990\" \/>\n\t<meta property=\"og:image:height\" content=\"990\" \/>\n\t<meta property=\"og:image:type\" content=\"image\/jpeg\" \/>\n<meta name=\"author\" content=\"admin\" \/>\n<meta name=\"twitter:card\" content=\"summary_large_image\" \/>\n<meta name=\"twitter:label1\" content=\"Escrit per\" \/>\n\t<meta name=\"twitter:data1\" content=\"admin\" \/>\n\t<meta name=\"twitter:label2\" content=\"Temps estimat de lectura\" \/>\n\t<meta name=\"twitter:data2\" content=\"3 minuts\" \/>\n<script type=\"application\/ld+json\" class=\"yoast-schema-graph\">{\"@context\":\"https:\\\/\\\/schema.org\",\"@graph\":[{\"@type\":\"Article\",\"@id\":\"https:\\\/\\\/www.portdesitges.com\\\/port-sitges-patrona-marineros-pescadores\\\/#article\",\"isPartOf\":{\"@id\":\"https:\\\/\\\/www.portdesitges.com\\\/port-sitges-patrona-marineros-pescadores\\\/\"},\"author\":{\"name\":\"admin\",\"@id\":\"https:\\\/\\\/www.portdesitges.com\\\/#\\\/schema\\\/person\\\/1eefc99f5083e56db6bd643d0e8649fd\"},\"headline\":\"El Port de Sitges fa honor a la patrona dels mariners i pescadors amb un programa d&#8217;activitats\",\"datePublished\":\"2024-07-10T12:57:25+00:00\",\"dateModified\":\"2024-07-11T11:47:58+00:00\",\"mainEntityOfPage\":{\"@id\":\"https:\\\/\\\/www.portdesitges.com\\\/port-sitges-patrona-marineros-pescadores\\\/\"},\"wordCount\":1017,\"image\":{\"@id\":\"https:\\\/\\\/www.portdesitges.com\\\/port-sitges-patrona-marineros-pescadores\\\/#primaryimage\"},\"thumbnailUrl\":\"https:\\\/\\\/www.portdesitges.com\\\/wp-content\\\/uploads\\\/2024\\\/07\\\/IG_2_CIM_FestadelaMaredeDeudelCarme_A.jpg\",\"articleSection\":[\"Not\u00edcias\"],\"inLanguage\":\"ca\"},{\"@type\":\"WebPage\",\"@id\":\"https:\\\/\\\/www.portdesitges.com\\\/port-sitges-patrona-marineros-pescadores\\\/\",\"url\":\"https:\\\/\\\/www.portdesitges.com\\\/port-sitges-patrona-marineros-pescadores\\\/\",\"name\":\"El Port de Sitges fa honor a la patrona dels mariners i pescadors amb un programa d'activitats\",\"isPartOf\":{\"@id\":\"https:\\\/\\\/www.portdesitges.com\\\/#website\"},\"primaryImageOfPage\":{\"@id\":\"https:\\\/\\\/www.portdesitges.com\\\/port-sitges-patrona-marineros-pescadores\\\/#primaryimage\"},\"image\":{\"@id\":\"https:\\\/\\\/www.portdesitges.com\\\/port-sitges-patrona-marineros-pescadores\\\/#primaryimage\"},\"thumbnailUrl\":\"https:\\\/\\\/www.portdesitges.com\\\/wp-content\\\/uploads\\\/2024\\\/07\\\/IG_2_CIM_FestadelaMaredeDeudelCarme_A.jpg\",\"datePublished\":\"2024-07-10T12:57:25+00:00\",\"dateModified\":\"2024-07-11T11:47:58+00:00\",\"author\":{\"@id\":\"https:\\\/\\\/www.portdesitges.com\\\/#\\\/schema\\\/person\\\/1eefc99f5083e56db6bd643d0e8649fd\"},\"description\":\"El Port de Sitges acull la seva tradicional process\u00f3 amb motiu de la Festa de la Mare de D\u00e9u del Carme el pr\u00f2xim dimarts 16 de juliol.\",\"breadcrumb\":{\"@id\":\"https:\\\/\\\/www.portdesitges.com\\\/port-sitges-patrona-marineros-pescadores\\\/#breadcrumb\"},\"inLanguage\":\"ca\",\"potentialAction\":[{\"@type\":\"ReadAction\",\"target\":[\"https:\\\/\\\/www.portdesitges.com\\\/port-sitges-patrona-marineros-pescadores\\\/\"]}]},{\"@type\":\"ImageObject\",\"inLanguage\":\"ca\",\"@id\":\"https:\\\/\\\/www.portdesitges.com\\\/port-sitges-patrona-marineros-pescadores\\\/#primaryimage\",\"url\":\"https:\\\/\\\/www.portdesitges.com\\\/wp-content\\\/uploads\\\/2024\\\/07\\\/IG_2_CIM_FestadelaMaredeDeudelCarme_A.jpg\",\"contentUrl\":\"https:\\\/\\\/www.portdesitges.com\\\/wp-content\\\/uploads\\\/2024\\\/07\\\/IG_2_CIM_FestadelaMaredeDeudelCarme_A.jpg\",\"width\":990,\"height\":990},{\"@type\":\"BreadcrumbList\",\"@id\":\"https:\\\/\\\/www.portdesitges.com\\\/port-sitges-patrona-marineros-pescadores\\\/#breadcrumb\",\"itemListElement\":[{\"@type\":\"ListItem\",\"position\":1,\"name\":\"Portada\",\"item\":\"https:\\\/\\\/www.portdesitges.com\\\/ca\\\/\"},{\"@type\":\"ListItem\",\"position\":2,\"name\":\"El Port de Sitges fa honor a la patrona dels mariners i pescadors amb un programa d&#8217;activitats\"}]},{\"@type\":\"WebSite\",\"@id\":\"https:\\\/\\\/www.portdesitges.com\\\/#website\",\"url\":\"https:\\\/\\\/www.portdesitges.com\\\/\",\"name\":\"Port de Sitges - Aiguadol\u00e7\",\"description\":\"lugar donde el mar y la tierra se dan de la mano para crear un espacio \u00fanico y atractivo. Disfruta de un mar de experiencias.\",\"potentialAction\":[{\"@type\":\"SearchAction\",\"target\":{\"@type\":\"EntryPoint\",\"urlTemplate\":\"https:\\\/\\\/www.portdesitges.com\\\/?s={search_term_string}\"},\"query-input\":{\"@type\":\"PropertyValueSpecification\",\"valueRequired\":true,\"valueName\":\"search_term_string\"}}],\"inLanguage\":\"ca\"},{\"@type\":\"Person\",\"@id\":\"https:\\\/\\\/www.portdesitges.com\\\/#\\\/schema\\\/person\\\/1eefc99f5083e56db6bd643d0e8649fd\",\"name\":\"admin\",\"image\":{\"@type\":\"ImageObject\",\"inLanguage\":\"ca\",\"@id\":\"https:\\\/\\\/secure.gravatar.com\\\/avatar\\\/2db7db7d08053efc6bbf52674f99717837ec8d1dd72ce992247f1bade9278b82?s=96&d=mm&r=g\",\"url\":\"https:\\\/\\\/secure.gravatar.com\\\/avatar\\\/2db7db7d08053efc6bbf52674f99717837ec8d1dd72ce992247f1bade9278b82?s=96&d=mm&r=g\",\"contentUrl\":\"https:\\\/\\\/secure.gravatar.com\\\/avatar\\\/2db7db7d08053efc6bbf52674f99717837ec8d1dd72ce992247f1bade9278b82?s=96&d=mm&r=g\",\"caption\":\"admin\"},\"url\":\"https:\\\/\\\/www.portdesitges.com\\\/ca\\\/author\\\/admin\\\/\"}]}<\/script>\n<!-- \/ Yoast SEO plugin. -->","yoast_head_json":{"title":"El Port de Sitges fa honor a la patrona dels mariners i pescadors amb un programa d'activitats","description":"El Port de Sitges acull la seva tradicional process\u00f3 amb motiu de la Festa de la Mare de D\u00e9u del Carme el pr\u00f2xim dimarts 16 de juliol.","robots":{"index":"index","follow":"follow","max-snippet":"max-snippet:-1","max-image-preview":"max-image-preview:large","max-video-preview":"max-video-preview:-1"},"canonical":"https:\/\/www.portdesitges.com\/port-sitges-patrona-marineros-pescadores\/","og_locale":"ca_ES","og_type":"article","og_title":"El Port de Sitges fa honor a la patrona dels mariners i pescadors amb un programa d'activitats","og_description":"El Port de Sitges acull la seva tradicional process\u00f3 amb motiu de la Festa de la Mare de D\u00e9u del Carme el pr\u00f2xim dimarts 16 de juliol.","og_url":"https:\/\/www.portdesitges.com\/port-sitges-patrona-marineros-pescadores\/","og_site_name":"Port de Sitges - Aiguadol\u00e7","article_published_time":"2024-07-10T12:57:25+00:00","article_modified_time":"2024-07-11T11:47:58+00:00","og_image":[{"width":990,"height":990,"url":"https:\/\/www.portdesitges.com\/wp-content\/uploads\/2024\/07\/IG_2_CIM_FestadelaMaredeDeudelCarme_A.jpg","type":"image\/jpeg"}],"author":"admin","twitter_card":"summary_large_image","twitter_misc":{"Escrit per":"admin","Temps estimat de lectura":"3 minuts"},"schema":{"@context":"https:\/\/schema.org","@graph":[{"@type":"Article","@id":"https:\/\/www.portdesitges.com\/port-sitges-patrona-marineros-pescadores\/#article","isPartOf":{"@id":"https:\/\/www.portdesitges.com\/port-sitges-patrona-marineros-pescadores\/"},"author":{"name":"admin","@id":"https:\/\/www.portdesitges.com\/#\/schema\/person\/1eefc99f5083e56db6bd643d0e8649fd"},"headline":"El Port de Sitges fa honor a la patrona dels mariners i pescadors amb un programa d&#8217;activitats","datePublished":"2024-07-10T12:57:25+00:00","dateModified":"2024-07-11T11:47:58+00:00","mainEntityOfPage":{"@id":"https:\/\/www.portdesitges.com\/port-sitges-patrona-marineros-pescadores\/"},"wordCount":1017,"image":{"@id":"https:\/\/www.portdesitges.com\/port-sitges-patrona-marineros-pescadores\/#primaryimage"},"thumbnailUrl":"https:\/\/www.portdesitges.com\/wp-content\/uploads\/2024\/07\/IG_2_CIM_FestadelaMaredeDeudelCarme_A.jpg","articleSection":["Not\u00edcias"],"inLanguage":"ca"},{"@type":"WebPage","@id":"https:\/\/www.portdesitges.com\/port-sitges-patrona-marineros-pescadores\/","url":"https:\/\/www.portdesitges.com\/port-sitges-patrona-marineros-pescadores\/","name":"El Port de Sitges fa honor a la patrona dels mariners i pescadors amb un programa d'activitats","isPartOf":{"@id":"https:\/\/www.portdesitges.com\/#website"},"primaryImageOfPage":{"@id":"https:\/\/www.portdesitges.com\/port-sitges-patrona-marineros-pescadores\/#primaryimage"},"image":{"@id":"https:\/\/www.portdesitges.com\/port-sitges-patrona-marineros-pescadores\/#primaryimage"},"thumbnailUrl":"https:\/\/www.portdesitges.com\/wp-content\/uploads\/2024\/07\/IG_2_CIM_FestadelaMaredeDeudelCarme_A.jpg","datePublished":"2024-07-10T12:57:25+00:00","dateModified":"2024-07-11T11:47:58+00:00","author":{"@id":"https:\/\/www.portdesitges.com\/#\/schema\/person\/1eefc99f5083e56db6bd643d0e8649fd"},"description":"El Port de Sitges acull la seva tradicional process\u00f3 amb motiu de la Festa de la Mare de D\u00e9u del Carme el pr\u00f2xim dimarts 16 de juliol.","breadcrumb":{"@id":"https:\/\/www.portdesitges.com\/port-sitges-patrona-marineros-pescadores\/#breadcrumb"},"inLanguage":"ca","potentialAction":[{"@type":"ReadAction","target":["https:\/\/www.portdesitges.com\/port-sitges-patrona-marineros-pescadores\/"]}]},{"@type":"ImageObject","inLanguage":"ca","@id":"https:\/\/www.portdesitges.com\/port-sitges-patrona-marineros-pescadores\/#primaryimage","url":"https:\/\/www.portdesitges.com\/wp-content\/uploads\/2024\/07\/IG_2_CIM_FestadelaMaredeDeudelCarme_A.jpg","contentUrl":"https:\/\/www.portdesitges.com\/wp-content\/uploads\/2024\/07\/IG_2_CIM_FestadelaMaredeDeudelCarme_A.jpg","width":990,"height":990},{"@type":"BreadcrumbList","@id":"https:\/\/www.portdesitges.com\/port-sitges-patrona-marineros-pescadores\/#breadcrumb","itemListElement":[{"@type":"ListItem","position":1,"name":"Portada","item":"https:\/\/www.portdesitges.com\/ca\/"},{"@type":"ListItem","position":2,"name":"El Port de Sitges fa honor a la patrona dels mariners i pescadors amb un programa d&#8217;activitats"}]},{"@type":"WebSite","@id":"https:\/\/www.portdesitges.com\/#website","url":"https:\/\/www.portdesitges.com\/","name":"Port de Sitges - Aiguadol\u00e7","description":"lugar donde el mar y la tierra se dan de la mano para crear un espacio \u00fanico y atractivo. Disfruta de un mar de experiencias.","potentialAction":[{"@type":"SearchAction","target":{"@type":"EntryPoint","urlTemplate":"https:\/\/www.portdesitges.com\/?s={search_term_string}"},"query-input":{"@type":"PropertyValueSpecification","valueRequired":true,"valueName":"search_term_string"}}],"inLanguage":"ca"},{"@type":"Person","@id":"https:\/\/www.portdesitges.com\/#\/schema\/person\/1eefc99f5083e56db6bd643d0e8649fd","name":"admin","image":{"@type":"ImageObject","inLanguage":"ca","@id":"https:\/\/secure.gravatar.com\/avatar\/2db7db7d08053efc6bbf52674f99717837ec8d1dd72ce992247f1bade9278b82?s=96&d=mm&r=g","url":"https:\/\/secure.gravatar.com\/avatar\/2db7db7d08053efc6bbf52674f99717837ec8d1dd72ce992247f1bade9278b82?s=96&d=mm&r=g","contentUrl":"https:\/\/secure.gravatar.com\/avatar\/2db7db7d08053efc6bbf52674f99717837ec8d1dd72ce992247f1bade9278b82?s=96&d=mm&r=g","caption":"admin"},"url":"https:\/\/www.portdesitges.com\/ca\/author\/admin\/"}]}},"_links":{"self":[{"href":"https:\/\/www.portdesitges.com\/ca\/wp-json\/wp\/v2\/posts\/17937","targetHints":{"allow":["GET"]}}],"collection":[{"href":"https:\/\/www.portdesitges.com\/ca\/wp-json\/wp\/v2\/posts"}],"about":[{"href":"https:\/\/www.portdesitges.com\/ca\/wp-json\/wp\/v2\/types\/post"}],"author":[{"embeddable":true,"href":"https:\/\/www.portdesitges.com\/ca\/wp-json\/wp\/v2\/users\/1"}],"replies":[{"embeddable":true,"href":"https:\/\/www.portdesitges.com\/ca\/wp-json\/wp\/v2\/comments?post=17937"}],"version-history":[{"count":4,"href":"https:\/\/www.portdesitges.com\/ca\/wp-json\/wp\/v2\/posts\/17937\/revisions"}],"predecessor-version":[{"id":17971,"href":"https:\/\/www.portdesitges.com\/ca\/wp-json\/wp\/v2\/posts\/17937\/revisions\/17971"}],"wp:featuredmedia":[{"embeddable":true,"href":"https:\/\/www.portdesitges.com\/ca\/wp-json\/wp\/v2\/media\/17967"}],"wp:attachment":[{"href":"https:\/\/www.portdesitges.com\/ca\/wp-json\/wp\/v2\/media?parent=17937"}],"wp:term":[{"taxonomy":"category","embeddable":true,"href":"https:\/\/www.portdesitges.com\/ca\/wp-json\/wp\/v2\/categories?post=17937"},{"taxonomy":"post_tag","embeddable":true,"href":"https:\/\/www.portdesitges.com\/ca\/wp-json\/wp\/v2\/tags?post=17937"}],"curies":[{"name":"wp","href":"https:\/\/api.w.org\/{rel}","templated":true}]}}