{"id":17571,"date":"2024-03-19T18:08:57","date_gmt":"2024-03-19T18:08:57","guid":{"rendered":"https:\/\/www.portdesitges.com\/?p=17571"},"modified":"2024-03-20T14:17:28","modified_gmt":"2024-03-20T14:17:28","slug":"el-port-de-sitges-acull-la-presentacio-de-lequip-sail-team-bcn-per-a-la-copa-america","status":"publish","type":"post","link":"https:\/\/www.portdesitges.com\/ca\/el-port-de-sitges-acull-la-presentacio-de-lequip-sail-team-bcn-per-a-la-copa-america\/","title":{"rendered":"El Port de Sitges acull la presentaci\u00f3 de l\u2019equip Sail Team BCN per a la Copa Am\u00e8rica"},"content":{"rendered":"[vc_row type=&#8221;in_container&#8221; full_screen_row_position=&#8221;middle&#8221; column_margin=&#8221;default&#8221; scene_position=&#8221;center&#8221; text_color=&#8221;dark&#8221; text_align=&#8221;left&#8221; overlay_strength=&#8221;0.3&#8243; shape_divider_position=&#8221;bottom&#8221; bg_image_animation=&#8221;none&#8221;][vc_column column_padding=&#8221;no-extra-padding&#8221; column_padding_position=&#8221;all&#8221; background_color_opacity=&#8221;1&#8243; background_hover_color_opacity=&#8221;1&#8243; column_link_target=&#8221;_self&#8221; column_shadow=&#8221;none&#8221; column_border_radius=&#8221;none&#8221; width=&#8221;1\/1&#8243; tablet_width_inherit=&#8221;default&#8221; tablet_text_alignment=&#8221;default&#8221; phone_text_alignment=&#8221;default&#8221; overlay_strength=&#8221;0.3&#8243; column_border_width=&#8221;none&#8221; column_border_style=&#8221;solid&#8221; bg_image_animation=&#8221;none&#8221;][vc_column_text]El Port de Sitges ha estat testimoni, aquest dimarts 19 de mar\u00e7, d&#8217;un moment rellevant en el m\u00f3n de la vela amb la presentaci\u00f3 oficial de l&#8217;equip femen\u00ed del Sail Team BCN. Amb l&#8217;esperit dels vents a favor, cinc dones excepcionals han estat presentades com a participants en la primera categoria femenina de la Puig Women&#8217;s America&#8217;s Cup Reggattas Barcelona 2024.<\/p>\n<p>Des del passat mes d&#8217;agost, aquestes cinc talentoses navegants han estat preparant-se a les instal\u00b7lacions del Port de Sitges per afrontar aquest desafiament sense precedents. Tamara Echegoyen, Neus Ballester, Mar\u00eda Cantero, Silvia Mas i Paula Barcel\u00f3, amb edats compreses entre els 20 i els 40 anys, porten una combinaci\u00f3 d&#8217;experi\u00e8ncia, habilitat i passi\u00f3 a aquest esdeveniment hist\u00f2ric.<\/p>\n<p>La Copa Am\u00e8rica \u2013la regata de vela de renom internacional que se celebra cada quatre anys\u2013 entra en la seva 37a edici\u00f3 amb una innovaci\u00f3 transcendental: l&#8217;afegit de la categoria femenina. \u00c9s un moment hist\u00f2ric que reconeix i celebra el talent i la dedicaci\u00f3 de les dones en el m\u00f3n de la vela professional.<\/p>\n<p>Les regatistes del Sail Team BCN han expressat el seu orgull per formar part d&#8217;aquesta hist\u00f2ria i la seva consci\u00e8ncia de la responsabilitat que comporta. Tot i recon\u00e8ixer que el cam\u00ed ser\u00e0 exigent, estan fermament compromeses a obrir cam\u00ed per a les futures generacions de navegants femenines i actuar com a referents inspiradors per a totes les joves que somien amb una carrera en aquest esport.<\/p>\n<p>El president del Port de Sitges, Albert Bertran, ha mostrat la seva satisfacci\u00f3 per acollir aquest esdeveniment hist\u00f2ric en les instal\u00b7lacions sitgetanes i ha subratllat el suport de del Port per al desenvolupament i la preparaci\u00f3 de l&#8217;equip, tant en el mar com en les simulacions a terra. Bertran ha subratllat que \u201cSitges sempre ha estat pionera en molt\u00edssimes coses. Vam tenir el primer aut\u00f2drom oval, el primer club de golf de la Pen\u00ednsula i, fins i tot, la primera discoteca Pach\u00e1. Barcelona s&#8217;emportar\u00e0 merescudament la gl\u00f2ria i ser\u00e0 la primera ciutat que aculli Jocs Ol\u00edmpics, el Mundial de futbol i la Copa Am\u00e8rica. Per\u00f2 Sitges tamb\u00e9 per ser la base oficial del Sail Team BCN\u201d.<\/p>\n<p>Per la seva part, Guillermo Altadill, responsable del Sail Team BCN, ha destacat que \u201cser al Port de Sitges \u00e9s ser com a casa; anirem a Barcelona nom\u00e9s per competir\u201d i ha afegit: \u201celles s\u00f3n les veritables protagonistes. Comenceu una p\u00e0gina nova de la Copa Am\u00e8rica i com a regatistes, teniu el privilegi d&#8217;estar en una de les competicions esportives m\u00e9s importants del m\u00f3n\u201d.<\/p>\n<p>L\u2019acte de presentaci\u00f3, que ha estat clausurat per l\u2019alcaldessa de Sitges Aurora Carbonell, ha tingut un significat especial. Acompanyada pels regidors d\u2019Esports i Turisme, l&#8217;alcaldessa ha donat una c\u00e0lida benvinguda a les regatistes, destacant el paper de les dones en aquesta nova etapa de la hist\u00f2ria de la Copa Am\u00e8rica. Ha subratllat la import\u00e0ncia de la igualtat de g\u00e8nere en l&#8217;esport i ha assegurat el suport total de l&#8217;Ajuntament de Sitges a aquest equip pioner.<\/p>\n<p>Amb els ulls posats en l&#8217;horitz\u00f3, l&#8217;equip femen\u00ed del Sail Team BCN es prepara per fer hist\u00f2ria a les aig\u00fces de Barcelona i demostrar que el talent i la determinaci\u00f3 no tenen g\u00e8nere en el m\u00f3n de la vela.[\/vc_column_text][\/vc_column][\/vc_row][vc_row type=&#8221;in_container&#8221; full_screen_row_position=&#8221;middle&#8221; column_margin=&#8221;default&#8221; scene_position=&#8221;center&#8221; text_color=&#8221;dark&#8221; text_align=&#8221;left&#8221; overlay_strength=&#8221;0.3&#8243; shape_divider_position=&#8221;bottom&#8221; bg_image_animation=&#8221;none&#8221;][vc_column column_padding=&#8221;no-extra-padding&#8221; column_padding_position=&#8221;all&#8221; background_color_opacity=&#8221;1&#8243; background_hover_color_opacity=&#8221;1&#8243; column_link_target=&#8221;_self&#8221; column_shadow=&#8221;none&#8221; column_border_radius=&#8221;none&#8221; width=&#8221;1\/6&#8243; tablet_width_inherit=&#8221;default&#8221; tablet_text_alignment=&#8221;default&#8221; phone_text_alignment=&#8221;default&#8221; overlay_strength=&#8221;0.3&#8243; column_border_width=&#8221;none&#8221; column_border_style=&#8221;solid&#8221; bg_image_animation=&#8221;none&#8221;][\/vc_column][vc_column column_padding=&#8221;no-extra-padding&#8221; column_padding_position=&#8221;all&#8221; background_color_opacity=&#8221;1&#8243; background_hover_color_opacity=&#8221;1&#8243; column_link_target=&#8221;_self&#8221; column_shadow=&#8221;none&#8221; column_border_radius=&#8221;none&#8221; width=&#8221;2\/3&#8243; tablet_width_inherit=&#8221;default&#8221; tablet_text_alignment=&#8221;default&#8221; phone_text_alignment=&#8221;default&#8221; overlay_strength=&#8221;0.3&#8243; column_border_width=&#8221;none&#8221; column_border_style=&#8221;solid&#8221; bg_image_animation=&#8221;none&#8221;][image_with_animation image_url=&#8221;17574&#8243; alignment=&#8221;&#8221; animation=&#8221;Fade In&#8221; hover_animation=&#8221;none&#8221; border_radius=&#8221;none&#8221; box_shadow=&#8221;none&#8221; image_loading=&#8221;default&#8221; max_width=&#8221;100%&#8221; max_width_mobile=&#8221;default&#8221;][vc_column_text]\n<h5>Paula Barcel\u00f3, T\u00e1mara Echegoyen, Neus Ballester, Silvia Mas i Mar\u00eda Cantero<\/h5>\n[\/vc_column_text][\/vc_column][vc_column column_padding=&#8221;no-extra-padding&#8221; column_padding_position=&#8221;all&#8221; background_color_opacity=&#8221;1&#8243; background_hover_color_opacity=&#8221;1&#8243; column_link_target=&#8221;_self&#8221; column_shadow=&#8221;none&#8221; column_border_radius=&#8221;none&#8221; width=&#8221;1\/6&#8243; tablet_width_inherit=&#8221;default&#8221; tablet_text_alignment=&#8221;default&#8221; phone_text_alignment=&#8221;default&#8221; overlay_strength=&#8221;0.3&#8243; column_border_width=&#8221;none&#8221; column_border_style=&#8221;solid&#8221; bg_image_animation=&#8221;none&#8221;][\/vc_column][\/vc_row][vc_row type=&#8221;in_container&#8221; full_screen_row_position=&#8221;middle&#8221; column_margin=&#8221;default&#8221; scene_position=&#8221;center&#8221; text_color=&#8221;dark&#8221; text_align=&#8221;left&#8221; overlay_strength=&#8221;0.3&#8243; shape_divider_position=&#8221;bottom&#8221; bg_image_animation=&#8221;none&#8221;][vc_column column_padding=&#8221;no-extra-padding&#8221; column_padding_position=&#8221;all&#8221; background_color_opacity=&#8221;1&#8243; background_hover_color_opacity=&#8221;1&#8243; column_link_target=&#8221;_self&#8221; column_shadow=&#8221;none&#8221; column_border_radius=&#8221;none&#8221; width=&#8221;1\/3&#8243; tablet_width_inherit=&#8221;default&#8221; tablet_text_alignment=&#8221;default&#8221; phone_text_alignment=&#8221;default&#8221; overlay_strength=&#8221;0.3&#8243; column_border_width=&#8221;none&#8221; column_border_style=&#8221;solid&#8221; bg_image_animation=&#8221;none&#8221;][image_with_animation image_url=&#8221;17587&#8243; alignment=&#8221;&#8221; animation=&#8221;Fade In&#8221; hover_animation=&#8221;none&#8221; border_radius=&#8221;none&#8221; box_shadow=&#8221;none&#8221; image_loading=&#8221;default&#8221; max_width=&#8221;100%&#8221; max_width_mobile=&#8221;default&#8221;][\/vc_column][vc_column column_padding=&#8221;no-extra-padding&#8221; column_padding_position=&#8221;all&#8221; background_color_opacity=&#8221;1&#8243; background_hover_color_opacity=&#8221;1&#8243; column_link_target=&#8221;_self&#8221; column_shadow=&#8221;none&#8221; column_border_radius=&#8221;none&#8221; width=&#8221;1\/3&#8243; tablet_width_inherit=&#8221;default&#8221; tablet_text_alignment=&#8221;default&#8221; phone_text_alignment=&#8221;default&#8221; overlay_strength=&#8221;0.3&#8243; column_border_width=&#8221;none&#8221; column_border_style=&#8221;solid&#8221; bg_image_animation=&#8221;none&#8221;][image_with_animation image_url=&#8221;17591&#8243; alignment=&#8221;&#8221; animation=&#8221;Fade In&#8221; hover_animation=&#8221;none&#8221; border_radius=&#8221;none&#8221; box_shadow=&#8221;none&#8221; image_loading=&#8221;default&#8221; max_width=&#8221;100%&#8221; max_width_mobile=&#8221;default&#8221;][\/vc_column][vc_column column_padding=&#8221;no-extra-padding&#8221; column_padding_position=&#8221;all&#8221; background_color_opacity=&#8221;1&#8243; background_hover_color_opacity=&#8221;1&#8243; column_link_target=&#8221;_self&#8221; column_shadow=&#8221;none&#8221; column_border_radius=&#8221;none&#8221; width=&#8221;1\/3&#8243; tablet_width_inherit=&#8221;default&#8221; tablet_text_alignment=&#8221;default&#8221; phone_text_alignment=&#8221;default&#8221; overlay_strength=&#8221;0.3&#8243; column_border_width=&#8221;none&#8221; column_border_style=&#8221;solid&#8221; bg_image_animation=&#8221;none&#8221;][image_with_animation image_url=&#8221;17595&#8243; alignment=&#8221;&#8221; animation=&#8221;Fade In&#8221; hover_animation=&#8221;none&#8221; border_radius=&#8221;none&#8221; box_shadow=&#8221;none&#8221; image_loading=&#8221;default&#8221; max_width=&#8221;100%&#8221; max_width_mobile=&#8221;default&#8221;][\/vc_column][\/vc_row][vc_row type=&#8221;in_container&#8221; full_screen_row_position=&#8221;middle&#8221; column_margin=&#8221;default&#8221; scene_position=&#8221;center&#8221; text_color=&#8221;dark&#8221; text_align=&#8221;left&#8221; overlay_strength=&#8221;0.3&#8243; shape_divider_position=&#8221;bottom&#8221; bg_image_animation=&#8221;none&#8221;][vc_column column_padding=&#8221;no-extra-padding&#8221; column_padding_position=&#8221;all&#8221; background_color_opacity=&#8221;1&#8243; background_hover_color_opacity=&#8221;1&#8243; column_link_target=&#8221;_self&#8221; column_shadow=&#8221;none&#8221; column_border_radius=&#8221;none&#8221; width=&#8221;1\/3&#8243; tablet_width_inherit=&#8221;default&#8221; tablet_text_alignment=&#8221;default&#8221; phone_text_alignment=&#8221;default&#8221; overlay_strength=&#8221;0.3&#8243; column_border_width=&#8221;none&#8221; column_border_style=&#8221;solid&#8221; bg_image_animation=&#8221;none&#8221;][image_with_animation image_url=&#8221;17599&#8243; alignment=&#8221;&#8221; animation=&#8221;Fade In&#8221; hover_animation=&#8221;none&#8221; border_radius=&#8221;none&#8221; box_shadow=&#8221;none&#8221; image_loading=&#8221;default&#8221; max_width=&#8221;100%&#8221; max_width_mobile=&#8221;default&#8221;][\/vc_column][vc_column column_padding=&#8221;no-extra-padding&#8221; column_padding_position=&#8221;all&#8221; background_color_opacity=&#8221;1&#8243; background_hover_color_opacity=&#8221;1&#8243; column_link_target=&#8221;_self&#8221; column_shadow=&#8221;none&#8221; column_border_radius=&#8221;none&#8221; width=&#8221;1\/3&#8243; tablet_width_inherit=&#8221;default&#8221; tablet_text_alignment=&#8221;default&#8221; phone_text_alignment=&#8221;default&#8221; overlay_strength=&#8221;0.3&#8243; column_border_width=&#8221;none&#8221; column_border_style=&#8221;solid&#8221; bg_image_animation=&#8221;none&#8221;][image_with_animation image_url=&#8221;17603&#8243; alignment=&#8221;&#8221; animation=&#8221;Fade In&#8221; hover_animation=&#8221;none&#8221; border_radius=&#8221;none&#8221; box_shadow=&#8221;none&#8221; image_loading=&#8221;default&#8221; max_width=&#8221;100%&#8221; max_width_mobile=&#8221;default&#8221;][\/vc_column][vc_column column_padding=&#8221;no-extra-padding&#8221; column_padding_position=&#8221;all&#8221; background_color_opacity=&#8221;1&#8243; background_hover_color_opacity=&#8221;1&#8243; column_link_target=&#8221;_self&#8221; column_shadow=&#8221;none&#8221; column_border_radius=&#8221;none&#8221; width=&#8221;1\/3&#8243; tablet_width_inherit=&#8221;default&#8221; tablet_text_alignment=&#8221;default&#8221; phone_text_alignment=&#8221;default&#8221; overlay_strength=&#8221;0.3&#8243; column_border_width=&#8221;none&#8221; column_border_style=&#8221;solid&#8221; bg_image_animation=&#8221;none&#8221;][image_with_animation image_url=&#8221;17617&#8243; alignment=&#8221;&#8221; animation=&#8221;Fade In&#8221; hover_animation=&#8221;none&#8221; border_radius=&#8221;none&#8221; box_shadow=&#8221;none&#8221; image_loading=&#8221;default&#8221; max_width=&#8221;100%&#8221; max_width_mobile=&#8221;default&#8221;][\/vc_column][\/vc_row][vc_row type=&#8221;in_container&#8221; full_screen_row_position=&#8221;middle&#8221; column_margin=&#8221;default&#8221; scene_position=&#8221;center&#8221; text_color=&#8221;dark&#8221; text_align=&#8221;left&#8221; overlay_strength=&#8221;0.3&#8243; shape_divider_position=&#8221;bottom&#8221; bg_image_animation=&#8221;none&#8221;][vc_column column_padding=&#8221;no-extra-padding&#8221; column_padding_position=&#8221;all&#8221; background_color_opacity=&#8221;1&#8243; background_hover_color_opacity=&#8221;1&#8243; column_link_target=&#8221;_self&#8221; column_shadow=&#8221;none&#8221; column_border_radius=&#8221;none&#8221; width=&#8221;1\/1&#8243; tablet_width_inherit=&#8221;default&#8221; tablet_text_alignment=&#8221;default&#8221; phone_text_alignment=&#8221;default&#8221; overlay_strength=&#8221;0.3&#8243; column_border_width=&#8221;none&#8221; column_border_style=&#8221;solid&#8221; bg_image_animation=&#8221;none&#8221;][vc_column_text][\/ vc_column] [\/ vc_row][\/vc_column_text][\/vc_column][\/vc_row]\n","protected":false},"excerpt":{"rendered":"<p>[vc_row type=&#8221;in_container&#8221; full_screen_row_position=&#8221;middle&#8221; column_margin=&#8221;default&#8221; scene_position=&#8221;center&#8221; text_color=&#8221;dark&#8221; text_align=&#8221;left&#8221; overlay_strength=&#8221;0.3&#8243; shape_divider_position=&#8221;bottom&#8221; bg_image_animation=&#8221;none&#8221;][vc_column column_padding=&#8221;no-extra-padding&#8221; column_padding_position=&#8221;all&#8221; background_color_opacity=&#8221;1&#8243; background_hover_color_opacity=&#8221;1&#8243; column_link_target=&#8221;_self&#8221; column_shadow=&#8221;none&#8221; column_border_radius=&#8221;none&#8221; width=&#8221;1\/1&#8243; tablet_width_inherit=&#8221;default&#8221; tablet_text_alignment=&#8221;default&#8221; phone_text_alignment=&#8221;default&#8221; overlay_strength=&#8221;0.3&#8243; column_border_width=&#8221;none&#8221; column_border_style=&#8221;solid&#8221; bg_image_animation=&#8221;none&#8221;][vc_column_text]El Port de Sitges ha estat&#8230;<\/p>\n","protected":false},"author":3,"featured_media":17574,"comment_status":"closed","ping_status":"closed","sticky":false,"template":"","format":"standard","meta":{"footnotes":""},"categories":[62],"tags":[],"class_list":{"0":"post-17571","1":"post","2":"type-post","3":"status-publish","4":"format-standard","5":"has-post-thumbnail","7":"category-noticias-ca"},"yoast_head":"<!-- This site is optimized with the Yoast SEO plugin v27.3 - https:\/\/yoast.com\/product\/yoast-seo-wordpress\/ -->\n<title>El Port de Sitges acull la presentaci\u00f3 de l\u2019equip Sail Team BCN per a la Copa Am\u00e8rica<\/title>\n<meta name=\"description\" content=\"El Port de Sitges ha estat testimoni, aquest dimarts 19 de mar\u00e7, d&#039;un moment rellevant en el m\u00f3n de la vela amb la presentaci\u00f3 oficial de l&#039;equip femen\u00ed del Sail Team BCN. Amb l&#039;esperit dels vents a favor, cinc dones excepcionals han estat presentades com a participants en la primera categoria femenina de la Puig Women&#039;s America&#039;s Cup Reggattas Barcelona 2024.\" \/>\n<meta name=\"robots\" content=\"index, follow, max-snippet:-1, max-image-preview:large, max-video-preview:-1\" \/>\n<link rel=\"canonical\" href=\"https:\/\/www.portdesitges.com\/el-port-de-sitges-acoge-la-presentacion-del-equipo-sail-team-bcn-para-la-copa-america\/\" \/>\n<meta property=\"og:locale\" content=\"ca_ES\" \/>\n<meta property=\"og:type\" content=\"article\" \/>\n<meta property=\"og:title\" content=\"El Port de Sitges acull la presentaci\u00f3 de l\u2019equip Sail Team BCN per a la Copa Am\u00e8rica\" \/>\n<meta property=\"og:description\" content=\"El Port de Sitges ha estat testimoni, aquest dimarts 19 de mar\u00e7, d&#039;un moment rellevant en el m\u00f3n de la vela amb la presentaci\u00f3 oficial de l&#039;equip femen\u00ed del Sail Team BCN. Amb l&#039;esperit dels vents a favor, cinc dones excepcionals han estat presentades com a participants en la primera categoria femenina de la Puig Women&#039;s America&#039;s Cup Reggattas Barcelona 2024.\" \/>\n<meta property=\"og:url\" content=\"https:\/\/www.portdesitges.com\/el-port-de-sitges-acoge-la-presentacion-del-equipo-sail-team-bcn-para-la-copa-america\/\" \/>\n<meta property=\"og:site_name\" content=\"Port de Sitges - Aiguadol\u00e7\" \/>\n<meta property=\"article:published_time\" content=\"2024-03-19T18:08:57+00:00\" \/>\n<meta property=\"article:modified_time\" content=\"2024-03-20T14:17:28+00:00\" \/>\n<meta property=\"og:image\" content=\"https:\/\/www.portdesitges.com\/wp-content\/uploads\/2024\/03\/86c5dfd0-02ae-268d-05b6-83a775f71e90-scaled.jpg\" \/>\n\t<meta property=\"og:image:width\" content=\"2560\" \/>\n\t<meta property=\"og:image:height\" content=\"1707\" \/>\n\t<meta property=\"og:image:type\" content=\"image\/jpeg\" \/>\n<meta name=\"author\" content=\"S\u00f2nia Felip\" \/>\n<meta name=\"twitter:card\" content=\"summary_large_image\" \/>\n<meta name=\"twitter:label1\" content=\"Escrit per\" \/>\n\t<meta name=\"twitter:data1\" content=\"S\u00f2nia Felip\" \/>\n\t<meta name=\"twitter:label2\" content=\"Temps estimat de lectura\" \/>\n\t<meta name=\"twitter:data2\" content=\"4 minuts\" \/>\n<script type=\"application\/ld+json\" class=\"yoast-schema-graph\">{\"@context\":\"https:\\\/\\\/schema.org\",\"@graph\":[{\"@type\":\"Article\",\"@id\":\"https:\\\/\\\/www.portdesitges.com\\\/el-port-de-sitges-acoge-la-presentacion-del-equipo-sail-team-bcn-para-la-copa-america\\\/#article\",\"isPartOf\":{\"@id\":\"https:\\\/\\\/www.portdesitges.com\\\/el-port-de-sitges-acoge-la-presentacion-del-equipo-sail-team-bcn-para-la-copa-america\\\/\"},\"author\":{\"name\":\"S\u00f2nia Felip\",\"@id\":\"https:\\\/\\\/www.portdesitges.com\\\/#\\\/schema\\\/person\\\/be98f3191d6c7bb6ccddc2e0ac4d861f\"},\"headline\":\"El Port de Sitges acull la presentaci\u00f3 de l\u2019equip Sail Team BCN per a la Copa Am\u00e8rica\",\"datePublished\":\"2024-03-19T18:08:57+00:00\",\"dateModified\":\"2024-03-20T14:17:28+00:00\",\"mainEntityOfPage\":{\"@id\":\"https:\\\/\\\/www.portdesitges.com\\\/el-port-de-sitges-acoge-la-presentacion-del-equipo-sail-team-bcn-para-la-copa-america\\\/\"},\"wordCount\":1611,\"image\":{\"@id\":\"https:\\\/\\\/www.portdesitges.com\\\/el-port-de-sitges-acoge-la-presentacion-del-equipo-sail-team-bcn-para-la-copa-america\\\/#primaryimage\"},\"thumbnailUrl\":\"https:\\\/\\\/www.portdesitges.com\\\/wp-content\\\/uploads\\\/2024\\\/03\\\/86c5dfd0-02ae-268d-05b6-83a775f71e90-scaled.jpg\",\"articleSection\":[\"Not\u00edcias\"],\"inLanguage\":\"ca\"},{\"@type\":\"WebPage\",\"@id\":\"https:\\\/\\\/www.portdesitges.com\\\/el-port-de-sitges-acoge-la-presentacion-del-equipo-sail-team-bcn-para-la-copa-america\\\/\",\"url\":\"https:\\\/\\\/www.portdesitges.com\\\/el-port-de-sitges-acoge-la-presentacion-del-equipo-sail-team-bcn-para-la-copa-america\\\/\",\"name\":\"El Port de Sitges acull la presentaci\u00f3 de l\u2019equip Sail Team BCN per a la Copa Am\u00e8rica\",\"isPartOf\":{\"@id\":\"https:\\\/\\\/www.portdesitges.com\\\/#website\"},\"primaryImageOfPage\":{\"@id\":\"https:\\\/\\\/www.portdesitges.com\\\/el-port-de-sitges-acoge-la-presentacion-del-equipo-sail-team-bcn-para-la-copa-america\\\/#primaryimage\"},\"image\":{\"@id\":\"https:\\\/\\\/www.portdesitges.com\\\/el-port-de-sitges-acoge-la-presentacion-del-equipo-sail-team-bcn-para-la-copa-america\\\/#primaryimage\"},\"thumbnailUrl\":\"https:\\\/\\\/www.portdesitges.com\\\/wp-content\\\/uploads\\\/2024\\\/03\\\/86c5dfd0-02ae-268d-05b6-83a775f71e90-scaled.jpg\",\"datePublished\":\"2024-03-19T18:08:57+00:00\",\"dateModified\":\"2024-03-20T14:17:28+00:00\",\"author\":{\"@id\":\"https:\\\/\\\/www.portdesitges.com\\\/#\\\/schema\\\/person\\\/be98f3191d6c7bb6ccddc2e0ac4d861f\"},\"description\":\"El Port de Sitges ha estat testimoni, aquest dimarts 19 de mar\u00e7, d'un moment rellevant en el m\u00f3n de la vela amb la presentaci\u00f3 oficial de l'equip femen\u00ed del Sail Team BCN. Amb l'esperit dels vents a favor, cinc dones excepcionals han estat presentades com a participants en la primera categoria femenina de la Puig Women's America's Cup Reggattas Barcelona 2024.\",\"breadcrumb\":{\"@id\":\"https:\\\/\\\/www.portdesitges.com\\\/el-port-de-sitges-acoge-la-presentacion-del-equipo-sail-team-bcn-para-la-copa-america\\\/#breadcrumb\"},\"inLanguage\":\"ca\",\"potentialAction\":[{\"@type\":\"ReadAction\",\"target\":[\"https:\\\/\\\/www.portdesitges.com\\\/el-port-de-sitges-acoge-la-presentacion-del-equipo-sail-team-bcn-para-la-copa-america\\\/\"]}]},{\"@type\":\"ImageObject\",\"inLanguage\":\"ca\",\"@id\":\"https:\\\/\\\/www.portdesitges.com\\\/el-port-de-sitges-acoge-la-presentacion-del-equipo-sail-team-bcn-para-la-copa-america\\\/#primaryimage\",\"url\":\"https:\\\/\\\/www.portdesitges.com\\\/wp-content\\\/uploads\\\/2024\\\/03\\\/86c5dfd0-02ae-268d-05b6-83a775f71e90-scaled.jpg\",\"contentUrl\":\"https:\\\/\\\/www.portdesitges.com\\\/wp-content\\\/uploads\\\/2024\\\/03\\\/86c5dfd0-02ae-268d-05b6-83a775f71e90-scaled.jpg\",\"width\":2560,\"height\":1707},{\"@type\":\"BreadcrumbList\",\"@id\":\"https:\\\/\\\/www.portdesitges.com\\\/el-port-de-sitges-acoge-la-presentacion-del-equipo-sail-team-bcn-para-la-copa-america\\\/#breadcrumb\",\"itemListElement\":[{\"@type\":\"ListItem\",\"position\":1,\"name\":\"Portada\",\"item\":\"https:\\\/\\\/www.portdesitges.com\\\/ca\\\/\"},{\"@type\":\"ListItem\",\"position\":2,\"name\":\"El Port de Sitges acull la presentaci\u00f3 de l\u2019equip Sail Team BCN per a la Copa Am\u00e8rica\"}]},{\"@type\":\"WebSite\",\"@id\":\"https:\\\/\\\/www.portdesitges.com\\\/#website\",\"url\":\"https:\\\/\\\/www.portdesitges.com\\\/\",\"name\":\"Port de Sitges - Aiguadol\u00e7\",\"description\":\"lugar donde el mar y la tierra se dan de la mano para crear un espacio \u00fanico y atractivo. Disfruta de un mar de experiencias.\",\"potentialAction\":[{\"@type\":\"SearchAction\",\"target\":{\"@type\":\"EntryPoint\",\"urlTemplate\":\"https:\\\/\\\/www.portdesitges.com\\\/?s={search_term_string}\"},\"query-input\":{\"@type\":\"PropertyValueSpecification\",\"valueRequired\":true,\"valueName\":\"search_term_string\"}}],\"inLanguage\":\"ca\"},{\"@type\":\"Person\",\"@id\":\"https:\\\/\\\/www.portdesitges.com\\\/#\\\/schema\\\/person\\\/be98f3191d6c7bb6ccddc2e0ac4d861f\",\"name\":\"S\u00f2nia Felip\",\"image\":{\"@type\":\"ImageObject\",\"inLanguage\":\"ca\",\"@id\":\"https:\\\/\\\/secure.gravatar.com\\\/avatar\\\/3f5abf961091eed8bea1ba4a0fb5f78e0c728f907fe0cf722e81af4aa82939db?s=96&d=mm&r=g\",\"url\":\"https:\\\/\\\/secure.gravatar.com\\\/avatar\\\/3f5abf961091eed8bea1ba4a0fb5f78e0c728f907fe0cf722e81af4aa82939db?s=96&d=mm&r=g\",\"contentUrl\":\"https:\\\/\\\/secure.gravatar.com\\\/avatar\\\/3f5abf961091eed8bea1ba4a0fb5f78e0c728f907fe0cf722e81af4aa82939db?s=96&d=mm&r=g\",\"caption\":\"S\u00f2nia Felip\"},\"url\":\"https:\\\/\\\/www.portdesitges.com\\\/ca\\\/author\\\/sonia\\\/\"}]}<\/script>\n<!-- \/ Yoast SEO plugin. -->","yoast_head_json":{"title":"El Port de Sitges acull la presentaci\u00f3 de l\u2019equip Sail Team BCN per a la Copa Am\u00e8rica","description":"El Port de Sitges ha estat testimoni, aquest dimarts 19 de mar\u00e7, d'un moment rellevant en el m\u00f3n de la vela amb la presentaci\u00f3 oficial de l'equip femen\u00ed del Sail Team BCN. Amb l'esperit dels vents a favor, cinc dones excepcionals han estat presentades com a participants en la primera categoria femenina de la Puig Women's America's Cup Reggattas Barcelona 2024.","robots":{"index":"index","follow":"follow","max-snippet":"max-snippet:-1","max-image-preview":"max-image-preview:large","max-video-preview":"max-video-preview:-1"},"canonical":"https:\/\/www.portdesitges.com\/el-port-de-sitges-acoge-la-presentacion-del-equipo-sail-team-bcn-para-la-copa-america\/","og_locale":"ca_ES","og_type":"article","og_title":"El Port de Sitges acull la presentaci\u00f3 de l\u2019equip Sail Team BCN per a la Copa Am\u00e8rica","og_description":"El Port de Sitges ha estat testimoni, aquest dimarts 19 de mar\u00e7, d'un moment rellevant en el m\u00f3n de la vela amb la presentaci\u00f3 oficial de l'equip femen\u00ed del Sail Team BCN. Amb l'esperit dels vents a favor, cinc dones excepcionals han estat presentades com a participants en la primera categoria femenina de la Puig Women's America's Cup Reggattas Barcelona 2024.","og_url":"https:\/\/www.portdesitges.com\/el-port-de-sitges-acoge-la-presentacion-del-equipo-sail-team-bcn-para-la-copa-america\/","og_site_name":"Port de Sitges - Aiguadol\u00e7","article_published_time":"2024-03-19T18:08:57+00:00","article_modified_time":"2024-03-20T14:17:28+00:00","og_image":[{"width":2560,"height":1707,"url":"https:\/\/www.portdesitges.com\/wp-content\/uploads\/2024\/03\/86c5dfd0-02ae-268d-05b6-83a775f71e90-scaled.jpg","type":"image\/jpeg"}],"author":"S\u00f2nia Felip","twitter_card":"summary_large_image","twitter_misc":{"Escrit per":"S\u00f2nia Felip","Temps estimat de lectura":"4 minuts"},"schema":{"@context":"https:\/\/schema.org","@graph":[{"@type":"Article","@id":"https:\/\/www.portdesitges.com\/el-port-de-sitges-acoge-la-presentacion-del-equipo-sail-team-bcn-para-la-copa-america\/#article","isPartOf":{"@id":"https:\/\/www.portdesitges.com\/el-port-de-sitges-acoge-la-presentacion-del-equipo-sail-team-bcn-para-la-copa-america\/"},"author":{"name":"S\u00f2nia Felip","@id":"https:\/\/www.portdesitges.com\/#\/schema\/person\/be98f3191d6c7bb6ccddc2e0ac4d861f"},"headline":"El Port de Sitges acull la presentaci\u00f3 de l\u2019equip Sail Team BCN per a la Copa Am\u00e8rica","datePublished":"2024-03-19T18:08:57+00:00","dateModified":"2024-03-20T14:17:28+00:00","mainEntityOfPage":{"@id":"https:\/\/www.portdesitges.com\/el-port-de-sitges-acoge-la-presentacion-del-equipo-sail-team-bcn-para-la-copa-america\/"},"wordCount":1611,"image":{"@id":"https:\/\/www.portdesitges.com\/el-port-de-sitges-acoge-la-presentacion-del-equipo-sail-team-bcn-para-la-copa-america\/#primaryimage"},"thumbnailUrl":"https:\/\/www.portdesitges.com\/wp-content\/uploads\/2024\/03\/86c5dfd0-02ae-268d-05b6-83a775f71e90-scaled.jpg","articleSection":["Not\u00edcias"],"inLanguage":"ca"},{"@type":"WebPage","@id":"https:\/\/www.portdesitges.com\/el-port-de-sitges-acoge-la-presentacion-del-equipo-sail-team-bcn-para-la-copa-america\/","url":"https:\/\/www.portdesitges.com\/el-port-de-sitges-acoge-la-presentacion-del-equipo-sail-team-bcn-para-la-copa-america\/","name":"El Port de Sitges acull la presentaci\u00f3 de l\u2019equip Sail Team BCN per a la Copa Am\u00e8rica","isPartOf":{"@id":"https:\/\/www.portdesitges.com\/#website"},"primaryImageOfPage":{"@id":"https:\/\/www.portdesitges.com\/el-port-de-sitges-acoge-la-presentacion-del-equipo-sail-team-bcn-para-la-copa-america\/#primaryimage"},"image":{"@id":"https:\/\/www.portdesitges.com\/el-port-de-sitges-acoge-la-presentacion-del-equipo-sail-team-bcn-para-la-copa-america\/#primaryimage"},"thumbnailUrl":"https:\/\/www.portdesitges.com\/wp-content\/uploads\/2024\/03\/86c5dfd0-02ae-268d-05b6-83a775f71e90-scaled.jpg","datePublished":"2024-03-19T18:08:57+00:00","dateModified":"2024-03-20T14:17:28+00:00","author":{"@id":"https:\/\/www.portdesitges.com\/#\/schema\/person\/be98f3191d6c7bb6ccddc2e0ac4d861f"},"description":"El Port de Sitges ha estat testimoni, aquest dimarts 19 de mar\u00e7, d'un moment rellevant en el m\u00f3n de la vela amb la presentaci\u00f3 oficial de l'equip femen\u00ed del Sail Team BCN. Amb l'esperit dels vents a favor, cinc dones excepcionals han estat presentades com a participants en la primera categoria femenina de la Puig Women's America's Cup Reggattas Barcelona 2024.","breadcrumb":{"@id":"https:\/\/www.portdesitges.com\/el-port-de-sitges-acoge-la-presentacion-del-equipo-sail-team-bcn-para-la-copa-america\/#breadcrumb"},"inLanguage":"ca","potentialAction":[{"@type":"ReadAction","target":["https:\/\/www.portdesitges.com\/el-port-de-sitges-acoge-la-presentacion-del-equipo-sail-team-bcn-para-la-copa-america\/"]}]},{"@type":"ImageObject","inLanguage":"ca","@id":"https:\/\/www.portdesitges.com\/el-port-de-sitges-acoge-la-presentacion-del-equipo-sail-team-bcn-para-la-copa-america\/#primaryimage","url":"https:\/\/www.portdesitges.com\/wp-content\/uploads\/2024\/03\/86c5dfd0-02ae-268d-05b6-83a775f71e90-scaled.jpg","contentUrl":"https:\/\/www.portdesitges.com\/wp-content\/uploads\/2024\/03\/86c5dfd0-02ae-268d-05b6-83a775f71e90-scaled.jpg","width":2560,"height":1707},{"@type":"BreadcrumbList","@id":"https:\/\/www.portdesitges.com\/el-port-de-sitges-acoge-la-presentacion-del-equipo-sail-team-bcn-para-la-copa-america\/#breadcrumb","itemListElement":[{"@type":"ListItem","position":1,"name":"Portada","item":"https:\/\/www.portdesitges.com\/ca\/"},{"@type":"ListItem","position":2,"name":"El Port de Sitges acull la presentaci\u00f3 de l\u2019equip Sail Team BCN per a la Copa Am\u00e8rica"}]},{"@type":"WebSite","@id":"https:\/\/www.portdesitges.com\/#website","url":"https:\/\/www.portdesitges.com\/","name":"Port de Sitges - Aiguadol\u00e7","description":"lugar donde el mar y la tierra se dan de la mano para crear un espacio \u00fanico y atractivo. Disfruta de un mar de experiencias.","potentialAction":[{"@type":"SearchAction","target":{"@type":"EntryPoint","urlTemplate":"https:\/\/www.portdesitges.com\/?s={search_term_string}"},"query-input":{"@type":"PropertyValueSpecification","valueRequired":true,"valueName":"search_term_string"}}],"inLanguage":"ca"},{"@type":"Person","@id":"https:\/\/www.portdesitges.com\/#\/schema\/person\/be98f3191d6c7bb6ccddc2e0ac4d861f","name":"S\u00f2nia Felip","image":{"@type":"ImageObject","inLanguage":"ca","@id":"https:\/\/secure.gravatar.com\/avatar\/3f5abf961091eed8bea1ba4a0fb5f78e0c728f907fe0cf722e81af4aa82939db?s=96&d=mm&r=g","url":"https:\/\/secure.gravatar.com\/avatar\/3f5abf961091eed8bea1ba4a0fb5f78e0c728f907fe0cf722e81af4aa82939db?s=96&d=mm&r=g","contentUrl":"https:\/\/secure.gravatar.com\/avatar\/3f5abf961091eed8bea1ba4a0fb5f78e0c728f907fe0cf722e81af4aa82939db?s=96&d=mm&r=g","caption":"S\u00f2nia Felip"},"url":"https:\/\/www.portdesitges.com\/ca\/author\/sonia\/"}]}},"_links":{"self":[{"href":"https:\/\/www.portdesitges.com\/ca\/wp-json\/wp\/v2\/posts\/17571","targetHints":{"allow":["GET"]}}],"collection":[{"href":"https:\/\/www.portdesitges.com\/ca\/wp-json\/wp\/v2\/posts"}],"about":[{"href":"https:\/\/www.portdesitges.com\/ca\/wp-json\/wp\/v2\/types\/post"}],"author":[{"embeddable":true,"href":"https:\/\/www.portdesitges.com\/ca\/wp-json\/wp\/v2\/users\/3"}],"replies":[{"embeddable":true,"href":"https:\/\/www.portdesitges.com\/ca\/wp-json\/wp\/v2\/comments?post=17571"}],"version-history":[{"count":9,"href":"https:\/\/www.portdesitges.com\/ca\/wp-json\/wp\/v2\/posts\/17571\/revisions"}],"predecessor-version":[{"id":17621,"href":"https:\/\/www.portdesitges.com\/ca\/wp-json\/wp\/v2\/posts\/17571\/revisions\/17621"}],"wp:featuredmedia":[{"embeddable":true,"href":"https:\/\/www.portdesitges.com\/ca\/wp-json\/wp\/v2\/media\/17574"}],"wp:attachment":[{"href":"https:\/\/www.portdesitges.com\/ca\/wp-json\/wp\/v2\/media?parent=17571"}],"wp:term":[{"taxonomy":"category","embeddable":true,"href":"https:\/\/www.portdesitges.com\/ca\/wp-json\/wp\/v2\/categories?post=17571"},{"taxonomy":"post_tag","embeddable":true,"href":"https:\/\/www.portdesitges.com\/ca\/wp-json\/wp\/v2\/tags?post=17571"}],"curies":[{"name":"wp","href":"https:\/\/api.w.org\/{rel}","templated":true}]}}