{"id":17471,"date":"2024-02-01T18:21:34","date_gmt":"2024-02-01T18:21:34","guid":{"rendered":"https:\/\/www.portdesitges.com\/?p=17471"},"modified":"2024-02-02T14:05:21","modified_gmt":"2024-02-02T14:05:21","slug":"de-la-whitbread-a-la-copa-america-35-anys-despres","status":"publish","type":"post","link":"https:\/\/www.portdesitges.com\/ca\/de-la-whitbread-a-la-copa-america-35-anys-despres\/","title":{"rendered":"De la Whitbread a la Copa Am\u00e8rica 35 anys despr\u00e9s"},"content":{"rendered":"[vc_row type=&#8221;in_container&#8221; full_screen_row_position=&#8221;middle&#8221; column_margin=&#8221;default&#8221; scene_position=&#8221;center&#8221; text_color=&#8221;dark&#8221; text_align=&#8221;left&#8221; overlay_strength=&#8221;0.3&#8243; shape_divider_position=&#8221;bottom&#8221; bg_image_animation=&#8221;none&#8221;][vc_column column_padding=&#8221;no-extra-padding&#8221; column_padding_position=&#8221;all&#8221; background_color_opacity=&#8221;1&#8243; background_hover_color_opacity=&#8221;1&#8243; column_link_target=&#8221;_self&#8221; column_shadow=&#8221;none&#8221; column_border_radius=&#8221;none&#8221; width=&#8221;1\/1&#8243; tablet_width_inherit=&#8221;default&#8221; tablet_text_alignment=&#8221;default&#8221; phone_text_alignment=&#8221;default&#8221; overlay_strength=&#8221;0.3&#8243; column_border_width=&#8221;none&#8221; column_border_style=&#8221;solid&#8221; bg_image_animation=&#8221;none&#8221;][vc_column_text]Nacho\u00a0G\u00f3mez entrevista al seu\u00a0podcast\u00a0n\u00e0utic \u201cEl\u00a0Role\u201d\u00a0a Albert Bertran &#8211; President del Port de Sitges i\u00a0Guillermo\u00a0Altadill\u00a0&#8211; Team\u00a0Principal del\u00a0Sail\u00a0Team\u00a0BCN<\/p>\n<p>Aquesta setmana, en el Port de Sitges, s&#8217;han reunit dues figures que van compartir un projecte hist\u00f2ric al <em>Fortuna Extra\u00a0Lights<\/em>\u00a0durant la volta al m\u00f3n de 1989-90 amb la\u00a0Whitbread.\u00a0Guillermo\u00a0Altadill, l\u00edder del\u00a0Sail\u00a0Team\u00a0BCN, i Albert Bertran, president executiu de Port Sitges, s&#8217;han retrobat despr\u00e9s de\u00a035\u00a0anys per a participar junts en la Copa Am\u00e8rica.<\/p>\n<p>A l&#8217;entrevista, parlen sobre el\u00a0Sail\u00a0Team\u00a0BCN, equip que competir\u00e0 en la\u00a0Youth\u00a0i la Puig\u00a0Women&#8217;s America&#8217;s Cup, aprofitant que l\u2019equip ha dut a terme una nova sessi\u00f3 d&#8217;entrenament en Port de Sitges aquests dies com a part de la seva preparaci\u00f3 per a la Copa Am\u00e8rica Juvenil i Femenina, programada per a setembre i octubre de 2024.[\/vc_column_text][\/vc_column][\/vc_row][vc_row type=&#8221;in_container&#8221; full_screen_row_position=&#8221;middle&#8221; column_margin=&#8221;default&#8221; scene_position=&#8221;center&#8221; text_color=&#8221;dark&#8221; text_align=&#8221;left&#8221; overlay_strength=&#8221;0.3&#8243; shape_divider_position=&#8221;bottom&#8221; bg_image_animation=&#8221;none&#8221;][vc_column column_padding=&#8221;no-extra-padding&#8221; column_padding_position=&#8221;all&#8221; background_color_opacity=&#8221;1&#8243; background_hover_color_opacity=&#8221;1&#8243; column_link_target=&#8221;_self&#8221; column_shadow=&#8221;none&#8221; column_border_radius=&#8221;none&#8221; width=&#8221;2\/3&#8243; tablet_width_inherit=&#8221;default&#8221; tablet_text_alignment=&#8221;default&#8221; phone_text_alignment=&#8221;default&#8221; overlay_strength=&#8221;0.3&#8243; column_border_width=&#8221;none&#8221; column_border_style=&#8221;solid&#8221; bg_image_animation=&#8221;none&#8221;][image_with_animation image_url=&#8221;17474&#8243; alignment=&#8221;&#8221; animation=&#8221;Fade In&#8221; hover_animation=&#8221;none&#8221; border_radius=&#8221;none&#8221; box_shadow=&#8221;none&#8221; image_loading=&#8221;default&#8221; max_width=&#8221;100%&#8221; max_width_mobile=&#8221;default&#8221;][\/vc_column][vc_column column_padding=&#8221;no-extra-padding&#8221; column_padding_position=&#8221;all&#8221; background_color_opacity=&#8221;1&#8243; background_hover_color_opacity=&#8221;1&#8243; column_link_target=&#8221;_self&#8221; column_shadow=&#8221;none&#8221; column_border_radius=&#8221;none&#8221; width=&#8221;1\/3&#8243; tablet_width_inherit=&#8221;default&#8221; tablet_text_alignment=&#8221;default&#8221; phone_text_alignment=&#8221;default&#8221; overlay_strength=&#8221;0.3&#8243; column_border_width=&#8221;none&#8221; column_border_style=&#8221;solid&#8221; bg_image_animation=&#8221;none&#8221;][vc_raw_html]JTNDaWZyYW1lJTIwaWQlM0QlMjJpZnJhbWUlMjIlMjBzdHlsZSUzRCUyMm1hcmdpbiUzQSUyMDAlMjBhdXRvJTNCJTIwYm9yZGVyJTNBJTIwMHB4JTIwJTIxaW1wb3J0YW50JTNCd2lkdGglM0ElMjAzMDBweCUyMCUyMWltcG9ydGFudCUzQiUyMGRpc3BsYXklM0FibG9jayUyMCUyMWltcG9ydGFudCUzQiUyMG92ZXJmbG93JTNBJTIwaGlkZGVuJTIwJTIxaW1wb3J0YW50JTNCaGVpZ2h0JTNBJTIwNDMwcHglMjAlMjFpbXBvcnRhbnQlM0IlMjIlMjBzcmMlM0QlMjIlMkYlMkZ2YWxlbmNpYXBsYXphLmNvbSUyRnNtYXJ0UGxheWVyJTJGdjElMkYxNjEyMjU5MzU0MDQxOTg0MCUyMiUzRSUzQyUyRmlmcmFtZSUzRQ==[\/vc_raw_html][\/vc_column][\/vc_row][vc_row type=&#8221;in_container&#8221; full_screen_row_position=&#8221;middle&#8221; column_margin=&#8221;default&#8221; scene_position=&#8221;center&#8221; text_color=&#8221;dark&#8221; text_align=&#8221;left&#8221; overlay_strength=&#8221;0.3&#8243; shape_divider_position=&#8221;bottom&#8221; bg_image_animation=&#8221;none&#8221;][vc_column column_padding=&#8221;no-extra-padding&#8221; column_padding_position=&#8221;all&#8221; background_color_opacity=&#8221;1&#8243; background_hover_color_opacity=&#8221;1&#8243; column_link_target=&#8221;_self&#8221; column_shadow=&#8221;none&#8221; column_border_radius=&#8221;none&#8221; width=&#8221;1\/1&#8243; tablet_width_inherit=&#8221;default&#8221; tablet_text_alignment=&#8221;default&#8221; phone_text_alignment=&#8221;default&#8221; overlay_strength=&#8221;0.3&#8243; column_border_width=&#8221;none&#8221; column_border_style=&#8221;solid&#8221; bg_image_animation=&#8221;none&#8221;][vc_column_text][\/ vc_column] [\/ vc_row][\/vc_column_text][\/vc_column][\/vc_row]\n","protected":false},"excerpt":{"rendered":"<p>[vc_row type=&#8221;in_container&#8221; full_screen_row_position=&#8221;middle&#8221; column_margin=&#8221;default&#8221; scene_position=&#8221;center&#8221; text_color=&#8221;dark&#8221; text_align=&#8221;left&#8221; overlay_strength=&#8221;0.3&#8243; shape_divider_position=&#8221;bottom&#8221; bg_image_animation=&#8221;none&#8221;][vc_column column_padding=&#8221;no-extra-padding&#8221; column_padding_position=&#8221;all&#8221; background_color_opacity=&#8221;1&#8243; background_hover_color_opacity=&#8221;1&#8243; column_link_target=&#8221;_self&#8221; column_shadow=&#8221;none&#8221; column_border_radius=&#8221;none&#8221; width=&#8221;1\/1&#8243; tablet_width_inherit=&#8221;default&#8221; tablet_text_alignment=&#8221;default&#8221; phone_text_alignment=&#8221;default&#8221; overlay_strength=&#8221;0.3&#8243; column_border_width=&#8221;none&#8221; column_border_style=&#8221;solid&#8221; bg_image_animation=&#8221;none&#8221;][vc_column_text]Nacho\u00a0G\u00f3mez entrevista al seu\u00a0podcast\u00a0n\u00e0utic \u201cEl\u00a0Role\u201d\u00a0a Albert&#8230;<\/p>\n","protected":false},"author":3,"featured_media":17474,"comment_status":"closed","ping_status":"closed","sticky":false,"template":"","format":"standard","meta":{"footnotes":""},"categories":[62],"tags":[],"class_list":{"0":"post-17471","1":"post","2":"type-post","3":"status-publish","4":"format-standard","5":"has-post-thumbnail","7":"category-noticias-ca"},"yoast_head":"<!-- This site is optimized with the Yoast SEO plugin v27.3 - https:\/\/yoast.com\/product\/yoast-seo-wordpress\/ -->\n<title>De la Whitbread a la Copa Am\u00e8rica 35 anys despr\u00e9s<\/title>\n<meta name=\"description\" content=\"Nacho G\u00f3mez entrevista al seu podcast n\u00e0utic \u201cEl Role\u201d a Albert Bertran - President del Port de Sitges i Guillermo Altadill - Team Principal del Sail Team BCN\" \/>\n<meta name=\"robots\" content=\"index, follow, max-snippet:-1, max-image-preview:large, max-video-preview:-1\" \/>\n<link rel=\"canonical\" href=\"https:\/\/www.portdesitges.com\/ca\/de-la-whitbread-a-la-copa-america-35-anys-despres\/\" \/>\n<meta property=\"og:locale\" content=\"ca_ES\" \/>\n<meta property=\"og:type\" content=\"article\" \/>\n<meta property=\"og:title\" content=\"De la Whitbread a la Copa Am\u00e8rica 35 anys despr\u00e9s\" \/>\n<meta property=\"og:description\" content=\"Nacho G\u00f3mez entrevista al seu podcast n\u00e0utic \u201cEl Role\u201d a Albert Bertran - President del Port de Sitges i Guillermo Altadill - Team Principal del Sail Team BCN\" \/>\n<meta property=\"og:url\" content=\"https:\/\/www.portdesitges.com\/ca\/de-la-whitbread-a-la-copa-america-35-anys-despres\/\" \/>\n<meta property=\"og:site_name\" content=\"Port de Sitges - Aiguadol\u00e7\" \/>\n<meta property=\"article:published_time\" content=\"2024-02-01T18:21:34+00:00\" \/>\n<meta property=\"article:modified_time\" content=\"2024-02-02T14:05:21+00:00\" \/>\n<meta property=\"og:image\" content=\"https:\/\/www.portdesitges.com\/wp-content\/uploads\/2024\/02\/ACE37_Sitges25Ene24FotoJorgeAndreuJYAT7189_NoticiaAmpliada.jpg\" \/>\n\t<meta property=\"og:image:width\" content=\"768\" \/>\n\t<meta property=\"og:image:height\" content=\"512\" \/>\n\t<meta property=\"og:image:type\" content=\"image\/jpeg\" \/>\n<meta name=\"author\" content=\"S\u00f2nia Felip\" \/>\n<meta name=\"twitter:card\" content=\"summary_large_image\" \/>\n<meta name=\"twitter:label1\" content=\"Escrit per\" \/>\n\t<meta name=\"twitter:data1\" content=\"S\u00f2nia Felip\" \/>\n\t<meta name=\"twitter:label2\" content=\"Temps estimat de lectura\" \/>\n\t<meta name=\"twitter:data2\" content=\"2 minuts\" \/>\n<script type=\"application\/ld+json\" class=\"yoast-schema-graph\">{\"@context\":\"https:\\\/\\\/schema.org\",\"@graph\":[{\"@type\":\"Article\",\"@id\":\"https:\\\/\\\/www.portdesitges.com\\\/ca\\\/de-la-whitbread-a-la-copa-america-35-anys-despres\\\/#article\",\"isPartOf\":{\"@id\":\"https:\\\/\\\/www.portdesitges.com\\\/ca\\\/de-la-whitbread-a-la-copa-america-35-anys-despres\\\/\"},\"author\":{\"name\":\"S\u00f2nia Felip\",\"@id\":\"https:\\\/\\\/www.portdesitges.com\\\/#\\\/schema\\\/person\\\/be98f3191d6c7bb6ccddc2e0ac4d861f\"},\"headline\":\"De la Whitbread a la Copa Am\u00e8rica 35 anys despr\u00e9s\",\"datePublished\":\"2024-02-01T18:21:34+00:00\",\"dateModified\":\"2024-02-02T14:05:21+00:00\",\"mainEntityOfPage\":{\"@id\":\"https:\\\/\\\/www.portdesitges.com\\\/ca\\\/de-la-whitbread-a-la-copa-america-35-anys-despres\\\/\"},\"wordCount\":579,\"image\":{\"@id\":\"https:\\\/\\\/www.portdesitges.com\\\/ca\\\/de-la-whitbread-a-la-copa-america-35-anys-despres\\\/#primaryimage\"},\"thumbnailUrl\":\"https:\\\/\\\/www.portdesitges.com\\\/wp-content\\\/uploads\\\/2024\\\/02\\\/ACE37_Sitges25Ene24FotoJorgeAndreuJYAT7189_NoticiaAmpliada.jpg\",\"articleSection\":[\"Not\u00edcias\"],\"inLanguage\":\"ca\"},{\"@type\":\"WebPage\",\"@id\":\"https:\\\/\\\/www.portdesitges.com\\\/ca\\\/de-la-whitbread-a-la-copa-america-35-anys-despres\\\/\",\"url\":\"https:\\\/\\\/www.portdesitges.com\\\/ca\\\/de-la-whitbread-a-la-copa-america-35-anys-despres\\\/\",\"name\":\"De la Whitbread a la Copa Am\u00e8rica 35 anys despr\u00e9s\",\"isPartOf\":{\"@id\":\"https:\\\/\\\/www.portdesitges.com\\\/#website\"},\"primaryImageOfPage\":{\"@id\":\"https:\\\/\\\/www.portdesitges.com\\\/ca\\\/de-la-whitbread-a-la-copa-america-35-anys-despres\\\/#primaryimage\"},\"image\":{\"@id\":\"https:\\\/\\\/www.portdesitges.com\\\/ca\\\/de-la-whitbread-a-la-copa-america-35-anys-despres\\\/#primaryimage\"},\"thumbnailUrl\":\"https:\\\/\\\/www.portdesitges.com\\\/wp-content\\\/uploads\\\/2024\\\/02\\\/ACE37_Sitges25Ene24FotoJorgeAndreuJYAT7189_NoticiaAmpliada.jpg\",\"datePublished\":\"2024-02-01T18:21:34+00:00\",\"dateModified\":\"2024-02-02T14:05:21+00:00\",\"author\":{\"@id\":\"https:\\\/\\\/www.portdesitges.com\\\/#\\\/schema\\\/person\\\/be98f3191d6c7bb6ccddc2e0ac4d861f\"},\"description\":\"Nacho G\u00f3mez entrevista al seu podcast n\u00e0utic \u201cEl Role\u201d a Albert Bertran - President del Port de Sitges i Guillermo Altadill - Team Principal del Sail Team BCN\",\"breadcrumb\":{\"@id\":\"https:\\\/\\\/www.portdesitges.com\\\/ca\\\/de-la-whitbread-a-la-copa-america-35-anys-despres\\\/#breadcrumb\"},\"inLanguage\":\"ca\",\"potentialAction\":[{\"@type\":\"ReadAction\",\"target\":[\"https:\\\/\\\/www.portdesitges.com\\\/ca\\\/de-la-whitbread-a-la-copa-america-35-anys-despres\\\/\"]}]},{\"@type\":\"ImageObject\",\"inLanguage\":\"ca\",\"@id\":\"https:\\\/\\\/www.portdesitges.com\\\/ca\\\/de-la-whitbread-a-la-copa-america-35-anys-despres\\\/#primaryimage\",\"url\":\"https:\\\/\\\/www.portdesitges.com\\\/wp-content\\\/uploads\\\/2024\\\/02\\\/ACE37_Sitges25Ene24FotoJorgeAndreuJYAT7189_NoticiaAmpliada.jpg\",\"contentUrl\":\"https:\\\/\\\/www.portdesitges.com\\\/wp-content\\\/uploads\\\/2024\\\/02\\\/ACE37_Sitges25Ene24FotoJorgeAndreuJYAT7189_NoticiaAmpliada.jpg\",\"width\":768,\"height\":512},{\"@type\":\"BreadcrumbList\",\"@id\":\"https:\\\/\\\/www.portdesitges.com\\\/ca\\\/de-la-whitbread-a-la-copa-america-35-anys-despres\\\/#breadcrumb\",\"itemListElement\":[{\"@type\":\"ListItem\",\"position\":1,\"name\":\"Portada\",\"item\":\"https:\\\/\\\/www.portdesitges.com\\\/ca\\\/\"},{\"@type\":\"ListItem\",\"position\":2,\"name\":\"De la Whitbread a la Copa Am\u00e8rica 35 anys despr\u00e9s\"}]},{\"@type\":\"WebSite\",\"@id\":\"https:\\\/\\\/www.portdesitges.com\\\/#website\",\"url\":\"https:\\\/\\\/www.portdesitges.com\\\/\",\"name\":\"Port de Sitges - Aiguadol\u00e7\",\"description\":\"lugar donde el mar y la tierra se dan de la mano para crear un espacio \u00fanico y atractivo. Disfruta de un mar de experiencias.\",\"potentialAction\":[{\"@type\":\"SearchAction\",\"target\":{\"@type\":\"EntryPoint\",\"urlTemplate\":\"https:\\\/\\\/www.portdesitges.com\\\/?s={search_term_string}\"},\"query-input\":{\"@type\":\"PropertyValueSpecification\",\"valueRequired\":true,\"valueName\":\"search_term_string\"}}],\"inLanguage\":\"ca\"},{\"@type\":\"Person\",\"@id\":\"https:\\\/\\\/www.portdesitges.com\\\/#\\\/schema\\\/person\\\/be98f3191d6c7bb6ccddc2e0ac4d861f\",\"name\":\"S\u00f2nia Felip\",\"image\":{\"@type\":\"ImageObject\",\"inLanguage\":\"ca\",\"@id\":\"https:\\\/\\\/secure.gravatar.com\\\/avatar\\\/3f5abf961091eed8bea1ba4a0fb5f78e0c728f907fe0cf722e81af4aa82939db?s=96&d=mm&r=g\",\"url\":\"https:\\\/\\\/secure.gravatar.com\\\/avatar\\\/3f5abf961091eed8bea1ba4a0fb5f78e0c728f907fe0cf722e81af4aa82939db?s=96&d=mm&r=g\",\"contentUrl\":\"https:\\\/\\\/secure.gravatar.com\\\/avatar\\\/3f5abf961091eed8bea1ba4a0fb5f78e0c728f907fe0cf722e81af4aa82939db?s=96&d=mm&r=g\",\"caption\":\"S\u00f2nia Felip\"},\"url\":\"https:\\\/\\\/www.portdesitges.com\\\/ca\\\/author\\\/sonia\\\/\"}]}<\/script>\n<!-- \/ Yoast SEO plugin. -->","yoast_head_json":{"title":"De la Whitbread a la Copa Am\u00e8rica 35 anys despr\u00e9s","description":"Nacho G\u00f3mez entrevista al seu podcast n\u00e0utic \u201cEl Role\u201d a Albert Bertran - President del Port de Sitges i Guillermo Altadill - Team Principal del Sail Team BCN","robots":{"index":"index","follow":"follow","max-snippet":"max-snippet:-1","max-image-preview":"max-image-preview:large","max-video-preview":"max-video-preview:-1"},"canonical":"https:\/\/www.portdesitges.com\/ca\/de-la-whitbread-a-la-copa-america-35-anys-despres\/","og_locale":"ca_ES","og_type":"article","og_title":"De la Whitbread a la Copa Am\u00e8rica 35 anys despr\u00e9s","og_description":"Nacho G\u00f3mez entrevista al seu podcast n\u00e0utic \u201cEl Role\u201d a Albert Bertran - President del Port de Sitges i Guillermo Altadill - Team Principal del Sail Team BCN","og_url":"https:\/\/www.portdesitges.com\/ca\/de-la-whitbread-a-la-copa-america-35-anys-despres\/","og_site_name":"Port de Sitges - Aiguadol\u00e7","article_published_time":"2024-02-01T18:21:34+00:00","article_modified_time":"2024-02-02T14:05:21+00:00","og_image":[{"width":768,"height":512,"url":"https:\/\/www.portdesitges.com\/wp-content\/uploads\/2024\/02\/ACE37_Sitges25Ene24FotoJorgeAndreuJYAT7189_NoticiaAmpliada.jpg","type":"image\/jpeg"}],"author":"S\u00f2nia Felip","twitter_card":"summary_large_image","twitter_misc":{"Escrit per":"S\u00f2nia Felip","Temps estimat de lectura":"2 minuts"},"schema":{"@context":"https:\/\/schema.org","@graph":[{"@type":"Article","@id":"https:\/\/www.portdesitges.com\/ca\/de-la-whitbread-a-la-copa-america-35-anys-despres\/#article","isPartOf":{"@id":"https:\/\/www.portdesitges.com\/ca\/de-la-whitbread-a-la-copa-america-35-anys-despres\/"},"author":{"name":"S\u00f2nia Felip","@id":"https:\/\/www.portdesitges.com\/#\/schema\/person\/be98f3191d6c7bb6ccddc2e0ac4d861f"},"headline":"De la Whitbread a la Copa Am\u00e8rica 35 anys despr\u00e9s","datePublished":"2024-02-01T18:21:34+00:00","dateModified":"2024-02-02T14:05:21+00:00","mainEntityOfPage":{"@id":"https:\/\/www.portdesitges.com\/ca\/de-la-whitbread-a-la-copa-america-35-anys-despres\/"},"wordCount":579,"image":{"@id":"https:\/\/www.portdesitges.com\/ca\/de-la-whitbread-a-la-copa-america-35-anys-despres\/#primaryimage"},"thumbnailUrl":"https:\/\/www.portdesitges.com\/wp-content\/uploads\/2024\/02\/ACE37_Sitges25Ene24FotoJorgeAndreuJYAT7189_NoticiaAmpliada.jpg","articleSection":["Not\u00edcias"],"inLanguage":"ca"},{"@type":"WebPage","@id":"https:\/\/www.portdesitges.com\/ca\/de-la-whitbread-a-la-copa-america-35-anys-despres\/","url":"https:\/\/www.portdesitges.com\/ca\/de-la-whitbread-a-la-copa-america-35-anys-despres\/","name":"De la Whitbread a la Copa Am\u00e8rica 35 anys despr\u00e9s","isPartOf":{"@id":"https:\/\/www.portdesitges.com\/#website"},"primaryImageOfPage":{"@id":"https:\/\/www.portdesitges.com\/ca\/de-la-whitbread-a-la-copa-america-35-anys-despres\/#primaryimage"},"image":{"@id":"https:\/\/www.portdesitges.com\/ca\/de-la-whitbread-a-la-copa-america-35-anys-despres\/#primaryimage"},"thumbnailUrl":"https:\/\/www.portdesitges.com\/wp-content\/uploads\/2024\/02\/ACE37_Sitges25Ene24FotoJorgeAndreuJYAT7189_NoticiaAmpliada.jpg","datePublished":"2024-02-01T18:21:34+00:00","dateModified":"2024-02-02T14:05:21+00:00","author":{"@id":"https:\/\/www.portdesitges.com\/#\/schema\/person\/be98f3191d6c7bb6ccddc2e0ac4d861f"},"description":"Nacho G\u00f3mez entrevista al seu podcast n\u00e0utic \u201cEl Role\u201d a Albert Bertran - President del Port de Sitges i Guillermo Altadill - Team Principal del Sail Team BCN","breadcrumb":{"@id":"https:\/\/www.portdesitges.com\/ca\/de-la-whitbread-a-la-copa-america-35-anys-despres\/#breadcrumb"},"inLanguage":"ca","potentialAction":[{"@type":"ReadAction","target":["https:\/\/www.portdesitges.com\/ca\/de-la-whitbread-a-la-copa-america-35-anys-despres\/"]}]},{"@type":"ImageObject","inLanguage":"ca","@id":"https:\/\/www.portdesitges.com\/ca\/de-la-whitbread-a-la-copa-america-35-anys-despres\/#primaryimage","url":"https:\/\/www.portdesitges.com\/wp-content\/uploads\/2024\/02\/ACE37_Sitges25Ene24FotoJorgeAndreuJYAT7189_NoticiaAmpliada.jpg","contentUrl":"https:\/\/www.portdesitges.com\/wp-content\/uploads\/2024\/02\/ACE37_Sitges25Ene24FotoJorgeAndreuJYAT7189_NoticiaAmpliada.jpg","width":768,"height":512},{"@type":"BreadcrumbList","@id":"https:\/\/www.portdesitges.com\/ca\/de-la-whitbread-a-la-copa-america-35-anys-despres\/#breadcrumb","itemListElement":[{"@type":"ListItem","position":1,"name":"Portada","item":"https:\/\/www.portdesitges.com\/ca\/"},{"@type":"ListItem","position":2,"name":"De la Whitbread a la Copa Am\u00e8rica 35 anys despr\u00e9s"}]},{"@type":"WebSite","@id":"https:\/\/www.portdesitges.com\/#website","url":"https:\/\/www.portdesitges.com\/","name":"Port de Sitges - Aiguadol\u00e7","description":"lugar donde el mar y la tierra se dan de la mano para crear un espacio \u00fanico y atractivo. Disfruta de un mar de experiencias.","potentialAction":[{"@type":"SearchAction","target":{"@type":"EntryPoint","urlTemplate":"https:\/\/www.portdesitges.com\/?s={search_term_string}"},"query-input":{"@type":"PropertyValueSpecification","valueRequired":true,"valueName":"search_term_string"}}],"inLanguage":"ca"},{"@type":"Person","@id":"https:\/\/www.portdesitges.com\/#\/schema\/person\/be98f3191d6c7bb6ccddc2e0ac4d861f","name":"S\u00f2nia Felip","image":{"@type":"ImageObject","inLanguage":"ca","@id":"https:\/\/secure.gravatar.com\/avatar\/3f5abf961091eed8bea1ba4a0fb5f78e0c728f907fe0cf722e81af4aa82939db?s=96&d=mm&r=g","url":"https:\/\/secure.gravatar.com\/avatar\/3f5abf961091eed8bea1ba4a0fb5f78e0c728f907fe0cf722e81af4aa82939db?s=96&d=mm&r=g","contentUrl":"https:\/\/secure.gravatar.com\/avatar\/3f5abf961091eed8bea1ba4a0fb5f78e0c728f907fe0cf722e81af4aa82939db?s=96&d=mm&r=g","caption":"S\u00f2nia Felip"},"url":"https:\/\/www.portdesitges.com\/ca\/author\/sonia\/"}]}},"_links":{"self":[{"href":"https:\/\/www.portdesitges.com\/ca\/wp-json\/wp\/v2\/posts\/17471","targetHints":{"allow":["GET"]}}],"collection":[{"href":"https:\/\/www.portdesitges.com\/ca\/wp-json\/wp\/v2\/posts"}],"about":[{"href":"https:\/\/www.portdesitges.com\/ca\/wp-json\/wp\/v2\/types\/post"}],"author":[{"embeddable":true,"href":"https:\/\/www.portdesitges.com\/ca\/wp-json\/wp\/v2\/users\/3"}],"replies":[{"embeddable":true,"href":"https:\/\/www.portdesitges.com\/ca\/wp-json\/wp\/v2\/comments?post=17471"}],"version-history":[{"count":1,"href":"https:\/\/www.portdesitges.com\/ca\/wp-json\/wp\/v2\/posts\/17471\/revisions"}],"predecessor-version":[{"id":17485,"href":"https:\/\/www.portdesitges.com\/ca\/wp-json\/wp\/v2\/posts\/17471\/revisions\/17485"}],"wp:featuredmedia":[{"embeddable":true,"href":"https:\/\/www.portdesitges.com\/ca\/wp-json\/wp\/v2\/media\/17474"}],"wp:attachment":[{"href":"https:\/\/www.portdesitges.com\/ca\/wp-json\/wp\/v2\/media?parent=17471"}],"wp:term":[{"taxonomy":"category","embeddable":true,"href":"https:\/\/www.portdesitges.com\/ca\/wp-json\/wp\/v2\/categories?post=17471"},{"taxonomy":"post_tag","embeddable":true,"href":"https:\/\/www.portdesitges.com\/ca\/wp-json\/wp\/v2\/tags?post=17471"}],"curies":[{"name":"wp","href":"https:\/\/api.w.org\/{rel}","templated":true}]}}