{"id":17335,"date":"2023-12-15T12:16:30","date_gmt":"2023-12-15T12:16:30","guid":{"rendered":"https:\/\/www.portdesitges.com\/?p=17335"},"modified":"2023-12-15T12:43:39","modified_gmt":"2023-12-15T12:43:39","slug":"restaurants-del-port-horaris-festes-de-nadal","status":"publish","type":"post","link":"https:\/\/www.portdesitges.com\/ca\/restaurants-del-port-horaris-festes-de-nadal\/","title":{"rendered":"Restaurants del Port: Horaris festes de Nadal"},"content":{"rendered":"[vc_row type=&#8221;in_container&#8221; full_screen_row_position=&#8221;middle&#8221; column_margin=&#8221;default&#8221; scene_position=&#8221;center&#8221; text_color=&#8221;dark&#8221; text_align=&#8221;left&#8221; overlay_strength=&#8221;0.3&#8243; shape_divider_position=&#8221;bottom&#8221; bg_image_animation=&#8221;none&#8221;][vc_column column_padding=&#8221;no-extra-padding&#8221; column_padding_position=&#8221;all&#8221; background_color_opacity=&#8221;1&#8243; background_hover_color_opacity=&#8221;1&#8243; column_link_target=&#8221;_self&#8221; column_shadow=&#8221;none&#8221; column_border_radius=&#8221;none&#8221; width=&#8221;1\/1&#8243; tablet_width_inherit=&#8221;default&#8221; tablet_text_alignment=&#8221;default&#8221; phone_text_alignment=&#8221;default&#8221; overlay_strength=&#8221;0.3&#8243; column_border_width=&#8221;none&#8221; column_border_style=&#8221;solid&#8221; bg_image_animation=&#8221;none&#8221;][vc_column_text]Al Port de Sitges, durant les festes de Nadal, una \u00e0mplia gamma de restaurants acullen als visitants amb delicioses opcions gastron\u00f2miques. Amb la seva ubicaci\u00f3 al costat del mar, els establiments ens brinden unes vistes incre\u00efbles i una atmosfera relaxada per a celebracions nadalenques memorables. Sigui quin sigui el restaurant triat, el Port de Sitges t\u2019ofereix una combinaci\u00f3 perfecta de bona gastronomia i un ambient festiu per gaudir de les festes.<\/p>\n<p>Aqu\u00ed us deixem els horaris dels restaurants, bars i locals d\u2019oci, durant aquestes festes de Nadal.[\/vc_column_text][\/vc_column][\/vc_row][vc_row type=&#8221;in_container&#8221; full_screen_row_position=&#8221;middle&#8221; column_margin=&#8221;default&#8221; scene_position=&#8221;center&#8221; text_color=&#8221;dark&#8221; text_align=&#8221;left&#8221; overlay_strength=&#8221;0.3&#8243; shape_divider_position=&#8221;bottom&#8221; bg_image_animation=&#8221;none&#8221;][vc_column column_padding=&#8221;no-extra-padding&#8221; column_padding_position=&#8221;all&#8221; background_color_opacity=&#8221;1&#8243; background_hover_color_opacity=&#8221;1&#8243; column_link_target=&#8221;_self&#8221; column_shadow=&#8221;none&#8221; column_border_radius=&#8221;none&#8221; width=&#8221;1\/4&#8243; tablet_width_inherit=&#8221;default&#8221; tablet_text_alignment=&#8221;default&#8221; phone_text_alignment=&#8221;default&#8221; overlay_strength=&#8221;0.3&#8243; column_border_width=&#8221;none&#8221; column_border_style=&#8221;solid&#8221; bg_image_animation=&#8221;none&#8221;][\/vc_column][vc_column column_padding=&#8221;no-extra-padding&#8221; column_padding_position=&#8221;all&#8221; background_color_opacity=&#8221;1&#8243; background_hover_color_opacity=&#8221;1&#8243; column_link_target=&#8221;_self&#8221; column_shadow=&#8221;none&#8221; column_border_radius=&#8221;none&#8221; width=&#8221;1\/2&#8243; tablet_width_inherit=&#8221;default&#8221; tablet_text_alignment=&#8221;default&#8221; phone_text_alignment=&#8221;default&#8221; overlay_strength=&#8221;0.3&#8243; column_border_width=&#8221;none&#8221; column_border_style=&#8221;solid&#8221; bg_image_animation=&#8221;none&#8221;][vc_column_text]\n<p style=\"text-align: center;\"><strong>HORARIS FESTES DE NADAL 2023<\/strong><\/p>\n[\/vc_column_text][\/vc_column][vc_column column_padding=&#8221;no-extra-padding&#8221; column_padding_position=&#8221;all&#8221; background_color_opacity=&#8221;1&#8243; background_hover_color_opacity=&#8221;1&#8243; column_link_target=&#8221;_self&#8221; column_shadow=&#8221;none&#8221; column_border_radius=&#8221;none&#8221; width=&#8221;1\/4&#8243; tablet_width_inherit=&#8221;default&#8221; tablet_text_alignment=&#8221;default&#8221; phone_text_alignment=&#8221;default&#8221; overlay_strength=&#8221;0.3&#8243; column_border_width=&#8221;none&#8221; column_border_style=&#8221;solid&#8221; bg_image_animation=&#8221;none&#8221;][\/vc_column][\/vc_row][vc_row type=&#8221;in_container&#8221; full_screen_row_position=&#8221;middle&#8221; column_margin=&#8221;default&#8221; scene_position=&#8221;center&#8221; text_color=&#8221;dark&#8221; text_align=&#8221;left&#8221; overlay_strength=&#8221;0.3&#8243; shape_divider_position=&#8221;bottom&#8221; bg_image_animation=&#8221;none&#8221;][vc_column column_padding=&#8221;no-extra-padding&#8221; column_padding_position=&#8221;all&#8221; background_color_opacity=&#8221;1&#8243; background_hover_color_opacity=&#8221;1&#8243; column_link_target=&#8221;_self&#8221; column_shadow=&#8221;none&#8221; column_border_radius=&#8221;none&#8221; width=&#8221;2\/3&#8243; tablet_width_inherit=&#8221;default&#8221; tablet_text_alignment=&#8221;default&#8221; phone_text_alignment=&#8221;default&#8221; overlay_strength=&#8221;0.3&#8243; column_border_width=&#8221;none&#8221; column_border_style=&#8221;solid&#8221; bg_image_animation=&#8221;none&#8221;][vc_column_text]<strong>Restaurants<\/strong><\/p>\n<p><strong>Can Laury Peix<\/strong><br \/>\nDe dilluns a diumenge de 12.30 a 23 hores<br \/>\nObert cada dia, excepte el 25 i les nits del 24 i el 31<br \/>\n938946634<\/p>\n<p><strong>El Caf\u00e8 de la Plata<\/strong><br \/>\nObert de dimarts a dijous de 17 a 1 hores i de divendres a diumenge, de 12.30 a 1 hores.<br \/>\nTanca el dia 24, 25, 31 i 1<br \/>\n938949081<\/p>\n<p><strong>La Pizzer\u00eda del Puerto<\/strong><br \/>\nObert de dilluns a diumenge de 12 a 22.30<br \/>\nTanca la nit del 24, 26, 31, 1, 6 i 10, i el 25, tot el dia<\/p>\n<p>938945952<\/p>\n<p><strong>Pierre Sitges<\/strong><br \/>\nObert divendres, dissabte i diumenge<br \/>\n938110239 de 13 a 1 hores<br \/>\nTanca el diumenge 24<strong>\u00a0 \u00a0 \u00a0 \u00a0 \u00a0 \u00a0 \u00a0 \u00a0 \u00a0 \u00a0\u00a0<\/strong><\/p>\n<p><strong>Rosario<\/strong><br \/>\nObert de dimecres a diumenge, de 13 a 17 hores i de 19 a 23 hores<br \/>\nTanca la nit del 24<br \/>\n931195695<\/p>\n<p><strong>Tres Nudos<\/strong><br \/>\nObert de dimarts a diumenge de 9 a 17 hores<br \/>\nTancat el 25, 26 i 1<br \/>\n934281973<\/p>\n<p><strong>Zekkei <\/strong><br \/>\nObert de dimarts a dijous de 18 a 22.30 h. Divendres: de 18 a 23.30 h. Dissabte: de 13 a 23.30 h i diumenge: 13 a 22.30 h<br \/>\nTanca el dia 24 i 25<br \/>\n933083421<\/p>\n<p><strong>Alma Sitges<\/strong><br \/>\nTancat per vacances<\/p>\n<p><strong>La Taberna del Puerto <\/strong><\/p>\n<p>Tancat per vacances del 18 de desembre al 17 de gener<\/p>\n<p><strong>Les Fonts <\/strong><\/p>\n<p>Tancat\u00a0 per vacances del 24 tarda de desembre al 25 de gener<\/p>\n<p><strong>Salome<\/strong><br \/>\nTancat per vacances del 9 de desembre a l\u201911 de gener[\/vc_column_text][\/vc_column][vc_column column_padding=&#8221;no-extra-padding&#8221; column_padding_position=&#8221;all&#8221; background_color_opacity=&#8221;1&#8243; background_hover_color_opacity=&#8221;1&#8243; column_link_target=&#8221;_self&#8221; column_shadow=&#8221;none&#8221; column_border_radius=&#8221;none&#8221; width=&#8221;1\/3&#8243; tablet_width_inherit=&#8221;default&#8221; tablet_text_alignment=&#8221;default&#8221; phone_text_alignment=&#8221;default&#8221; overlay_strength=&#8221;0.3&#8243; column_border_width=&#8221;none&#8221; column_border_style=&#8221;solid&#8221; bg_image_animation=&#8221;none&#8221;][vc_column_text]<strong>Bars \/ Oci<\/strong><\/p>\n<p><strong>La Tasca del Navegante<\/strong><br \/>\nObert de dimarts a diumenge de 12 a 16 hores<br \/>\nTanca el 25 i l\u20191<\/p>\n<p><strong>Rojo Frito<\/strong><br \/>\nObert de dijous a diumenge i festius, de 12 a 15 hores<br \/>\nTanca el 25, 26 i 1<\/p>\n<p><strong>Sea You<\/strong><br \/>\nDe dijous a diumenge: de 12 a 21 hores. Divendres i dissabte: de 12 a 2 hores<br \/>\nTanca la nit del 24 i el 31, i tot el dia 25, 26 i 1<br \/>\n605993936<\/p>\n<p><strong>Tropical<\/strong><br \/>\nObert dilluns i dimarts: 18 a 1.30 hores. De dimecres a diumenge: d\u201911 a 1.30 hores.<br \/>\nTanca la nit del 24 i 31, i tot el dia 25, 26 i 27<br \/>\n642128400[\/vc_column_text][\/vc_column][\/vc_row][vc_row type=&#8221;in_container&#8221; full_screen_row_position=&#8221;middle&#8221; column_margin=&#8221;default&#8221; scene_position=&#8221;center&#8221; text_color=&#8221;dark&#8221; text_align=&#8221;left&#8221; overlay_strength=&#8221;0.3&#8243; shape_divider_position=&#8221;bottom&#8221; bg_image_animation=&#8221;none&#8221;][vc_column column_padding=&#8221;no-extra-padding&#8221; column_padding_position=&#8221;all&#8221; background_color_opacity=&#8221;1&#8243; background_hover_color_opacity=&#8221;1&#8243; column_link_target=&#8221;_self&#8221; column_shadow=&#8221;none&#8221; column_border_radius=&#8221;none&#8221; width=&#8221;1\/4&#8243; tablet_width_inherit=&#8221;default&#8221; tablet_text_alignment=&#8221;default&#8221; phone_text_alignment=&#8221;default&#8221; overlay_strength=&#8221;0.3&#8243; column_border_width=&#8221;none&#8221; column_border_style=&#8221;solid&#8221; bg_image_animation=&#8221;none&#8221;][\/vc_column][vc_column column_padding=&#8221;no-extra-padding&#8221; column_padding_position=&#8221;all&#8221; background_color_opacity=&#8221;1&#8243; background_hover_color_opacity=&#8221;1&#8243; column_link_target=&#8221;_self&#8221; column_shadow=&#8221;none&#8221; column_border_radius=&#8221;none&#8221; width=&#8221;1\/2&#8243; tablet_width_inherit=&#8221;default&#8221; tablet_text_alignment=&#8221;default&#8221; phone_text_alignment=&#8221;default&#8221; overlay_strength=&#8221;0.3&#8243; column_border_width=&#8221;none&#8221; column_border_style=&#8221;solid&#8221; bg_image_animation=&#8221;none&#8221;][image_with_animation image_url=&#8221;17341&#8243; alignment=&#8221;&#8221; animation=&#8221;Fade In&#8221; hover_animation=&#8221;none&#8221; border_radius=&#8221;none&#8221; box_shadow=&#8221;none&#8221; image_loading=&#8221;default&#8221; max_width=&#8221;100%&#8221; max_width_mobile=&#8221;default&#8221;][\/vc_column][vc_column column_padding=&#8221;no-extra-padding&#8221; column_padding_position=&#8221;all&#8221; background_color_opacity=&#8221;1&#8243; background_hover_color_opacity=&#8221;1&#8243; column_link_target=&#8221;_self&#8221; column_shadow=&#8221;none&#8221; column_border_radius=&#8221;none&#8221; width=&#8221;1\/4&#8243; tablet_width_inherit=&#8221;default&#8221; tablet_text_alignment=&#8221;default&#8221; phone_text_alignment=&#8221;default&#8221; overlay_strength=&#8221;0.3&#8243; column_border_width=&#8221;none&#8221; column_border_style=&#8221;solid&#8221; bg_image_animation=&#8221;none&#8221;][\/vc_column][\/vc_row][vc_row type=&#8221;in_container&#8221; full_screen_row_position=&#8221;middle&#8221; column_margin=&#8221;default&#8221; scene_position=&#8221;center&#8221; text_color=&#8221;dark&#8221; text_align=&#8221;left&#8221; overlay_strength=&#8221;0.3&#8243; shape_divider_position=&#8221;bottom&#8221; bg_image_animation=&#8221;none&#8221;][vc_column column_padding=&#8221;no-extra-padding&#8221; column_padding_position=&#8221;all&#8221; background_color_opacity=&#8221;1&#8243; background_hover_color_opacity=&#8221;1&#8243; column_link_target=&#8221;_self&#8221; column_shadow=&#8221;none&#8221; column_border_radius=&#8221;none&#8221; width=&#8221;1\/1&#8243; tablet_width_inherit=&#8221;default&#8221; tablet_text_alignment=&#8221;default&#8221; phone_text_alignment=&#8221;default&#8221; overlay_strength=&#8221;0.3&#8243; column_border_width=&#8221;none&#8221; column_border_style=&#8221;solid&#8221; bg_image_animation=&#8221;none&#8221;][vc_column_text][\/ vc_column] [\/ vc_row][\/vc_column_text][\/vc_column][\/vc_row]\n","protected":false},"excerpt":{"rendered":"<p>[vc_row type=&#8221;in_container&#8221; full_screen_row_position=&#8221;middle&#8221; column_margin=&#8221;default&#8221; scene_position=&#8221;center&#8221; text_color=&#8221;dark&#8221; text_align=&#8221;left&#8221; overlay_strength=&#8221;0.3&#8243; shape_divider_position=&#8221;bottom&#8221; bg_image_animation=&#8221;none&#8221;][vc_column column_padding=&#8221;no-extra-padding&#8221; column_padding_position=&#8221;all&#8221; background_color_opacity=&#8221;1&#8243; background_hover_color_opacity=&#8221;1&#8243; column_link_target=&#8221;_self&#8221; column_shadow=&#8221;none&#8221; column_border_radius=&#8221;none&#8221; width=&#8221;1\/1&#8243; tablet_width_inherit=&#8221;default&#8221; tablet_text_alignment=&#8221;default&#8221; phone_text_alignment=&#8221;default&#8221; overlay_strength=&#8221;0.3&#8243; column_border_width=&#8221;none&#8221; column_border_style=&#8221;solid&#8221; bg_image_animation=&#8221;none&#8221;][vc_column_text]Al Port de Sitges, durant les&#8230;<\/p>\n","protected":false},"author":3,"featured_media":17341,"comment_status":"closed","ping_status":"closed","sticky":false,"template":"","format":"standard","meta":{"footnotes":""},"categories":[62],"tags":[],"class_list":{"0":"post-17335","1":"post","2":"type-post","3":"status-publish","4":"format-standard","5":"has-post-thumbnail","7":"category-noticias-ca"},"yoast_head":"<!-- This site is optimized with the Yoast SEO plugin v27.3 - https:\/\/yoast.com\/product\/yoast-seo-wordpress\/ -->\n<title>Restaurants del Port: Horaris festes de Nadal<\/title>\n<meta name=\"description\" content=\"Al Port de Sitges, durant les festes de Nadal, una \u00e0mplia gamma de restaurants acullen als visitants amb delicioses opcions gastron\u00f2miques. Amb la seva ubicaci\u00f3 al costat del mar, els establiments ens brinden unes vistes incre\u00efbles i una atmosfera relaxada per a celebracions nadalenques memorables.\" \/>\n<meta name=\"robots\" content=\"index, follow, max-snippet:-1, max-image-preview:large, max-video-preview:-1\" \/>\n<link rel=\"canonical\" href=\"https:\/\/www.portdesitges.com\/restaurantes-del-port-horarios-fiestas-de-navidad\/\" \/>\n<meta property=\"og:locale\" content=\"ca_ES\" \/>\n<meta property=\"og:type\" content=\"article\" \/>\n<meta property=\"og:title\" content=\"Restaurants del Port: Horaris festes de Nadal\" \/>\n<meta property=\"og:description\" content=\"Al Port de Sitges, durant les festes de Nadal, una \u00e0mplia gamma de restaurants acullen als visitants amb delicioses opcions gastron\u00f2miques. Amb la seva ubicaci\u00f3 al costat del mar, els establiments ens brinden unes vistes incre\u00efbles i una atmosfera relaxada per a celebracions nadalenques memorables.\" \/>\n<meta property=\"og:url\" content=\"https:\/\/www.portdesitges.com\/restaurantes-del-port-horarios-fiestas-de-navidad\/\" \/>\n<meta property=\"og:site_name\" content=\"Port de Sitges - Aiguadol\u00e7\" \/>\n<meta property=\"article:published_time\" content=\"2023-12-15T12:16:30+00:00\" \/>\n<meta property=\"article:modified_time\" content=\"2023-12-15T12:43:39+00:00\" \/>\n<meta property=\"og:image\" content=\"https:\/\/www.portdesitges.com\/wp-content\/uploads\/2023\/12\/DJI_0013-HDR-2-scaled.jpg\" \/>\n\t<meta property=\"og:image:width\" content=\"2560\" \/>\n\t<meta property=\"og:image:height\" content=\"1440\" \/>\n\t<meta property=\"og:image:type\" content=\"image\/jpeg\" \/>\n<meta name=\"author\" content=\"S\u00f2nia Felip\" \/>\n<meta name=\"twitter:card\" content=\"summary_large_image\" \/>\n<meta name=\"twitter:label1\" content=\"Escrit per\" \/>\n\t<meta name=\"twitter:data1\" content=\"S\u00f2nia Felip\" \/>\n\t<meta name=\"twitter:label2\" content=\"Temps estimat de lectura\" \/>\n\t<meta name=\"twitter:data2\" content=\"4 minuts\" \/>\n<script type=\"application\/ld+json\" class=\"yoast-schema-graph\">{\"@context\":\"https:\\\/\\\/schema.org\",\"@graph\":[{\"@type\":\"Article\",\"@id\":\"https:\\\/\\\/www.portdesitges.com\\\/restaurantes-del-port-horarios-fiestas-de-navidad\\\/#article\",\"isPartOf\":{\"@id\":\"https:\\\/\\\/www.portdesitges.com\\\/restaurantes-del-port-horarios-fiestas-de-navidad\\\/\"},\"author\":{\"name\":\"S\u00f2nia Felip\",\"@id\":\"https:\\\/\\\/www.portdesitges.com\\\/#\\\/schema\\\/person\\\/be98f3191d6c7bb6ccddc2e0ac4d861f\"},\"headline\":\"Restaurants del Port: Horaris festes de Nadal\",\"datePublished\":\"2023-12-15T12:16:30+00:00\",\"dateModified\":\"2023-12-15T12:43:39+00:00\",\"mainEntityOfPage\":{\"@id\":\"https:\\\/\\\/www.portdesitges.com\\\/restaurantes-del-port-horarios-fiestas-de-navidad\\\/\"},\"wordCount\":1154,\"image\":{\"@id\":\"https:\\\/\\\/www.portdesitges.com\\\/restaurantes-del-port-horarios-fiestas-de-navidad\\\/#primaryimage\"},\"thumbnailUrl\":\"https:\\\/\\\/www.portdesitges.com\\\/wp-content\\\/uploads\\\/2023\\\/12\\\/DJI_0013-HDR-2-scaled.jpg\",\"articleSection\":[\"Not\u00edcias\"],\"inLanguage\":\"ca\"},{\"@type\":\"WebPage\",\"@id\":\"https:\\\/\\\/www.portdesitges.com\\\/restaurantes-del-port-horarios-fiestas-de-navidad\\\/\",\"url\":\"https:\\\/\\\/www.portdesitges.com\\\/restaurantes-del-port-horarios-fiestas-de-navidad\\\/\",\"name\":\"Restaurants del Port: Horaris festes de Nadal\",\"isPartOf\":{\"@id\":\"https:\\\/\\\/www.portdesitges.com\\\/#website\"},\"primaryImageOfPage\":{\"@id\":\"https:\\\/\\\/www.portdesitges.com\\\/restaurantes-del-port-horarios-fiestas-de-navidad\\\/#primaryimage\"},\"image\":{\"@id\":\"https:\\\/\\\/www.portdesitges.com\\\/restaurantes-del-port-horarios-fiestas-de-navidad\\\/#primaryimage\"},\"thumbnailUrl\":\"https:\\\/\\\/www.portdesitges.com\\\/wp-content\\\/uploads\\\/2023\\\/12\\\/DJI_0013-HDR-2-scaled.jpg\",\"datePublished\":\"2023-12-15T12:16:30+00:00\",\"dateModified\":\"2023-12-15T12:43:39+00:00\",\"author\":{\"@id\":\"https:\\\/\\\/www.portdesitges.com\\\/#\\\/schema\\\/person\\\/be98f3191d6c7bb6ccddc2e0ac4d861f\"},\"description\":\"Al Port de Sitges, durant les festes de Nadal, una \u00e0mplia gamma de restaurants acullen als visitants amb delicioses opcions gastron\u00f2miques. Amb la seva ubicaci\u00f3 al costat del mar, els establiments ens brinden unes vistes incre\u00efbles i una atmosfera relaxada per a celebracions nadalenques memorables.\",\"breadcrumb\":{\"@id\":\"https:\\\/\\\/www.portdesitges.com\\\/restaurantes-del-port-horarios-fiestas-de-navidad\\\/#breadcrumb\"},\"inLanguage\":\"ca\",\"potentialAction\":[{\"@type\":\"ReadAction\",\"target\":[\"https:\\\/\\\/www.portdesitges.com\\\/restaurantes-del-port-horarios-fiestas-de-navidad\\\/\"]}]},{\"@type\":\"ImageObject\",\"inLanguage\":\"ca\",\"@id\":\"https:\\\/\\\/www.portdesitges.com\\\/restaurantes-del-port-horarios-fiestas-de-navidad\\\/#primaryimage\",\"url\":\"https:\\\/\\\/www.portdesitges.com\\\/wp-content\\\/uploads\\\/2023\\\/12\\\/DJI_0013-HDR-2-scaled.jpg\",\"contentUrl\":\"https:\\\/\\\/www.portdesitges.com\\\/wp-content\\\/uploads\\\/2023\\\/12\\\/DJI_0013-HDR-2-scaled.jpg\",\"width\":2560,\"height\":1440},{\"@type\":\"BreadcrumbList\",\"@id\":\"https:\\\/\\\/www.portdesitges.com\\\/restaurantes-del-port-horarios-fiestas-de-navidad\\\/#breadcrumb\",\"itemListElement\":[{\"@type\":\"ListItem\",\"position\":1,\"name\":\"Portada\",\"item\":\"https:\\\/\\\/www.portdesitges.com\\\/ca\\\/\"},{\"@type\":\"ListItem\",\"position\":2,\"name\":\"Restaurants del Port: Horaris festes de Nadal\"}]},{\"@type\":\"WebSite\",\"@id\":\"https:\\\/\\\/www.portdesitges.com\\\/#website\",\"url\":\"https:\\\/\\\/www.portdesitges.com\\\/\",\"name\":\"Port de Sitges - Aiguadol\u00e7\",\"description\":\"lugar donde el mar y la tierra se dan de la mano para crear un espacio \u00fanico y atractivo. Disfruta de un mar de experiencias.\",\"potentialAction\":[{\"@type\":\"SearchAction\",\"target\":{\"@type\":\"EntryPoint\",\"urlTemplate\":\"https:\\\/\\\/www.portdesitges.com\\\/?s={search_term_string}\"},\"query-input\":{\"@type\":\"PropertyValueSpecification\",\"valueRequired\":true,\"valueName\":\"search_term_string\"}}],\"inLanguage\":\"ca\"},{\"@type\":\"Person\",\"@id\":\"https:\\\/\\\/www.portdesitges.com\\\/#\\\/schema\\\/person\\\/be98f3191d6c7bb6ccddc2e0ac4d861f\",\"name\":\"S\u00f2nia Felip\",\"image\":{\"@type\":\"ImageObject\",\"inLanguage\":\"ca\",\"@id\":\"https:\\\/\\\/secure.gravatar.com\\\/avatar\\\/3f5abf961091eed8bea1ba4a0fb5f78e0c728f907fe0cf722e81af4aa82939db?s=96&d=mm&r=g\",\"url\":\"https:\\\/\\\/secure.gravatar.com\\\/avatar\\\/3f5abf961091eed8bea1ba4a0fb5f78e0c728f907fe0cf722e81af4aa82939db?s=96&d=mm&r=g\",\"contentUrl\":\"https:\\\/\\\/secure.gravatar.com\\\/avatar\\\/3f5abf961091eed8bea1ba4a0fb5f78e0c728f907fe0cf722e81af4aa82939db?s=96&d=mm&r=g\",\"caption\":\"S\u00f2nia Felip\"},\"url\":\"https:\\\/\\\/www.portdesitges.com\\\/ca\\\/author\\\/sonia\\\/\"}]}<\/script>\n<!-- \/ Yoast SEO plugin. -->","yoast_head_json":{"title":"Restaurants del Port: Horaris festes de Nadal","description":"Al Port de Sitges, durant les festes de Nadal, una \u00e0mplia gamma de restaurants acullen als visitants amb delicioses opcions gastron\u00f2miques. Amb la seva ubicaci\u00f3 al costat del mar, els establiments ens brinden unes vistes incre\u00efbles i una atmosfera relaxada per a celebracions nadalenques memorables.","robots":{"index":"index","follow":"follow","max-snippet":"max-snippet:-1","max-image-preview":"max-image-preview:large","max-video-preview":"max-video-preview:-1"},"canonical":"https:\/\/www.portdesitges.com\/restaurantes-del-port-horarios-fiestas-de-navidad\/","og_locale":"ca_ES","og_type":"article","og_title":"Restaurants del Port: Horaris festes de Nadal","og_description":"Al Port de Sitges, durant les festes de Nadal, una \u00e0mplia gamma de restaurants acullen als visitants amb delicioses opcions gastron\u00f2miques. Amb la seva ubicaci\u00f3 al costat del mar, els establiments ens brinden unes vistes incre\u00efbles i una atmosfera relaxada per a celebracions nadalenques memorables.","og_url":"https:\/\/www.portdesitges.com\/restaurantes-del-port-horarios-fiestas-de-navidad\/","og_site_name":"Port de Sitges - Aiguadol\u00e7","article_published_time":"2023-12-15T12:16:30+00:00","article_modified_time":"2023-12-15T12:43:39+00:00","og_image":[{"width":2560,"height":1440,"url":"https:\/\/www.portdesitges.com\/wp-content\/uploads\/2023\/12\/DJI_0013-HDR-2-scaled.jpg","type":"image\/jpeg"}],"author":"S\u00f2nia Felip","twitter_card":"summary_large_image","twitter_misc":{"Escrit per":"S\u00f2nia Felip","Temps estimat de lectura":"4 minuts"},"schema":{"@context":"https:\/\/schema.org","@graph":[{"@type":"Article","@id":"https:\/\/www.portdesitges.com\/restaurantes-del-port-horarios-fiestas-de-navidad\/#article","isPartOf":{"@id":"https:\/\/www.portdesitges.com\/restaurantes-del-port-horarios-fiestas-de-navidad\/"},"author":{"name":"S\u00f2nia Felip","@id":"https:\/\/www.portdesitges.com\/#\/schema\/person\/be98f3191d6c7bb6ccddc2e0ac4d861f"},"headline":"Restaurants del Port: Horaris festes de Nadal","datePublished":"2023-12-15T12:16:30+00:00","dateModified":"2023-12-15T12:43:39+00:00","mainEntityOfPage":{"@id":"https:\/\/www.portdesitges.com\/restaurantes-del-port-horarios-fiestas-de-navidad\/"},"wordCount":1154,"image":{"@id":"https:\/\/www.portdesitges.com\/restaurantes-del-port-horarios-fiestas-de-navidad\/#primaryimage"},"thumbnailUrl":"https:\/\/www.portdesitges.com\/wp-content\/uploads\/2023\/12\/DJI_0013-HDR-2-scaled.jpg","articleSection":["Not\u00edcias"],"inLanguage":"ca"},{"@type":"WebPage","@id":"https:\/\/www.portdesitges.com\/restaurantes-del-port-horarios-fiestas-de-navidad\/","url":"https:\/\/www.portdesitges.com\/restaurantes-del-port-horarios-fiestas-de-navidad\/","name":"Restaurants del Port: Horaris festes de Nadal","isPartOf":{"@id":"https:\/\/www.portdesitges.com\/#website"},"primaryImageOfPage":{"@id":"https:\/\/www.portdesitges.com\/restaurantes-del-port-horarios-fiestas-de-navidad\/#primaryimage"},"image":{"@id":"https:\/\/www.portdesitges.com\/restaurantes-del-port-horarios-fiestas-de-navidad\/#primaryimage"},"thumbnailUrl":"https:\/\/www.portdesitges.com\/wp-content\/uploads\/2023\/12\/DJI_0013-HDR-2-scaled.jpg","datePublished":"2023-12-15T12:16:30+00:00","dateModified":"2023-12-15T12:43:39+00:00","author":{"@id":"https:\/\/www.portdesitges.com\/#\/schema\/person\/be98f3191d6c7bb6ccddc2e0ac4d861f"},"description":"Al Port de Sitges, durant les festes de Nadal, una \u00e0mplia gamma de restaurants acullen als visitants amb delicioses opcions gastron\u00f2miques. Amb la seva ubicaci\u00f3 al costat del mar, els establiments ens brinden unes vistes incre\u00efbles i una atmosfera relaxada per a celebracions nadalenques memorables.","breadcrumb":{"@id":"https:\/\/www.portdesitges.com\/restaurantes-del-port-horarios-fiestas-de-navidad\/#breadcrumb"},"inLanguage":"ca","potentialAction":[{"@type":"ReadAction","target":["https:\/\/www.portdesitges.com\/restaurantes-del-port-horarios-fiestas-de-navidad\/"]}]},{"@type":"ImageObject","inLanguage":"ca","@id":"https:\/\/www.portdesitges.com\/restaurantes-del-port-horarios-fiestas-de-navidad\/#primaryimage","url":"https:\/\/www.portdesitges.com\/wp-content\/uploads\/2023\/12\/DJI_0013-HDR-2-scaled.jpg","contentUrl":"https:\/\/www.portdesitges.com\/wp-content\/uploads\/2023\/12\/DJI_0013-HDR-2-scaled.jpg","width":2560,"height":1440},{"@type":"BreadcrumbList","@id":"https:\/\/www.portdesitges.com\/restaurantes-del-port-horarios-fiestas-de-navidad\/#breadcrumb","itemListElement":[{"@type":"ListItem","position":1,"name":"Portada","item":"https:\/\/www.portdesitges.com\/ca\/"},{"@type":"ListItem","position":2,"name":"Restaurants del Port: Horaris festes de Nadal"}]},{"@type":"WebSite","@id":"https:\/\/www.portdesitges.com\/#website","url":"https:\/\/www.portdesitges.com\/","name":"Port de Sitges - Aiguadol\u00e7","description":"lugar donde el mar y la tierra se dan de la mano para crear un espacio \u00fanico y atractivo. Disfruta de un mar de experiencias.","potentialAction":[{"@type":"SearchAction","target":{"@type":"EntryPoint","urlTemplate":"https:\/\/www.portdesitges.com\/?s={search_term_string}"},"query-input":{"@type":"PropertyValueSpecification","valueRequired":true,"valueName":"search_term_string"}}],"inLanguage":"ca"},{"@type":"Person","@id":"https:\/\/www.portdesitges.com\/#\/schema\/person\/be98f3191d6c7bb6ccddc2e0ac4d861f","name":"S\u00f2nia Felip","image":{"@type":"ImageObject","inLanguage":"ca","@id":"https:\/\/secure.gravatar.com\/avatar\/3f5abf961091eed8bea1ba4a0fb5f78e0c728f907fe0cf722e81af4aa82939db?s=96&d=mm&r=g","url":"https:\/\/secure.gravatar.com\/avatar\/3f5abf961091eed8bea1ba4a0fb5f78e0c728f907fe0cf722e81af4aa82939db?s=96&d=mm&r=g","contentUrl":"https:\/\/secure.gravatar.com\/avatar\/3f5abf961091eed8bea1ba4a0fb5f78e0c728f907fe0cf722e81af4aa82939db?s=96&d=mm&r=g","caption":"S\u00f2nia Felip"},"url":"https:\/\/www.portdesitges.com\/ca\/author\/sonia\/"}]}},"_links":{"self":[{"href":"https:\/\/www.portdesitges.com\/ca\/wp-json\/wp\/v2\/posts\/17335","targetHints":{"allow":["GET"]}}],"collection":[{"href":"https:\/\/www.portdesitges.com\/ca\/wp-json\/wp\/v2\/posts"}],"about":[{"href":"https:\/\/www.portdesitges.com\/ca\/wp-json\/wp\/v2\/types\/post"}],"author":[{"embeddable":true,"href":"https:\/\/www.portdesitges.com\/ca\/wp-json\/wp\/v2\/users\/3"}],"replies":[{"embeddable":true,"href":"https:\/\/www.portdesitges.com\/ca\/wp-json\/wp\/v2\/comments?post=17335"}],"version-history":[{"count":5,"href":"https:\/\/www.portdesitges.com\/ca\/wp-json\/wp\/v2\/posts\/17335\/revisions"}],"predecessor-version":[{"id":17354,"href":"https:\/\/www.portdesitges.com\/ca\/wp-json\/wp\/v2\/posts\/17335\/revisions\/17354"}],"wp:featuredmedia":[{"embeddable":true,"href":"https:\/\/www.portdesitges.com\/ca\/wp-json\/wp\/v2\/media\/17341"}],"wp:attachment":[{"href":"https:\/\/www.portdesitges.com\/ca\/wp-json\/wp\/v2\/media?parent=17335"}],"wp:term":[{"taxonomy":"category","embeddable":true,"href":"https:\/\/www.portdesitges.com\/ca\/wp-json\/wp\/v2\/categories?post=17335"},{"taxonomy":"post_tag","embeddable":true,"href":"https:\/\/www.portdesitges.com\/ca\/wp-json\/wp\/v2\/tags?post=17335"}],"curies":[{"name":"wp","href":"https:\/\/api.w.org\/{rel}","templated":true}]}}