{"id":17312,"date":"2023-11-27T17:17:40","date_gmt":"2023-11-27T17:17:40","guid":{"rendered":"https:\/\/www.portdesitges.com\/?p=17312"},"modified":"2023-11-27T17:17:40","modified_gmt":"2023-11-27T17:17:40","slug":"el-port-de-sitges-encen-els-llums-de-nadal","status":"publish","type":"post","link":"https:\/\/www.portdesitges.com\/ca\/el-port-de-sitges-encen-els-llums-de-nadal\/","title":{"rendered":"El Port de Sitges enc\u00e9n els llums de Nadal"},"content":{"rendered":"[vc_row type=&#8221;in_container&#8221; full_screen_row_position=&#8221;middle&#8221; column_margin=&#8221;default&#8221; scene_position=&#8221;center&#8221; text_color=&#8221;dark&#8221; text_align=&#8221;left&#8221; overlay_strength=&#8221;0.3&#8243; shape_divider_position=&#8221;bottom&#8221; bg_image_animation=&#8221;none&#8221;][vc_column column_padding=&#8221;no-extra-padding&#8221; column_padding_position=&#8221;all&#8221; background_color_opacity=&#8221;1&#8243; background_hover_color_opacity=&#8221;1&#8243; column_link_target=&#8221;_self&#8221; column_shadow=&#8221;none&#8221; column_border_radius=&#8221;none&#8221; width=&#8221;1\/1&#8243; tablet_width_inherit=&#8221;default&#8221; tablet_text_alignment=&#8221;default&#8221; phone_text_alignment=&#8221;default&#8221; overlay_strength=&#8221;0.3&#8243; column_border_width=&#8221;none&#8221; column_border_style=&#8221;solid&#8221; bg_image_animation=&#8221;none&#8221;][vc_column_text]En arrencar el mes de desembre, el Port de Sitges li dona la benvinguda a Nadal amb l\u2019encesa de llums, el pr\u00f2xim dissabte 2 de desembre a les 18 hores davant de la Torre de Capitania. Manca menys d\u2019un mes per a l\u2019arribada d\u2019aquesta \u00e8poca tan assenyalada i el Port comen\u00e7a el compte enrere per a les festes nadalenques.<\/p>\n<p>L\u2019acte comen\u00e7ar\u00e0 amb l\u2019encesa de les llums de Nadal del Port: s\u2019il\u00b7luminar\u00e0 la Torre de Capitania, l\u2019olivera i l\u2019arbre de Nadal. Seguidament, hi haur\u00e0 un concert de nadales populars, a c\u00e0rrec dels alumnes de Gemma Casanova i finalment, hi haur\u00e0 una xocolatada popular.[\/vc_column_text][\/vc_column][\/vc_row][vc_row type=&#8221;in_container&#8221; full_screen_row_position=&#8221;middle&#8221; column_margin=&#8221;default&#8221; scene_position=&#8221;center&#8221; text_color=&#8221;dark&#8221; text_align=&#8221;left&#8221; overlay_strength=&#8221;0.3&#8243; shape_divider_position=&#8221;bottom&#8221; bg_image_animation=&#8221;none&#8221;][vc_column column_padding=&#8221;no-extra-padding&#8221; column_padding_position=&#8221;all&#8221; background_color_opacity=&#8221;1&#8243; background_hover_color_opacity=&#8221;1&#8243; column_link_target=&#8221;_self&#8221; column_shadow=&#8221;none&#8221; column_border_radius=&#8221;none&#8221; width=&#8221;1\/3&#8243; tablet_width_inherit=&#8221;default&#8221; tablet_text_alignment=&#8221;default&#8221; phone_text_alignment=&#8221;default&#8221; overlay_strength=&#8221;0.3&#8243; column_border_width=&#8221;none&#8221; column_border_style=&#8221;solid&#8221; bg_image_animation=&#8221;none&#8221;][\/vc_column][vc_column column_padding=&#8221;no-extra-padding&#8221; column_padding_position=&#8221;all&#8221; background_color_opacity=&#8221;1&#8243; background_hover_color_opacity=&#8221;1&#8243; column_link_target=&#8221;_self&#8221; column_shadow=&#8221;none&#8221; column_border_radius=&#8221;none&#8221; width=&#8221;1\/3&#8243; tablet_width_inherit=&#8221;default&#8221; tablet_text_alignment=&#8221;default&#8221; phone_text_alignment=&#8221;default&#8221; overlay_strength=&#8221;0.3&#8243; column_border_width=&#8221;none&#8221; column_border_style=&#8221;solid&#8221; bg_image_animation=&#8221;none&#8221;][image_with_animation image_url=&#8221;17315&#8243; alignment=&#8221;&#8221; animation=&#8221;Fade In&#8221; hover_animation=&#8221;none&#8221; border_radius=&#8221;none&#8221; box_shadow=&#8221;none&#8221; image_loading=&#8221;default&#8221; max_width=&#8221;100%&#8221; max_width_mobile=&#8221;default&#8221;][\/vc_column][vc_column column_padding=&#8221;no-extra-padding&#8221; column_padding_position=&#8221;all&#8221; background_color_opacity=&#8221;1&#8243; background_hover_color_opacity=&#8221;1&#8243; column_link_target=&#8221;_self&#8221; column_shadow=&#8221;none&#8221; column_border_radius=&#8221;none&#8221; width=&#8221;1\/3&#8243; tablet_width_inherit=&#8221;default&#8221; tablet_text_alignment=&#8221;default&#8221; phone_text_alignment=&#8221;default&#8221; overlay_strength=&#8221;0.3&#8243; column_border_width=&#8221;none&#8221; column_border_style=&#8221;solid&#8221; bg_image_animation=&#8221;none&#8221;][\/vc_column][\/vc_row][vc_row type=&#8221;in_container&#8221; full_screen_row_position=&#8221;middle&#8221; column_margin=&#8221;default&#8221; scene_position=&#8221;center&#8221; text_color=&#8221;dark&#8221; text_align=&#8221;left&#8221; overlay_strength=&#8221;0.3&#8243; shape_divider_position=&#8221;bottom&#8221; bg_image_animation=&#8221;none&#8221;][vc_column column_padding=&#8221;no-extra-padding&#8221; column_padding_position=&#8221;all&#8221; background_color_opacity=&#8221;1&#8243; background_hover_color_opacity=&#8221;1&#8243; column_link_target=&#8221;_self&#8221; column_shadow=&#8221;none&#8221; column_border_radius=&#8221;none&#8221; width=&#8221;1\/1&#8243; tablet_width_inherit=&#8221;default&#8221; tablet_text_alignment=&#8221;default&#8221; phone_text_alignment=&#8221;default&#8221; overlay_strength=&#8221;0.3&#8243; column_border_width=&#8221;none&#8221; column_border_style=&#8221;solid&#8221; bg_image_animation=&#8221;none&#8221;][vc_column_text][\/ vc_column] [\/ vc_row][\/vc_column_text][\/vc_column][\/vc_row]\n","protected":false},"excerpt":{"rendered":"<p>[vc_row type=&#8221;in_container&#8221; full_screen_row_position=&#8221;middle&#8221; column_margin=&#8221;default&#8221; scene_position=&#8221;center&#8221; text_color=&#8221;dark&#8221; text_align=&#8221;left&#8221; overlay_strength=&#8221;0.3&#8243; shape_divider_position=&#8221;bottom&#8221; bg_image_animation=&#8221;none&#8221;][vc_column column_padding=&#8221;no-extra-padding&#8221; column_padding_position=&#8221;all&#8221; background_color_opacity=&#8221;1&#8243; background_hover_color_opacity=&#8221;1&#8243; column_link_target=&#8221;_self&#8221; column_shadow=&#8221;none&#8221; column_border_radius=&#8221;none&#8221; width=&#8221;1\/1&#8243; tablet_width_inherit=&#8221;default&#8221; tablet_text_alignment=&#8221;default&#8221; phone_text_alignment=&#8221;default&#8221; overlay_strength=&#8221;0.3&#8243; column_border_width=&#8221;none&#8221; column_border_style=&#8221;solid&#8221; bg_image_animation=&#8221;none&#8221;][vc_column_text]En arrencar el mes de desembre,&#8230;<\/p>\n","protected":false},"author":3,"featured_media":17315,"comment_status":"closed","ping_status":"closed","sticky":false,"template":"","format":"standard","meta":{"footnotes":""},"categories":[62],"tags":[],"class_list":{"0":"post-17312","1":"post","2":"type-post","3":"status-publish","4":"format-standard","5":"has-post-thumbnail","7":"category-noticias-ca"},"yoast_head":"<!-- This site is optimized with the Yoast SEO plugin v27.3 - https:\/\/yoast.com\/product\/yoast-seo-wordpress\/ -->\n<title>El Port de Sitges enc\u00e9n els llums de Nadal<\/title>\n<meta name=\"description\" content=\"En arrencar el mes de desembre, el Port de Sitges li dona la benvinguda a Nadal amb l\u2019encesa de llums, el pr\u00f2xim dissabte 2 de desembre a les 18 hores davant de la Torre de Capitania. Manca menys d\u2019un mes per a l\u2019arribada d\u2019aquesta \u00e8poca tan assenyalada i el Port comen\u00e7a el compte enrere per a les festes nadalenques.\" \/>\n<meta name=\"robots\" content=\"index, follow, max-snippet:-1, max-image-preview:large, max-video-preview:-1\" \/>\n<link rel=\"canonical\" href=\"https:\/\/www.portdesitges.com\/el-port-de-sitges-enciende-las-luces-de-navidad\/\" \/>\n<meta property=\"og:locale\" content=\"ca_ES\" \/>\n<meta property=\"og:type\" content=\"article\" \/>\n<meta property=\"og:title\" content=\"El Port de Sitges enc\u00e9n els llums de Nadal\" \/>\n<meta property=\"og:description\" content=\"En arrencar el mes de desembre, el Port de Sitges li dona la benvinguda a Nadal amb l\u2019encesa de llums, el pr\u00f2xim dissabte 2 de desembre a les 18 hores davant de la Torre de Capitania. Manca menys d\u2019un mes per a l\u2019arribada d\u2019aquesta \u00e8poca tan assenyalada i el Port comen\u00e7a el compte enrere per a les festes nadalenques.\" \/>\n<meta property=\"og:url\" content=\"https:\/\/www.portdesitges.com\/el-port-de-sitges-enciende-las-luces-de-navidad\/\" \/>\n<meta property=\"og:site_name\" content=\"Port de Sitges - Aiguadol\u00e7\" \/>\n<meta property=\"article:published_time\" content=\"2023-11-27T17:17:40+00:00\" \/>\n<meta property=\"og:image\" content=\"https:\/\/www.portdesitges.com\/wp-content\/uploads\/2023\/11\/fototorre.jpg\" \/>\n\t<meta property=\"og:image:width\" content=\"1197\" \/>\n\t<meta property=\"og:image:height\" content=\"1600\" \/>\n\t<meta property=\"og:image:type\" content=\"image\/jpeg\" \/>\n<meta name=\"author\" content=\"S\u00f2nia Felip\" \/>\n<meta name=\"twitter:card\" content=\"summary_large_image\" \/>\n<meta name=\"twitter:label1\" content=\"Escrit per\" \/>\n\t<meta name=\"twitter:data1\" content=\"S\u00f2nia Felip\" \/>\n\t<meta name=\"twitter:label2\" content=\"Temps estimat de lectura\" \/>\n\t<meta name=\"twitter:data2\" content=\"3 minuts\" \/>\n<script type=\"application\/ld+json\" class=\"yoast-schema-graph\">{\"@context\":\"https:\\\/\\\/schema.org\",\"@graph\":[{\"@type\":\"Article\",\"@id\":\"https:\\\/\\\/www.portdesitges.com\\\/el-port-de-sitges-enciende-las-luces-de-navidad\\\/#article\",\"isPartOf\":{\"@id\":\"https:\\\/\\\/www.portdesitges.com\\\/el-port-de-sitges-enciende-las-luces-de-navidad\\\/\"},\"author\":{\"name\":\"S\u00f2nia Felip\",\"@id\":\"https:\\\/\\\/www.portdesitges.com\\\/#\\\/schema\\\/person\\\/be98f3191d6c7bb6ccddc2e0ac4d861f\"},\"headline\":\"El Port de Sitges enc\u00e9n els llums de Nadal\",\"datePublished\":\"2023-11-27T17:17:40+00:00\",\"mainEntityOfPage\":{\"@id\":\"https:\\\/\\\/www.portdesitges.com\\\/el-port-de-sitges-enciende-las-luces-de-navidad\\\/\"},\"wordCount\":549,\"image\":{\"@id\":\"https:\\\/\\\/www.portdesitges.com\\\/el-port-de-sitges-enciende-las-luces-de-navidad\\\/#primaryimage\"},\"thumbnailUrl\":\"https:\\\/\\\/www.portdesitges.com\\\/wp-content\\\/uploads\\\/2023\\\/11\\\/fototorre.jpg\",\"articleSection\":[\"Not\u00edcias\"],\"inLanguage\":\"ca\"},{\"@type\":\"WebPage\",\"@id\":\"https:\\\/\\\/www.portdesitges.com\\\/el-port-de-sitges-enciende-las-luces-de-navidad\\\/\",\"url\":\"https:\\\/\\\/www.portdesitges.com\\\/el-port-de-sitges-enciende-las-luces-de-navidad\\\/\",\"name\":\"El Port de Sitges enc\u00e9n els llums de Nadal\",\"isPartOf\":{\"@id\":\"https:\\\/\\\/www.portdesitges.com\\\/#website\"},\"primaryImageOfPage\":{\"@id\":\"https:\\\/\\\/www.portdesitges.com\\\/el-port-de-sitges-enciende-las-luces-de-navidad\\\/#primaryimage\"},\"image\":{\"@id\":\"https:\\\/\\\/www.portdesitges.com\\\/el-port-de-sitges-enciende-las-luces-de-navidad\\\/#primaryimage\"},\"thumbnailUrl\":\"https:\\\/\\\/www.portdesitges.com\\\/wp-content\\\/uploads\\\/2023\\\/11\\\/fototorre.jpg\",\"datePublished\":\"2023-11-27T17:17:40+00:00\",\"author\":{\"@id\":\"https:\\\/\\\/www.portdesitges.com\\\/#\\\/schema\\\/person\\\/be98f3191d6c7bb6ccddc2e0ac4d861f\"},\"description\":\"En arrencar el mes de desembre, el Port de Sitges li dona la benvinguda a Nadal amb l\u2019encesa de llums, el pr\u00f2xim dissabte 2 de desembre a les 18 hores davant de la Torre de Capitania. Manca menys d\u2019un mes per a l\u2019arribada d\u2019aquesta \u00e8poca tan assenyalada i el Port comen\u00e7a el compte enrere per a les festes nadalenques.\",\"breadcrumb\":{\"@id\":\"https:\\\/\\\/www.portdesitges.com\\\/el-port-de-sitges-enciende-las-luces-de-navidad\\\/#breadcrumb\"},\"inLanguage\":\"ca\",\"potentialAction\":[{\"@type\":\"ReadAction\",\"target\":[\"https:\\\/\\\/www.portdesitges.com\\\/el-port-de-sitges-enciende-las-luces-de-navidad\\\/\"]}]},{\"@type\":\"ImageObject\",\"inLanguage\":\"ca\",\"@id\":\"https:\\\/\\\/www.portdesitges.com\\\/el-port-de-sitges-enciende-las-luces-de-navidad\\\/#primaryimage\",\"url\":\"https:\\\/\\\/www.portdesitges.com\\\/wp-content\\\/uploads\\\/2023\\\/11\\\/fototorre.jpg\",\"contentUrl\":\"https:\\\/\\\/www.portdesitges.com\\\/wp-content\\\/uploads\\\/2023\\\/11\\\/fototorre.jpg\",\"width\":1197,\"height\":1600},{\"@type\":\"BreadcrumbList\",\"@id\":\"https:\\\/\\\/www.portdesitges.com\\\/el-port-de-sitges-enciende-las-luces-de-navidad\\\/#breadcrumb\",\"itemListElement\":[{\"@type\":\"ListItem\",\"position\":1,\"name\":\"Portada\",\"item\":\"https:\\\/\\\/www.portdesitges.com\\\/ca\\\/\"},{\"@type\":\"ListItem\",\"position\":2,\"name\":\"El Port de Sitges enc\u00e9n els llums de Nadal\"}]},{\"@type\":\"WebSite\",\"@id\":\"https:\\\/\\\/www.portdesitges.com\\\/#website\",\"url\":\"https:\\\/\\\/www.portdesitges.com\\\/\",\"name\":\"Port de Sitges - Aiguadol\u00e7\",\"description\":\"lugar donde el mar y la tierra se dan de la mano para crear un espacio \u00fanico y atractivo. Disfruta de un mar de experiencias.\",\"potentialAction\":[{\"@type\":\"SearchAction\",\"target\":{\"@type\":\"EntryPoint\",\"urlTemplate\":\"https:\\\/\\\/www.portdesitges.com\\\/?s={search_term_string}\"},\"query-input\":{\"@type\":\"PropertyValueSpecification\",\"valueRequired\":true,\"valueName\":\"search_term_string\"}}],\"inLanguage\":\"ca\"},{\"@type\":\"Person\",\"@id\":\"https:\\\/\\\/www.portdesitges.com\\\/#\\\/schema\\\/person\\\/be98f3191d6c7bb6ccddc2e0ac4d861f\",\"name\":\"S\u00f2nia Felip\",\"image\":{\"@type\":\"ImageObject\",\"inLanguage\":\"ca\",\"@id\":\"https:\\\/\\\/secure.gravatar.com\\\/avatar\\\/3f5abf961091eed8bea1ba4a0fb5f78e0c728f907fe0cf722e81af4aa82939db?s=96&d=mm&r=g\",\"url\":\"https:\\\/\\\/secure.gravatar.com\\\/avatar\\\/3f5abf961091eed8bea1ba4a0fb5f78e0c728f907fe0cf722e81af4aa82939db?s=96&d=mm&r=g\",\"contentUrl\":\"https:\\\/\\\/secure.gravatar.com\\\/avatar\\\/3f5abf961091eed8bea1ba4a0fb5f78e0c728f907fe0cf722e81af4aa82939db?s=96&d=mm&r=g\",\"caption\":\"S\u00f2nia Felip\"},\"url\":\"https:\\\/\\\/www.portdesitges.com\\\/ca\\\/author\\\/sonia\\\/\"}]}<\/script>\n<!-- \/ Yoast SEO plugin. -->","yoast_head_json":{"title":"El Port de Sitges enc\u00e9n els llums de Nadal","description":"En arrencar el mes de desembre, el Port de Sitges li dona la benvinguda a Nadal amb l\u2019encesa de llums, el pr\u00f2xim dissabte 2 de desembre a les 18 hores davant de la Torre de Capitania. Manca menys d\u2019un mes per a l\u2019arribada d\u2019aquesta \u00e8poca tan assenyalada i el Port comen\u00e7a el compte enrere per a les festes nadalenques.","robots":{"index":"index","follow":"follow","max-snippet":"max-snippet:-1","max-image-preview":"max-image-preview:large","max-video-preview":"max-video-preview:-1"},"canonical":"https:\/\/www.portdesitges.com\/el-port-de-sitges-enciende-las-luces-de-navidad\/","og_locale":"ca_ES","og_type":"article","og_title":"El Port de Sitges enc\u00e9n els llums de Nadal","og_description":"En arrencar el mes de desembre, el Port de Sitges li dona la benvinguda a Nadal amb l\u2019encesa de llums, el pr\u00f2xim dissabte 2 de desembre a les 18 hores davant de la Torre de Capitania. Manca menys d\u2019un mes per a l\u2019arribada d\u2019aquesta \u00e8poca tan assenyalada i el Port comen\u00e7a el compte enrere per a les festes nadalenques.","og_url":"https:\/\/www.portdesitges.com\/el-port-de-sitges-enciende-las-luces-de-navidad\/","og_site_name":"Port de Sitges - Aiguadol\u00e7","article_published_time":"2023-11-27T17:17:40+00:00","og_image":[{"width":1197,"height":1600,"url":"https:\/\/www.portdesitges.com\/wp-content\/uploads\/2023\/11\/fototorre.jpg","type":"image\/jpeg"}],"author":"S\u00f2nia Felip","twitter_card":"summary_large_image","twitter_misc":{"Escrit per":"S\u00f2nia Felip","Temps estimat de lectura":"3 minuts"},"schema":{"@context":"https:\/\/schema.org","@graph":[{"@type":"Article","@id":"https:\/\/www.portdesitges.com\/el-port-de-sitges-enciende-las-luces-de-navidad\/#article","isPartOf":{"@id":"https:\/\/www.portdesitges.com\/el-port-de-sitges-enciende-las-luces-de-navidad\/"},"author":{"name":"S\u00f2nia Felip","@id":"https:\/\/www.portdesitges.com\/#\/schema\/person\/be98f3191d6c7bb6ccddc2e0ac4d861f"},"headline":"El Port de Sitges enc\u00e9n els llums de Nadal","datePublished":"2023-11-27T17:17:40+00:00","mainEntityOfPage":{"@id":"https:\/\/www.portdesitges.com\/el-port-de-sitges-enciende-las-luces-de-navidad\/"},"wordCount":549,"image":{"@id":"https:\/\/www.portdesitges.com\/el-port-de-sitges-enciende-las-luces-de-navidad\/#primaryimage"},"thumbnailUrl":"https:\/\/www.portdesitges.com\/wp-content\/uploads\/2023\/11\/fototorre.jpg","articleSection":["Not\u00edcias"],"inLanguage":"ca"},{"@type":"WebPage","@id":"https:\/\/www.portdesitges.com\/el-port-de-sitges-enciende-las-luces-de-navidad\/","url":"https:\/\/www.portdesitges.com\/el-port-de-sitges-enciende-las-luces-de-navidad\/","name":"El Port de Sitges enc\u00e9n els llums de Nadal","isPartOf":{"@id":"https:\/\/www.portdesitges.com\/#website"},"primaryImageOfPage":{"@id":"https:\/\/www.portdesitges.com\/el-port-de-sitges-enciende-las-luces-de-navidad\/#primaryimage"},"image":{"@id":"https:\/\/www.portdesitges.com\/el-port-de-sitges-enciende-las-luces-de-navidad\/#primaryimage"},"thumbnailUrl":"https:\/\/www.portdesitges.com\/wp-content\/uploads\/2023\/11\/fototorre.jpg","datePublished":"2023-11-27T17:17:40+00:00","author":{"@id":"https:\/\/www.portdesitges.com\/#\/schema\/person\/be98f3191d6c7bb6ccddc2e0ac4d861f"},"description":"En arrencar el mes de desembre, el Port de Sitges li dona la benvinguda a Nadal amb l\u2019encesa de llums, el pr\u00f2xim dissabte 2 de desembre a les 18 hores davant de la Torre de Capitania. Manca menys d\u2019un mes per a l\u2019arribada d\u2019aquesta \u00e8poca tan assenyalada i el Port comen\u00e7a el compte enrere per a les festes nadalenques.","breadcrumb":{"@id":"https:\/\/www.portdesitges.com\/el-port-de-sitges-enciende-las-luces-de-navidad\/#breadcrumb"},"inLanguage":"ca","potentialAction":[{"@type":"ReadAction","target":["https:\/\/www.portdesitges.com\/el-port-de-sitges-enciende-las-luces-de-navidad\/"]}]},{"@type":"ImageObject","inLanguage":"ca","@id":"https:\/\/www.portdesitges.com\/el-port-de-sitges-enciende-las-luces-de-navidad\/#primaryimage","url":"https:\/\/www.portdesitges.com\/wp-content\/uploads\/2023\/11\/fototorre.jpg","contentUrl":"https:\/\/www.portdesitges.com\/wp-content\/uploads\/2023\/11\/fototorre.jpg","width":1197,"height":1600},{"@type":"BreadcrumbList","@id":"https:\/\/www.portdesitges.com\/el-port-de-sitges-enciende-las-luces-de-navidad\/#breadcrumb","itemListElement":[{"@type":"ListItem","position":1,"name":"Portada","item":"https:\/\/www.portdesitges.com\/ca\/"},{"@type":"ListItem","position":2,"name":"El Port de Sitges enc\u00e9n els llums de Nadal"}]},{"@type":"WebSite","@id":"https:\/\/www.portdesitges.com\/#website","url":"https:\/\/www.portdesitges.com\/","name":"Port de Sitges - Aiguadol\u00e7","description":"lugar donde el mar y la tierra se dan de la mano para crear un espacio \u00fanico y atractivo. Disfruta de un mar de experiencias.","potentialAction":[{"@type":"SearchAction","target":{"@type":"EntryPoint","urlTemplate":"https:\/\/www.portdesitges.com\/?s={search_term_string}"},"query-input":{"@type":"PropertyValueSpecification","valueRequired":true,"valueName":"search_term_string"}}],"inLanguage":"ca"},{"@type":"Person","@id":"https:\/\/www.portdesitges.com\/#\/schema\/person\/be98f3191d6c7bb6ccddc2e0ac4d861f","name":"S\u00f2nia Felip","image":{"@type":"ImageObject","inLanguage":"ca","@id":"https:\/\/secure.gravatar.com\/avatar\/3f5abf961091eed8bea1ba4a0fb5f78e0c728f907fe0cf722e81af4aa82939db?s=96&d=mm&r=g","url":"https:\/\/secure.gravatar.com\/avatar\/3f5abf961091eed8bea1ba4a0fb5f78e0c728f907fe0cf722e81af4aa82939db?s=96&d=mm&r=g","contentUrl":"https:\/\/secure.gravatar.com\/avatar\/3f5abf961091eed8bea1ba4a0fb5f78e0c728f907fe0cf722e81af4aa82939db?s=96&d=mm&r=g","caption":"S\u00f2nia Felip"},"url":"https:\/\/www.portdesitges.com\/ca\/author\/sonia\/"}]}},"_links":{"self":[{"href":"https:\/\/www.portdesitges.com\/ca\/wp-json\/wp\/v2\/posts\/17312","targetHints":{"allow":["GET"]}}],"collection":[{"href":"https:\/\/www.portdesitges.com\/ca\/wp-json\/wp\/v2\/posts"}],"about":[{"href":"https:\/\/www.portdesitges.com\/ca\/wp-json\/wp\/v2\/types\/post"}],"author":[{"embeddable":true,"href":"https:\/\/www.portdesitges.com\/ca\/wp-json\/wp\/v2\/users\/3"}],"replies":[{"embeddable":true,"href":"https:\/\/www.portdesitges.com\/ca\/wp-json\/wp\/v2\/comments?post=17312"}],"version-history":[{"count":1,"href":"https:\/\/www.portdesitges.com\/ca\/wp-json\/wp\/v2\/posts\/17312\/revisions"}],"predecessor-version":[{"id":17319,"href":"https:\/\/www.portdesitges.com\/ca\/wp-json\/wp\/v2\/posts\/17312\/revisions\/17319"}],"wp:featuredmedia":[{"embeddable":true,"href":"https:\/\/www.portdesitges.com\/ca\/wp-json\/wp\/v2\/media\/17315"}],"wp:attachment":[{"href":"https:\/\/www.portdesitges.com\/ca\/wp-json\/wp\/v2\/media?parent=17312"}],"wp:term":[{"taxonomy":"category","embeddable":true,"href":"https:\/\/www.portdesitges.com\/ca\/wp-json\/wp\/v2\/categories?post=17312"},{"taxonomy":"post_tag","embeddable":true,"href":"https:\/\/www.portdesitges.com\/ca\/wp-json\/wp\/v2\/tags?post=17312"}],"curies":[{"name":"wp","href":"https:\/\/api.w.org\/{rel}","templated":true}]}}