{"id":17232,"date":"2023-10-19T11:32:51","date_gmt":"2023-10-19T11:32:51","guid":{"rendered":"https:\/\/www.portdesitges.com\/?p=17232"},"modified":"2023-10-26T14:32:54","modified_gmt":"2023-10-26T14:32:54","slug":"el-port-de-sitges-celebra-el-festival-de-cinema-fantastic-de-catalunya","status":"publish","type":"post","link":"https:\/\/www.portdesitges.com\/ca\/el-port-de-sitges-celebra-el-festival-de-cinema-fantastic-de-catalunya\/","title":{"rendered":"El Port de Sitges celebra el Festival de Cinema Fant\u00e0stic de Catalunya"},"content":{"rendered":"[vc_row type=&#8221;in_container&#8221; full_screen_row_position=&#8221;middle&#8221; column_margin=&#8221;default&#8221; scene_position=&#8221;center&#8221; text_color=&#8221;dark&#8221; text_align=&#8221;left&#8221; overlay_strength=&#8221;0.3&#8243; shape_divider_position=&#8221;bottom&#8221; bg_image_animation=&#8221;none&#8221;][vc_column column_padding=&#8221;no-extra-padding&#8221; column_padding_position=&#8221;all&#8221; background_color_opacity=&#8221;1&#8243; background_hover_color_opacity=&#8221;1&#8243; column_link_target=&#8221;_self&#8221; column_shadow=&#8221;none&#8221; column_border_radius=&#8221;none&#8221; width=&#8221;1\/1&#8243; tablet_width_inherit=&#8221;default&#8221; tablet_text_alignment=&#8221;default&#8221; phone_text_alignment=&#8221;default&#8221; overlay_strength=&#8221;0.3&#8243; column_border_width=&#8221;none&#8221; column_border_style=&#8221;solid&#8221; bg_image_animation=&#8221;none&#8221;][vc_column_text]El Port de Sitges ha acollit alguns dels actes principals que han tingut lloc durant l\u2019edici\u00f3 d\u2019enguany del Festival Internacional de Cinema Fant\u00e0stic de Catalunya. Aquesta celebraci\u00f3, que ha tingut lloc entre el 5 i el 15 d&#8217;octubre, ha reunit al Port a amants del cinema, experts en l&#8217;art cinematogr\u00e0fic i nens amb una passi\u00f3 per la m\u00e0gia del maquillatge fant\u00e0stic.<\/p>\n<p>El punt de partida d&#8217;aquesta setmana plena d&#8217;emoci\u00f3 va ser el Sopar Inaugural del Festival de Cinema, que es va celebrar davant de la majestuosa Torre de Capitania el dijous 5 d&#8217;octubre. Aquest esdeveniment va ser un \u00e8xit rotund amb m\u00e9s de 650 convidats, incloent-hi les personalitats m\u00e9s influents de l&#8217;escena cinematogr\u00e0fica. Directors, productors i actors que van treballar en la pel\u00b7l\u00edcula inaugural del festival, Hermana Muerte, van ser presents.<\/p>\n<p>No obstant aix\u00f2, el Festival de Cinema Fant\u00e0stic de Catalunya va oferir una experi\u00e8ncia \u00fanica per a les fam\u00edlies i els m\u00e9s petits amb el Taller de Maquillatge Fant\u00e0stic Infantil. Aquest taller gratu\u00eft va tenir lloc al Port de Sitges els dissabtes 7 i 14 d&#8217;octubre en dues sessions. Aquesta activitat va ser una oportunitat emocionant perqu\u00e8 els nens i nenes d&#8217;edats compreses entre 6 i 12 anys poguessin explorar les t\u00e8cniques d&#8217;efectes especials i aprendre a crear ferides i contusions amb els mateixos materials utilitzats pels experts en caracteritzaci\u00f3 cinematogr\u00e0fica.<\/p>\n<p>L&#8217;\u00e8xit d&#8217;aquests actes, juntament amb la programaci\u00f3 de pel\u00b7l\u00edcules innovadores i l&#8217;ambient efervescent del Festival de Cinema Fant\u00e0stic de Catalunya, van fer del Port de Sitges un lloc imprescindible per als amants del cinema i les fam\u00edlies. Amb la seva combinaci\u00f3 d&#8217;activitats de qualitat, espectaculars paisatges mar\u00edtims i l&#8217;esperit acollidor de la comunitat local, el Port de Sitges es consolida com un punt de refer\u00e8ncia per als amants del cinema i la cultura fant\u00e0stica.[\/vc_column_text][\/vc_column][\/vc_row][vc_row type=&#8221;in_container&#8221; full_screen_row_position=&#8221;middle&#8221; column_margin=&#8221;default&#8221; scene_position=&#8221;center&#8221; text_color=&#8221;dark&#8221; text_align=&#8221;left&#8221; overlay_strength=&#8221;0.3&#8243; shape_divider_position=&#8221;bottom&#8221; bg_image_animation=&#8221;none&#8221;][vc_column column_padding=&#8221;no-extra-padding&#8221; column_padding_position=&#8221;all&#8221; background_color_opacity=&#8221;1&#8243; background_hover_color_opacity=&#8221;1&#8243; column_link_target=&#8221;_self&#8221; column_shadow=&#8221;none&#8221; column_border_radius=&#8221;none&#8221; width=&#8221;1\/3&#8243; tablet_width_inherit=&#8221;default&#8221; tablet_text_alignment=&#8221;default&#8221; phone_text_alignment=&#8221;default&#8221; overlay_strength=&#8221;0.3&#8243; column_border_width=&#8221;none&#8221; column_border_style=&#8221;solid&#8221; bg_image_animation=&#8221;none&#8221;][image_with_animation image_url=&#8221;17286&#8243; alignment=&#8221;&#8221; animation=&#8221;Fade In&#8221; hover_animation=&#8221;none&#8221; border_radius=&#8221;none&#8221; box_shadow=&#8221;none&#8221; image_loading=&#8221;default&#8221; max_width=&#8221;100%&#8221; max_width_mobile=&#8221;default&#8221;][\/vc_column][vc_column column_padding=&#8221;no-extra-padding&#8221; column_padding_position=&#8221;all&#8221; background_color_opacity=&#8221;1&#8243; background_hover_color_opacity=&#8221;1&#8243; column_link_target=&#8221;_self&#8221; column_shadow=&#8221;none&#8221; column_border_radius=&#8221;none&#8221; width=&#8221;1\/3&#8243; tablet_width_inherit=&#8221;default&#8221; tablet_text_alignment=&#8221;default&#8221; phone_text_alignment=&#8221;default&#8221; overlay_strength=&#8221;0.3&#8243; column_border_width=&#8221;none&#8221; column_border_style=&#8221;solid&#8221; bg_image_animation=&#8221;none&#8221;][image_with_animation image_url=&#8221;17282&#8243; alignment=&#8221;&#8221; animation=&#8221;Fade In&#8221; hover_animation=&#8221;none&#8221; border_radius=&#8221;none&#8221; box_shadow=&#8221;none&#8221; image_loading=&#8221;default&#8221; max_width=&#8221;100%&#8221; max_width_mobile=&#8221;default&#8221;][\/vc_column][vc_column column_padding=&#8221;no-extra-padding&#8221; column_padding_position=&#8221;all&#8221; background_color_opacity=&#8221;1&#8243; background_hover_color_opacity=&#8221;1&#8243; column_link_target=&#8221;_self&#8221; column_shadow=&#8221;none&#8221; column_border_radius=&#8221;none&#8221; width=&#8221;1\/3&#8243; tablet_width_inherit=&#8221;default&#8221; tablet_text_alignment=&#8221;default&#8221; phone_text_alignment=&#8221;default&#8221; overlay_strength=&#8221;0.3&#8243; column_border_width=&#8221;none&#8221; column_border_style=&#8221;solid&#8221; bg_image_animation=&#8221;none&#8221;][image_with_animation image_url=&#8221;17278&#8243; alignment=&#8221;&#8221; animation=&#8221;Fade In&#8221; hover_animation=&#8221;none&#8221; border_radius=&#8221;none&#8221; box_shadow=&#8221;none&#8221; image_loading=&#8221;default&#8221; max_width=&#8221;100%&#8221; max_width_mobile=&#8221;default&#8221;][\/vc_column][\/vc_row][vc_row type=&#8221;in_container&#8221; full_screen_row_position=&#8221;middle&#8221; column_margin=&#8221;default&#8221; scene_position=&#8221;center&#8221; text_color=&#8221;dark&#8221; text_align=&#8221;left&#8221; overlay_strength=&#8221;0.3&#8243; shape_divider_position=&#8221;bottom&#8221; bg_image_animation=&#8221;none&#8221;][vc_column column_padding=&#8221;no-extra-padding&#8221; column_padding_position=&#8221;all&#8221; background_color_opacity=&#8221;1&#8243; background_hover_color_opacity=&#8221;1&#8243; column_link_target=&#8221;_self&#8221; column_shadow=&#8221;none&#8221; column_border_radius=&#8221;none&#8221; width=&#8221;1\/1&#8243; tablet_width_inherit=&#8221;default&#8221; tablet_text_alignment=&#8221;default&#8221; phone_text_alignment=&#8221;default&#8221; overlay_strength=&#8221;0.3&#8243; column_border_width=&#8221;none&#8221; column_border_style=&#8221;solid&#8221; bg_image_animation=&#8221;none&#8221;][vc_column_text][\/ vc_column] [\/ vc_row][\/vc_column_text][\/vc_column][\/vc_row]\n","protected":false},"excerpt":{"rendered":"<p>[vc_row type=&#8221;in_container&#8221; full_screen_row_position=&#8221;middle&#8221; column_margin=&#8221;default&#8221; scene_position=&#8221;center&#8221; text_color=&#8221;dark&#8221; text_align=&#8221;left&#8221; overlay_strength=&#8221;0.3&#8243; shape_divider_position=&#8221;bottom&#8221; bg_image_animation=&#8221;none&#8221;][vc_column column_padding=&#8221;no-extra-padding&#8221; column_padding_position=&#8221;all&#8221; background_color_opacity=&#8221;1&#8243; background_hover_color_opacity=&#8221;1&#8243; column_link_target=&#8221;_self&#8221; column_shadow=&#8221;none&#8221; column_border_radius=&#8221;none&#8221; width=&#8221;1\/1&#8243; tablet_width_inherit=&#8221;default&#8221; tablet_text_alignment=&#8221;default&#8221; phone_text_alignment=&#8221;default&#8221; overlay_strength=&#8221;0.3&#8243; column_border_width=&#8221;none&#8221; column_border_style=&#8221;solid&#8221; bg_image_animation=&#8221;none&#8221;][vc_column_text]El Port de Sitges ha acollit&#8230;<\/p>\n","protected":false},"author":3,"featured_media":17286,"comment_status":"closed","ping_status":"closed","sticky":false,"template":"","format":"standard","meta":{"footnotes":""},"categories":[62],"tags":[],"class_list":{"0":"post-17232","1":"post","2":"type-post","3":"status-publish","4":"format-standard","5":"has-post-thumbnail","7":"category-noticias-ca"},"yoast_head":"<!-- This site is optimized with the Yoast SEO plugin v27.3 - https:\/\/yoast.com\/product\/yoast-seo-wordpress\/ -->\n<title>El Port de Sitges celebra el Festival de Cinema Fant\u00e0stic de Catalunya<\/title>\n<meta name=\"description\" content=\"El Port de Sitges ha acollit alguns dels actes principals que han tingut lloc durant l\u2019edici\u00f3 d\u2019enguany del Festival Internacional de Cinema Fant\u00e0stic de Catalunya. Aquesta celebraci\u00f3, que ha tingut lloc entre el 5 i el 15 d&#039;octubre, ha reunit al Port a amants del cinema, experts en l&#039;art cinematogr\u00e0fic i nens amb una passi\u00f3 per la m\u00e0gia del maquillatge fant\u00e0stic.\" \/>\n<meta name=\"robots\" content=\"index, follow, max-snippet:-1, max-image-preview:large, max-video-preview:-1\" \/>\n<link rel=\"canonical\" href=\"https:\/\/www.portdesitges.com\/el-port-de-sitges-celebra-el-festival-de-cine-fantastico-de-cataluna\/\" \/>\n<meta property=\"og:locale\" content=\"ca_ES\" \/>\n<meta property=\"og:type\" content=\"article\" \/>\n<meta property=\"og:title\" content=\"El Port de Sitges celebra el Festival de Cinema Fant\u00e0stic de Catalunya\" \/>\n<meta property=\"og:description\" content=\"El Port de Sitges ha acollit alguns dels actes principals que han tingut lloc durant l\u2019edici\u00f3 d\u2019enguany del Festival Internacional de Cinema Fant\u00e0stic de Catalunya. Aquesta celebraci\u00f3, que ha tingut lloc entre el 5 i el 15 d&#039;octubre, ha reunit al Port a amants del cinema, experts en l&#039;art cinematogr\u00e0fic i nens amb una passi\u00f3 per la m\u00e0gia del maquillatge fant\u00e0stic.\" \/>\n<meta property=\"og:url\" content=\"https:\/\/www.portdesitges.com\/el-port-de-sitges-celebra-el-festival-de-cine-fantastico-de-cataluna\/\" \/>\n<meta property=\"og:site_name\" content=\"Port de Sitges - Aiguadol\u00e7\" \/>\n<meta property=\"article:published_time\" content=\"2023-10-19T11:32:51+00:00\" \/>\n<meta property=\"article:modified_time\" content=\"2023-10-26T14:32:54+00:00\" \/>\n<meta property=\"og:image\" content=\"https:\/\/www.portdesitges.com\/wp-content\/uploads\/2023\/10\/IMG_4119-copia-2-1-scaled.jpg\" \/>\n\t<meta property=\"og:image:width\" content=\"2560\" \/>\n\t<meta property=\"og:image:height\" content=\"1707\" \/>\n\t<meta property=\"og:image:type\" content=\"image\/jpeg\" \/>\n<meta name=\"author\" content=\"S\u00f2nia Felip\" \/>\n<meta name=\"twitter:card\" content=\"summary_large_image\" \/>\n<meta name=\"twitter:label1\" content=\"Escrit per\" \/>\n\t<meta name=\"twitter:data1\" content=\"S\u00f2nia Felip\" \/>\n\t<meta name=\"twitter:label2\" content=\"Temps estimat de lectura\" \/>\n\t<meta name=\"twitter:data2\" content=\"4 minuts\" \/>\n<script type=\"application\/ld+json\" class=\"yoast-schema-graph\">{\"@context\":\"https:\\\/\\\/schema.org\",\"@graph\":[{\"@type\":\"Article\",\"@id\":\"https:\\\/\\\/www.portdesitges.com\\\/el-port-de-sitges-celebra-el-festival-de-cine-fantastico-de-cataluna\\\/#article\",\"isPartOf\":{\"@id\":\"https:\\\/\\\/www.portdesitges.com\\\/el-port-de-sitges-celebra-el-festival-de-cine-fantastico-de-cataluna\\\/\"},\"author\":{\"name\":\"S\u00f2nia Felip\",\"@id\":\"https:\\\/\\\/www.portdesitges.com\\\/#\\\/schema\\\/person\\\/be98f3191d6c7bb6ccddc2e0ac4d861f\"},\"headline\":\"El Port de Sitges celebra el Festival de Cinema Fant\u00e0stic de Catalunya\",\"datePublished\":\"2023-10-19T11:32:51+00:00\",\"dateModified\":\"2023-10-26T14:32:54+00:00\",\"mainEntityOfPage\":{\"@id\":\"https:\\\/\\\/www.portdesitges.com\\\/el-port-de-sitges-celebra-el-festival-de-cine-fantastico-de-cataluna\\\/\"},\"wordCount\":820,\"image\":{\"@id\":\"https:\\\/\\\/www.portdesitges.com\\\/el-port-de-sitges-celebra-el-festival-de-cine-fantastico-de-cataluna\\\/#primaryimage\"},\"thumbnailUrl\":\"https:\\\/\\\/www.portdesitges.com\\\/wp-content\\\/uploads\\\/2023\\\/10\\\/IMG_4119-copia-2-1-scaled.jpg\",\"articleSection\":[\"Not\u00edcias\"],\"inLanguage\":\"ca\"},{\"@type\":\"WebPage\",\"@id\":\"https:\\\/\\\/www.portdesitges.com\\\/el-port-de-sitges-celebra-el-festival-de-cine-fantastico-de-cataluna\\\/\",\"url\":\"https:\\\/\\\/www.portdesitges.com\\\/el-port-de-sitges-celebra-el-festival-de-cine-fantastico-de-cataluna\\\/\",\"name\":\"El Port de Sitges celebra el Festival de Cinema Fant\u00e0stic de Catalunya\",\"isPartOf\":{\"@id\":\"https:\\\/\\\/www.portdesitges.com\\\/#website\"},\"primaryImageOfPage\":{\"@id\":\"https:\\\/\\\/www.portdesitges.com\\\/el-port-de-sitges-celebra-el-festival-de-cine-fantastico-de-cataluna\\\/#primaryimage\"},\"image\":{\"@id\":\"https:\\\/\\\/www.portdesitges.com\\\/el-port-de-sitges-celebra-el-festival-de-cine-fantastico-de-cataluna\\\/#primaryimage\"},\"thumbnailUrl\":\"https:\\\/\\\/www.portdesitges.com\\\/wp-content\\\/uploads\\\/2023\\\/10\\\/IMG_4119-copia-2-1-scaled.jpg\",\"datePublished\":\"2023-10-19T11:32:51+00:00\",\"dateModified\":\"2023-10-26T14:32:54+00:00\",\"author\":{\"@id\":\"https:\\\/\\\/www.portdesitges.com\\\/#\\\/schema\\\/person\\\/be98f3191d6c7bb6ccddc2e0ac4d861f\"},\"description\":\"El Port de Sitges ha acollit alguns dels actes principals que han tingut lloc durant l\u2019edici\u00f3 d\u2019enguany del Festival Internacional de Cinema Fant\u00e0stic de Catalunya. Aquesta celebraci\u00f3, que ha tingut lloc entre el 5 i el 15 d'octubre, ha reunit al Port a amants del cinema, experts en l'art cinematogr\u00e0fic i nens amb una passi\u00f3 per la m\u00e0gia del maquillatge fant\u00e0stic.\",\"breadcrumb\":{\"@id\":\"https:\\\/\\\/www.portdesitges.com\\\/el-port-de-sitges-celebra-el-festival-de-cine-fantastico-de-cataluna\\\/#breadcrumb\"},\"inLanguage\":\"ca\",\"potentialAction\":[{\"@type\":\"ReadAction\",\"target\":[\"https:\\\/\\\/www.portdesitges.com\\\/el-port-de-sitges-celebra-el-festival-de-cine-fantastico-de-cataluna\\\/\"]}]},{\"@type\":\"ImageObject\",\"inLanguage\":\"ca\",\"@id\":\"https:\\\/\\\/www.portdesitges.com\\\/el-port-de-sitges-celebra-el-festival-de-cine-fantastico-de-cataluna\\\/#primaryimage\",\"url\":\"https:\\\/\\\/www.portdesitges.com\\\/wp-content\\\/uploads\\\/2023\\\/10\\\/IMG_4119-copia-2-1-scaled.jpg\",\"contentUrl\":\"https:\\\/\\\/www.portdesitges.com\\\/wp-content\\\/uploads\\\/2023\\\/10\\\/IMG_4119-copia-2-1-scaled.jpg\",\"width\":2560,\"height\":1707},{\"@type\":\"BreadcrumbList\",\"@id\":\"https:\\\/\\\/www.portdesitges.com\\\/el-port-de-sitges-celebra-el-festival-de-cine-fantastico-de-cataluna\\\/#breadcrumb\",\"itemListElement\":[{\"@type\":\"ListItem\",\"position\":1,\"name\":\"Portada\",\"item\":\"https:\\\/\\\/www.portdesitges.com\\\/ca\\\/\"},{\"@type\":\"ListItem\",\"position\":2,\"name\":\"El Port de Sitges celebra el Festival de Cinema Fant\u00e0stic de Catalunya\"}]},{\"@type\":\"WebSite\",\"@id\":\"https:\\\/\\\/www.portdesitges.com\\\/#website\",\"url\":\"https:\\\/\\\/www.portdesitges.com\\\/\",\"name\":\"Port de Sitges - Aiguadol\u00e7\",\"description\":\"lugar donde el mar y la tierra se dan de la mano para crear un espacio \u00fanico y atractivo. Disfruta de un mar de experiencias.\",\"potentialAction\":[{\"@type\":\"SearchAction\",\"target\":{\"@type\":\"EntryPoint\",\"urlTemplate\":\"https:\\\/\\\/www.portdesitges.com\\\/?s={search_term_string}\"},\"query-input\":{\"@type\":\"PropertyValueSpecification\",\"valueRequired\":true,\"valueName\":\"search_term_string\"}}],\"inLanguage\":\"ca\"},{\"@type\":\"Person\",\"@id\":\"https:\\\/\\\/www.portdesitges.com\\\/#\\\/schema\\\/person\\\/be98f3191d6c7bb6ccddc2e0ac4d861f\",\"name\":\"S\u00f2nia Felip\",\"image\":{\"@type\":\"ImageObject\",\"inLanguage\":\"ca\",\"@id\":\"https:\\\/\\\/secure.gravatar.com\\\/avatar\\\/3f5abf961091eed8bea1ba4a0fb5f78e0c728f907fe0cf722e81af4aa82939db?s=96&d=mm&r=g\",\"url\":\"https:\\\/\\\/secure.gravatar.com\\\/avatar\\\/3f5abf961091eed8bea1ba4a0fb5f78e0c728f907fe0cf722e81af4aa82939db?s=96&d=mm&r=g\",\"contentUrl\":\"https:\\\/\\\/secure.gravatar.com\\\/avatar\\\/3f5abf961091eed8bea1ba4a0fb5f78e0c728f907fe0cf722e81af4aa82939db?s=96&d=mm&r=g\",\"caption\":\"S\u00f2nia Felip\"},\"url\":\"https:\\\/\\\/www.portdesitges.com\\\/ca\\\/author\\\/sonia\\\/\"}]}<\/script>\n<!-- \/ Yoast SEO plugin. -->","yoast_head_json":{"title":"El Port de Sitges celebra el Festival de Cinema Fant\u00e0stic de Catalunya","description":"El Port de Sitges ha acollit alguns dels actes principals que han tingut lloc durant l\u2019edici\u00f3 d\u2019enguany del Festival Internacional de Cinema Fant\u00e0stic de Catalunya. Aquesta celebraci\u00f3, que ha tingut lloc entre el 5 i el 15 d'octubre, ha reunit al Port a amants del cinema, experts en l'art cinematogr\u00e0fic i nens amb una passi\u00f3 per la m\u00e0gia del maquillatge fant\u00e0stic.","robots":{"index":"index","follow":"follow","max-snippet":"max-snippet:-1","max-image-preview":"max-image-preview:large","max-video-preview":"max-video-preview:-1"},"canonical":"https:\/\/www.portdesitges.com\/el-port-de-sitges-celebra-el-festival-de-cine-fantastico-de-cataluna\/","og_locale":"ca_ES","og_type":"article","og_title":"El Port de Sitges celebra el Festival de Cinema Fant\u00e0stic de Catalunya","og_description":"El Port de Sitges ha acollit alguns dels actes principals que han tingut lloc durant l\u2019edici\u00f3 d\u2019enguany del Festival Internacional de Cinema Fant\u00e0stic de Catalunya. Aquesta celebraci\u00f3, que ha tingut lloc entre el 5 i el 15 d'octubre, ha reunit al Port a amants del cinema, experts en l'art cinematogr\u00e0fic i nens amb una passi\u00f3 per la m\u00e0gia del maquillatge fant\u00e0stic.","og_url":"https:\/\/www.portdesitges.com\/el-port-de-sitges-celebra-el-festival-de-cine-fantastico-de-cataluna\/","og_site_name":"Port de Sitges - Aiguadol\u00e7","article_published_time":"2023-10-19T11:32:51+00:00","article_modified_time":"2023-10-26T14:32:54+00:00","og_image":[{"width":2560,"height":1707,"url":"https:\/\/www.portdesitges.com\/wp-content\/uploads\/2023\/10\/IMG_4119-copia-2-1-scaled.jpg","type":"image\/jpeg"}],"author":"S\u00f2nia Felip","twitter_card":"summary_large_image","twitter_misc":{"Escrit per":"S\u00f2nia Felip","Temps estimat de lectura":"4 minuts"},"schema":{"@context":"https:\/\/schema.org","@graph":[{"@type":"Article","@id":"https:\/\/www.portdesitges.com\/el-port-de-sitges-celebra-el-festival-de-cine-fantastico-de-cataluna\/#article","isPartOf":{"@id":"https:\/\/www.portdesitges.com\/el-port-de-sitges-celebra-el-festival-de-cine-fantastico-de-cataluna\/"},"author":{"name":"S\u00f2nia Felip","@id":"https:\/\/www.portdesitges.com\/#\/schema\/person\/be98f3191d6c7bb6ccddc2e0ac4d861f"},"headline":"El Port de Sitges celebra el Festival de Cinema Fant\u00e0stic de Catalunya","datePublished":"2023-10-19T11:32:51+00:00","dateModified":"2023-10-26T14:32:54+00:00","mainEntityOfPage":{"@id":"https:\/\/www.portdesitges.com\/el-port-de-sitges-celebra-el-festival-de-cine-fantastico-de-cataluna\/"},"wordCount":820,"image":{"@id":"https:\/\/www.portdesitges.com\/el-port-de-sitges-celebra-el-festival-de-cine-fantastico-de-cataluna\/#primaryimage"},"thumbnailUrl":"https:\/\/www.portdesitges.com\/wp-content\/uploads\/2023\/10\/IMG_4119-copia-2-1-scaled.jpg","articleSection":["Not\u00edcias"],"inLanguage":"ca"},{"@type":"WebPage","@id":"https:\/\/www.portdesitges.com\/el-port-de-sitges-celebra-el-festival-de-cine-fantastico-de-cataluna\/","url":"https:\/\/www.portdesitges.com\/el-port-de-sitges-celebra-el-festival-de-cine-fantastico-de-cataluna\/","name":"El Port de Sitges celebra el Festival de Cinema Fant\u00e0stic de Catalunya","isPartOf":{"@id":"https:\/\/www.portdesitges.com\/#website"},"primaryImageOfPage":{"@id":"https:\/\/www.portdesitges.com\/el-port-de-sitges-celebra-el-festival-de-cine-fantastico-de-cataluna\/#primaryimage"},"image":{"@id":"https:\/\/www.portdesitges.com\/el-port-de-sitges-celebra-el-festival-de-cine-fantastico-de-cataluna\/#primaryimage"},"thumbnailUrl":"https:\/\/www.portdesitges.com\/wp-content\/uploads\/2023\/10\/IMG_4119-copia-2-1-scaled.jpg","datePublished":"2023-10-19T11:32:51+00:00","dateModified":"2023-10-26T14:32:54+00:00","author":{"@id":"https:\/\/www.portdesitges.com\/#\/schema\/person\/be98f3191d6c7bb6ccddc2e0ac4d861f"},"description":"El Port de Sitges ha acollit alguns dels actes principals que han tingut lloc durant l\u2019edici\u00f3 d\u2019enguany del Festival Internacional de Cinema Fant\u00e0stic de Catalunya. Aquesta celebraci\u00f3, que ha tingut lloc entre el 5 i el 15 d'octubre, ha reunit al Port a amants del cinema, experts en l'art cinematogr\u00e0fic i nens amb una passi\u00f3 per la m\u00e0gia del maquillatge fant\u00e0stic.","breadcrumb":{"@id":"https:\/\/www.portdesitges.com\/el-port-de-sitges-celebra-el-festival-de-cine-fantastico-de-cataluna\/#breadcrumb"},"inLanguage":"ca","potentialAction":[{"@type":"ReadAction","target":["https:\/\/www.portdesitges.com\/el-port-de-sitges-celebra-el-festival-de-cine-fantastico-de-cataluna\/"]}]},{"@type":"ImageObject","inLanguage":"ca","@id":"https:\/\/www.portdesitges.com\/el-port-de-sitges-celebra-el-festival-de-cine-fantastico-de-cataluna\/#primaryimage","url":"https:\/\/www.portdesitges.com\/wp-content\/uploads\/2023\/10\/IMG_4119-copia-2-1-scaled.jpg","contentUrl":"https:\/\/www.portdesitges.com\/wp-content\/uploads\/2023\/10\/IMG_4119-copia-2-1-scaled.jpg","width":2560,"height":1707},{"@type":"BreadcrumbList","@id":"https:\/\/www.portdesitges.com\/el-port-de-sitges-celebra-el-festival-de-cine-fantastico-de-cataluna\/#breadcrumb","itemListElement":[{"@type":"ListItem","position":1,"name":"Portada","item":"https:\/\/www.portdesitges.com\/ca\/"},{"@type":"ListItem","position":2,"name":"El Port de Sitges celebra el Festival de Cinema Fant\u00e0stic de Catalunya"}]},{"@type":"WebSite","@id":"https:\/\/www.portdesitges.com\/#website","url":"https:\/\/www.portdesitges.com\/","name":"Port de Sitges - Aiguadol\u00e7","description":"lugar donde el mar y la tierra se dan de la mano para crear un espacio \u00fanico y atractivo. Disfruta de un mar de experiencias.","potentialAction":[{"@type":"SearchAction","target":{"@type":"EntryPoint","urlTemplate":"https:\/\/www.portdesitges.com\/?s={search_term_string}"},"query-input":{"@type":"PropertyValueSpecification","valueRequired":true,"valueName":"search_term_string"}}],"inLanguage":"ca"},{"@type":"Person","@id":"https:\/\/www.portdesitges.com\/#\/schema\/person\/be98f3191d6c7bb6ccddc2e0ac4d861f","name":"S\u00f2nia Felip","image":{"@type":"ImageObject","inLanguage":"ca","@id":"https:\/\/secure.gravatar.com\/avatar\/3f5abf961091eed8bea1ba4a0fb5f78e0c728f907fe0cf722e81af4aa82939db?s=96&d=mm&r=g","url":"https:\/\/secure.gravatar.com\/avatar\/3f5abf961091eed8bea1ba4a0fb5f78e0c728f907fe0cf722e81af4aa82939db?s=96&d=mm&r=g","contentUrl":"https:\/\/secure.gravatar.com\/avatar\/3f5abf961091eed8bea1ba4a0fb5f78e0c728f907fe0cf722e81af4aa82939db?s=96&d=mm&r=g","caption":"S\u00f2nia Felip"},"url":"https:\/\/www.portdesitges.com\/ca\/author\/sonia\/"}]}},"_links":{"self":[{"href":"https:\/\/www.portdesitges.com\/ca\/wp-json\/wp\/v2\/posts\/17232","targetHints":{"allow":["GET"]}}],"collection":[{"href":"https:\/\/www.portdesitges.com\/ca\/wp-json\/wp\/v2\/posts"}],"about":[{"href":"https:\/\/www.portdesitges.com\/ca\/wp-json\/wp\/v2\/types\/post"}],"author":[{"embeddable":true,"href":"https:\/\/www.portdesitges.com\/ca\/wp-json\/wp\/v2\/users\/3"}],"replies":[{"embeddable":true,"href":"https:\/\/www.portdesitges.com\/ca\/wp-json\/wp\/v2\/comments?post=17232"}],"version-history":[{"count":2,"href":"https:\/\/www.portdesitges.com\/ca\/wp-json\/wp\/v2\/posts\/17232\/revisions"}],"predecessor-version":[{"id":17295,"href":"https:\/\/www.portdesitges.com\/ca\/wp-json\/wp\/v2\/posts\/17232\/revisions\/17295"}],"wp:featuredmedia":[{"embeddable":true,"href":"https:\/\/www.portdesitges.com\/ca\/wp-json\/wp\/v2\/media\/17286"}],"wp:attachment":[{"href":"https:\/\/www.portdesitges.com\/ca\/wp-json\/wp\/v2\/media?parent=17232"}],"wp:term":[{"taxonomy":"category","embeddable":true,"href":"https:\/\/www.portdesitges.com\/ca\/wp-json\/wp\/v2\/categories?post=17232"},{"taxonomy":"post_tag","embeddable":true,"href":"https:\/\/www.portdesitges.com\/ca\/wp-json\/wp\/v2\/tags?post=17232"}],"curies":[{"name":"wp","href":"https:\/\/api.w.org\/{rel}","templated":true}]}}