{"id":17169,"date":"2023-09-19T14:59:29","date_gmt":"2023-09-19T14:59:29","guid":{"rendered":"https:\/\/www.portdesitges.com\/?p=17169"},"modified":"2023-09-19T15:12:13","modified_gmt":"2023-09-19T15:12:13","slug":"sitges-acollira-lequip-femeni-i-juvenil-espanyol-que-competira-a-la-youth-puig-womens-americas-cup","status":"publish","type":"post","link":"https:\/\/www.portdesitges.com\/ca\/sitges-acollira-lequip-femeni-i-juvenil-espanyol-que-competira-a-la-youth-puig-womens-americas-cup\/","title":{"rendered":"Sitges acollir\u00e0 l\u2019equip femen\u00ed i juvenil espanyol que competir\u00e0 a la Youth &#038; Puig Women\u2019s America\u2019s Cup"},"content":{"rendered":"[vc_row type=&#8221;in_container&#8221; full_screen_row_position=&#8221;middle&#8221; column_margin=&#8221;default&#8221; scene_position=&#8221;center&#8221; text_color=&#8221;dark&#8221; text_align=&#8221;left&#8221; overlay_strength=&#8221;0.3&#8243; shape_divider_position=&#8221;bottom&#8221; bg_image_animation=&#8221;none&#8221;][vc_column column_padding=&#8221;no-extra-padding&#8221; column_padding_position=&#8221;all&#8221; background_color_opacity=&#8221;1&#8243; background_hover_color_opacity=&#8221;1&#8243; column_link_target=&#8221;_self&#8221; column_shadow=&#8221;none&#8221; column_border_radius=&#8221;none&#8221; width=&#8221;1\/1&#8243; tablet_width_inherit=&#8221;default&#8221; tablet_text_alignment=&#8221;default&#8221; phone_text_alignment=&#8221;default&#8221; overlay_strength=&#8221;0.3&#8243; column_border_width=&#8221;none&#8221; column_border_style=&#8221;solid&#8221; bg_image_animation=&#8221;none&#8221;][vc_column_text]Sitges acollir\u00e0 l\u2019equip femen\u00ed i juvenil espanyol que competir\u00e0 a la Youth &amp; Puig Women\u2019s America\u2019s Cup<br \/>\nSail Team BCN, l\u2019equip espanyol que competeix a les regates de la Youth &amp; Puig Women\u2019s America&#8217;s Cup, ha escollit el Port de Sitges &#8211; Aiguadol\u00e7 com a seu d\u2019entrenament de l\u2019equip femen\u00ed i juvenil (menors de 25 anys) espanyol que competir\u00e0 a la 37ena America\u2019s Cup. Aquest \u00e9s un esdeveniment sense precedents, ja que despr\u00e9s de 172 anys d\u2019hist\u00f2ria de la Copa Am\u00e8rica per primera vegada hi haur\u00e0 una categoria femenina. Per tant, Sitges passa a ser el primer port base d\u2019una selecci\u00f3 femenina espanyola a l\u2019America\u2019s Cup.<br \/>\nLa base n\u00e0utica s\u2019ha instal\u00b7lat davant de la Torre de capitania del Port de Sitges, una ubicaci\u00f3 molt visual i triada expressament per a que la ciutadania i el p\u00fablic puguin apropar-se i familiaritzar-se amb l\u2019equip i el seu centre d\u2019operacions n\u00e0utiques. La base estar\u00e0 activa, inicialment, des de setembre fins al desembre. Amb tot, la voluntat de les dues parts \u00e9s allargar l\u2019acord fins al maig-juny, quan l\u2019equip ja s\u2019haur\u00e0 de traslladar a Barcelona per competir en les regates oficials de l\u2019America\u2019s Cup 2024.<br \/>\nEl Sail Team BCN i el seu patrocinador principal, Foundation Zero, estan compromesos amb la sostenibilitat. Aix\u00f2 converteix el Port de Sitges-Aiguadol\u00e7 en el company perfecte de viatge ja que tots dos comparteixen els mateixos valors i objectius mediambientals i de tenir cura del mar. Un exemple s\u00f3n les noves torretes d\u2019\u00faltima generaci\u00f3 que s\u2019han instal\u00b7lat al Port de Sitges, fabricades al 100% amb material reciclat provinent de taps d\u2019ampolles extretes del mar i que faciliten una gesti\u00f3 responsable i controlada de l\u2019\u00fas de l\u2019aigua i l\u2019electricitat.<br \/>\nA partir de l\u2019octubre, un cop finalitzada la regata pr\u00e8via que els equips masculins disputen a Vilanova i la Geltr\u00fa, comen\u00e7aran les proves de selecci\u00f3 de l\u2019equip femen\u00ed espanyol. Les millors regatistes estatals estaran a Sitges i participaran del proc\u00e9s de selecci\u00f3 per a que la vela espanyola pugui presentar un equip femen\u00ed amb garanties de competir a la Youth &amp; Puig Women\u2019s America&#8217;s Cup.<br \/>\nEl Port de Sitges-Aiguadol\u00e7 -que ha prorrogat la seva concessi\u00f3 recentment fins el 2041- est\u00e0 immers en un proc\u00e9s de renovaci\u00f3 i millora de les seves instal\u00b7lacions amb una inversi\u00f3 al voltant dels 20M\u20ac que potenciar\u00e0 conceptes com SmartPort, GreenPort o TweentyPort (eslores de 20-30 metres) per tornar a convertir el port de Sitges en un referent al Mediterrani i un port del segle XXI.[\/vc_column_text][\/vc_column][\/vc_row][vc_row type=&#8221;in_container&#8221; full_screen_row_position=&#8221;middle&#8221; column_margin=&#8221;default&#8221; scene_position=&#8221;center&#8221; text_color=&#8221;dark&#8221; text_align=&#8221;left&#8221; overlay_strength=&#8221;0.3&#8243; shape_divider_position=&#8221;bottom&#8221; bg_image_animation=&#8221;none&#8221;][vc_column column_padding=&#8221;no-extra-padding&#8221; column_padding_position=&#8221;all&#8221; background_color_opacity=&#8221;1&#8243; background_hover_color_opacity=&#8221;1&#8243; column_link_target=&#8221;_self&#8221; column_shadow=&#8221;none&#8221; column_border_radius=&#8221;none&#8221; width=&#8221;1\/2&#8243; tablet_width_inherit=&#8221;default&#8221; tablet_text_alignment=&#8221;default&#8221; phone_text_alignment=&#8221;default&#8221; overlay_strength=&#8221;0.3&#8243; column_border_width=&#8221;none&#8221; column_border_style=&#8221;solid&#8221; bg_image_animation=&#8221;none&#8221;][image_with_animation image_url=&#8221;17172&#8243; alignment=&#8221;center&#8221; animation=&#8221;Fade In&#8221; hover_animation=&#8221;none&#8221; border_radius=&#8221;none&#8221; box_shadow=&#8221;none&#8221; image_loading=&#8221;default&#8221; max_width=&#8221;100%&#8221; max_width_mobile=&#8221;default&#8221;][vc_column_text]\n<h6 style=\"text-align: center;\"><span style=\"color: #808080;\">Gustavo Marques \u2013 Sail Team BCN , Stewart Hosford \u2013 CEO Sail Team BCN, Guillermo Altadill \u2013 Team Principle Sail Team BCN, Monica Azon \u2013 Women\u00b4s Coach Sail Team BCN, Albert Bertran \u2013 CEO of Port de Sitges, David Vellet \u2013 Port de Sitges Captain &amp; Florenci Almunia \u2013 President of Club Nautic Sitges<\/span><\/h6>\n[\/vc_column_text][\/vc_column][vc_column column_padding=&#8221;no-extra-padding&#8221; column_padding_position=&#8221;all&#8221; background_color_opacity=&#8221;1&#8243; background_hover_color_opacity=&#8221;1&#8243; column_link_target=&#8221;_self&#8221; column_shadow=&#8221;none&#8221; column_border_radius=&#8221;none&#8221; width=&#8221;1\/2&#8243; tablet_width_inherit=&#8221;default&#8221; tablet_text_alignment=&#8221;default&#8221; phone_text_alignment=&#8221;default&#8221; overlay_strength=&#8221;0.3&#8243; column_border_width=&#8221;none&#8221; column_border_style=&#8221;solid&#8221; bg_image_animation=&#8221;none&#8221;][image_with_animation image_url=&#8221;17176&#8243; alignment=&#8221;center&#8221; animation=&#8221;Fade In&#8221; hover_animation=&#8221;none&#8221; border_radius=&#8221;none&#8221; box_shadow=&#8221;none&#8221; image_loading=&#8221;default&#8221; max_width=&#8221;100%&#8221; max_width_mobile=&#8221;default&#8221;][vc_column_text]\n<h6 style=\"text-align: center;\"><span style=\"color: #808080;\">Albert Bertran CEO of Port de Sitges &amp; Guillermo Altadill \u2013 Team Principle <\/span><\/h6>\n[\/vc_column_text][\/vc_column][\/vc_row][vc_row type=&#8221;in_container&#8221; full_screen_row_position=&#8221;middle&#8221; column_margin=&#8221;default&#8221; scene_position=&#8221;center&#8221; text_color=&#8221;dark&#8221; text_align=&#8221;left&#8221; overlay_strength=&#8221;0.3&#8243; shape_divider_position=&#8221;bottom&#8221; bg_image_animation=&#8221;none&#8221;][vc_column column_padding=&#8221;no-extra-padding&#8221; column_padding_position=&#8221;all&#8221; background_color_opacity=&#8221;1&#8243; background_hover_color_opacity=&#8221;1&#8243; column_link_target=&#8221;_self&#8221; column_shadow=&#8221;none&#8221; column_border_radius=&#8221;none&#8221; width=&#8221;1\/1&#8243; tablet_width_inherit=&#8221;default&#8221; tablet_text_alignment=&#8221;default&#8221; phone_text_alignment=&#8221;default&#8221; overlay_strength=&#8221;0.3&#8243; column_border_width=&#8221;none&#8221; column_border_style=&#8221;solid&#8221; bg_image_animation=&#8221;none&#8221;][vc_column_text][\/ vc_column] [\/ vc_row][\/vc_column_text][\/vc_column][\/vc_row]\n","protected":false},"excerpt":{"rendered":"<p>[vc_row type=&#8221;in_container&#8221; full_screen_row_position=&#8221;middle&#8221; column_margin=&#8221;default&#8221; scene_position=&#8221;center&#8221; text_color=&#8221;dark&#8221; text_align=&#8221;left&#8221; overlay_strength=&#8221;0.3&#8243; shape_divider_position=&#8221;bottom&#8221; bg_image_animation=&#8221;none&#8221;][vc_column column_padding=&#8221;no-extra-padding&#8221; column_padding_position=&#8221;all&#8221; background_color_opacity=&#8221;1&#8243; background_hover_color_opacity=&#8221;1&#8243; column_link_target=&#8221;_self&#8221; column_shadow=&#8221;none&#8221; column_border_radius=&#8221;none&#8221; width=&#8221;1\/1&#8243; tablet_width_inherit=&#8221;default&#8221; tablet_text_alignment=&#8221;default&#8221; phone_text_alignment=&#8221;default&#8221; overlay_strength=&#8221;0.3&#8243; column_border_width=&#8221;none&#8221; column_border_style=&#8221;solid&#8221; bg_image_animation=&#8221;none&#8221;][vc_column_text]Sitges acollir\u00e0 l\u2019equip femen\u00ed i juvenil&#8230;<\/p>\n","protected":false},"author":3,"featured_media":17172,"comment_status":"closed","ping_status":"closed","sticky":false,"template":"","format":"standard","meta":{"footnotes":""},"categories":[62],"tags":[],"class_list":{"0":"post-17169","1":"post","2":"type-post","3":"status-publish","4":"format-standard","5":"has-post-thumbnail","7":"category-noticias-ca"},"yoast_head":"<!-- This site is optimized with the Yoast SEO plugin v27.3 - https:\/\/yoast.com\/product\/yoast-seo-wordpress\/ -->\n<title>Sitges acollir\u00e0 l\u2019equip femen\u00ed i juvenil espanyol que competir\u00e0 a la Youth &amp; Puig Women\u2019s America\u2019s Cup<\/title>\n<meta name=\"description\" content=\"Des de setembre Sitges passa a formar part de la 37a America&#039;s Cup, per la seva vinculaci\u00f3 amb l&#039;Equip Femen\u00ed i Juvenil espanyol que competir\u00e0 en la Youth &amp; PUIG Woman&#039;s America&#039;s Cup.\" \/>\n<meta name=\"robots\" content=\"index, follow, max-snippet:-1, max-image-preview:large, max-video-preview:-1\" \/>\n<link rel=\"canonical\" href=\"https:\/\/www.portdesitges.com\/sail-team-bcn-elige-el-port-de-sitges-como-base-de-entrenamiento-para-la-youth-puig-womans-americas-cup\/\" \/>\n<meta property=\"og:locale\" content=\"ca_ES\" \/>\n<meta property=\"og:type\" content=\"article\" \/>\n<meta property=\"og:title\" content=\"Sitges acollir\u00e0 l\u2019equip femen\u00ed i juvenil espanyol que competir\u00e0 a la Youth &amp; Puig Women\u2019s America\u2019s Cup\" \/>\n<meta property=\"og:description\" content=\"Des de setembre Sitges passa a formar part de la 37a America&#039;s Cup, per la seva vinculaci\u00f3 amb l&#039;Equip Femen\u00ed i Juvenil espanyol que competir\u00e0 en la Youth &amp; PUIG Woman&#039;s America&#039;s Cup.\" \/>\n<meta property=\"og:url\" content=\"https:\/\/www.portdesitges.com\/sail-team-bcn-elige-el-port-de-sitges-como-base-de-entrenamiento-para-la-youth-puig-womans-americas-cup\/\" \/>\n<meta property=\"og:site_name\" content=\"Port de Sitges - Aiguadol\u00e7\" \/>\n<meta property=\"article:published_time\" content=\"2023-09-19T14:59:29+00:00\" \/>\n<meta property=\"article:modified_time\" content=\"2023-09-19T15:12:13+00:00\" \/>\n<meta property=\"og:image\" content=\"https:\/\/www.portdesitges.com\/wp-content\/uploads\/2023\/09\/Sail-Team-BCN-signing-3.png\" \/>\n\t<meta property=\"og:image:width\" content=\"1024\" \/>\n\t<meta property=\"og:image:height\" content=\"768\" \/>\n\t<meta property=\"og:image:type\" content=\"image\/png\" \/>\n<meta name=\"author\" content=\"S\u00f2nia Felip\" \/>\n<meta name=\"twitter:card\" content=\"summary_large_image\" \/>\n<meta name=\"twitter:label1\" content=\"Escrit per\" \/>\n\t<meta name=\"twitter:data1\" content=\"S\u00f2nia Felip\" \/>\n\t<meta name=\"twitter:label2\" content=\"Temps estimat de lectura\" \/>\n\t<meta name=\"twitter:data2\" content=\"5 minuts\" \/>\n<script type=\"application\/ld+json\" class=\"yoast-schema-graph\">{\"@context\":\"https:\\\/\\\/schema.org\",\"@graph\":[{\"@type\":\"Article\",\"@id\":\"https:\\\/\\\/www.portdesitges.com\\\/sail-team-bcn-elige-el-port-de-sitges-como-base-de-entrenamiento-para-la-youth-puig-womans-americas-cup\\\/#article\",\"isPartOf\":{\"@id\":\"https:\\\/\\\/www.portdesitges.com\\\/sail-team-bcn-elige-el-port-de-sitges-como-base-de-entrenamiento-para-la-youth-puig-womans-americas-cup\\\/\"},\"author\":{\"name\":\"S\u00f2nia Felip\",\"@id\":\"https:\\\/\\\/www.portdesitges.com\\\/#\\\/schema\\\/person\\\/be98f3191d6c7bb6ccddc2e0ac4d861f\"},\"headline\":\"Sitges acollir\u00e0 l\u2019equip femen\u00ed i juvenil espanyol que competir\u00e0 a la Youth &#038; Puig Women\u2019s America\u2019s Cup\",\"datePublished\":\"2023-09-19T14:59:29+00:00\",\"dateModified\":\"2023-09-19T15:12:13+00:00\",\"mainEntityOfPage\":{\"@id\":\"https:\\\/\\\/www.portdesitges.com\\\/sail-team-bcn-elige-el-port-de-sitges-como-base-de-entrenamiento-para-la-youth-puig-womans-americas-cup\\\/\"},\"wordCount\":937,\"image\":{\"@id\":\"https:\\\/\\\/www.portdesitges.com\\\/sail-team-bcn-elige-el-port-de-sitges-como-base-de-entrenamiento-para-la-youth-puig-womans-americas-cup\\\/#primaryimage\"},\"thumbnailUrl\":\"https:\\\/\\\/www.portdesitges.com\\\/wp-content\\\/uploads\\\/2023\\\/09\\\/Sail-Team-BCN-signing-3.png\",\"articleSection\":[\"Not\u00edcias\"],\"inLanguage\":\"ca\"},{\"@type\":\"WebPage\",\"@id\":\"https:\\\/\\\/www.portdesitges.com\\\/sail-team-bcn-elige-el-port-de-sitges-como-base-de-entrenamiento-para-la-youth-puig-womans-americas-cup\\\/\",\"url\":\"https:\\\/\\\/www.portdesitges.com\\\/sail-team-bcn-elige-el-port-de-sitges-como-base-de-entrenamiento-para-la-youth-puig-womans-americas-cup\\\/\",\"name\":\"Sitges acollir\u00e0 l\u2019equip femen\u00ed i juvenil espanyol que competir\u00e0 a la Youth & Puig Women\u2019s America\u2019s Cup\",\"isPartOf\":{\"@id\":\"https:\\\/\\\/www.portdesitges.com\\\/#website\"},\"primaryImageOfPage\":{\"@id\":\"https:\\\/\\\/www.portdesitges.com\\\/sail-team-bcn-elige-el-port-de-sitges-como-base-de-entrenamiento-para-la-youth-puig-womans-americas-cup\\\/#primaryimage\"},\"image\":{\"@id\":\"https:\\\/\\\/www.portdesitges.com\\\/sail-team-bcn-elige-el-port-de-sitges-como-base-de-entrenamiento-para-la-youth-puig-womans-americas-cup\\\/#primaryimage\"},\"thumbnailUrl\":\"https:\\\/\\\/www.portdesitges.com\\\/wp-content\\\/uploads\\\/2023\\\/09\\\/Sail-Team-BCN-signing-3.png\",\"datePublished\":\"2023-09-19T14:59:29+00:00\",\"dateModified\":\"2023-09-19T15:12:13+00:00\",\"author\":{\"@id\":\"https:\\\/\\\/www.portdesitges.com\\\/#\\\/schema\\\/person\\\/be98f3191d6c7bb6ccddc2e0ac4d861f\"},\"description\":\"Des de setembre Sitges passa a formar part de la 37a America's Cup, per la seva vinculaci\u00f3 amb l'Equip Femen\u00ed i Juvenil espanyol que competir\u00e0 en la Youth & PUIG Woman's America's Cup.\",\"breadcrumb\":{\"@id\":\"https:\\\/\\\/www.portdesitges.com\\\/sail-team-bcn-elige-el-port-de-sitges-como-base-de-entrenamiento-para-la-youth-puig-womans-americas-cup\\\/#breadcrumb\"},\"inLanguage\":\"ca\",\"potentialAction\":[{\"@type\":\"ReadAction\",\"target\":[\"https:\\\/\\\/www.portdesitges.com\\\/sail-team-bcn-elige-el-port-de-sitges-como-base-de-entrenamiento-para-la-youth-puig-womans-americas-cup\\\/\"]}]},{\"@type\":\"ImageObject\",\"inLanguage\":\"ca\",\"@id\":\"https:\\\/\\\/www.portdesitges.com\\\/sail-team-bcn-elige-el-port-de-sitges-como-base-de-entrenamiento-para-la-youth-puig-womans-americas-cup\\\/#primaryimage\",\"url\":\"https:\\\/\\\/www.portdesitges.com\\\/wp-content\\\/uploads\\\/2023\\\/09\\\/Sail-Team-BCN-signing-3.png\",\"contentUrl\":\"https:\\\/\\\/www.portdesitges.com\\\/wp-content\\\/uploads\\\/2023\\\/09\\\/Sail-Team-BCN-signing-3.png\",\"width\":1024,\"height\":768},{\"@type\":\"BreadcrumbList\",\"@id\":\"https:\\\/\\\/www.portdesitges.com\\\/sail-team-bcn-elige-el-port-de-sitges-como-base-de-entrenamiento-para-la-youth-puig-womans-americas-cup\\\/#breadcrumb\",\"itemListElement\":[{\"@type\":\"ListItem\",\"position\":1,\"name\":\"Portada\",\"item\":\"https:\\\/\\\/www.portdesitges.com\\\/ca\\\/\"},{\"@type\":\"ListItem\",\"position\":2,\"name\":\"Sitges acollir\u00e0 l\u2019equip femen\u00ed i juvenil espanyol que competir\u00e0 a la Youth &#038; Puig Women\u2019s America\u2019s Cup\"}]},{\"@type\":\"WebSite\",\"@id\":\"https:\\\/\\\/www.portdesitges.com\\\/#website\",\"url\":\"https:\\\/\\\/www.portdesitges.com\\\/\",\"name\":\"Port de Sitges - Aiguadol\u00e7\",\"description\":\"lugar donde el mar y la tierra se dan de la mano para crear un espacio \u00fanico y atractivo. Disfruta de un mar de experiencias.\",\"potentialAction\":[{\"@type\":\"SearchAction\",\"target\":{\"@type\":\"EntryPoint\",\"urlTemplate\":\"https:\\\/\\\/www.portdesitges.com\\\/?s={search_term_string}\"},\"query-input\":{\"@type\":\"PropertyValueSpecification\",\"valueRequired\":true,\"valueName\":\"search_term_string\"}}],\"inLanguage\":\"ca\"},{\"@type\":\"Person\",\"@id\":\"https:\\\/\\\/www.portdesitges.com\\\/#\\\/schema\\\/person\\\/be98f3191d6c7bb6ccddc2e0ac4d861f\",\"name\":\"S\u00f2nia Felip\",\"image\":{\"@type\":\"ImageObject\",\"inLanguage\":\"ca\",\"@id\":\"https:\\\/\\\/secure.gravatar.com\\\/avatar\\\/3f5abf961091eed8bea1ba4a0fb5f78e0c728f907fe0cf722e81af4aa82939db?s=96&d=mm&r=g\",\"url\":\"https:\\\/\\\/secure.gravatar.com\\\/avatar\\\/3f5abf961091eed8bea1ba4a0fb5f78e0c728f907fe0cf722e81af4aa82939db?s=96&d=mm&r=g\",\"contentUrl\":\"https:\\\/\\\/secure.gravatar.com\\\/avatar\\\/3f5abf961091eed8bea1ba4a0fb5f78e0c728f907fe0cf722e81af4aa82939db?s=96&d=mm&r=g\",\"caption\":\"S\u00f2nia Felip\"},\"url\":\"https:\\\/\\\/www.portdesitges.com\\\/ca\\\/author\\\/sonia\\\/\"}]}<\/script>\n<!-- \/ Yoast SEO plugin. -->","yoast_head_json":{"title":"Sitges acollir\u00e0 l\u2019equip femen\u00ed i juvenil espanyol que competir\u00e0 a la Youth & Puig Women\u2019s America\u2019s Cup","description":"Des de setembre Sitges passa a formar part de la 37a America's Cup, per la seva vinculaci\u00f3 amb l'Equip Femen\u00ed i Juvenil espanyol que competir\u00e0 en la Youth & PUIG Woman's America's Cup.","robots":{"index":"index","follow":"follow","max-snippet":"max-snippet:-1","max-image-preview":"max-image-preview:large","max-video-preview":"max-video-preview:-1"},"canonical":"https:\/\/www.portdesitges.com\/sail-team-bcn-elige-el-port-de-sitges-como-base-de-entrenamiento-para-la-youth-puig-womans-americas-cup\/","og_locale":"ca_ES","og_type":"article","og_title":"Sitges acollir\u00e0 l\u2019equip femen\u00ed i juvenil espanyol que competir\u00e0 a la Youth & Puig Women\u2019s America\u2019s Cup","og_description":"Des de setembre Sitges passa a formar part de la 37a America's Cup, per la seva vinculaci\u00f3 amb l'Equip Femen\u00ed i Juvenil espanyol que competir\u00e0 en la Youth & PUIG Woman's America's Cup.","og_url":"https:\/\/www.portdesitges.com\/sail-team-bcn-elige-el-port-de-sitges-como-base-de-entrenamiento-para-la-youth-puig-womans-americas-cup\/","og_site_name":"Port de Sitges - Aiguadol\u00e7","article_published_time":"2023-09-19T14:59:29+00:00","article_modified_time":"2023-09-19T15:12:13+00:00","og_image":[{"width":1024,"height":768,"url":"https:\/\/www.portdesitges.com\/wp-content\/uploads\/2023\/09\/Sail-Team-BCN-signing-3.png","type":"image\/png"}],"author":"S\u00f2nia Felip","twitter_card":"summary_large_image","twitter_misc":{"Escrit per":"S\u00f2nia Felip","Temps estimat de lectura":"5 minuts"},"schema":{"@context":"https:\/\/schema.org","@graph":[{"@type":"Article","@id":"https:\/\/www.portdesitges.com\/sail-team-bcn-elige-el-port-de-sitges-como-base-de-entrenamiento-para-la-youth-puig-womans-americas-cup\/#article","isPartOf":{"@id":"https:\/\/www.portdesitges.com\/sail-team-bcn-elige-el-port-de-sitges-como-base-de-entrenamiento-para-la-youth-puig-womans-americas-cup\/"},"author":{"name":"S\u00f2nia Felip","@id":"https:\/\/www.portdesitges.com\/#\/schema\/person\/be98f3191d6c7bb6ccddc2e0ac4d861f"},"headline":"Sitges acollir\u00e0 l\u2019equip femen\u00ed i juvenil espanyol que competir\u00e0 a la Youth &#038; Puig Women\u2019s America\u2019s Cup","datePublished":"2023-09-19T14:59:29+00:00","dateModified":"2023-09-19T15:12:13+00:00","mainEntityOfPage":{"@id":"https:\/\/www.portdesitges.com\/sail-team-bcn-elige-el-port-de-sitges-como-base-de-entrenamiento-para-la-youth-puig-womans-americas-cup\/"},"wordCount":937,"image":{"@id":"https:\/\/www.portdesitges.com\/sail-team-bcn-elige-el-port-de-sitges-como-base-de-entrenamiento-para-la-youth-puig-womans-americas-cup\/#primaryimage"},"thumbnailUrl":"https:\/\/www.portdesitges.com\/wp-content\/uploads\/2023\/09\/Sail-Team-BCN-signing-3.png","articleSection":["Not\u00edcias"],"inLanguage":"ca"},{"@type":"WebPage","@id":"https:\/\/www.portdesitges.com\/sail-team-bcn-elige-el-port-de-sitges-como-base-de-entrenamiento-para-la-youth-puig-womans-americas-cup\/","url":"https:\/\/www.portdesitges.com\/sail-team-bcn-elige-el-port-de-sitges-como-base-de-entrenamiento-para-la-youth-puig-womans-americas-cup\/","name":"Sitges acollir\u00e0 l\u2019equip femen\u00ed i juvenil espanyol que competir\u00e0 a la Youth & Puig Women\u2019s America\u2019s Cup","isPartOf":{"@id":"https:\/\/www.portdesitges.com\/#website"},"primaryImageOfPage":{"@id":"https:\/\/www.portdesitges.com\/sail-team-bcn-elige-el-port-de-sitges-como-base-de-entrenamiento-para-la-youth-puig-womans-americas-cup\/#primaryimage"},"image":{"@id":"https:\/\/www.portdesitges.com\/sail-team-bcn-elige-el-port-de-sitges-como-base-de-entrenamiento-para-la-youth-puig-womans-americas-cup\/#primaryimage"},"thumbnailUrl":"https:\/\/www.portdesitges.com\/wp-content\/uploads\/2023\/09\/Sail-Team-BCN-signing-3.png","datePublished":"2023-09-19T14:59:29+00:00","dateModified":"2023-09-19T15:12:13+00:00","author":{"@id":"https:\/\/www.portdesitges.com\/#\/schema\/person\/be98f3191d6c7bb6ccddc2e0ac4d861f"},"description":"Des de setembre Sitges passa a formar part de la 37a America's Cup, per la seva vinculaci\u00f3 amb l'Equip Femen\u00ed i Juvenil espanyol que competir\u00e0 en la Youth & PUIG Woman's America's Cup.","breadcrumb":{"@id":"https:\/\/www.portdesitges.com\/sail-team-bcn-elige-el-port-de-sitges-como-base-de-entrenamiento-para-la-youth-puig-womans-americas-cup\/#breadcrumb"},"inLanguage":"ca","potentialAction":[{"@type":"ReadAction","target":["https:\/\/www.portdesitges.com\/sail-team-bcn-elige-el-port-de-sitges-como-base-de-entrenamiento-para-la-youth-puig-womans-americas-cup\/"]}]},{"@type":"ImageObject","inLanguage":"ca","@id":"https:\/\/www.portdesitges.com\/sail-team-bcn-elige-el-port-de-sitges-como-base-de-entrenamiento-para-la-youth-puig-womans-americas-cup\/#primaryimage","url":"https:\/\/www.portdesitges.com\/wp-content\/uploads\/2023\/09\/Sail-Team-BCN-signing-3.png","contentUrl":"https:\/\/www.portdesitges.com\/wp-content\/uploads\/2023\/09\/Sail-Team-BCN-signing-3.png","width":1024,"height":768},{"@type":"BreadcrumbList","@id":"https:\/\/www.portdesitges.com\/sail-team-bcn-elige-el-port-de-sitges-como-base-de-entrenamiento-para-la-youth-puig-womans-americas-cup\/#breadcrumb","itemListElement":[{"@type":"ListItem","position":1,"name":"Portada","item":"https:\/\/www.portdesitges.com\/ca\/"},{"@type":"ListItem","position":2,"name":"Sitges acollir\u00e0 l\u2019equip femen\u00ed i juvenil espanyol que competir\u00e0 a la Youth &#038; Puig Women\u2019s America\u2019s Cup"}]},{"@type":"WebSite","@id":"https:\/\/www.portdesitges.com\/#website","url":"https:\/\/www.portdesitges.com\/","name":"Port de Sitges - Aiguadol\u00e7","description":"lugar donde el mar y la tierra se dan de la mano para crear un espacio \u00fanico y atractivo. Disfruta de un mar de experiencias.","potentialAction":[{"@type":"SearchAction","target":{"@type":"EntryPoint","urlTemplate":"https:\/\/www.portdesitges.com\/?s={search_term_string}"},"query-input":{"@type":"PropertyValueSpecification","valueRequired":true,"valueName":"search_term_string"}}],"inLanguage":"ca"},{"@type":"Person","@id":"https:\/\/www.portdesitges.com\/#\/schema\/person\/be98f3191d6c7bb6ccddc2e0ac4d861f","name":"S\u00f2nia Felip","image":{"@type":"ImageObject","inLanguage":"ca","@id":"https:\/\/secure.gravatar.com\/avatar\/3f5abf961091eed8bea1ba4a0fb5f78e0c728f907fe0cf722e81af4aa82939db?s=96&d=mm&r=g","url":"https:\/\/secure.gravatar.com\/avatar\/3f5abf961091eed8bea1ba4a0fb5f78e0c728f907fe0cf722e81af4aa82939db?s=96&d=mm&r=g","contentUrl":"https:\/\/secure.gravatar.com\/avatar\/3f5abf961091eed8bea1ba4a0fb5f78e0c728f907fe0cf722e81af4aa82939db?s=96&d=mm&r=g","caption":"S\u00f2nia Felip"},"url":"https:\/\/www.portdesitges.com\/ca\/author\/sonia\/"}]}},"_links":{"self":[{"href":"https:\/\/www.portdesitges.com\/ca\/wp-json\/wp\/v2\/posts\/17169","targetHints":{"allow":["GET"]}}],"collection":[{"href":"https:\/\/www.portdesitges.com\/ca\/wp-json\/wp\/v2\/posts"}],"about":[{"href":"https:\/\/www.portdesitges.com\/ca\/wp-json\/wp\/v2\/types\/post"}],"author":[{"embeddable":true,"href":"https:\/\/www.portdesitges.com\/ca\/wp-json\/wp\/v2\/users\/3"}],"replies":[{"embeddable":true,"href":"https:\/\/www.portdesitges.com\/ca\/wp-json\/wp\/v2\/comments?post=17169"}],"version-history":[{"count":3,"href":"https:\/\/www.portdesitges.com\/ca\/wp-json\/wp\/v2\/posts\/17169\/revisions"}],"predecessor-version":[{"id":17190,"href":"https:\/\/www.portdesitges.com\/ca\/wp-json\/wp\/v2\/posts\/17169\/revisions\/17190"}],"wp:featuredmedia":[{"embeddable":true,"href":"https:\/\/www.portdesitges.com\/ca\/wp-json\/wp\/v2\/media\/17172"}],"wp:attachment":[{"href":"https:\/\/www.portdesitges.com\/ca\/wp-json\/wp\/v2\/media?parent=17169"}],"wp:term":[{"taxonomy":"category","embeddable":true,"href":"https:\/\/www.portdesitges.com\/ca\/wp-json\/wp\/v2\/categories?post=17169"},{"taxonomy":"post_tag","embeddable":true,"href":"https:\/\/www.portdesitges.com\/ca\/wp-json\/wp\/v2\/tags?post=17169"}],"curies":[{"name":"wp","href":"https:\/\/api.w.org\/{rel}","templated":true}]}}