{"id":16156,"date":"2022-09-22T08:09:23","date_gmt":"2022-09-22T08:09:23","guid":{"rendered":"https:\/\/www.portdesitges.com\/?p=16156"},"modified":"2022-09-22T08:10:00","modified_gmt":"2022-09-22T08:10:00","slug":"el-port-i-el-festival-de-cinema-fusionen-lesperit-cultural-i-artistic-del-jovent","status":"publish","type":"post","link":"https:\/\/www.portdesitges.com\/ca\/el-port-i-el-festival-de-cinema-fusionen-lesperit-cultural-i-artistic-del-jovent\/","title":{"rendered":"El Port i el Festival de Cinema fusionen l&#8217;esperit cultural i art\u00edstic del jovent"},"content":{"rendered":"\n<p>Les parets del Moll de Llevant\nseran, un cop m\u00e9s, l\u2019escenari d\u2019una nova edici\u00f3 del concurs de grafits\nFantastic Street Art, que pret\u00e9n atreure la creativitat del jovent. Els autors\ndels esbossos seleccionats en un concurs muntat per a l\u2019ocasi\u00f3, pintaran les\nseves creacions a les parets del Port, el pr\u00f2xim dissabte 8 d\u2019octubre, de 10 a\n18 hores.<\/p>\n\n\n\n<p>Al concurs hi poden participar\ntots els menors de 39 anys i han de presentar les seves obres, abans del 26 de\nsetembre, a sitgesfilmfestival.live. Cada participant podr\u00e0 presentar fins a\ndos esbossos in\u00e8dits i originals del treball presentat al Concurs. Els esbossos\ns&#8217;hauran de lliurar per correu en PDF a l&#8217;Espai Jove de Sitges a\njoventut@sitges.cat. Els esbossos seran presentats en format DIN A4, a color i\nen format horitzontal o vertical. La tem\u00e0tica del dibuix ser\u00e0 el cinema\nfant\u00e0stic o de terror o b\u00e9 el motiu principal de l\u2019edici\u00f3 del Festival\nd\u2019enguany: L\u2019exploraci\u00f3 del metavers.<\/p>\n\n\n\n<p>Tots aquells\nesbossos seleccionats seran pintats pels seus autors al Port de Sitges,\non es fusionar\u00e0 l&#8217;esperit cultural i art\u00edstic del jovent amb el Festival de\nCinema.<\/p>\n","protected":false},"excerpt":{"rendered":"<p>Les parets del Moll de Llevant seran, un cop m\u00e9s, l\u2019escenari d\u2019una nova edici\u00f3 del concurs de grafits Fantastic Street Art, que pret\u00e9n atreure la creativitat del jovent. Els autors&#8230;<\/p>\n","protected":false},"author":1,"featured_media":16157,"comment_status":"open","ping_status":"open","sticky":false,"template":"","format":"standard","meta":{"footnotes":""},"categories":[62],"tags":[],"class_list":{"0":"post-16156","1":"post","2":"type-post","3":"status-publish","4":"format-standard","5":"has-post-thumbnail","7":"category-noticias-ca"},"yoast_head":"<!-- This site is optimized with the Yoast SEO plugin v27.3 - https:\/\/yoast.com\/product\/yoast-seo-wordpress\/ -->\n<title>El Port i el Festival de Cinema fusionen l&#039;esperit cultural i art\u00edstic del jovent - Port de Sitges - Aiguadol\u00e7<\/title>\n<meta name=\"robots\" content=\"index, follow, max-snippet:-1, max-image-preview:large, max-video-preview:-1\" \/>\n<link rel=\"canonical\" href=\"https:\/\/www.portdesitges.com\/ca\/el-port-i-el-festival-de-cinema-fusionen-lesperit-cultural-i-artistic-del-jovent\/\" \/>\n<meta property=\"og:locale\" content=\"ca_ES\" \/>\n<meta property=\"og:type\" content=\"article\" \/>\n<meta property=\"og:title\" content=\"El Port i el Festival de Cinema fusionen l&#039;esperit cultural i art\u00edstic del jovent - Port de Sitges - Aiguadol\u00e7\" \/>\n<meta property=\"og:description\" content=\"Les parets del Moll de Llevant seran, un cop m\u00e9s, l\u2019escenari d\u2019una nova edici\u00f3 del concurs de grafits Fantastic Street Art, que pret\u00e9n atreure la creativitat del jovent. Els autors...\" \/>\n<meta property=\"og:url\" content=\"https:\/\/www.portdesitges.com\/ca\/el-port-i-el-festival-de-cinema-fusionen-lesperit-cultural-i-artistic-del-jovent\/\" \/>\n<meta property=\"og:site_name\" content=\"Port de Sitges - Aiguadol\u00e7\" \/>\n<meta property=\"article:published_time\" content=\"2022-09-22T08:09:23+00:00\" \/>\n<meta property=\"article:modified_time\" content=\"2022-09-22T08:10:00+00:00\" \/>\n<meta property=\"og:image\" content=\"https:\/\/www.portdesitges.com\/wp-content\/uploads\/2022\/09\/WhatsApp-Image-2022-09-20-at-17.08.42.jpeg\" \/>\n\t<meta property=\"og:image:width\" content=\"1600\" \/>\n\t<meta property=\"og:image:height\" content=\"1067\" \/>\n\t<meta property=\"og:image:type\" content=\"image\/jpeg\" \/>\n<meta name=\"author\" content=\"admin\" \/>\n<meta name=\"twitter:card\" content=\"summary_large_image\" \/>\n<meta name=\"twitter:label1\" content=\"Escrit per\" \/>\n\t<meta name=\"twitter:data1\" content=\"admin\" \/>\n\t<meta name=\"twitter:label2\" content=\"Temps estimat de lectura\" \/>\n\t<meta name=\"twitter:data2\" content=\"1 minut\" \/>\n<script type=\"application\/ld+json\" class=\"yoast-schema-graph\">{\"@context\":\"https:\\\/\\\/schema.org\",\"@graph\":[{\"@type\":\"Article\",\"@id\":\"https:\\\/\\\/www.portdesitges.com\\\/ca\\\/el-port-i-el-festival-de-cinema-fusionen-lesperit-cultural-i-artistic-del-jovent\\\/#article\",\"isPartOf\":{\"@id\":\"https:\\\/\\\/www.portdesitges.com\\\/ca\\\/el-port-i-el-festival-de-cinema-fusionen-lesperit-cultural-i-artistic-del-jovent\\\/\"},\"author\":{\"name\":\"admin\",\"@id\":\"https:\\\/\\\/www.portdesitges.com\\\/#\\\/schema\\\/person\\\/1eefc99f5083e56db6bd643d0e8649fd\"},\"headline\":\"El Port i el Festival de Cinema fusionen l&#8217;esperit cultural i art\u00edstic del jovent\",\"datePublished\":\"2022-09-22T08:09:23+00:00\",\"dateModified\":\"2022-09-22T08:10:00+00:00\",\"mainEntityOfPage\":{\"@id\":\"https:\\\/\\\/www.portdesitges.com\\\/ca\\\/el-port-i-el-festival-de-cinema-fusionen-lesperit-cultural-i-artistic-del-jovent\\\/\"},\"wordCount\":214,\"commentCount\":0,\"image\":{\"@id\":\"https:\\\/\\\/www.portdesitges.com\\\/ca\\\/el-port-i-el-festival-de-cinema-fusionen-lesperit-cultural-i-artistic-del-jovent\\\/#primaryimage\"},\"thumbnailUrl\":\"https:\\\/\\\/www.portdesitges.com\\\/wp-content\\\/uploads\\\/2022\\\/09\\\/WhatsApp-Image-2022-09-20-at-17.08.42.jpeg\",\"articleSection\":[\"Not\u00edcias\"],\"inLanguage\":\"ca\",\"potentialAction\":[{\"@type\":\"CommentAction\",\"name\":\"Comment\",\"target\":[\"https:\\\/\\\/www.portdesitges.com\\\/ca\\\/el-port-i-el-festival-de-cinema-fusionen-lesperit-cultural-i-artistic-del-jovent\\\/#respond\"]}]},{\"@type\":\"WebPage\",\"@id\":\"https:\\\/\\\/www.portdesitges.com\\\/ca\\\/el-port-i-el-festival-de-cinema-fusionen-lesperit-cultural-i-artistic-del-jovent\\\/\",\"url\":\"https:\\\/\\\/www.portdesitges.com\\\/ca\\\/el-port-i-el-festival-de-cinema-fusionen-lesperit-cultural-i-artistic-del-jovent\\\/\",\"name\":\"El Port i el Festival de Cinema fusionen l'esperit cultural i art\u00edstic del jovent - Port de Sitges - Aiguadol\u00e7\",\"isPartOf\":{\"@id\":\"https:\\\/\\\/www.portdesitges.com\\\/#website\"},\"primaryImageOfPage\":{\"@id\":\"https:\\\/\\\/www.portdesitges.com\\\/ca\\\/el-port-i-el-festival-de-cinema-fusionen-lesperit-cultural-i-artistic-del-jovent\\\/#primaryimage\"},\"image\":{\"@id\":\"https:\\\/\\\/www.portdesitges.com\\\/ca\\\/el-port-i-el-festival-de-cinema-fusionen-lesperit-cultural-i-artistic-del-jovent\\\/#primaryimage\"},\"thumbnailUrl\":\"https:\\\/\\\/www.portdesitges.com\\\/wp-content\\\/uploads\\\/2022\\\/09\\\/WhatsApp-Image-2022-09-20-at-17.08.42.jpeg\",\"datePublished\":\"2022-09-22T08:09:23+00:00\",\"dateModified\":\"2022-09-22T08:10:00+00:00\",\"author\":{\"@id\":\"https:\\\/\\\/www.portdesitges.com\\\/#\\\/schema\\\/person\\\/1eefc99f5083e56db6bd643d0e8649fd\"},\"breadcrumb\":{\"@id\":\"https:\\\/\\\/www.portdesitges.com\\\/ca\\\/el-port-i-el-festival-de-cinema-fusionen-lesperit-cultural-i-artistic-del-jovent\\\/#breadcrumb\"},\"inLanguage\":\"ca\",\"potentialAction\":[{\"@type\":\"ReadAction\",\"target\":[\"https:\\\/\\\/www.portdesitges.com\\\/ca\\\/el-port-i-el-festival-de-cinema-fusionen-lesperit-cultural-i-artistic-del-jovent\\\/\"]}]},{\"@type\":\"ImageObject\",\"inLanguage\":\"ca\",\"@id\":\"https:\\\/\\\/www.portdesitges.com\\\/ca\\\/el-port-i-el-festival-de-cinema-fusionen-lesperit-cultural-i-artistic-del-jovent\\\/#primaryimage\",\"url\":\"https:\\\/\\\/www.portdesitges.com\\\/wp-content\\\/uploads\\\/2022\\\/09\\\/WhatsApp-Image-2022-09-20-at-17.08.42.jpeg\",\"contentUrl\":\"https:\\\/\\\/www.portdesitges.com\\\/wp-content\\\/uploads\\\/2022\\\/09\\\/WhatsApp-Image-2022-09-20-at-17.08.42.jpeg\",\"width\":1600,\"height\":1067},{\"@type\":\"BreadcrumbList\",\"@id\":\"https:\\\/\\\/www.portdesitges.com\\\/ca\\\/el-port-i-el-festival-de-cinema-fusionen-lesperit-cultural-i-artistic-del-jovent\\\/#breadcrumb\",\"itemListElement\":[{\"@type\":\"ListItem\",\"position\":1,\"name\":\"Portada\",\"item\":\"https:\\\/\\\/www.portdesitges.com\\\/ca\\\/\"},{\"@type\":\"ListItem\",\"position\":2,\"name\":\"El Port i el Festival de Cinema fusionen l&#8217;esperit cultural i art\u00edstic del jovent\"}]},{\"@type\":\"WebSite\",\"@id\":\"https:\\\/\\\/www.portdesitges.com\\\/#website\",\"url\":\"https:\\\/\\\/www.portdesitges.com\\\/\",\"name\":\"Port de Sitges - Aiguadol\u00e7\",\"description\":\"lugar donde el mar y la tierra se dan de la mano para crear un espacio \u00fanico y atractivo. Disfruta de un mar de experiencias.\",\"potentialAction\":[{\"@type\":\"SearchAction\",\"target\":{\"@type\":\"EntryPoint\",\"urlTemplate\":\"https:\\\/\\\/www.portdesitges.com\\\/?s={search_term_string}\"},\"query-input\":{\"@type\":\"PropertyValueSpecification\",\"valueRequired\":true,\"valueName\":\"search_term_string\"}}],\"inLanguage\":\"ca\"},{\"@type\":\"Person\",\"@id\":\"https:\\\/\\\/www.portdesitges.com\\\/#\\\/schema\\\/person\\\/1eefc99f5083e56db6bd643d0e8649fd\",\"name\":\"admin\",\"image\":{\"@type\":\"ImageObject\",\"inLanguage\":\"ca\",\"@id\":\"https:\\\/\\\/secure.gravatar.com\\\/avatar\\\/2db7db7d08053efc6bbf52674f99717837ec8d1dd72ce992247f1bade9278b82?s=96&d=mm&r=g\",\"url\":\"https:\\\/\\\/secure.gravatar.com\\\/avatar\\\/2db7db7d08053efc6bbf52674f99717837ec8d1dd72ce992247f1bade9278b82?s=96&d=mm&r=g\",\"contentUrl\":\"https:\\\/\\\/secure.gravatar.com\\\/avatar\\\/2db7db7d08053efc6bbf52674f99717837ec8d1dd72ce992247f1bade9278b82?s=96&d=mm&r=g\",\"caption\":\"admin\"},\"url\":\"https:\\\/\\\/www.portdesitges.com\\\/ca\\\/author\\\/admin\\\/\"}]}<\/script>\n<!-- \/ Yoast SEO plugin. -->","yoast_head_json":{"title":"El Port i el Festival de Cinema fusionen l'esperit cultural i art\u00edstic del jovent - Port de Sitges - Aiguadol\u00e7","robots":{"index":"index","follow":"follow","max-snippet":"max-snippet:-1","max-image-preview":"max-image-preview:large","max-video-preview":"max-video-preview:-1"},"canonical":"https:\/\/www.portdesitges.com\/ca\/el-port-i-el-festival-de-cinema-fusionen-lesperit-cultural-i-artistic-del-jovent\/","og_locale":"ca_ES","og_type":"article","og_title":"El Port i el Festival de Cinema fusionen l'esperit cultural i art\u00edstic del jovent - Port de Sitges - Aiguadol\u00e7","og_description":"Les parets del Moll de Llevant seran, un cop m\u00e9s, l\u2019escenari d\u2019una nova edici\u00f3 del concurs de grafits Fantastic Street Art, que pret\u00e9n atreure la creativitat del jovent. Els autors...","og_url":"https:\/\/www.portdesitges.com\/ca\/el-port-i-el-festival-de-cinema-fusionen-lesperit-cultural-i-artistic-del-jovent\/","og_site_name":"Port de Sitges - Aiguadol\u00e7","article_published_time":"2022-09-22T08:09:23+00:00","article_modified_time":"2022-09-22T08:10:00+00:00","og_image":[{"width":1600,"height":1067,"url":"https:\/\/www.portdesitges.com\/wp-content\/uploads\/2022\/09\/WhatsApp-Image-2022-09-20-at-17.08.42.jpeg","type":"image\/jpeg"}],"author":"admin","twitter_card":"summary_large_image","twitter_misc":{"Escrit per":"admin","Temps estimat de lectura":"1 minut"},"schema":{"@context":"https:\/\/schema.org","@graph":[{"@type":"Article","@id":"https:\/\/www.portdesitges.com\/ca\/el-port-i-el-festival-de-cinema-fusionen-lesperit-cultural-i-artistic-del-jovent\/#article","isPartOf":{"@id":"https:\/\/www.portdesitges.com\/ca\/el-port-i-el-festival-de-cinema-fusionen-lesperit-cultural-i-artistic-del-jovent\/"},"author":{"name":"admin","@id":"https:\/\/www.portdesitges.com\/#\/schema\/person\/1eefc99f5083e56db6bd643d0e8649fd"},"headline":"El Port i el Festival de Cinema fusionen l&#8217;esperit cultural i art\u00edstic del jovent","datePublished":"2022-09-22T08:09:23+00:00","dateModified":"2022-09-22T08:10:00+00:00","mainEntityOfPage":{"@id":"https:\/\/www.portdesitges.com\/ca\/el-port-i-el-festival-de-cinema-fusionen-lesperit-cultural-i-artistic-del-jovent\/"},"wordCount":214,"commentCount":0,"image":{"@id":"https:\/\/www.portdesitges.com\/ca\/el-port-i-el-festival-de-cinema-fusionen-lesperit-cultural-i-artistic-del-jovent\/#primaryimage"},"thumbnailUrl":"https:\/\/www.portdesitges.com\/wp-content\/uploads\/2022\/09\/WhatsApp-Image-2022-09-20-at-17.08.42.jpeg","articleSection":["Not\u00edcias"],"inLanguage":"ca","potentialAction":[{"@type":"CommentAction","name":"Comment","target":["https:\/\/www.portdesitges.com\/ca\/el-port-i-el-festival-de-cinema-fusionen-lesperit-cultural-i-artistic-del-jovent\/#respond"]}]},{"@type":"WebPage","@id":"https:\/\/www.portdesitges.com\/ca\/el-port-i-el-festival-de-cinema-fusionen-lesperit-cultural-i-artistic-del-jovent\/","url":"https:\/\/www.portdesitges.com\/ca\/el-port-i-el-festival-de-cinema-fusionen-lesperit-cultural-i-artistic-del-jovent\/","name":"El Port i el Festival de Cinema fusionen l'esperit cultural i art\u00edstic del jovent - Port de Sitges - Aiguadol\u00e7","isPartOf":{"@id":"https:\/\/www.portdesitges.com\/#website"},"primaryImageOfPage":{"@id":"https:\/\/www.portdesitges.com\/ca\/el-port-i-el-festival-de-cinema-fusionen-lesperit-cultural-i-artistic-del-jovent\/#primaryimage"},"image":{"@id":"https:\/\/www.portdesitges.com\/ca\/el-port-i-el-festival-de-cinema-fusionen-lesperit-cultural-i-artistic-del-jovent\/#primaryimage"},"thumbnailUrl":"https:\/\/www.portdesitges.com\/wp-content\/uploads\/2022\/09\/WhatsApp-Image-2022-09-20-at-17.08.42.jpeg","datePublished":"2022-09-22T08:09:23+00:00","dateModified":"2022-09-22T08:10:00+00:00","author":{"@id":"https:\/\/www.portdesitges.com\/#\/schema\/person\/1eefc99f5083e56db6bd643d0e8649fd"},"breadcrumb":{"@id":"https:\/\/www.portdesitges.com\/ca\/el-port-i-el-festival-de-cinema-fusionen-lesperit-cultural-i-artistic-del-jovent\/#breadcrumb"},"inLanguage":"ca","potentialAction":[{"@type":"ReadAction","target":["https:\/\/www.portdesitges.com\/ca\/el-port-i-el-festival-de-cinema-fusionen-lesperit-cultural-i-artistic-del-jovent\/"]}]},{"@type":"ImageObject","inLanguage":"ca","@id":"https:\/\/www.portdesitges.com\/ca\/el-port-i-el-festival-de-cinema-fusionen-lesperit-cultural-i-artistic-del-jovent\/#primaryimage","url":"https:\/\/www.portdesitges.com\/wp-content\/uploads\/2022\/09\/WhatsApp-Image-2022-09-20-at-17.08.42.jpeg","contentUrl":"https:\/\/www.portdesitges.com\/wp-content\/uploads\/2022\/09\/WhatsApp-Image-2022-09-20-at-17.08.42.jpeg","width":1600,"height":1067},{"@type":"BreadcrumbList","@id":"https:\/\/www.portdesitges.com\/ca\/el-port-i-el-festival-de-cinema-fusionen-lesperit-cultural-i-artistic-del-jovent\/#breadcrumb","itemListElement":[{"@type":"ListItem","position":1,"name":"Portada","item":"https:\/\/www.portdesitges.com\/ca\/"},{"@type":"ListItem","position":2,"name":"El Port i el Festival de Cinema fusionen l&#8217;esperit cultural i art\u00edstic del jovent"}]},{"@type":"WebSite","@id":"https:\/\/www.portdesitges.com\/#website","url":"https:\/\/www.portdesitges.com\/","name":"Port de Sitges - Aiguadol\u00e7","description":"lugar donde el mar y la tierra se dan de la mano para crear un espacio \u00fanico y atractivo. Disfruta de un mar de experiencias.","potentialAction":[{"@type":"SearchAction","target":{"@type":"EntryPoint","urlTemplate":"https:\/\/www.portdesitges.com\/?s={search_term_string}"},"query-input":{"@type":"PropertyValueSpecification","valueRequired":true,"valueName":"search_term_string"}}],"inLanguage":"ca"},{"@type":"Person","@id":"https:\/\/www.portdesitges.com\/#\/schema\/person\/1eefc99f5083e56db6bd643d0e8649fd","name":"admin","image":{"@type":"ImageObject","inLanguage":"ca","@id":"https:\/\/secure.gravatar.com\/avatar\/2db7db7d08053efc6bbf52674f99717837ec8d1dd72ce992247f1bade9278b82?s=96&d=mm&r=g","url":"https:\/\/secure.gravatar.com\/avatar\/2db7db7d08053efc6bbf52674f99717837ec8d1dd72ce992247f1bade9278b82?s=96&d=mm&r=g","contentUrl":"https:\/\/secure.gravatar.com\/avatar\/2db7db7d08053efc6bbf52674f99717837ec8d1dd72ce992247f1bade9278b82?s=96&d=mm&r=g","caption":"admin"},"url":"https:\/\/www.portdesitges.com\/ca\/author\/admin\/"}]}},"_links":{"self":[{"href":"https:\/\/www.portdesitges.com\/ca\/wp-json\/wp\/v2\/posts\/16156","targetHints":{"allow":["GET"]}}],"collection":[{"href":"https:\/\/www.portdesitges.com\/ca\/wp-json\/wp\/v2\/posts"}],"about":[{"href":"https:\/\/www.portdesitges.com\/ca\/wp-json\/wp\/v2\/types\/post"}],"author":[{"embeddable":true,"href":"https:\/\/www.portdesitges.com\/ca\/wp-json\/wp\/v2\/users\/1"}],"replies":[{"embeddable":true,"href":"https:\/\/www.portdesitges.com\/ca\/wp-json\/wp\/v2\/comments?post=16156"}],"version-history":[{"count":1,"href":"https:\/\/www.portdesitges.com\/ca\/wp-json\/wp\/v2\/posts\/16156\/revisions"}],"predecessor-version":[{"id":16161,"href":"https:\/\/www.portdesitges.com\/ca\/wp-json\/wp\/v2\/posts\/16156\/revisions\/16161"}],"wp:featuredmedia":[{"embeddable":true,"href":"https:\/\/www.portdesitges.com\/ca\/wp-json\/wp\/v2\/media\/16157"}],"wp:attachment":[{"href":"https:\/\/www.portdesitges.com\/ca\/wp-json\/wp\/v2\/media?parent=16156"}],"wp:term":[{"taxonomy":"category","embeddable":true,"href":"https:\/\/www.portdesitges.com\/ca\/wp-json\/wp\/v2\/categories?post=16156"},{"taxonomy":"post_tag","embeddable":true,"href":"https:\/\/www.portdesitges.com\/ca\/wp-json\/wp\/v2\/tags?post=16156"}],"curies":[{"name":"wp","href":"https:\/\/api.w.org\/{rel}","templated":true}]}}