{"id":16141,"date":"2022-09-15T09:55:12","date_gmt":"2022-09-15T09:55:12","guid":{"rendered":"https:\/\/www.portdesitges.com\/?p=16141"},"modified":"2022-09-15T13:13:41","modified_gmt":"2022-09-15T13:13:41","slug":"sitges-arriba-a-la-final-com-a-millor-poble-cultural-de-catalunya","status":"publish","type":"post","link":"https:\/\/www.portdesitges.com\/ca\/sitges-arriba-a-la-final-com-a-millor-poble-cultural-de-catalunya\/","title":{"rendered":"Sitges arriba a la final com a Millor Poble Cultural de Catalunya"},"content":{"rendered":"[vc_row type=&#8221;in_container&#8221; full_screen_row_position=&#8221;middle&#8221; column_margin=&#8221;default&#8221; scene_position=&#8221;center&#8221; text_color=&#8221;dark&#8221; text_align=&#8221;left&#8221; overlay_strength=&#8221;0.3&#8243; shape_divider_position=&#8221;bottom&#8221; bg_image_animation=&#8221;none&#8221;][vc_column column_padding=&#8221;no-extra-padding&#8221; column_padding_position=&#8221;all&#8221; background_color_opacity=&#8221;1&#8243; background_hover_color_opacity=&#8221;1&#8243; column_link_target=&#8221;_self&#8221; column_shadow=&#8221;none&#8221; column_border_radius=&#8221;none&#8221; width=&#8221;1\/1&#8243; tablet_width_inherit=&#8221;default&#8221; tablet_text_alignment=&#8221;default&#8221; phone_text_alignment=&#8221;default&#8221; overlay_strength=&#8221;0.3&#8243; column_border_width=&#8221;none&#8221; column_border_style=&#8221;solid&#8221; bg_image_animation=&#8221;none&#8221;][vc_column_text]Sitges \u00e9s finalista al Millor Poble Cultural de Catalunya, en el concurs convocat per Prensa Ib\u00e9rica, editora del diari Sport, El Peri\u00f3dico, el Diari de Girona o Regi\u00f3 7, entre altres. La vila comparteix categoria amb Arb\u00facies i amb Calonge i Sant Antoni. L\u2019organitzaci\u00f3 ha obert les votacions al p\u00fablic en general i nom\u00e9s cal entrar a l\u2019enlla\u00e7 https:\/\/www.millorpoble.cat\/pueblo\/sitges\/ i clicar el bot\u00f3 \u2018Votar\u2019, fins al 22 de setembre.<\/p>\n<p>Per arribar a ser finalista, s\u2019ha valorat de Sitges el llegat cultural, el calendari d\u2019activitats i esdeveniments anuals, i el patrimoni modernista de la localitat. El Port de Sitges col\u00b7labora culturalment amb els Concerts de Mitjanit, que han tornat despr\u00e9s de dos anys de pand\u00e8mia amb m\u00e9s for\u00e7a que mai. Una \u00e0mplia oferta que pret\u00e9n acostar la m\u00fasica en viu per a tots els p\u00fablics, que s\u2019han allargat durant un mes i mig.<\/p>\n<p>El Port tamb\u00e9 participa al Sitges &#8211; Festival Internacional de Cinema Fant\u00e0stic de Catalunya, que posiciona la vila internacionalment, i el concurs d&#8217;art urb\u00e0, entre altres. Altrament, tamb\u00e9 \u00e9s reconeguda l\u2019\u00e0mplia gastronomia d\u2019Aiguadol\u00e7 i el poblat mariner, que s&#8217;espera que pr\u00f2ximament se li atorgui el B\u00e9 Cultural d&#8217;Inter\u00e8s Local (BCIL).<\/p>\n<p>Els organitzadors del concurs valoren que \u201cSitges s\u2019ha consolidat com una de les principals destinacions tur\u00edstiques catalanes i \u00e9s reconegut arreu per la seva oferta global i singular\u201d. Prensa Ib\u00e9rica emfatitza que la vila t\u00e9 \u201c17 km de costa i 26 platges, una intensa i fruct\u00edfera relaci\u00f3 amb el m\u00f3n cultural, 5 museus i centres d\u2019interpretaci\u00f3 amb m\u00e9s de 13.000 obres d\u2019art, l\u2019animaci\u00f3 de les seves nits, una deliciosa gastronomia, una oferta comercial personalitzada i que qualitat, 3 ports esportius i un camp de golf davant el mar, la perviv\u00e8ncia de les seves tradicions i la m\u00e9s alta qualitat i excel\u00b7l\u00e8ncia en els seus serveis\u201d.[\/vc_column_text][\/vc_column][\/vc_row][vc_row type=&#8221;in_container&#8221; full_screen_row_position=&#8221;middle&#8221; column_margin=&#8221;default&#8221; scene_position=&#8221;center&#8221; text_color=&#8221;dark&#8221; text_align=&#8221;left&#8221; overlay_strength=&#8221;0.3&#8243; shape_divider_position=&#8221;bottom&#8221; bg_image_animation=&#8221;none&#8221;][vc_column column_padding=&#8221;no-extra-padding&#8221; column_padding_position=&#8221;all&#8221; background_color_opacity=&#8221;1&#8243; background_hover_color_opacity=&#8221;1&#8243; column_link_target=&#8221;_self&#8221; column_shadow=&#8221;none&#8221; column_border_radius=&#8221;none&#8221; width=&#8221;1\/3&#8243; tablet_width_inherit=&#8221;default&#8221; tablet_text_alignment=&#8221;default&#8221; phone_text_alignment=&#8221;default&#8221; overlay_strength=&#8221;0.3&#8243; column_border_width=&#8221;none&#8221; column_border_style=&#8221;solid&#8221; bg_image_animation=&#8221;none&#8221;][\/vc_column][vc_column column_padding=&#8221;no-extra-padding&#8221; column_padding_position=&#8221;all&#8221; background_color_opacity=&#8221;1&#8243; background_hover_color_opacity=&#8221;1&#8243; column_link_target=&#8221;_self&#8221; column_shadow=&#8221;none&#8221; column_border_radius=&#8221;none&#8221; width=&#8221;1\/3&#8243; tablet_width_inherit=&#8221;default&#8221; tablet_text_alignment=&#8221;default&#8221; phone_text_alignment=&#8221;default&#8221; overlay_strength=&#8221;0.3&#8243; column_border_width=&#8221;none&#8221; column_border_style=&#8221;solid&#8221; bg_image_animation=&#8221;none&#8221;][image_with_animation image_url=&#8221;16149&#8243; alignment=&#8221;center&#8221; animation=&#8221;Fade In&#8221; hover_animation=&#8221;none&#8221; border_radius=&#8221;none&#8221; box_shadow=&#8221;none&#8221; image_loading=&#8221;default&#8221; max_width=&#8221;100%&#8221; max_width_mobile=&#8221;default&#8221;][\/vc_column][vc_column column_padding=&#8221;no-extra-padding&#8221; column_padding_position=&#8221;all&#8221; background_color_opacity=&#8221;1&#8243; background_hover_color_opacity=&#8221;1&#8243; column_link_target=&#8221;_self&#8221; column_shadow=&#8221;none&#8221; column_border_radius=&#8221;none&#8221; width=&#8221;1\/3&#8243; tablet_width_inherit=&#8221;default&#8221; tablet_text_alignment=&#8221;default&#8221; phone_text_alignment=&#8221;default&#8221; overlay_strength=&#8221;0.3&#8243; column_border_width=&#8221;none&#8221; column_border_style=&#8221;solid&#8221; bg_image_animation=&#8221;none&#8221;][\/vc_column][\/vc_row][vc_row type=&#8221;in_container&#8221; full_screen_row_position=&#8221;middle&#8221; column_margin=&#8221;default&#8221; scene_position=&#8221;center&#8221; text_color=&#8221;dark&#8221; text_align=&#8221;left&#8221; overlay_strength=&#8221;0.3&#8243; shape_divider_position=&#8221;bottom&#8221; bg_image_animation=&#8221;none&#8221;][vc_column column_padding=&#8221;no-extra-padding&#8221; column_padding_position=&#8221;all&#8221; background_color_opacity=&#8221;1&#8243; background_hover_color_opacity=&#8221;1&#8243; column_link_target=&#8221;_self&#8221; column_shadow=&#8221;none&#8221; column_border_radius=&#8221;none&#8221; width=&#8221;1\/1&#8243; tablet_width_inherit=&#8221;default&#8221; tablet_text_alignment=&#8221;default&#8221; phone_text_alignment=&#8221;default&#8221; overlay_strength=&#8221;0.3&#8243; column_border_width=&#8221;none&#8221; column_border_style=&#8221;solid&#8221; bg_image_animation=&#8221;none&#8221;][vc_column_text][\/ vc_column] [\/ vc_row][\/vc_column_text][\/vc_column][\/vc_row]\n","protected":false},"excerpt":{"rendered":"<p>[vc_row type=&#8221;in_container&#8221; full_screen_row_position=&#8221;middle&#8221; column_margin=&#8221;default&#8221; scene_position=&#8221;center&#8221; text_color=&#8221;dark&#8221; text_align=&#8221;left&#8221; overlay_strength=&#8221;0.3&#8243; shape_divider_position=&#8221;bottom&#8221; bg_image_animation=&#8221;none&#8221;][vc_column column_padding=&#8221;no-extra-padding&#8221; column_padding_position=&#8221;all&#8221; background_color_opacity=&#8221;1&#8243; background_hover_color_opacity=&#8221;1&#8243; column_link_target=&#8221;_self&#8221; column_shadow=&#8221;none&#8221; column_border_radius=&#8221;none&#8221; width=&#8221;1\/1&#8243; tablet_width_inherit=&#8221;default&#8221; tablet_text_alignment=&#8221;default&#8221; phone_text_alignment=&#8221;default&#8221; overlay_strength=&#8221;0.3&#8243; column_border_width=&#8221;none&#8221; column_border_style=&#8221;solid&#8221; bg_image_animation=&#8221;none&#8221;][vc_column_text]Sitges \u00e9s finalista al Millor Poble&#8230;<\/p>\n","protected":false},"author":3,"featured_media":16149,"comment_status":"closed","ping_status":"closed","sticky":false,"template":"","format":"standard","meta":{"footnotes":""},"categories":[62],"tags":[],"class_list":{"0":"post-16141","1":"post","2":"type-post","3":"status-publish","4":"format-standard","5":"has-post-thumbnail","7":"category-noticias-ca"},"yoast_head":"<!-- This site is optimized with the Yoast SEO plugin v27.3 - https:\/\/yoast.com\/product\/yoast-seo-wordpress\/ -->\n<title>Sitges arriba a la final com a Millor Poble Cultural de Catalunya<\/title>\n<meta name=\"description\" content=\"Sitges \u00e9s finalista al Millor Poble Cultural de Catalunya, en el concurs convocat per Prensa Ib\u00e9rica, editora del diari Sport, El Peri\u00f3dico, el Diari de Girona o Regi\u00f3 7, entre altres. La vila comparteix categoria amb Arb\u00facies i amb Calonge i Sant Antoni. L\u2019organitzaci\u00f3 ha obert les votacions al p\u00fablic en general i nom\u00e9s cal entrar a l\u2019enlla\u00e7 https:\/\/www.millorpoble.cat\/pueblo\/sitges\/ i clicar el bot\u00f3 \u2018Votar\u2019, fins al 22 de setembre.\" \/>\n<meta name=\"robots\" content=\"index, follow, max-snippet:-1, max-image-preview:large, max-video-preview:-1\" \/>\n<link rel=\"canonical\" href=\"https:\/\/www.portdesitges.com\/ca\/sitges-arriba-a-la-final-com-a-millor-poble-cultural-de-catalunya\/\" \/>\n<meta property=\"og:locale\" content=\"ca_ES\" \/>\n<meta property=\"og:type\" content=\"article\" \/>\n<meta property=\"og:title\" content=\"Sitges arriba a la final com a Millor Poble Cultural de Catalunya\" \/>\n<meta property=\"og:description\" content=\"Sitges \u00e9s finalista al Millor Poble Cultural de Catalunya, en el concurs convocat per Prensa Ib\u00e9rica, editora del diari Sport, El Peri\u00f3dico, el Diari de Girona o Regi\u00f3 7, entre altres. La vila comparteix categoria amb Arb\u00facies i amb Calonge i Sant Antoni. L\u2019organitzaci\u00f3 ha obert les votacions al p\u00fablic en general i nom\u00e9s cal entrar a l\u2019enlla\u00e7 https:\/\/www.millorpoble.cat\/pueblo\/sitges\/ i clicar el bot\u00f3 \u2018Votar\u2019, fins al 22 de setembre.\" \/>\n<meta property=\"og:url\" content=\"https:\/\/www.portdesitges.com\/ca\/sitges-arriba-a-la-final-com-a-millor-poble-cultural-de-catalunya\/\" \/>\n<meta property=\"og:site_name\" content=\"Port de Sitges - Aiguadol\u00e7\" \/>\n<meta property=\"article:published_time\" content=\"2022-09-15T09:55:12+00:00\" \/>\n<meta property=\"article:modified_time\" content=\"2022-09-15T13:13:41+00:00\" \/>\n<meta property=\"og:image\" content=\"https:\/\/www.portdesitges.com\/wp-content\/uploads\/2022\/09\/WhatsApp-Image-2022-09-15-at-12.08.27-PM.jpeg\" \/>\n\t<meta property=\"og:image:width\" content=\"773\" \/>\n\t<meta property=\"og:image:height\" content=\"580\" \/>\n\t<meta property=\"og:image:type\" content=\"image\/jpeg\" \/>\n<meta name=\"author\" content=\"S\u00f2nia Felip\" \/>\n<meta name=\"twitter:card\" content=\"summary_large_image\" \/>\n<meta name=\"twitter:label1\" content=\"Escrit per\" \/>\n\t<meta name=\"twitter:data1\" content=\"S\u00f2nia Felip\" \/>\n\t<meta name=\"twitter:label2\" content=\"Temps estimat de lectura\" \/>\n\t<meta name=\"twitter:data2\" content=\"4 minuts\" \/>\n<script type=\"application\/ld+json\" class=\"yoast-schema-graph\">{\"@context\":\"https:\\\/\\\/schema.org\",\"@graph\":[{\"@type\":\"Article\",\"@id\":\"https:\\\/\\\/www.portdesitges.com\\\/ca\\\/sitges-arriba-a-la-final-com-a-millor-poble-cultural-de-catalunya\\\/#article\",\"isPartOf\":{\"@id\":\"https:\\\/\\\/www.portdesitges.com\\\/ca\\\/sitges-arriba-a-la-final-com-a-millor-poble-cultural-de-catalunya\\\/\"},\"author\":{\"name\":\"S\u00f2nia Felip\",\"@id\":\"https:\\\/\\\/www.portdesitges.com\\\/#\\\/schema\\\/person\\\/be98f3191d6c7bb6ccddc2e0ac4d861f\"},\"headline\":\"Sitges arriba a la final com a Millor Poble Cultural de Catalunya\",\"datePublished\":\"2022-09-15T09:55:12+00:00\",\"dateModified\":\"2022-09-15T13:13:41+00:00\",\"mainEntityOfPage\":{\"@id\":\"https:\\\/\\\/www.portdesitges.com\\\/ca\\\/sitges-arriba-a-la-final-com-a-millor-poble-cultural-de-catalunya\\\/\"},\"wordCount\":772,\"image\":{\"@id\":\"https:\\\/\\\/www.portdesitges.com\\\/ca\\\/sitges-arriba-a-la-final-com-a-millor-poble-cultural-de-catalunya\\\/#primaryimage\"},\"thumbnailUrl\":\"https:\\\/\\\/www.portdesitges.com\\\/wp-content\\\/uploads\\\/2022\\\/09\\\/WhatsApp-Image-2022-09-15-at-12.08.27-PM.jpeg\",\"articleSection\":[\"Not\u00edcias\"],\"inLanguage\":\"ca\"},{\"@type\":\"WebPage\",\"@id\":\"https:\\\/\\\/www.portdesitges.com\\\/ca\\\/sitges-arriba-a-la-final-com-a-millor-poble-cultural-de-catalunya\\\/\",\"url\":\"https:\\\/\\\/www.portdesitges.com\\\/ca\\\/sitges-arriba-a-la-final-com-a-millor-poble-cultural-de-catalunya\\\/\",\"name\":\"Sitges arriba a la final com a Millor Poble Cultural de Catalunya\",\"isPartOf\":{\"@id\":\"https:\\\/\\\/www.portdesitges.com\\\/#website\"},\"primaryImageOfPage\":{\"@id\":\"https:\\\/\\\/www.portdesitges.com\\\/ca\\\/sitges-arriba-a-la-final-com-a-millor-poble-cultural-de-catalunya\\\/#primaryimage\"},\"image\":{\"@id\":\"https:\\\/\\\/www.portdesitges.com\\\/ca\\\/sitges-arriba-a-la-final-com-a-millor-poble-cultural-de-catalunya\\\/#primaryimage\"},\"thumbnailUrl\":\"https:\\\/\\\/www.portdesitges.com\\\/wp-content\\\/uploads\\\/2022\\\/09\\\/WhatsApp-Image-2022-09-15-at-12.08.27-PM.jpeg\",\"datePublished\":\"2022-09-15T09:55:12+00:00\",\"dateModified\":\"2022-09-15T13:13:41+00:00\",\"author\":{\"@id\":\"https:\\\/\\\/www.portdesitges.com\\\/#\\\/schema\\\/person\\\/be98f3191d6c7bb6ccddc2e0ac4d861f\"},\"description\":\"Sitges \u00e9s finalista al Millor Poble Cultural de Catalunya, en el concurs convocat per Prensa Ib\u00e9rica, editora del diari Sport, El Peri\u00f3dico, el Diari de Girona o Regi\u00f3 7, entre altres. La vila comparteix categoria amb Arb\u00facies i amb Calonge i Sant Antoni. L\u2019organitzaci\u00f3 ha obert les votacions al p\u00fablic en general i nom\u00e9s cal entrar a l\u2019enlla\u00e7 https:\\\/\\\/www.millorpoble.cat\\\/pueblo\\\/sitges\\\/ i clicar el bot\u00f3 \u2018Votar\u2019, fins al 22 de setembre.\",\"breadcrumb\":{\"@id\":\"https:\\\/\\\/www.portdesitges.com\\\/ca\\\/sitges-arriba-a-la-final-com-a-millor-poble-cultural-de-catalunya\\\/#breadcrumb\"},\"inLanguage\":\"ca\",\"potentialAction\":[{\"@type\":\"ReadAction\",\"target\":[\"https:\\\/\\\/www.portdesitges.com\\\/ca\\\/sitges-arriba-a-la-final-com-a-millor-poble-cultural-de-catalunya\\\/\"]}]},{\"@type\":\"ImageObject\",\"inLanguage\":\"ca\",\"@id\":\"https:\\\/\\\/www.portdesitges.com\\\/ca\\\/sitges-arriba-a-la-final-com-a-millor-poble-cultural-de-catalunya\\\/#primaryimage\",\"url\":\"https:\\\/\\\/www.portdesitges.com\\\/wp-content\\\/uploads\\\/2022\\\/09\\\/WhatsApp-Image-2022-09-15-at-12.08.27-PM.jpeg\",\"contentUrl\":\"https:\\\/\\\/www.portdesitges.com\\\/wp-content\\\/uploads\\\/2022\\\/09\\\/WhatsApp-Image-2022-09-15-at-12.08.27-PM.jpeg\",\"width\":773,\"height\":580},{\"@type\":\"BreadcrumbList\",\"@id\":\"https:\\\/\\\/www.portdesitges.com\\\/ca\\\/sitges-arriba-a-la-final-com-a-millor-poble-cultural-de-catalunya\\\/#breadcrumb\",\"itemListElement\":[{\"@type\":\"ListItem\",\"position\":1,\"name\":\"Portada\",\"item\":\"https:\\\/\\\/www.portdesitges.com\\\/ca\\\/\"},{\"@type\":\"ListItem\",\"position\":2,\"name\":\"Sitges arriba a la final com a Millor Poble Cultural de Catalunya\"}]},{\"@type\":\"WebSite\",\"@id\":\"https:\\\/\\\/www.portdesitges.com\\\/#website\",\"url\":\"https:\\\/\\\/www.portdesitges.com\\\/\",\"name\":\"Port de Sitges - Aiguadol\u00e7\",\"description\":\"lugar donde el mar y la tierra se dan de la mano para crear un espacio \u00fanico y atractivo. Disfruta de un mar de experiencias.\",\"potentialAction\":[{\"@type\":\"SearchAction\",\"target\":{\"@type\":\"EntryPoint\",\"urlTemplate\":\"https:\\\/\\\/www.portdesitges.com\\\/?s={search_term_string}\"},\"query-input\":{\"@type\":\"PropertyValueSpecification\",\"valueRequired\":true,\"valueName\":\"search_term_string\"}}],\"inLanguage\":\"ca\"},{\"@type\":\"Person\",\"@id\":\"https:\\\/\\\/www.portdesitges.com\\\/#\\\/schema\\\/person\\\/be98f3191d6c7bb6ccddc2e0ac4d861f\",\"name\":\"S\u00f2nia Felip\",\"image\":{\"@type\":\"ImageObject\",\"inLanguage\":\"ca\",\"@id\":\"https:\\\/\\\/secure.gravatar.com\\\/avatar\\\/3f5abf961091eed8bea1ba4a0fb5f78e0c728f907fe0cf722e81af4aa82939db?s=96&d=mm&r=g\",\"url\":\"https:\\\/\\\/secure.gravatar.com\\\/avatar\\\/3f5abf961091eed8bea1ba4a0fb5f78e0c728f907fe0cf722e81af4aa82939db?s=96&d=mm&r=g\",\"contentUrl\":\"https:\\\/\\\/secure.gravatar.com\\\/avatar\\\/3f5abf961091eed8bea1ba4a0fb5f78e0c728f907fe0cf722e81af4aa82939db?s=96&d=mm&r=g\",\"caption\":\"S\u00f2nia Felip\"},\"url\":\"https:\\\/\\\/www.portdesitges.com\\\/ca\\\/author\\\/sonia\\\/\"}]}<\/script>\n<!-- \/ Yoast SEO plugin. -->","yoast_head_json":{"title":"Sitges arriba a la final com a Millor Poble Cultural de Catalunya","description":"Sitges \u00e9s finalista al Millor Poble Cultural de Catalunya, en el concurs convocat per Prensa Ib\u00e9rica, editora del diari Sport, El Peri\u00f3dico, el Diari de Girona o Regi\u00f3 7, entre altres. La vila comparteix categoria amb Arb\u00facies i amb Calonge i Sant Antoni. L\u2019organitzaci\u00f3 ha obert les votacions al p\u00fablic en general i nom\u00e9s cal entrar a l\u2019enlla\u00e7 https:\/\/www.millorpoble.cat\/pueblo\/sitges\/ i clicar el bot\u00f3 \u2018Votar\u2019, fins al 22 de setembre.","robots":{"index":"index","follow":"follow","max-snippet":"max-snippet:-1","max-image-preview":"max-image-preview:large","max-video-preview":"max-video-preview:-1"},"canonical":"https:\/\/www.portdesitges.com\/ca\/sitges-arriba-a-la-final-com-a-millor-poble-cultural-de-catalunya\/","og_locale":"ca_ES","og_type":"article","og_title":"Sitges arriba a la final com a Millor Poble Cultural de Catalunya","og_description":"Sitges \u00e9s finalista al Millor Poble Cultural de Catalunya, en el concurs convocat per Prensa Ib\u00e9rica, editora del diari Sport, El Peri\u00f3dico, el Diari de Girona o Regi\u00f3 7, entre altres. La vila comparteix categoria amb Arb\u00facies i amb Calonge i Sant Antoni. L\u2019organitzaci\u00f3 ha obert les votacions al p\u00fablic en general i nom\u00e9s cal entrar a l\u2019enlla\u00e7 https:\/\/www.millorpoble.cat\/pueblo\/sitges\/ i clicar el bot\u00f3 \u2018Votar\u2019, fins al 22 de setembre.","og_url":"https:\/\/www.portdesitges.com\/ca\/sitges-arriba-a-la-final-com-a-millor-poble-cultural-de-catalunya\/","og_site_name":"Port de Sitges - Aiguadol\u00e7","article_published_time":"2022-09-15T09:55:12+00:00","article_modified_time":"2022-09-15T13:13:41+00:00","og_image":[{"width":773,"height":580,"url":"https:\/\/www.portdesitges.com\/wp-content\/uploads\/2022\/09\/WhatsApp-Image-2022-09-15-at-12.08.27-PM.jpeg","type":"image\/jpeg"}],"author":"S\u00f2nia Felip","twitter_card":"summary_large_image","twitter_misc":{"Escrit per":"S\u00f2nia Felip","Temps estimat de lectura":"4 minuts"},"schema":{"@context":"https:\/\/schema.org","@graph":[{"@type":"Article","@id":"https:\/\/www.portdesitges.com\/ca\/sitges-arriba-a-la-final-com-a-millor-poble-cultural-de-catalunya\/#article","isPartOf":{"@id":"https:\/\/www.portdesitges.com\/ca\/sitges-arriba-a-la-final-com-a-millor-poble-cultural-de-catalunya\/"},"author":{"name":"S\u00f2nia Felip","@id":"https:\/\/www.portdesitges.com\/#\/schema\/person\/be98f3191d6c7bb6ccddc2e0ac4d861f"},"headline":"Sitges arriba a la final com a Millor Poble Cultural de Catalunya","datePublished":"2022-09-15T09:55:12+00:00","dateModified":"2022-09-15T13:13:41+00:00","mainEntityOfPage":{"@id":"https:\/\/www.portdesitges.com\/ca\/sitges-arriba-a-la-final-com-a-millor-poble-cultural-de-catalunya\/"},"wordCount":772,"image":{"@id":"https:\/\/www.portdesitges.com\/ca\/sitges-arriba-a-la-final-com-a-millor-poble-cultural-de-catalunya\/#primaryimage"},"thumbnailUrl":"https:\/\/www.portdesitges.com\/wp-content\/uploads\/2022\/09\/WhatsApp-Image-2022-09-15-at-12.08.27-PM.jpeg","articleSection":["Not\u00edcias"],"inLanguage":"ca"},{"@type":"WebPage","@id":"https:\/\/www.portdesitges.com\/ca\/sitges-arriba-a-la-final-com-a-millor-poble-cultural-de-catalunya\/","url":"https:\/\/www.portdesitges.com\/ca\/sitges-arriba-a-la-final-com-a-millor-poble-cultural-de-catalunya\/","name":"Sitges arriba a la final com a Millor Poble Cultural de Catalunya","isPartOf":{"@id":"https:\/\/www.portdesitges.com\/#website"},"primaryImageOfPage":{"@id":"https:\/\/www.portdesitges.com\/ca\/sitges-arriba-a-la-final-com-a-millor-poble-cultural-de-catalunya\/#primaryimage"},"image":{"@id":"https:\/\/www.portdesitges.com\/ca\/sitges-arriba-a-la-final-com-a-millor-poble-cultural-de-catalunya\/#primaryimage"},"thumbnailUrl":"https:\/\/www.portdesitges.com\/wp-content\/uploads\/2022\/09\/WhatsApp-Image-2022-09-15-at-12.08.27-PM.jpeg","datePublished":"2022-09-15T09:55:12+00:00","dateModified":"2022-09-15T13:13:41+00:00","author":{"@id":"https:\/\/www.portdesitges.com\/#\/schema\/person\/be98f3191d6c7bb6ccddc2e0ac4d861f"},"description":"Sitges \u00e9s finalista al Millor Poble Cultural de Catalunya, en el concurs convocat per Prensa Ib\u00e9rica, editora del diari Sport, El Peri\u00f3dico, el Diari de Girona o Regi\u00f3 7, entre altres. La vila comparteix categoria amb Arb\u00facies i amb Calonge i Sant Antoni. L\u2019organitzaci\u00f3 ha obert les votacions al p\u00fablic en general i nom\u00e9s cal entrar a l\u2019enlla\u00e7 https:\/\/www.millorpoble.cat\/pueblo\/sitges\/ i clicar el bot\u00f3 \u2018Votar\u2019, fins al 22 de setembre.","breadcrumb":{"@id":"https:\/\/www.portdesitges.com\/ca\/sitges-arriba-a-la-final-com-a-millor-poble-cultural-de-catalunya\/#breadcrumb"},"inLanguage":"ca","potentialAction":[{"@type":"ReadAction","target":["https:\/\/www.portdesitges.com\/ca\/sitges-arriba-a-la-final-com-a-millor-poble-cultural-de-catalunya\/"]}]},{"@type":"ImageObject","inLanguage":"ca","@id":"https:\/\/www.portdesitges.com\/ca\/sitges-arriba-a-la-final-com-a-millor-poble-cultural-de-catalunya\/#primaryimage","url":"https:\/\/www.portdesitges.com\/wp-content\/uploads\/2022\/09\/WhatsApp-Image-2022-09-15-at-12.08.27-PM.jpeg","contentUrl":"https:\/\/www.portdesitges.com\/wp-content\/uploads\/2022\/09\/WhatsApp-Image-2022-09-15-at-12.08.27-PM.jpeg","width":773,"height":580},{"@type":"BreadcrumbList","@id":"https:\/\/www.portdesitges.com\/ca\/sitges-arriba-a-la-final-com-a-millor-poble-cultural-de-catalunya\/#breadcrumb","itemListElement":[{"@type":"ListItem","position":1,"name":"Portada","item":"https:\/\/www.portdesitges.com\/ca\/"},{"@type":"ListItem","position":2,"name":"Sitges arriba a la final com a Millor Poble Cultural de Catalunya"}]},{"@type":"WebSite","@id":"https:\/\/www.portdesitges.com\/#website","url":"https:\/\/www.portdesitges.com\/","name":"Port de Sitges - Aiguadol\u00e7","description":"lugar donde el mar y la tierra se dan de la mano para crear un espacio \u00fanico y atractivo. Disfruta de un mar de experiencias.","potentialAction":[{"@type":"SearchAction","target":{"@type":"EntryPoint","urlTemplate":"https:\/\/www.portdesitges.com\/?s={search_term_string}"},"query-input":{"@type":"PropertyValueSpecification","valueRequired":true,"valueName":"search_term_string"}}],"inLanguage":"ca"},{"@type":"Person","@id":"https:\/\/www.portdesitges.com\/#\/schema\/person\/be98f3191d6c7bb6ccddc2e0ac4d861f","name":"S\u00f2nia Felip","image":{"@type":"ImageObject","inLanguage":"ca","@id":"https:\/\/secure.gravatar.com\/avatar\/3f5abf961091eed8bea1ba4a0fb5f78e0c728f907fe0cf722e81af4aa82939db?s=96&d=mm&r=g","url":"https:\/\/secure.gravatar.com\/avatar\/3f5abf961091eed8bea1ba4a0fb5f78e0c728f907fe0cf722e81af4aa82939db?s=96&d=mm&r=g","contentUrl":"https:\/\/secure.gravatar.com\/avatar\/3f5abf961091eed8bea1ba4a0fb5f78e0c728f907fe0cf722e81af4aa82939db?s=96&d=mm&r=g","caption":"S\u00f2nia Felip"},"url":"https:\/\/www.portdesitges.com\/ca\/author\/sonia\/"}]}},"_links":{"self":[{"href":"https:\/\/www.portdesitges.com\/ca\/wp-json\/wp\/v2\/posts\/16141","targetHints":{"allow":["GET"]}}],"collection":[{"href":"https:\/\/www.portdesitges.com\/ca\/wp-json\/wp\/v2\/posts"}],"about":[{"href":"https:\/\/www.portdesitges.com\/ca\/wp-json\/wp\/v2\/types\/post"}],"author":[{"embeddable":true,"href":"https:\/\/www.portdesitges.com\/ca\/wp-json\/wp\/v2\/users\/3"}],"replies":[{"embeddable":true,"href":"https:\/\/www.portdesitges.com\/ca\/wp-json\/wp\/v2\/comments?post=16141"}],"version-history":[{"count":2,"href":"https:\/\/www.portdesitges.com\/ca\/wp-json\/wp\/v2\/posts\/16141\/revisions"}],"predecessor-version":[{"id":16153,"href":"https:\/\/www.portdesitges.com\/ca\/wp-json\/wp\/v2\/posts\/16141\/revisions\/16153"}],"wp:featuredmedia":[{"embeddable":true,"href":"https:\/\/www.portdesitges.com\/ca\/wp-json\/wp\/v2\/media\/16149"}],"wp:attachment":[{"href":"https:\/\/www.portdesitges.com\/ca\/wp-json\/wp\/v2\/media?parent=16141"}],"wp:term":[{"taxonomy":"category","embeddable":true,"href":"https:\/\/www.portdesitges.com\/ca\/wp-json\/wp\/v2\/categories?post=16141"},{"taxonomy":"post_tag","embeddable":true,"href":"https:\/\/www.portdesitges.com\/ca\/wp-json\/wp\/v2\/tags?post=16141"}],"curies":[{"name":"wp","href":"https:\/\/api.w.org\/{rel}","templated":true}]}}