{"id":16099,"date":"2022-07-15T11:51:44","date_gmt":"2022-07-15T11:51:44","guid":{"rendered":"https:\/\/www.portdesitges.com\/?p=16099"},"modified":"2022-07-15T11:54:53","modified_gmt":"2022-07-15T11:54:53","slug":"havaneres-rom-cremat-i-processo-de-les-barques-en-honor-a-la-patrona-dels-pescadors","status":"publish","type":"post","link":"https:\/\/www.portdesitges.com\/ca\/havaneres-rom-cremat-i-processo-de-les-barques-en-honor-a-la-patrona-dels-pescadors\/","title":{"rendered":"Havaneres, rom cremat i Process\u00f3 de les Barques, en honor a la patrona dels pescadors"},"content":{"rendered":"[vc_row type=&#8221;in_container&#8221; full_screen_row_position=&#8221;middle&#8221; column_margin=&#8221;default&#8221; scene_position=&#8221;center&#8221; text_color=&#8221;dark&#8221; text_align=&#8221;left&#8221; overlay_strength=&#8221;0.3&#8243; shape_divider_position=&#8221;bottom&#8221; bg_image_animation=&#8221;none&#8221;][vc_column column_padding=&#8221;no-extra-padding&#8221; column_padding_position=&#8221;all&#8221; background_color_opacity=&#8221;1&#8243; background_hover_color_opacity=&#8221;1&#8243; column_link_target=&#8221;_self&#8221; column_shadow=&#8221;none&#8221; column_border_radius=&#8221;none&#8221; width=&#8221;1\/1&#8243; tablet_width_inherit=&#8221;default&#8221; tablet_text_alignment=&#8221;default&#8221; phone_text_alignment=&#8221;default&#8221; overlay_strength=&#8221;0.3&#8243; column_border_width=&#8221;none&#8221; column_border_style=&#8221;solid&#8221; bg_image_animation=&#8221;none&#8221;][vc_column_text]La patrona del mar i dels pescadors, la Mare de D\u00e9u del Carme, tornar\u00e0 a sortir en process\u00f3 acompanyada de les embarcacions. La Verge encap\u00e7alar\u00e0 la process\u00f3 que sortir\u00e0 a les 19 hores des del Port \u2013enguany s&#8217;avan\u00e7a una hora\u2013 arribar\u00e0 a l&#8217;al\u00e7ada de Terramar, i retornar\u00e0 a les instal\u00b7lacions portu\u00e0ries.<\/p>\n<p>Altrament, aquest any tamb\u00e9 es far\u00e0 el concert d&#8217;havaneres, que l&#8217;any passat es va suspendre, a causa de les males dades pand\u00e8miques entre els menors de 30 anys. La proposta l\u00fadica combinar\u00e0 peixet fregit de la Confraria de Pescadors i Malvasia de Sitges, amb les havaneres de A tota Vela, acompanyades de rom cremat.<\/p>\n<p>L\u2019activitat \u00e9s gratu\u00efta i es realitzar\u00e0 al voltant de la Torre de Capitania.<br \/>\nPer completar l&#8217;experi\u00e8ncia, la vetllada anir\u00e0 acompanyada del Mediterrani Market, el mercat de propostes i tend\u00e8ncies que s&#8217;instal\u00b7la cada dissabte, de 19 a 00 hores, davant la Torre de Capitania.<\/p>\n<p>La festivitat de la patrona dels pescadors se celebra al Port de Sitges de manera ininterrompuda des del 1996 \u2013encara que les embarcacions ja sortien en Process\u00f3 des d\u2019un grapat d\u2019anys enrere\u2013, i per aix\u00f2, tot i la pand\u00e8mia, aquests dos \u00faltims anys hem continuat mantenint la m\u00edtica i esperada sortida de les barques.[\/vc_column_text][\/vc_column][\/vc_row][vc_row type=&#8221;in_container&#8221; full_screen_row_position=&#8221;middle&#8221; column_margin=&#8221;default&#8221; scene_position=&#8221;center&#8221; text_color=&#8221;dark&#8221; text_align=&#8221;left&#8221; overlay_strength=&#8221;0.3&#8243; shape_divider_position=&#8221;bottom&#8221; bg_image_animation=&#8221;none&#8221;][vc_column column_padding=&#8221;no-extra-padding&#8221; column_padding_position=&#8221;all&#8221; background_color_opacity=&#8221;1&#8243; background_hover_color_opacity=&#8221;1&#8243; column_link_target=&#8221;_self&#8221; column_shadow=&#8221;none&#8221; column_border_radius=&#8221;none&#8221; width=&#8221;1\/3&#8243; tablet_width_inherit=&#8221;default&#8221; tablet_text_alignment=&#8221;default&#8221; phone_text_alignment=&#8221;default&#8221; overlay_strength=&#8221;0.3&#8243; column_border_width=&#8221;none&#8221; column_border_style=&#8221;solid&#8221; bg_image_animation=&#8221;none&#8221;][\/vc_column][vc_column column_padding=&#8221;no-extra-padding&#8221; column_padding_position=&#8221;all&#8221; background_color_opacity=&#8221;1&#8243; background_hover_color_opacity=&#8221;1&#8243; column_link_target=&#8221;_self&#8221; column_shadow=&#8221;none&#8221; column_border_radius=&#8221;none&#8221; width=&#8221;1\/3&#8243; tablet_width_inherit=&#8221;default&#8221; tablet_text_alignment=&#8221;default&#8221; phone_text_alignment=&#8221;default&#8221; overlay_strength=&#8221;0.3&#8243; column_border_width=&#8221;none&#8221; column_border_style=&#8221;solid&#8221; bg_image_animation=&#8221;none&#8221;][image_with_animation image_url=&#8221;16103&#8243; alignment=&#8221;center&#8221; animation=&#8221;Fade In&#8221; hover_animation=&#8221;none&#8221; border_radius=&#8221;none&#8221; box_shadow=&#8221;none&#8221; image_loading=&#8221;default&#8221; max_width=&#8221;100%&#8221; max_width_mobile=&#8221;default&#8221;][\/vc_column][vc_column column_padding=&#8221;no-extra-padding&#8221; column_padding_position=&#8221;all&#8221; background_color_opacity=&#8221;1&#8243; background_hover_color_opacity=&#8221;1&#8243; column_link_target=&#8221;_self&#8221; column_shadow=&#8221;none&#8221; column_border_radius=&#8221;none&#8221; width=&#8221;1\/3&#8243; tablet_width_inherit=&#8221;default&#8221; tablet_text_alignment=&#8221;default&#8221; phone_text_alignment=&#8221;default&#8221; overlay_strength=&#8221;0.3&#8243; column_border_width=&#8221;none&#8221; column_border_style=&#8221;solid&#8221; bg_image_animation=&#8221;none&#8221;][\/vc_column][\/vc_row][vc_row type=&#8221;in_container&#8221; full_screen_row_position=&#8221;middle&#8221; column_margin=&#8221;default&#8221; scene_position=&#8221;center&#8221; text_color=&#8221;dark&#8221; text_align=&#8221;left&#8221; overlay_strength=&#8221;0.3&#8243; shape_divider_position=&#8221;bottom&#8221; bg_image_animation=&#8221;none&#8221;][vc_column column_padding=&#8221;no-extra-padding&#8221; column_padding_position=&#8221;all&#8221; background_color_opacity=&#8221;1&#8243; background_hover_color_opacity=&#8221;1&#8243; column_link_target=&#8221;_self&#8221; column_shadow=&#8221;none&#8221; column_border_radius=&#8221;none&#8221; width=&#8221;1\/1&#8243; tablet_width_inherit=&#8221;default&#8221; tablet_text_alignment=&#8221;default&#8221; phone_text_alignment=&#8221;default&#8221; overlay_strength=&#8221;0.3&#8243; column_border_width=&#8221;none&#8221; column_border_style=&#8221;solid&#8221; bg_image_animation=&#8221;none&#8221;][vc_column_text][\/ vc_column] [\/ vc_row][\/vc_column_text][\/vc_column][\/vc_row]\n","protected":false},"excerpt":{"rendered":"<p>[vc_row type=&#8221;in_container&#8221; full_screen_row_position=&#8221;middle&#8221; column_margin=&#8221;default&#8221; scene_position=&#8221;center&#8221; text_color=&#8221;dark&#8221; text_align=&#8221;left&#8221; overlay_strength=&#8221;0.3&#8243; shape_divider_position=&#8221;bottom&#8221; bg_image_animation=&#8221;none&#8221;][vc_column column_padding=&#8221;no-extra-padding&#8221; column_padding_position=&#8221;all&#8221; background_color_opacity=&#8221;1&#8243; background_hover_color_opacity=&#8221;1&#8243; column_link_target=&#8221;_self&#8221; column_shadow=&#8221;none&#8221; column_border_radius=&#8221;none&#8221; width=&#8221;1\/1&#8243; tablet_width_inherit=&#8221;default&#8221; tablet_text_alignment=&#8221;default&#8221; phone_text_alignment=&#8221;default&#8221; overlay_strength=&#8221;0.3&#8243; column_border_width=&#8221;none&#8221; column_border_style=&#8221;solid&#8221; bg_image_animation=&#8221;none&#8221;][vc_column_text]La patrona del mar i dels&#8230;<\/p>\n","protected":false},"author":3,"featured_media":16107,"comment_status":"closed","ping_status":"closed","sticky":false,"template":"","format":"standard","meta":{"footnotes":""},"categories":[62],"tags":[],"class_list":{"0":"post-16099","1":"post","2":"type-post","3":"status-publish","4":"format-standard","5":"has-post-thumbnail","7":"category-noticias-ca"},"yoast_head":"<!-- This site is optimized with the Yoast SEO plugin v27.3 - https:\/\/yoast.com\/product\/yoast-seo-wordpress\/ -->\n<title>Havaneres, rom cremat i Process\u00f3 de les Barques, en honor a la patrona dels pescadors<\/title>\n<meta name=\"description\" content=\"La patrona del mar i dels pescadors, la Mare de D\u00e9u del Carme, tornar\u00e0 a sortir en process\u00f3 acompanyada de les embarcacions. La Verge encap\u00e7alar\u00e0 la process\u00f3 que sortir\u00e0 a les 19 hores des del Port \u2013enguany s&#039;avan\u00e7a una hora\u2013 arribar\u00e0 a l&#039;al\u00e7ada de Terramar, i retornar\u00e0 a les instal\u00b7lacions portu\u00e0ries.\" \/>\n<meta name=\"robots\" content=\"index, follow, max-snippet:-1, max-image-preview:large, max-video-preview:-1\" \/>\n<link rel=\"canonical\" href=\"https:\/\/www.portdesitges.com\/habaneras-ron-quemado-y-processo-de-las-barques-en-honor-a-la-patrona-de-los-pescadores\/\" \/>\n<meta property=\"og:locale\" content=\"ca_ES\" \/>\n<meta property=\"og:type\" content=\"article\" \/>\n<meta property=\"og:title\" content=\"Havaneres, rom cremat i Process\u00f3 de les Barques, en honor a la patrona dels pescadors\" \/>\n<meta property=\"og:description\" content=\"La patrona del mar i dels pescadors, la Mare de D\u00e9u del Carme, tornar\u00e0 a sortir en process\u00f3 acompanyada de les embarcacions. La Verge encap\u00e7alar\u00e0 la process\u00f3 que sortir\u00e0 a les 19 hores des del Port \u2013enguany s&#039;avan\u00e7a una hora\u2013 arribar\u00e0 a l&#039;al\u00e7ada de Terramar, i retornar\u00e0 a les instal\u00b7lacions portu\u00e0ries.\" \/>\n<meta property=\"og:url\" content=\"https:\/\/www.portdesitges.com\/habaneras-ron-quemado-y-processo-de-las-barques-en-honor-a-la-patrona-de-los-pescadores\/\" \/>\n<meta property=\"og:site_name\" content=\"Port de Sitges - Aiguadol\u00e7\" \/>\n<meta property=\"article:published_time\" content=\"2022-07-15T11:51:44+00:00\" \/>\n<meta property=\"article:modified_time\" content=\"2022-07-15T11:54:53+00:00\" \/>\n<meta property=\"og:image\" content=\"https:\/\/www.portdesitges.com\/wp-content\/uploads\/2022\/07\/virgen.jpg\" \/>\n\t<meta property=\"og:image:width\" content=\"1510\" \/>\n\t<meta property=\"og:image:height\" content=\"1042\" \/>\n\t<meta property=\"og:image:type\" content=\"image\/jpeg\" \/>\n<meta name=\"author\" content=\"S\u00f2nia Felip\" \/>\n<meta name=\"twitter:card\" content=\"summary_large_image\" \/>\n<meta name=\"twitter:label1\" content=\"Escrit per\" \/>\n\t<meta name=\"twitter:data1\" content=\"S\u00f2nia Felip\" \/>\n\t<meta name=\"twitter:label2\" content=\"Temps estimat de lectura\" \/>\n\t<meta name=\"twitter:data2\" content=\"3 minuts\" \/>\n<script type=\"application\/ld+json\" class=\"yoast-schema-graph\">{\"@context\":\"https:\\\/\\\/schema.org\",\"@graph\":[{\"@type\":\"Article\",\"@id\":\"https:\\\/\\\/www.portdesitges.com\\\/habaneras-ron-quemado-y-processo-de-las-barques-en-honor-a-la-patrona-de-los-pescadores\\\/#article\",\"isPartOf\":{\"@id\":\"https:\\\/\\\/www.portdesitges.com\\\/habaneras-ron-quemado-y-processo-de-las-barques-en-honor-a-la-patrona-de-los-pescadores\\\/\"},\"author\":{\"name\":\"S\u00f2nia Felip\",\"@id\":\"https:\\\/\\\/www.portdesitges.com\\\/#\\\/schema\\\/person\\\/be98f3191d6c7bb6ccddc2e0ac4d861f\"},\"headline\":\"Havaneres, rom cremat i Process\u00f3 de les Barques, en honor a la patrona dels pescadors\",\"datePublished\":\"2022-07-15T11:51:44+00:00\",\"dateModified\":\"2022-07-15T11:54:53+00:00\",\"mainEntityOfPage\":{\"@id\":\"https:\\\/\\\/www.portdesitges.com\\\/habaneras-ron-quemado-y-processo-de-las-barques-en-honor-a-la-patrona-de-los-pescadores\\\/\"},\"wordCount\":661,\"image\":{\"@id\":\"https:\\\/\\\/www.portdesitges.com\\\/habaneras-ron-quemado-y-processo-de-las-barques-en-honor-a-la-patrona-de-los-pescadores\\\/#primaryimage\"},\"thumbnailUrl\":\"https:\\\/\\\/www.portdesitges.com\\\/wp-content\\\/uploads\\\/2022\\\/07\\\/virgen.jpg\",\"articleSection\":[\"Not\u00edcias\"],\"inLanguage\":\"ca\"},{\"@type\":\"WebPage\",\"@id\":\"https:\\\/\\\/www.portdesitges.com\\\/habaneras-ron-quemado-y-processo-de-las-barques-en-honor-a-la-patrona-de-los-pescadores\\\/\",\"url\":\"https:\\\/\\\/www.portdesitges.com\\\/habaneras-ron-quemado-y-processo-de-las-barques-en-honor-a-la-patrona-de-los-pescadores\\\/\",\"name\":\"Havaneres, rom cremat i Process\u00f3 de les Barques, en honor a la patrona dels pescadors\",\"isPartOf\":{\"@id\":\"https:\\\/\\\/www.portdesitges.com\\\/#website\"},\"primaryImageOfPage\":{\"@id\":\"https:\\\/\\\/www.portdesitges.com\\\/habaneras-ron-quemado-y-processo-de-las-barques-en-honor-a-la-patrona-de-los-pescadores\\\/#primaryimage\"},\"image\":{\"@id\":\"https:\\\/\\\/www.portdesitges.com\\\/habaneras-ron-quemado-y-processo-de-las-barques-en-honor-a-la-patrona-de-los-pescadores\\\/#primaryimage\"},\"thumbnailUrl\":\"https:\\\/\\\/www.portdesitges.com\\\/wp-content\\\/uploads\\\/2022\\\/07\\\/virgen.jpg\",\"datePublished\":\"2022-07-15T11:51:44+00:00\",\"dateModified\":\"2022-07-15T11:54:53+00:00\",\"author\":{\"@id\":\"https:\\\/\\\/www.portdesitges.com\\\/#\\\/schema\\\/person\\\/be98f3191d6c7bb6ccddc2e0ac4d861f\"},\"description\":\"La patrona del mar i dels pescadors, la Mare de D\u00e9u del Carme, tornar\u00e0 a sortir en process\u00f3 acompanyada de les embarcacions. La Verge encap\u00e7alar\u00e0 la process\u00f3 que sortir\u00e0 a les 19 hores des del Port \u2013enguany s'avan\u00e7a una hora\u2013 arribar\u00e0 a l'al\u00e7ada de Terramar, i retornar\u00e0 a les instal\u00b7lacions portu\u00e0ries.\",\"breadcrumb\":{\"@id\":\"https:\\\/\\\/www.portdesitges.com\\\/habaneras-ron-quemado-y-processo-de-las-barques-en-honor-a-la-patrona-de-los-pescadores\\\/#breadcrumb\"},\"inLanguage\":\"ca\",\"potentialAction\":[{\"@type\":\"ReadAction\",\"target\":[\"https:\\\/\\\/www.portdesitges.com\\\/habaneras-ron-quemado-y-processo-de-las-barques-en-honor-a-la-patrona-de-los-pescadores\\\/\"]}]},{\"@type\":\"ImageObject\",\"inLanguage\":\"ca\",\"@id\":\"https:\\\/\\\/www.portdesitges.com\\\/habaneras-ron-quemado-y-processo-de-las-barques-en-honor-a-la-patrona-de-los-pescadores\\\/#primaryimage\",\"url\":\"https:\\\/\\\/www.portdesitges.com\\\/wp-content\\\/uploads\\\/2022\\\/07\\\/virgen.jpg\",\"contentUrl\":\"https:\\\/\\\/www.portdesitges.com\\\/wp-content\\\/uploads\\\/2022\\\/07\\\/virgen.jpg\",\"width\":1510,\"height\":1042},{\"@type\":\"BreadcrumbList\",\"@id\":\"https:\\\/\\\/www.portdesitges.com\\\/habaneras-ron-quemado-y-processo-de-las-barques-en-honor-a-la-patrona-de-los-pescadores\\\/#breadcrumb\",\"itemListElement\":[{\"@type\":\"ListItem\",\"position\":1,\"name\":\"Portada\",\"item\":\"https:\\\/\\\/www.portdesitges.com\\\/ca\\\/\"},{\"@type\":\"ListItem\",\"position\":2,\"name\":\"Havaneres, rom cremat i Process\u00f3 de les Barques, en honor a la patrona dels pescadors\"}]},{\"@type\":\"WebSite\",\"@id\":\"https:\\\/\\\/www.portdesitges.com\\\/#website\",\"url\":\"https:\\\/\\\/www.portdesitges.com\\\/\",\"name\":\"Port de Sitges - Aiguadol\u00e7\",\"description\":\"lugar donde el mar y la tierra se dan de la mano para crear un espacio \u00fanico y atractivo. Disfruta de un mar de experiencias.\",\"potentialAction\":[{\"@type\":\"SearchAction\",\"target\":{\"@type\":\"EntryPoint\",\"urlTemplate\":\"https:\\\/\\\/www.portdesitges.com\\\/?s={search_term_string}\"},\"query-input\":{\"@type\":\"PropertyValueSpecification\",\"valueRequired\":true,\"valueName\":\"search_term_string\"}}],\"inLanguage\":\"ca\"},{\"@type\":\"Person\",\"@id\":\"https:\\\/\\\/www.portdesitges.com\\\/#\\\/schema\\\/person\\\/be98f3191d6c7bb6ccddc2e0ac4d861f\",\"name\":\"S\u00f2nia Felip\",\"image\":{\"@type\":\"ImageObject\",\"inLanguage\":\"ca\",\"@id\":\"https:\\\/\\\/secure.gravatar.com\\\/avatar\\\/3f5abf961091eed8bea1ba4a0fb5f78e0c728f907fe0cf722e81af4aa82939db?s=96&d=mm&r=g\",\"url\":\"https:\\\/\\\/secure.gravatar.com\\\/avatar\\\/3f5abf961091eed8bea1ba4a0fb5f78e0c728f907fe0cf722e81af4aa82939db?s=96&d=mm&r=g\",\"contentUrl\":\"https:\\\/\\\/secure.gravatar.com\\\/avatar\\\/3f5abf961091eed8bea1ba4a0fb5f78e0c728f907fe0cf722e81af4aa82939db?s=96&d=mm&r=g\",\"caption\":\"S\u00f2nia Felip\"},\"url\":\"https:\\\/\\\/www.portdesitges.com\\\/ca\\\/author\\\/sonia\\\/\"}]}<\/script>\n<!-- \/ Yoast SEO plugin. -->","yoast_head_json":{"title":"Havaneres, rom cremat i Process\u00f3 de les Barques, en honor a la patrona dels pescadors","description":"La patrona del mar i dels pescadors, la Mare de D\u00e9u del Carme, tornar\u00e0 a sortir en process\u00f3 acompanyada de les embarcacions. La Verge encap\u00e7alar\u00e0 la process\u00f3 que sortir\u00e0 a les 19 hores des del Port \u2013enguany s'avan\u00e7a una hora\u2013 arribar\u00e0 a l'al\u00e7ada de Terramar, i retornar\u00e0 a les instal\u00b7lacions portu\u00e0ries.","robots":{"index":"index","follow":"follow","max-snippet":"max-snippet:-1","max-image-preview":"max-image-preview:large","max-video-preview":"max-video-preview:-1"},"canonical":"https:\/\/www.portdesitges.com\/habaneras-ron-quemado-y-processo-de-las-barques-en-honor-a-la-patrona-de-los-pescadores\/","og_locale":"ca_ES","og_type":"article","og_title":"Havaneres, rom cremat i Process\u00f3 de les Barques, en honor a la patrona dels pescadors","og_description":"La patrona del mar i dels pescadors, la Mare de D\u00e9u del Carme, tornar\u00e0 a sortir en process\u00f3 acompanyada de les embarcacions. La Verge encap\u00e7alar\u00e0 la process\u00f3 que sortir\u00e0 a les 19 hores des del Port \u2013enguany s'avan\u00e7a una hora\u2013 arribar\u00e0 a l'al\u00e7ada de Terramar, i retornar\u00e0 a les instal\u00b7lacions portu\u00e0ries.","og_url":"https:\/\/www.portdesitges.com\/habaneras-ron-quemado-y-processo-de-las-barques-en-honor-a-la-patrona-de-los-pescadores\/","og_site_name":"Port de Sitges - Aiguadol\u00e7","article_published_time":"2022-07-15T11:51:44+00:00","article_modified_time":"2022-07-15T11:54:53+00:00","og_image":[{"width":1510,"height":1042,"url":"https:\/\/www.portdesitges.com\/wp-content\/uploads\/2022\/07\/virgen.jpg","type":"image\/jpeg"}],"author":"S\u00f2nia Felip","twitter_card":"summary_large_image","twitter_misc":{"Escrit per":"S\u00f2nia Felip","Temps estimat de lectura":"3 minuts"},"schema":{"@context":"https:\/\/schema.org","@graph":[{"@type":"Article","@id":"https:\/\/www.portdesitges.com\/habaneras-ron-quemado-y-processo-de-las-barques-en-honor-a-la-patrona-de-los-pescadores\/#article","isPartOf":{"@id":"https:\/\/www.portdesitges.com\/habaneras-ron-quemado-y-processo-de-las-barques-en-honor-a-la-patrona-de-los-pescadores\/"},"author":{"name":"S\u00f2nia Felip","@id":"https:\/\/www.portdesitges.com\/#\/schema\/person\/be98f3191d6c7bb6ccddc2e0ac4d861f"},"headline":"Havaneres, rom cremat i Process\u00f3 de les Barques, en honor a la patrona dels pescadors","datePublished":"2022-07-15T11:51:44+00:00","dateModified":"2022-07-15T11:54:53+00:00","mainEntityOfPage":{"@id":"https:\/\/www.portdesitges.com\/habaneras-ron-quemado-y-processo-de-las-barques-en-honor-a-la-patrona-de-los-pescadores\/"},"wordCount":661,"image":{"@id":"https:\/\/www.portdesitges.com\/habaneras-ron-quemado-y-processo-de-las-barques-en-honor-a-la-patrona-de-los-pescadores\/#primaryimage"},"thumbnailUrl":"https:\/\/www.portdesitges.com\/wp-content\/uploads\/2022\/07\/virgen.jpg","articleSection":["Not\u00edcias"],"inLanguage":"ca"},{"@type":"WebPage","@id":"https:\/\/www.portdesitges.com\/habaneras-ron-quemado-y-processo-de-las-barques-en-honor-a-la-patrona-de-los-pescadores\/","url":"https:\/\/www.portdesitges.com\/habaneras-ron-quemado-y-processo-de-las-barques-en-honor-a-la-patrona-de-los-pescadores\/","name":"Havaneres, rom cremat i Process\u00f3 de les Barques, en honor a la patrona dels pescadors","isPartOf":{"@id":"https:\/\/www.portdesitges.com\/#website"},"primaryImageOfPage":{"@id":"https:\/\/www.portdesitges.com\/habaneras-ron-quemado-y-processo-de-las-barques-en-honor-a-la-patrona-de-los-pescadores\/#primaryimage"},"image":{"@id":"https:\/\/www.portdesitges.com\/habaneras-ron-quemado-y-processo-de-las-barques-en-honor-a-la-patrona-de-los-pescadores\/#primaryimage"},"thumbnailUrl":"https:\/\/www.portdesitges.com\/wp-content\/uploads\/2022\/07\/virgen.jpg","datePublished":"2022-07-15T11:51:44+00:00","dateModified":"2022-07-15T11:54:53+00:00","author":{"@id":"https:\/\/www.portdesitges.com\/#\/schema\/person\/be98f3191d6c7bb6ccddc2e0ac4d861f"},"description":"La patrona del mar i dels pescadors, la Mare de D\u00e9u del Carme, tornar\u00e0 a sortir en process\u00f3 acompanyada de les embarcacions. La Verge encap\u00e7alar\u00e0 la process\u00f3 que sortir\u00e0 a les 19 hores des del Port \u2013enguany s'avan\u00e7a una hora\u2013 arribar\u00e0 a l'al\u00e7ada de Terramar, i retornar\u00e0 a les instal\u00b7lacions portu\u00e0ries.","breadcrumb":{"@id":"https:\/\/www.portdesitges.com\/habaneras-ron-quemado-y-processo-de-las-barques-en-honor-a-la-patrona-de-los-pescadores\/#breadcrumb"},"inLanguage":"ca","potentialAction":[{"@type":"ReadAction","target":["https:\/\/www.portdesitges.com\/habaneras-ron-quemado-y-processo-de-las-barques-en-honor-a-la-patrona-de-los-pescadores\/"]}]},{"@type":"ImageObject","inLanguage":"ca","@id":"https:\/\/www.portdesitges.com\/habaneras-ron-quemado-y-processo-de-las-barques-en-honor-a-la-patrona-de-los-pescadores\/#primaryimage","url":"https:\/\/www.portdesitges.com\/wp-content\/uploads\/2022\/07\/virgen.jpg","contentUrl":"https:\/\/www.portdesitges.com\/wp-content\/uploads\/2022\/07\/virgen.jpg","width":1510,"height":1042},{"@type":"BreadcrumbList","@id":"https:\/\/www.portdesitges.com\/habaneras-ron-quemado-y-processo-de-las-barques-en-honor-a-la-patrona-de-los-pescadores\/#breadcrumb","itemListElement":[{"@type":"ListItem","position":1,"name":"Portada","item":"https:\/\/www.portdesitges.com\/ca\/"},{"@type":"ListItem","position":2,"name":"Havaneres, rom cremat i Process\u00f3 de les Barques, en honor a la patrona dels pescadors"}]},{"@type":"WebSite","@id":"https:\/\/www.portdesitges.com\/#website","url":"https:\/\/www.portdesitges.com\/","name":"Port de Sitges - Aiguadol\u00e7","description":"lugar donde el mar y la tierra se dan de la mano para crear un espacio \u00fanico y atractivo. Disfruta de un mar de experiencias.","potentialAction":[{"@type":"SearchAction","target":{"@type":"EntryPoint","urlTemplate":"https:\/\/www.portdesitges.com\/?s={search_term_string}"},"query-input":{"@type":"PropertyValueSpecification","valueRequired":true,"valueName":"search_term_string"}}],"inLanguage":"ca"},{"@type":"Person","@id":"https:\/\/www.portdesitges.com\/#\/schema\/person\/be98f3191d6c7bb6ccddc2e0ac4d861f","name":"S\u00f2nia Felip","image":{"@type":"ImageObject","inLanguage":"ca","@id":"https:\/\/secure.gravatar.com\/avatar\/3f5abf961091eed8bea1ba4a0fb5f78e0c728f907fe0cf722e81af4aa82939db?s=96&d=mm&r=g","url":"https:\/\/secure.gravatar.com\/avatar\/3f5abf961091eed8bea1ba4a0fb5f78e0c728f907fe0cf722e81af4aa82939db?s=96&d=mm&r=g","contentUrl":"https:\/\/secure.gravatar.com\/avatar\/3f5abf961091eed8bea1ba4a0fb5f78e0c728f907fe0cf722e81af4aa82939db?s=96&d=mm&r=g","caption":"S\u00f2nia Felip"},"url":"https:\/\/www.portdesitges.com\/ca\/author\/sonia\/"}]}},"_links":{"self":[{"href":"https:\/\/www.portdesitges.com\/ca\/wp-json\/wp\/v2\/posts\/16099","targetHints":{"allow":["GET"]}}],"collection":[{"href":"https:\/\/www.portdesitges.com\/ca\/wp-json\/wp\/v2\/posts"}],"about":[{"href":"https:\/\/www.portdesitges.com\/ca\/wp-json\/wp\/v2\/types\/post"}],"author":[{"embeddable":true,"href":"https:\/\/www.portdesitges.com\/ca\/wp-json\/wp\/v2\/users\/3"}],"replies":[{"embeddable":true,"href":"https:\/\/www.portdesitges.com\/ca\/wp-json\/wp\/v2\/comments?post=16099"}],"version-history":[{"count":3,"href":"https:\/\/www.portdesitges.com\/ca\/wp-json\/wp\/v2\/posts\/16099\/revisions"}],"predecessor-version":[{"id":16119,"href":"https:\/\/www.portdesitges.com\/ca\/wp-json\/wp\/v2\/posts\/16099\/revisions\/16119"}],"wp:featuredmedia":[{"embeddable":true,"href":"https:\/\/www.portdesitges.com\/ca\/wp-json\/wp\/v2\/media\/16107"}],"wp:attachment":[{"href":"https:\/\/www.portdesitges.com\/ca\/wp-json\/wp\/v2\/media?parent=16099"}],"wp:term":[{"taxonomy":"category","embeddable":true,"href":"https:\/\/www.portdesitges.com\/ca\/wp-json\/wp\/v2\/categories?post=16099"},{"taxonomy":"post_tag","embeddable":true,"href":"https:\/\/www.portdesitges.com\/ca\/wp-json\/wp\/v2\/tags?post=16099"}],"curies":[{"name":"wp","href":"https:\/\/api.w.org\/{rel}","templated":true}]}}