{"id":16067,"date":"2022-07-05T15:49:27","date_gmt":"2022-07-05T15:49:27","guid":{"rendered":"https:\/\/www.portdesitges.com\/?p=16067"},"modified":"2022-07-05T16:01:21","modified_gmt":"2022-07-05T16:01:21","slug":"la-bandera-blava-shissara-al-port-de-sitges-per-26e-any-consecutiu","status":"publish","type":"post","link":"https:\/\/www.portdesitges.com\/ca\/la-bandera-blava-shissara-al-port-de-sitges-per-26e-any-consecutiu\/","title":{"rendered":"La Bandera Blava s\u2019hissar\u00e0 al Port de Sitges per 26\u00e8 any consecutiu"},"content":{"rendered":"[vc_row type=&#8221;in_container&#8221; full_screen_row_position=&#8221;middle&#8221; column_margin=&#8221;default&#8221; scene_position=&#8221;center&#8221; text_color=&#8221;dark&#8221; text_align=&#8221;left&#8221; overlay_strength=&#8221;0.3&#8243; shape_divider_position=&#8221;bottom&#8221; bg_image_animation=&#8221;none&#8221;][vc_column column_padding=&#8221;no-extra-padding&#8221; column_padding_position=&#8221;all&#8221; background_color_opacity=&#8221;1&#8243; background_hover_color_opacity=&#8221;1&#8243; column_link_target=&#8221;_self&#8221; column_shadow=&#8221;none&#8221; column_border_radius=&#8221;none&#8221; width=&#8221;1\/1&#8243; tablet_width_inherit=&#8221;default&#8221; tablet_text_alignment=&#8221;default&#8221; phone_text_alignment=&#8221;default&#8221; overlay_strength=&#8221;0.3&#8243; column_border_width=&#8221;none&#8221; column_border_style=&#8221;solid&#8221; bg_image_animation=&#8221;none&#8221;][vc_column_text]El Port de Sitges \u2013 Aiguadol\u00e7 ha renovat la Bandera Blava per 26\u00e8 any consecutiu. Albert Bertran Bas, director de comunicaci\u00f3 del Port de Sitges va rebre el prestigi\u00f3s guard\u00f3 de la m\u00e0 d\u2019Isidre Gav\u00edn, president de Ports de la Generalitat, en un jornada que es va dur a terme al Port de Badalona.<\/p>\n<p>&nbsp;<\/p>\n<p>El Port far\u00e0 la tradicional pujada de la bandera el pr\u00f2xim dissabte 16 de juliol, coincidint amb la Mare de D\u00e9u del Carme, amb un triple commemoraci\u00f3 per celebrar la patrona dels mariners: hissada de bandera, process\u00f3 de les Barques i havaneres.<\/p>\n<p>&nbsp;<\/p>\n<p>La Bandera Blava \u00e9s una certificaci\u00f3 de qualitat ambiental desenvolupada per la Federaci\u00f3 Europea d\u2019Educaci\u00f3 Ambiental (FEE) i gestionada per l\u2019Associaci\u00f3 d\u2019Educaci\u00f3 Ambiental i del Consumidor (ADEAC). Els criteris per obtenir-la s\u2019agrupen en quatre \u00e0rees: Qualitat de les aig\u00fces de bany, Informaci\u00f3 i educaci\u00f3 ambiental, Gesti\u00f3 ambiental i Seguretat, serveis i instal\u00b7lacions.<\/p>\n<p>&nbsp;<\/p>\n<p>Catalunya se situa al capdavant de l\u2019Estat amb 23 ports esportius guardonats amb Banderes Blaves.\u00a0 Per altra banda, aquest no \u00e9s l\u2019\u00fanic reconeixement mediambiental que t\u00e9 el Port de Sitges.\u00a0 Aiguadol\u00e7 disposa del reconeixement d\u2019adhesi\u00f3 al comprom\u00eds de sostenibilitat de Biosphere Costa Barcelona, en el marc del sistema de turisme responsable. Arran de la pand\u00e8mia tamb\u00e9 va n\u00e9ixer el segell SAFE TRAVELS, que reconeix tots els destins que compleixen amb totes les normatives per certificar el benestar del visitant i que el Port ostenta des del primer dia.[\/vc_column_text][\/vc_column][\/vc_row][vc_row type=&#8221;in_container&#8221; full_screen_row_position=&#8221;middle&#8221; column_margin=&#8221;default&#8221; scene_position=&#8221;center&#8221; text_color=&#8221;dark&#8221; text_align=&#8221;left&#8221; overlay_strength=&#8221;0.3&#8243; shape_divider_position=&#8221;bottom&#8221; bg_image_animation=&#8221;none&#8221;][vc_column column_padding=&#8221;no-extra-padding&#8221; column_padding_position=&#8221;all&#8221; background_color_opacity=&#8221;1&#8243; background_hover_color_opacity=&#8221;1&#8243; column_link_target=&#8221;_self&#8221; column_shadow=&#8221;none&#8221; column_border_radius=&#8221;none&#8221; width=&#8221;1\/3&#8243; tablet_width_inherit=&#8221;default&#8221; tablet_text_alignment=&#8221;default&#8221; phone_text_alignment=&#8221;default&#8221; overlay_strength=&#8221;0.3&#8243; column_border_width=&#8221;none&#8221; column_border_style=&#8221;solid&#8221; bg_image_animation=&#8221;none&#8221;][\/vc_column][vc_column column_padding=&#8221;no-extra-padding&#8221; column_padding_position=&#8221;all&#8221; background_color_opacity=&#8221;1&#8243; background_hover_color_opacity=&#8221;1&#8243; column_link_target=&#8221;_self&#8221; column_shadow=&#8221;none&#8221; column_border_radius=&#8221;none&#8221; width=&#8221;1\/3&#8243; tablet_width_inherit=&#8221;default&#8221; tablet_text_alignment=&#8221;default&#8221; phone_text_alignment=&#8221;default&#8221; overlay_strength=&#8221;0.3&#8243; column_border_width=&#8221;none&#8221; column_border_style=&#8221;solid&#8221; bg_image_animation=&#8221;none&#8221;][image_with_animation image_url=&#8221;16071&#8243; alignment=&#8221;center&#8221; animation=&#8221;Fade In&#8221; hover_animation=&#8221;none&#8221; border_radius=&#8221;none&#8221; box_shadow=&#8221;none&#8221; image_loading=&#8221;default&#8221; max_width=&#8221;100%&#8221; max_width_mobile=&#8221;default&#8221;][\/vc_column][vc_column column_padding=&#8221;no-extra-padding&#8221; column_padding_position=&#8221;all&#8221; background_color_opacity=&#8221;1&#8243; background_hover_color_opacity=&#8221;1&#8243; column_link_target=&#8221;_self&#8221; column_shadow=&#8221;none&#8221; column_border_radius=&#8221;none&#8221; width=&#8221;1\/3&#8243; tablet_width_inherit=&#8221;default&#8221; tablet_text_alignment=&#8221;default&#8221; phone_text_alignment=&#8221;default&#8221; overlay_strength=&#8221;0.3&#8243; column_border_width=&#8221;none&#8221; column_border_style=&#8221;solid&#8221; bg_image_animation=&#8221;none&#8221;][\/vc_column][\/vc_row][vc_row type=&#8221;in_container&#8221; full_screen_row_position=&#8221;middle&#8221; column_margin=&#8221;default&#8221; scene_position=&#8221;center&#8221; text_color=&#8221;dark&#8221; text_align=&#8221;left&#8221; overlay_strength=&#8221;0.3&#8243; shape_divider_position=&#8221;bottom&#8221; bg_image_animation=&#8221;none&#8221;][vc_column column_padding=&#8221;no-extra-padding&#8221; column_padding_position=&#8221;all&#8221; background_color_opacity=&#8221;1&#8243; background_hover_color_opacity=&#8221;1&#8243; column_link_target=&#8221;_self&#8221; column_shadow=&#8221;none&#8221; column_border_radius=&#8221;none&#8221; width=&#8221;1\/1&#8243; tablet_width_inherit=&#8221;default&#8221; tablet_text_alignment=&#8221;default&#8221; phone_text_alignment=&#8221;default&#8221; overlay_strength=&#8221;0.3&#8243; column_border_width=&#8221;none&#8221; column_border_style=&#8221;solid&#8221; bg_image_animation=&#8221;none&#8221;][vc_column_text][\/ vc_column] [\/ vc_row][\/vc_column_text][\/vc_column][\/vc_row]\n","protected":false},"excerpt":{"rendered":"<p>[vc_row type=&#8221;in_container&#8221; full_screen_row_position=&#8221;middle&#8221; column_margin=&#8221;default&#8221; scene_position=&#8221;center&#8221; text_color=&#8221;dark&#8221; text_align=&#8221;left&#8221; overlay_strength=&#8221;0.3&#8243; shape_divider_position=&#8221;bottom&#8221; bg_image_animation=&#8221;none&#8221;][vc_column column_padding=&#8221;no-extra-padding&#8221; column_padding_position=&#8221;all&#8221; background_color_opacity=&#8221;1&#8243; background_hover_color_opacity=&#8221;1&#8243; column_link_target=&#8221;_self&#8221; column_shadow=&#8221;none&#8221; column_border_radius=&#8221;none&#8221; width=&#8221;1\/1&#8243; tablet_width_inherit=&#8221;default&#8221; tablet_text_alignment=&#8221;default&#8221; phone_text_alignment=&#8221;default&#8221; overlay_strength=&#8221;0.3&#8243; column_border_width=&#8221;none&#8221; column_border_style=&#8221;solid&#8221; bg_image_animation=&#8221;none&#8221;][vc_column_text]El Port de Sitges \u2013 Aiguadol\u00e7&#8230;<\/p>\n","protected":false},"author":3,"featured_media":16071,"comment_status":"closed","ping_status":"closed","sticky":false,"template":"","format":"standard","meta":{"footnotes":""},"categories":[62],"tags":[],"class_list":{"0":"post-16067","1":"post","2":"type-post","3":"status-publish","4":"format-standard","5":"has-post-thumbnail","7":"category-noticias-ca"},"yoast_head":"<!-- This site is optimized with the Yoast SEO plugin v27.3 - https:\/\/yoast.com\/product\/yoast-seo-wordpress\/ -->\n<title>La Bandera Blava s\u2019hissar\u00e0 al Port de Sitges per 26\u00e8 any consecutiu<\/title>\n<meta name=\"description\" content=\"El Port de Sitges \u2013 Aiguadol\u00e7 ha renovat la Bandera Blava per 26\u00e8 any consecutiu. Albert Bertran Bas, director de comunicaci\u00f3 del Port de Sitges va rebre el prestigi\u00f3s guard\u00f3 de la m\u00e0 d\u2019Isidre Gav\u00edn, president de Ports de la Generalitat, en un jornada que es va dur a terme al Port de Badalona.\" \/>\n<meta name=\"robots\" content=\"index, follow, max-snippet:-1, max-image-preview:large, max-video-preview:-1\" \/>\n<link rel=\"canonical\" href=\"https:\/\/www.portdesitges.com\/la-bandera-azul-se-izara-en-el-port-de-sitges-por-26-ano-consecutivo\/\" \/>\n<meta property=\"og:locale\" content=\"ca_ES\" \/>\n<meta property=\"og:type\" content=\"article\" \/>\n<meta property=\"og:title\" content=\"La Bandera Blava s\u2019hissar\u00e0 al Port de Sitges per 26\u00e8 any consecutiu\" \/>\n<meta property=\"og:description\" content=\"El Port de Sitges \u2013 Aiguadol\u00e7 ha renovat la Bandera Blava per 26\u00e8 any consecutiu. Albert Bertran Bas, director de comunicaci\u00f3 del Port de Sitges va rebre el prestigi\u00f3s guard\u00f3 de la m\u00e0 d\u2019Isidre Gav\u00edn, president de Ports de la Generalitat, en un jornada que es va dur a terme al Port de Badalona.\" \/>\n<meta property=\"og:url\" content=\"https:\/\/www.portdesitges.com\/la-bandera-azul-se-izara-en-el-port-de-sitges-por-26-ano-consecutivo\/\" \/>\n<meta property=\"og:site_name\" content=\"Port de Sitges - Aiguadol\u00e7\" \/>\n<meta property=\"article:published_time\" content=\"2022-07-05T15:49:27+00:00\" \/>\n<meta property=\"article:modified_time\" content=\"2022-07-05T16:01:21+00:00\" \/>\n<meta property=\"og:image\" content=\"https:\/\/www.portdesitges.com\/wp-content\/uploads\/2022\/07\/WhatsApp-Image-2022-07-05-at-11.35.49-AM.jpeg\" \/>\n\t<meta property=\"og:image:width\" content=\"1600\" \/>\n\t<meta property=\"og:image:height\" content=\"1200\" \/>\n\t<meta property=\"og:image:type\" content=\"image\/jpeg\" \/>\n<meta name=\"author\" content=\"S\u00f2nia Felip\" \/>\n<meta name=\"twitter:card\" content=\"summary_large_image\" \/>\n<meta name=\"twitter:label1\" content=\"Escrit per\" \/>\n\t<meta name=\"twitter:data1\" content=\"S\u00f2nia Felip\" \/>\n\t<meta name=\"twitter:label2\" content=\"Temps estimat de lectura\" \/>\n\t<meta name=\"twitter:data2\" content=\"3 minuts\" \/>\n<script type=\"application\/ld+json\" class=\"yoast-schema-graph\">{\"@context\":\"https:\\\/\\\/schema.org\",\"@graph\":[{\"@type\":\"Article\",\"@id\":\"https:\\\/\\\/www.portdesitges.com\\\/la-bandera-azul-se-izara-en-el-port-de-sitges-por-26-ano-consecutivo\\\/#article\",\"isPartOf\":{\"@id\":\"https:\\\/\\\/www.portdesitges.com\\\/la-bandera-azul-se-izara-en-el-port-de-sitges-por-26-ano-consecutivo\\\/\"},\"author\":{\"name\":\"S\u00f2nia Felip\",\"@id\":\"https:\\\/\\\/www.portdesitges.com\\\/#\\\/schema\\\/person\\\/be98f3191d6c7bb6ccddc2e0ac4d861f\"},\"headline\":\"La Bandera Blava s\u2019hissar\u00e0 al Port de Sitges per 26\u00e8 any consecutiu\",\"datePublished\":\"2022-07-05T15:49:27+00:00\",\"dateModified\":\"2022-07-05T16:01:21+00:00\",\"mainEntityOfPage\":{\"@id\":\"https:\\\/\\\/www.portdesitges.com\\\/la-bandera-azul-se-izara-en-el-port-de-sitges-por-26-ano-consecutivo\\\/\"},\"wordCount\":690,\"image\":{\"@id\":\"https:\\\/\\\/www.portdesitges.com\\\/la-bandera-azul-se-izara-en-el-port-de-sitges-por-26-ano-consecutivo\\\/#primaryimage\"},\"thumbnailUrl\":\"https:\\\/\\\/www.portdesitges.com\\\/wp-content\\\/uploads\\\/2022\\\/07\\\/WhatsApp-Image-2022-07-05-at-11.35.49-AM.jpeg\",\"articleSection\":[\"Not\u00edcias\"],\"inLanguage\":\"ca\"},{\"@type\":\"WebPage\",\"@id\":\"https:\\\/\\\/www.portdesitges.com\\\/la-bandera-azul-se-izara-en-el-port-de-sitges-por-26-ano-consecutivo\\\/\",\"url\":\"https:\\\/\\\/www.portdesitges.com\\\/la-bandera-azul-se-izara-en-el-port-de-sitges-por-26-ano-consecutivo\\\/\",\"name\":\"La Bandera Blava s\u2019hissar\u00e0 al Port de Sitges per 26\u00e8 any consecutiu\",\"isPartOf\":{\"@id\":\"https:\\\/\\\/www.portdesitges.com\\\/#website\"},\"primaryImageOfPage\":{\"@id\":\"https:\\\/\\\/www.portdesitges.com\\\/la-bandera-azul-se-izara-en-el-port-de-sitges-por-26-ano-consecutivo\\\/#primaryimage\"},\"image\":{\"@id\":\"https:\\\/\\\/www.portdesitges.com\\\/la-bandera-azul-se-izara-en-el-port-de-sitges-por-26-ano-consecutivo\\\/#primaryimage\"},\"thumbnailUrl\":\"https:\\\/\\\/www.portdesitges.com\\\/wp-content\\\/uploads\\\/2022\\\/07\\\/WhatsApp-Image-2022-07-05-at-11.35.49-AM.jpeg\",\"datePublished\":\"2022-07-05T15:49:27+00:00\",\"dateModified\":\"2022-07-05T16:01:21+00:00\",\"author\":{\"@id\":\"https:\\\/\\\/www.portdesitges.com\\\/#\\\/schema\\\/person\\\/be98f3191d6c7bb6ccddc2e0ac4d861f\"},\"description\":\"El Port de Sitges \u2013 Aiguadol\u00e7 ha renovat la Bandera Blava per 26\u00e8 any consecutiu. Albert Bertran Bas, director de comunicaci\u00f3 del Port de Sitges va rebre el prestigi\u00f3s guard\u00f3 de la m\u00e0 d\u2019Isidre Gav\u00edn, president de Ports de la Generalitat, en un jornada que es va dur a terme al Port de Badalona.\",\"breadcrumb\":{\"@id\":\"https:\\\/\\\/www.portdesitges.com\\\/la-bandera-azul-se-izara-en-el-port-de-sitges-por-26-ano-consecutivo\\\/#breadcrumb\"},\"inLanguage\":\"ca\",\"potentialAction\":[{\"@type\":\"ReadAction\",\"target\":[\"https:\\\/\\\/www.portdesitges.com\\\/la-bandera-azul-se-izara-en-el-port-de-sitges-por-26-ano-consecutivo\\\/\"]}]},{\"@type\":\"ImageObject\",\"inLanguage\":\"ca\",\"@id\":\"https:\\\/\\\/www.portdesitges.com\\\/la-bandera-azul-se-izara-en-el-port-de-sitges-por-26-ano-consecutivo\\\/#primaryimage\",\"url\":\"https:\\\/\\\/www.portdesitges.com\\\/wp-content\\\/uploads\\\/2022\\\/07\\\/WhatsApp-Image-2022-07-05-at-11.35.49-AM.jpeg\",\"contentUrl\":\"https:\\\/\\\/www.portdesitges.com\\\/wp-content\\\/uploads\\\/2022\\\/07\\\/WhatsApp-Image-2022-07-05-at-11.35.49-AM.jpeg\",\"width\":1600,\"height\":1200},{\"@type\":\"BreadcrumbList\",\"@id\":\"https:\\\/\\\/www.portdesitges.com\\\/la-bandera-azul-se-izara-en-el-port-de-sitges-por-26-ano-consecutivo\\\/#breadcrumb\",\"itemListElement\":[{\"@type\":\"ListItem\",\"position\":1,\"name\":\"Portada\",\"item\":\"https:\\\/\\\/www.portdesitges.com\\\/ca\\\/\"},{\"@type\":\"ListItem\",\"position\":2,\"name\":\"La Bandera Blava s\u2019hissar\u00e0 al Port de Sitges per 26\u00e8 any consecutiu\"}]},{\"@type\":\"WebSite\",\"@id\":\"https:\\\/\\\/www.portdesitges.com\\\/#website\",\"url\":\"https:\\\/\\\/www.portdesitges.com\\\/\",\"name\":\"Port de Sitges - Aiguadol\u00e7\",\"description\":\"lugar donde el mar y la tierra se dan de la mano para crear un espacio \u00fanico y atractivo. Disfruta de un mar de experiencias.\",\"potentialAction\":[{\"@type\":\"SearchAction\",\"target\":{\"@type\":\"EntryPoint\",\"urlTemplate\":\"https:\\\/\\\/www.portdesitges.com\\\/?s={search_term_string}\"},\"query-input\":{\"@type\":\"PropertyValueSpecification\",\"valueRequired\":true,\"valueName\":\"search_term_string\"}}],\"inLanguage\":\"ca\"},{\"@type\":\"Person\",\"@id\":\"https:\\\/\\\/www.portdesitges.com\\\/#\\\/schema\\\/person\\\/be98f3191d6c7bb6ccddc2e0ac4d861f\",\"name\":\"S\u00f2nia Felip\",\"image\":{\"@type\":\"ImageObject\",\"inLanguage\":\"ca\",\"@id\":\"https:\\\/\\\/secure.gravatar.com\\\/avatar\\\/3f5abf961091eed8bea1ba4a0fb5f78e0c728f907fe0cf722e81af4aa82939db?s=96&d=mm&r=g\",\"url\":\"https:\\\/\\\/secure.gravatar.com\\\/avatar\\\/3f5abf961091eed8bea1ba4a0fb5f78e0c728f907fe0cf722e81af4aa82939db?s=96&d=mm&r=g\",\"contentUrl\":\"https:\\\/\\\/secure.gravatar.com\\\/avatar\\\/3f5abf961091eed8bea1ba4a0fb5f78e0c728f907fe0cf722e81af4aa82939db?s=96&d=mm&r=g\",\"caption\":\"S\u00f2nia Felip\"},\"url\":\"https:\\\/\\\/www.portdesitges.com\\\/ca\\\/author\\\/sonia\\\/\"}]}<\/script>\n<!-- \/ Yoast SEO plugin. -->","yoast_head_json":{"title":"La Bandera Blava s\u2019hissar\u00e0 al Port de Sitges per 26\u00e8 any consecutiu","description":"El Port de Sitges \u2013 Aiguadol\u00e7 ha renovat la Bandera Blava per 26\u00e8 any consecutiu. Albert Bertran Bas, director de comunicaci\u00f3 del Port de Sitges va rebre el prestigi\u00f3s guard\u00f3 de la m\u00e0 d\u2019Isidre Gav\u00edn, president de Ports de la Generalitat, en un jornada que es va dur a terme al Port de Badalona.","robots":{"index":"index","follow":"follow","max-snippet":"max-snippet:-1","max-image-preview":"max-image-preview:large","max-video-preview":"max-video-preview:-1"},"canonical":"https:\/\/www.portdesitges.com\/la-bandera-azul-se-izara-en-el-port-de-sitges-por-26-ano-consecutivo\/","og_locale":"ca_ES","og_type":"article","og_title":"La Bandera Blava s\u2019hissar\u00e0 al Port de Sitges per 26\u00e8 any consecutiu","og_description":"El Port de Sitges \u2013 Aiguadol\u00e7 ha renovat la Bandera Blava per 26\u00e8 any consecutiu. Albert Bertran Bas, director de comunicaci\u00f3 del Port de Sitges va rebre el prestigi\u00f3s guard\u00f3 de la m\u00e0 d\u2019Isidre Gav\u00edn, president de Ports de la Generalitat, en un jornada que es va dur a terme al Port de Badalona.","og_url":"https:\/\/www.portdesitges.com\/la-bandera-azul-se-izara-en-el-port-de-sitges-por-26-ano-consecutivo\/","og_site_name":"Port de Sitges - Aiguadol\u00e7","article_published_time":"2022-07-05T15:49:27+00:00","article_modified_time":"2022-07-05T16:01:21+00:00","og_image":[{"width":1600,"height":1200,"url":"https:\/\/www.portdesitges.com\/wp-content\/uploads\/2022\/07\/WhatsApp-Image-2022-07-05-at-11.35.49-AM.jpeg","type":"image\/jpeg"}],"author":"S\u00f2nia Felip","twitter_card":"summary_large_image","twitter_misc":{"Escrit per":"S\u00f2nia Felip","Temps estimat de lectura":"3 minuts"},"schema":{"@context":"https:\/\/schema.org","@graph":[{"@type":"Article","@id":"https:\/\/www.portdesitges.com\/la-bandera-azul-se-izara-en-el-port-de-sitges-por-26-ano-consecutivo\/#article","isPartOf":{"@id":"https:\/\/www.portdesitges.com\/la-bandera-azul-se-izara-en-el-port-de-sitges-por-26-ano-consecutivo\/"},"author":{"name":"S\u00f2nia Felip","@id":"https:\/\/www.portdesitges.com\/#\/schema\/person\/be98f3191d6c7bb6ccddc2e0ac4d861f"},"headline":"La Bandera Blava s\u2019hissar\u00e0 al Port de Sitges per 26\u00e8 any consecutiu","datePublished":"2022-07-05T15:49:27+00:00","dateModified":"2022-07-05T16:01:21+00:00","mainEntityOfPage":{"@id":"https:\/\/www.portdesitges.com\/la-bandera-azul-se-izara-en-el-port-de-sitges-por-26-ano-consecutivo\/"},"wordCount":690,"image":{"@id":"https:\/\/www.portdesitges.com\/la-bandera-azul-se-izara-en-el-port-de-sitges-por-26-ano-consecutivo\/#primaryimage"},"thumbnailUrl":"https:\/\/www.portdesitges.com\/wp-content\/uploads\/2022\/07\/WhatsApp-Image-2022-07-05-at-11.35.49-AM.jpeg","articleSection":["Not\u00edcias"],"inLanguage":"ca"},{"@type":"WebPage","@id":"https:\/\/www.portdesitges.com\/la-bandera-azul-se-izara-en-el-port-de-sitges-por-26-ano-consecutivo\/","url":"https:\/\/www.portdesitges.com\/la-bandera-azul-se-izara-en-el-port-de-sitges-por-26-ano-consecutivo\/","name":"La Bandera Blava s\u2019hissar\u00e0 al Port de Sitges per 26\u00e8 any consecutiu","isPartOf":{"@id":"https:\/\/www.portdesitges.com\/#website"},"primaryImageOfPage":{"@id":"https:\/\/www.portdesitges.com\/la-bandera-azul-se-izara-en-el-port-de-sitges-por-26-ano-consecutivo\/#primaryimage"},"image":{"@id":"https:\/\/www.portdesitges.com\/la-bandera-azul-se-izara-en-el-port-de-sitges-por-26-ano-consecutivo\/#primaryimage"},"thumbnailUrl":"https:\/\/www.portdesitges.com\/wp-content\/uploads\/2022\/07\/WhatsApp-Image-2022-07-05-at-11.35.49-AM.jpeg","datePublished":"2022-07-05T15:49:27+00:00","dateModified":"2022-07-05T16:01:21+00:00","author":{"@id":"https:\/\/www.portdesitges.com\/#\/schema\/person\/be98f3191d6c7bb6ccddc2e0ac4d861f"},"description":"El Port de Sitges \u2013 Aiguadol\u00e7 ha renovat la Bandera Blava per 26\u00e8 any consecutiu. Albert Bertran Bas, director de comunicaci\u00f3 del Port de Sitges va rebre el prestigi\u00f3s guard\u00f3 de la m\u00e0 d\u2019Isidre Gav\u00edn, president de Ports de la Generalitat, en un jornada que es va dur a terme al Port de Badalona.","breadcrumb":{"@id":"https:\/\/www.portdesitges.com\/la-bandera-azul-se-izara-en-el-port-de-sitges-por-26-ano-consecutivo\/#breadcrumb"},"inLanguage":"ca","potentialAction":[{"@type":"ReadAction","target":["https:\/\/www.portdesitges.com\/la-bandera-azul-se-izara-en-el-port-de-sitges-por-26-ano-consecutivo\/"]}]},{"@type":"ImageObject","inLanguage":"ca","@id":"https:\/\/www.portdesitges.com\/la-bandera-azul-se-izara-en-el-port-de-sitges-por-26-ano-consecutivo\/#primaryimage","url":"https:\/\/www.portdesitges.com\/wp-content\/uploads\/2022\/07\/WhatsApp-Image-2022-07-05-at-11.35.49-AM.jpeg","contentUrl":"https:\/\/www.portdesitges.com\/wp-content\/uploads\/2022\/07\/WhatsApp-Image-2022-07-05-at-11.35.49-AM.jpeg","width":1600,"height":1200},{"@type":"BreadcrumbList","@id":"https:\/\/www.portdesitges.com\/la-bandera-azul-se-izara-en-el-port-de-sitges-por-26-ano-consecutivo\/#breadcrumb","itemListElement":[{"@type":"ListItem","position":1,"name":"Portada","item":"https:\/\/www.portdesitges.com\/ca\/"},{"@type":"ListItem","position":2,"name":"La Bandera Blava s\u2019hissar\u00e0 al Port de Sitges per 26\u00e8 any consecutiu"}]},{"@type":"WebSite","@id":"https:\/\/www.portdesitges.com\/#website","url":"https:\/\/www.portdesitges.com\/","name":"Port de Sitges - Aiguadol\u00e7","description":"lugar donde el mar y la tierra se dan de la mano para crear un espacio \u00fanico y atractivo. Disfruta de un mar de experiencias.","potentialAction":[{"@type":"SearchAction","target":{"@type":"EntryPoint","urlTemplate":"https:\/\/www.portdesitges.com\/?s={search_term_string}"},"query-input":{"@type":"PropertyValueSpecification","valueRequired":true,"valueName":"search_term_string"}}],"inLanguage":"ca"},{"@type":"Person","@id":"https:\/\/www.portdesitges.com\/#\/schema\/person\/be98f3191d6c7bb6ccddc2e0ac4d861f","name":"S\u00f2nia Felip","image":{"@type":"ImageObject","inLanguage":"ca","@id":"https:\/\/secure.gravatar.com\/avatar\/3f5abf961091eed8bea1ba4a0fb5f78e0c728f907fe0cf722e81af4aa82939db?s=96&d=mm&r=g","url":"https:\/\/secure.gravatar.com\/avatar\/3f5abf961091eed8bea1ba4a0fb5f78e0c728f907fe0cf722e81af4aa82939db?s=96&d=mm&r=g","contentUrl":"https:\/\/secure.gravatar.com\/avatar\/3f5abf961091eed8bea1ba4a0fb5f78e0c728f907fe0cf722e81af4aa82939db?s=96&d=mm&r=g","caption":"S\u00f2nia Felip"},"url":"https:\/\/www.portdesitges.com\/ca\/author\/sonia\/"}]}},"_links":{"self":[{"href":"https:\/\/www.portdesitges.com\/ca\/wp-json\/wp\/v2\/posts\/16067","targetHints":{"allow":["GET"]}}],"collection":[{"href":"https:\/\/www.portdesitges.com\/ca\/wp-json\/wp\/v2\/posts"}],"about":[{"href":"https:\/\/www.portdesitges.com\/ca\/wp-json\/wp\/v2\/types\/post"}],"author":[{"embeddable":true,"href":"https:\/\/www.portdesitges.com\/ca\/wp-json\/wp\/v2\/users\/3"}],"replies":[{"embeddable":true,"href":"https:\/\/www.portdesitges.com\/ca\/wp-json\/wp\/v2\/comments?post=16067"}],"version-history":[{"count":2,"href":"https:\/\/www.portdesitges.com\/ca\/wp-json\/wp\/v2\/posts\/16067\/revisions"}],"predecessor-version":[{"id":16078,"href":"https:\/\/www.portdesitges.com\/ca\/wp-json\/wp\/v2\/posts\/16067\/revisions\/16078"}],"wp:featuredmedia":[{"embeddable":true,"href":"https:\/\/www.portdesitges.com\/ca\/wp-json\/wp\/v2\/media\/16071"}],"wp:attachment":[{"href":"https:\/\/www.portdesitges.com\/ca\/wp-json\/wp\/v2\/media?parent=16067"}],"wp:term":[{"taxonomy":"category","embeddable":true,"href":"https:\/\/www.portdesitges.com\/ca\/wp-json\/wp\/v2\/categories?post=16067"},{"taxonomy":"post_tag","embeddable":true,"href":"https:\/\/www.portdesitges.com\/ca\/wp-json\/wp\/v2\/tags?post=16067"}],"curies":[{"name":"wp","href":"https:\/\/api.w.org\/{rel}","templated":true}]}}