{"id":16021,"date":"2022-06-30T16:20:31","date_gmt":"2022-06-30T16:20:31","guid":{"rendered":"https:\/\/www.portdesitges.com\/?p=16021"},"modified":"2022-07-08T14:30:00","modified_gmt":"2022-07-08T14:30:00","slug":"els-concerts-de-mitjanit-tornen-amb-forca-despres-de-dos-anys","status":"publish","type":"post","link":"https:\/\/www.portdesitges.com\/ca\/els-concerts-de-mitjanit-tornen-amb-forca-despres-de-dos-anys\/","title":{"rendered":"Els &#8220;Concerts de Mitjanit&#8221; tornen amb for\u00e7a despr\u00e9s de dos anys"},"content":{"rendered":"[vc_row type=&#8221;in_container&#8221; full_screen_row_position=&#8221;middle&#8221; column_margin=&#8221;default&#8221; scene_position=&#8221;center&#8221; text_color=&#8221;dark&#8221; text_align=&#8221;left&#8221; overlay_strength=&#8221;0.3&#8243; shape_divider_position=&#8221;bottom&#8221; bg_image_animation=&#8221;none&#8221;][vc_column column_padding=&#8221;no-extra-padding&#8221; column_padding_position=&#8221;all&#8221; background_color_opacity=&#8221;1&#8243; background_hover_color_opacity=&#8221;1&#8243; column_link_target=&#8221;_self&#8221; column_shadow=&#8221;none&#8221; column_border_radius=&#8221;none&#8221; width=&#8221;1\/1&#8243; tablet_width_inherit=&#8221;default&#8221; tablet_text_alignment=&#8221;default&#8221; phone_text_alignment=&#8221;default&#8221; overlay_strength=&#8221;0.3&#8243; column_border_width=&#8221;none&#8221; column_border_style=&#8221;solid&#8221; bg_image_animation=&#8221;none&#8221;][vc_column_text]Els &#8220;Concerts de Mitjanit&#8221; tornen despr\u00e9s de dos anys de pand\u00e8mia amb m\u00e9s for\u00e7a que mai. Una \u00e0mplia oferta que pret\u00e9n acostar la m\u00fasica en viu a tots els p\u00fablics i que donar\u00e0 el tret de sortida el dissabte 9 de juliol i es clausurar\u00e0 el 14 d&#8217;agost amb els ja cl\u00e0ssics curts de cinema a la fresca.<\/p>\n<p>Durant aquest mes i mig les nits del port s&#8217;ompliran de la millor m\u00fasica, bon ambient, copes i balls gr\u00e0cies a grups com Veneno en la Piel amb el seu pop espanyol dels 80 i 90, Scarbeats i el seu tribut a The Beatles, el millor Pop-Rock internacional amb grups com Carla Meyer o Pop&#8217;N&#8217;Roll, la banda sonora de les pel\u00b7l\u00edcules de Tarantino a c\u00e0rrec de Tarantination, rumba, funk, jazz, bossa nova, soul, swing, boleros&#8230; M\u00e9s?<\/p>\n<p>Doncs si, perque a m\u00e9s a m\u00e9s cada dissabte de 19 a 00 hores tindrem el Mediterrani Market, per completar l\u2019experi\u00e8ncia Concerts de Mitjanit. Al Port de Sitges tindrem dissabtes de \u201ctardeo\u201d on trobareu un market de propostes i tend\u00e8ncies a la zona dels Concerts.<\/p>\n<p>Cerca el teu grup en el calendari i reserva les teves localitats com m\u00e9s aviat millor si est\u00e0s interessat en la zona VIP. La zona que? La zona VIP, un lloc reservat i exclusiu on podr\u00e0s gaudir dels concerts en primera l\u00ednia amb servei de bar exclusiu. Reserva de localitats online a <strong><a href=\"http:\/\/www.concertsdemitjanit.com\" target=\"_blank\" rel=\"noopener noreferrer\">www.concertsdemitjanit.com<\/a><\/strong>.<\/p>\n<p>Si aquesta no \u00e9s la teva zona no et preocupis que tenim unes altres. L&#8217;\u00fanica condici\u00f3 \u00e9s venir i gaudir de tota la m\u00e0gia que t&#8217;ofereix el port en un dels entorns m\u00e9s id\u00edl\u00b7lics de Sitges.<\/p>\n<p>Aix\u00f2 s\u00ed, l&#8217;aforament \u00e9s limitat i l&#8217;espai \u00e9s el que \u00e9s aix\u00ed que no t&#8217;adormis perqu\u00e8 la cosa sol omplir-se. Com no anava a fer-ho? M\u00fasica, nit, begudes, p\u00e0rquing i una \u00e0mplia oferta gastron\u00f2mica amb m\u00e9s de 14 restaurants al teu servei. I tot a peu de mar!<br \/>\nT&#8217;apuntes? T&#8217;apuntes![\/vc_column_text][\/vc_column][\/vc_row][vc_row type=&#8221;in_container&#8221; full_screen_row_position=&#8221;middle&#8221; column_margin=&#8221;default&#8221; scene_position=&#8221;center&#8221; text_color=&#8221;dark&#8221; text_align=&#8221;left&#8221; overlay_strength=&#8221;0.3&#8243; shape_divider_position=&#8221;bottom&#8221; bg_image_animation=&#8221;none&#8221;][vc_column column_padding=&#8221;no-extra-padding&#8221; column_padding_position=&#8221;all&#8221; background_color_opacity=&#8221;1&#8243; background_hover_color_opacity=&#8221;1&#8243; column_link_target=&#8221;_self&#8221; column_shadow=&#8221;none&#8221; column_border_radius=&#8221;none&#8221; width=&#8221;2\/3&#8243; tablet_width_inherit=&#8221;default&#8221; tablet_text_alignment=&#8221;default&#8221; phone_text_alignment=&#8221;default&#8221; overlay_strength=&#8221;0.3&#8243; column_border_width=&#8221;none&#8221; column_border_style=&#8221;solid&#8221; bg_image_animation=&#8221;none&#8221;][vc_column_text]\n<h6>Calendari CONCERTS DE MITJANIT 2022<\/h6>\n<h6>1 &#8211; Dissabte 9 de juliol &#8211; SCARBEATS &#8211; Beatles en viu &#8211; 23:00 h<\/h6>\n<h6>2 &#8211; Divendres 15 de juliol &#8211; SET DE RUMBA &#8211; Nit de rumba catalana &#8211; 23:00 h<br \/>\n3 &#8211; Dissabte 16 de juliol &#8211; MARE DE D\u00c9U DEL CARME &#8211; Process\u00f3 mar\u00edtima + havaneres &#8211; 19 h<\/h6>\n<h6>4 &#8211; Divendres 22 de juliol &#8211; SITGES BIG BAND &#8211; Bossa nova &#8211; jazz &#8211; swing &#8211; 23:00 h<br \/>\n5 &#8211; Dissabte 23 de juliol &#8211; VAMP\u2019S SOUL &#8211; Tribut a les millors veus del soul, funk &amp; rock &#8211; 23:00 h<\/h6>\n<h6>6 &#8211; Divendres 29 de juliol &#8211; TARANTINATION &#8211; Bandes sonores de pel\u00b7l\u00edcules de Quentin Tarantino &#8211; 23:00 h<br \/>\n7 &#8211; Dissabte 30 de juliol &#8211; VENENO EN LA PIEL &#8211; Pop espanyol 80\u2019s i 90\u2019s &#8211; 23:00 h<\/h6>\n<h6>8 &#8211; Divendres 5 d\u2019agost &#8211; CANELA N\u2019DRAMA &#8211; Rumba, bossa nova i molt m\u00e9s! &#8211; 23:00 h<br \/>\n9 &#8211; Dissabte 6 d\u2019agost &#8211; CARLA MEYER &#8211; Grans \u00e8xits del pop-rock internacional &#8211; 23:00 h<\/h6>\n<h6>10 &#8211; Dijous 11 d\u2019agost &#8211; MARTA DURAN QUARTET &#8211; Jazz, bossa nova i boleros &#8211; 23:00 h<br \/>\n11 &#8211; Divendres 12 d\u2019agost &#8211; ATOMIK FUNK &#8211; Soul, funky i RnB &#8211; 23:00 h<br \/>\n12 &#8211; Dissabte 13 d\u2019agost &#8211; POP\u2019N ROLL &#8211; Grans \u00e8xits del pop i rock internacional &#8211; 23:00 h<br \/>\n13 &#8211; Diumenge 14 d\u2019agost &#8211; SITGES FILM FESTIVAL &#8211; Projecci\u00f3 de curts fant\u00e0stics &#8211; 22:00 h<\/h6>\n[\/vc_column_text][\/vc_column][vc_column column_padding=&#8221;no-extra-padding&#8221; column_padding_position=&#8221;all&#8221; background_color_opacity=&#8221;1&#8243; background_hover_color_opacity=&#8221;1&#8243; column_link_target=&#8221;_self&#8221; column_shadow=&#8221;none&#8221; column_border_radius=&#8221;none&#8221; width=&#8221;1\/3&#8243; tablet_width_inherit=&#8221;default&#8221; tablet_text_alignment=&#8221;default&#8221; phone_text_alignment=&#8221;default&#8221; overlay_strength=&#8221;0.3&#8243; column_border_width=&#8221;none&#8221; column_border_style=&#8221;solid&#8221; bg_image_animation=&#8221;none&#8221;][vc_column_text]\n<h4><a href=\"https:\/\/concertsdemitjanit.com\/\" target=\"_blank\" rel=\"noopener noreferrer\"><strong> VISITA LA WEB DE CONCERTS DE MITJANIT\u00a0<\/strong><\/a><\/h4>\n[\/vc_column_text][image_with_animation image_url=&#8221;16081&#8243; alignment=&#8221;&#8221; animation=&#8221;Fade In&#8221; img_link_target=&#8221;_blank&#8221; hover_animation=&#8221;zoom-crop&#8221; border_radius=&#8221;none&#8221; box_shadow=&#8221;none&#8221; image_loading=&#8221;default&#8221; max_width=&#8221;100%&#8221; max_width_mobile=&#8221;default&#8221; img_link=&#8221;https:\/\/concertsdemitjanit.com\/&#8221;][\/vc_column][\/vc_row][vc_row type=&#8221;in_container&#8221; full_screen_row_position=&#8221;middle&#8221; column_margin=&#8221;default&#8221; scene_position=&#8221;center&#8221; text_color=&#8221;dark&#8221; text_align=&#8221;left&#8221; overlay_strength=&#8221;0.3&#8243; shape_divider_position=&#8221;bottom&#8221; bg_image_animation=&#8221;none&#8221;][vc_column column_padding=&#8221;no-extra-padding&#8221; column_padding_position=&#8221;all&#8221; background_color_opacity=&#8221;1&#8243; background_hover_color_opacity=&#8221;1&#8243; column_link_target=&#8221;_self&#8221; column_shadow=&#8221;none&#8221; column_border_radius=&#8221;none&#8221; width=&#8221;1\/1&#8243; tablet_width_inherit=&#8221;default&#8221; tablet_text_alignment=&#8221;default&#8221; phone_text_alignment=&#8221;default&#8221; overlay_strength=&#8221;0.3&#8243; column_border_width=&#8221;none&#8221; column_border_style=&#8221;solid&#8221; bg_image_animation=&#8221;none&#8221;][vc_column_text][\/ vc_column] [\/ vc_row][\/vc_column_text][\/vc_column][\/vc_row]\n","protected":false},"excerpt":{"rendered":"<p>[vc_row type=&#8221;in_container&#8221; full_screen_row_position=&#8221;middle&#8221; column_margin=&#8221;default&#8221; scene_position=&#8221;center&#8221; text_color=&#8221;dark&#8221; text_align=&#8221;left&#8221; overlay_strength=&#8221;0.3&#8243; shape_divider_position=&#8221;bottom&#8221; bg_image_animation=&#8221;none&#8221;][vc_column column_padding=&#8221;no-extra-padding&#8221; column_padding_position=&#8221;all&#8221; background_color_opacity=&#8221;1&#8243; background_hover_color_opacity=&#8221;1&#8243; column_link_target=&#8221;_self&#8221; column_shadow=&#8221;none&#8221; column_border_radius=&#8221;none&#8221; width=&#8221;1\/1&#8243; tablet_width_inherit=&#8221;default&#8221; tablet_text_alignment=&#8221;default&#8221; phone_text_alignment=&#8221;default&#8221; overlay_strength=&#8221;0.3&#8243; column_border_width=&#8221;none&#8221; column_border_style=&#8221;solid&#8221; bg_image_animation=&#8221;none&#8221;][vc_column_text]Els &#8220;Concerts de Mitjanit&#8221; tornen despr\u00e9s&#8230;<\/p>\n","protected":false},"author":3,"featured_media":16081,"comment_status":"closed","ping_status":"closed","sticky":false,"template":"","format":"standard","meta":{"footnotes":""},"categories":[62],"tags":[],"class_list":{"0":"post-16021","1":"post","2":"type-post","3":"status-publish","4":"format-standard","5":"has-post-thumbnail","7":"category-noticias-ca"},"yoast_head":"<!-- This site is optimized with the Yoast SEO plugin v27.3 - https:\/\/yoast.com\/product\/yoast-seo-wordpress\/ -->\n<title>Els &quot;Concerts de Mitjanit&quot; tornen amb for\u00e7a despr\u00e9s de dos anys<\/title>\n<meta name=\"description\" content=\"Els &quot;Concerts de Mitjanit&quot; tornen despr\u00e9s de dos anys de pand\u00e8mia amb m\u00e9s for\u00e7a que mai. Una \u00e0mplia oferta que pret\u00e9n acostar la m\u00fasica en viu a tots els p\u00fablics i que donar\u00e0 el tret de sortida el dissabte 9 de juliol i es clausurar\u00e0 el 14 d&#039;agost amb els ja cl\u00e0ssics curts de cinema a la fresca.\" \/>\n<meta name=\"robots\" content=\"index, follow, max-snippet:-1, max-image-preview:large, max-video-preview:-1\" \/>\n<link rel=\"canonical\" href=\"https:\/\/www.portdesitges.com\/los-concerts-de-mitjanit-vuelven-con-fuerza-despues-de-dos-anos\/\" \/>\n<meta property=\"og:locale\" content=\"ca_ES\" \/>\n<meta property=\"og:type\" content=\"article\" \/>\n<meta property=\"og:title\" content=\"Els &quot;Concerts de Mitjanit&quot; tornen amb for\u00e7a despr\u00e9s de dos anys\" \/>\n<meta property=\"og:description\" content=\"Els &quot;Concerts de Mitjanit&quot; tornen despr\u00e9s de dos anys de pand\u00e8mia amb m\u00e9s for\u00e7a que mai. Una \u00e0mplia oferta que pret\u00e9n acostar la m\u00fasica en viu a tots els p\u00fablics i que donar\u00e0 el tret de sortida el dissabte 9 de juliol i es clausurar\u00e0 el 14 d&#039;agost amb els ja cl\u00e0ssics curts de cinema a la fresca.\" \/>\n<meta property=\"og:url\" content=\"https:\/\/www.portdesitges.com\/los-concerts-de-mitjanit-vuelven-con-fuerza-despues-de-dos-anos\/\" \/>\n<meta property=\"og:site_name\" content=\"Port de Sitges - Aiguadol\u00e7\" \/>\n<meta property=\"article:published_time\" content=\"2022-06-30T16:20:31+00:00\" \/>\n<meta property=\"article:modified_time\" content=\"2022-07-08T14:30:00+00:00\" \/>\n<meta property=\"og:image\" content=\"https:\/\/www.portdesitges.com\/wp-content\/uploads\/2022\/07\/Imatge-programacio\u0301-2022-scaled.jpg\" \/>\n\t<meta property=\"og:image:width\" content=\"2560\" \/>\n\t<meta property=\"og:image:height\" content=\"2476\" \/>\n\t<meta property=\"og:image:type\" content=\"image\/jpeg\" \/>\n<meta name=\"author\" content=\"S\u00f2nia Felip\" \/>\n<meta name=\"twitter:card\" content=\"summary_large_image\" \/>\n<meta name=\"twitter:label1\" content=\"Escrit per\" \/>\n\t<meta name=\"twitter:data1\" content=\"S\u00f2nia Felip\" \/>\n\t<meta name=\"twitter:label2\" content=\"Temps estimat de lectura\" \/>\n\t<meta name=\"twitter:data2\" content=\"5 minuts\" \/>\n<script type=\"application\/ld+json\" class=\"yoast-schema-graph\">{\"@context\":\"https:\\\/\\\/schema.org\",\"@graph\":[{\"@type\":\"Article\",\"@id\":\"https:\\\/\\\/www.portdesitges.com\\\/los-concerts-de-mitjanit-vuelven-con-fuerza-despues-de-dos-anos\\\/#article\",\"isPartOf\":{\"@id\":\"https:\\\/\\\/www.portdesitges.com\\\/los-concerts-de-mitjanit-vuelven-con-fuerza-despues-de-dos-anos\\\/\"},\"author\":{\"name\":\"S\u00f2nia Felip\",\"@id\":\"https:\\\/\\\/www.portdesitges.com\\\/#\\\/schema\\\/person\\\/be98f3191d6c7bb6ccddc2e0ac4d861f\"},\"headline\":\"Els &#8220;Concerts de Mitjanit&#8221; tornen amb for\u00e7a despr\u00e9s de dos anys\",\"datePublished\":\"2022-06-30T16:20:31+00:00\",\"dateModified\":\"2022-07-08T14:30:00+00:00\",\"mainEntityOfPage\":{\"@id\":\"https:\\\/\\\/www.portdesitges.com\\\/los-concerts-de-mitjanit-vuelven-con-fuerza-despues-de-dos-anos\\\/\"},\"wordCount\":984,\"image\":{\"@id\":\"https:\\\/\\\/www.portdesitges.com\\\/los-concerts-de-mitjanit-vuelven-con-fuerza-despues-de-dos-anos\\\/#primaryimage\"},\"thumbnailUrl\":\"https:\\\/\\\/www.portdesitges.com\\\/wp-content\\\/uploads\\\/2022\\\/07\\\/Imatge-programacio\u0301-2022-scaled.jpg\",\"articleSection\":[\"Not\u00edcias\"],\"inLanguage\":\"ca\"},{\"@type\":\"WebPage\",\"@id\":\"https:\\\/\\\/www.portdesitges.com\\\/los-concerts-de-mitjanit-vuelven-con-fuerza-despues-de-dos-anos\\\/\",\"url\":\"https:\\\/\\\/www.portdesitges.com\\\/los-concerts-de-mitjanit-vuelven-con-fuerza-despues-de-dos-anos\\\/\",\"name\":\"Els \\\"Concerts de Mitjanit\\\" tornen amb for\u00e7a despr\u00e9s de dos anys\",\"isPartOf\":{\"@id\":\"https:\\\/\\\/www.portdesitges.com\\\/#website\"},\"primaryImageOfPage\":{\"@id\":\"https:\\\/\\\/www.portdesitges.com\\\/los-concerts-de-mitjanit-vuelven-con-fuerza-despues-de-dos-anos\\\/#primaryimage\"},\"image\":{\"@id\":\"https:\\\/\\\/www.portdesitges.com\\\/los-concerts-de-mitjanit-vuelven-con-fuerza-despues-de-dos-anos\\\/#primaryimage\"},\"thumbnailUrl\":\"https:\\\/\\\/www.portdesitges.com\\\/wp-content\\\/uploads\\\/2022\\\/07\\\/Imatge-programacio\u0301-2022-scaled.jpg\",\"datePublished\":\"2022-06-30T16:20:31+00:00\",\"dateModified\":\"2022-07-08T14:30:00+00:00\",\"author\":{\"@id\":\"https:\\\/\\\/www.portdesitges.com\\\/#\\\/schema\\\/person\\\/be98f3191d6c7bb6ccddc2e0ac4d861f\"},\"description\":\"Els \\\"Concerts de Mitjanit\\\" tornen despr\u00e9s de dos anys de pand\u00e8mia amb m\u00e9s for\u00e7a que mai. Una \u00e0mplia oferta que pret\u00e9n acostar la m\u00fasica en viu a tots els p\u00fablics i que donar\u00e0 el tret de sortida el dissabte 9 de juliol i es clausurar\u00e0 el 14 d'agost amb els ja cl\u00e0ssics curts de cinema a la fresca.\",\"breadcrumb\":{\"@id\":\"https:\\\/\\\/www.portdesitges.com\\\/los-concerts-de-mitjanit-vuelven-con-fuerza-despues-de-dos-anos\\\/#breadcrumb\"},\"inLanguage\":\"ca\",\"potentialAction\":[{\"@type\":\"ReadAction\",\"target\":[\"https:\\\/\\\/www.portdesitges.com\\\/los-concerts-de-mitjanit-vuelven-con-fuerza-despues-de-dos-anos\\\/\"]}]},{\"@type\":\"ImageObject\",\"inLanguage\":\"ca\",\"@id\":\"https:\\\/\\\/www.portdesitges.com\\\/los-concerts-de-mitjanit-vuelven-con-fuerza-despues-de-dos-anos\\\/#primaryimage\",\"url\":\"https:\\\/\\\/www.portdesitges.com\\\/wp-content\\\/uploads\\\/2022\\\/07\\\/Imatge-programacio\u0301-2022-scaled.jpg\",\"contentUrl\":\"https:\\\/\\\/www.portdesitges.com\\\/wp-content\\\/uploads\\\/2022\\\/07\\\/Imatge-programacio\u0301-2022-scaled.jpg\",\"width\":2560,\"height\":2476},{\"@type\":\"BreadcrumbList\",\"@id\":\"https:\\\/\\\/www.portdesitges.com\\\/los-concerts-de-mitjanit-vuelven-con-fuerza-despues-de-dos-anos\\\/#breadcrumb\",\"itemListElement\":[{\"@type\":\"ListItem\",\"position\":1,\"name\":\"Portada\",\"item\":\"https:\\\/\\\/www.portdesitges.com\\\/ca\\\/\"},{\"@type\":\"ListItem\",\"position\":2,\"name\":\"Els \u00abConcerts de Mitjanit\u00bb tornen amb for\u00e7a despr\u00e9s de dos anys\"}]},{\"@type\":\"WebSite\",\"@id\":\"https:\\\/\\\/www.portdesitges.com\\\/#website\",\"url\":\"https:\\\/\\\/www.portdesitges.com\\\/\",\"name\":\"Port de Sitges - Aiguadol\u00e7\",\"description\":\"lugar donde el mar y la tierra se dan de la mano para crear un espacio \u00fanico y atractivo. Disfruta de un mar de experiencias.\",\"potentialAction\":[{\"@type\":\"SearchAction\",\"target\":{\"@type\":\"EntryPoint\",\"urlTemplate\":\"https:\\\/\\\/www.portdesitges.com\\\/?s={search_term_string}\"},\"query-input\":{\"@type\":\"PropertyValueSpecification\",\"valueRequired\":true,\"valueName\":\"search_term_string\"}}],\"inLanguage\":\"ca\"},{\"@type\":\"Person\",\"@id\":\"https:\\\/\\\/www.portdesitges.com\\\/#\\\/schema\\\/person\\\/be98f3191d6c7bb6ccddc2e0ac4d861f\",\"name\":\"S\u00f2nia Felip\",\"image\":{\"@type\":\"ImageObject\",\"inLanguage\":\"ca\",\"@id\":\"https:\\\/\\\/secure.gravatar.com\\\/avatar\\\/3f5abf961091eed8bea1ba4a0fb5f78e0c728f907fe0cf722e81af4aa82939db?s=96&d=mm&r=g\",\"url\":\"https:\\\/\\\/secure.gravatar.com\\\/avatar\\\/3f5abf961091eed8bea1ba4a0fb5f78e0c728f907fe0cf722e81af4aa82939db?s=96&d=mm&r=g\",\"contentUrl\":\"https:\\\/\\\/secure.gravatar.com\\\/avatar\\\/3f5abf961091eed8bea1ba4a0fb5f78e0c728f907fe0cf722e81af4aa82939db?s=96&d=mm&r=g\",\"caption\":\"S\u00f2nia Felip\"},\"url\":\"https:\\\/\\\/www.portdesitges.com\\\/ca\\\/author\\\/sonia\\\/\"}]}<\/script>\n<!-- \/ Yoast SEO plugin. -->","yoast_head_json":{"title":"Els \"Concerts de Mitjanit\" tornen amb for\u00e7a despr\u00e9s de dos anys","description":"Els \"Concerts de Mitjanit\" tornen despr\u00e9s de dos anys de pand\u00e8mia amb m\u00e9s for\u00e7a que mai. Una \u00e0mplia oferta que pret\u00e9n acostar la m\u00fasica en viu a tots els p\u00fablics i que donar\u00e0 el tret de sortida el dissabte 9 de juliol i es clausurar\u00e0 el 14 d'agost amb els ja cl\u00e0ssics curts de cinema a la fresca.","robots":{"index":"index","follow":"follow","max-snippet":"max-snippet:-1","max-image-preview":"max-image-preview:large","max-video-preview":"max-video-preview:-1"},"canonical":"https:\/\/www.portdesitges.com\/los-concerts-de-mitjanit-vuelven-con-fuerza-despues-de-dos-anos\/","og_locale":"ca_ES","og_type":"article","og_title":"Els \"Concerts de Mitjanit\" tornen amb for\u00e7a despr\u00e9s de dos anys","og_description":"Els \"Concerts de Mitjanit\" tornen despr\u00e9s de dos anys de pand\u00e8mia amb m\u00e9s for\u00e7a que mai. Una \u00e0mplia oferta que pret\u00e9n acostar la m\u00fasica en viu a tots els p\u00fablics i que donar\u00e0 el tret de sortida el dissabte 9 de juliol i es clausurar\u00e0 el 14 d'agost amb els ja cl\u00e0ssics curts de cinema a la fresca.","og_url":"https:\/\/www.portdesitges.com\/los-concerts-de-mitjanit-vuelven-con-fuerza-despues-de-dos-anos\/","og_site_name":"Port de Sitges - Aiguadol\u00e7","article_published_time":"2022-06-30T16:20:31+00:00","article_modified_time":"2022-07-08T14:30:00+00:00","og_image":[{"width":2560,"height":2476,"url":"https:\/\/www.portdesitges.com\/wp-content\/uploads\/2022\/07\/Imatge-programacio\u0301-2022-scaled.jpg","type":"image\/jpeg"}],"author":"S\u00f2nia Felip","twitter_card":"summary_large_image","twitter_misc":{"Escrit per":"S\u00f2nia Felip","Temps estimat de lectura":"5 minuts"},"schema":{"@context":"https:\/\/schema.org","@graph":[{"@type":"Article","@id":"https:\/\/www.portdesitges.com\/los-concerts-de-mitjanit-vuelven-con-fuerza-despues-de-dos-anos\/#article","isPartOf":{"@id":"https:\/\/www.portdesitges.com\/los-concerts-de-mitjanit-vuelven-con-fuerza-despues-de-dos-anos\/"},"author":{"name":"S\u00f2nia Felip","@id":"https:\/\/www.portdesitges.com\/#\/schema\/person\/be98f3191d6c7bb6ccddc2e0ac4d861f"},"headline":"Els &#8220;Concerts de Mitjanit&#8221; tornen amb for\u00e7a despr\u00e9s de dos anys","datePublished":"2022-06-30T16:20:31+00:00","dateModified":"2022-07-08T14:30:00+00:00","mainEntityOfPage":{"@id":"https:\/\/www.portdesitges.com\/los-concerts-de-mitjanit-vuelven-con-fuerza-despues-de-dos-anos\/"},"wordCount":984,"image":{"@id":"https:\/\/www.portdesitges.com\/los-concerts-de-mitjanit-vuelven-con-fuerza-despues-de-dos-anos\/#primaryimage"},"thumbnailUrl":"https:\/\/www.portdesitges.com\/wp-content\/uploads\/2022\/07\/Imatge-programacio\u0301-2022-scaled.jpg","articleSection":["Not\u00edcias"],"inLanguage":"ca"},{"@type":"WebPage","@id":"https:\/\/www.portdesitges.com\/los-concerts-de-mitjanit-vuelven-con-fuerza-despues-de-dos-anos\/","url":"https:\/\/www.portdesitges.com\/los-concerts-de-mitjanit-vuelven-con-fuerza-despues-de-dos-anos\/","name":"Els \"Concerts de Mitjanit\" tornen amb for\u00e7a despr\u00e9s de dos anys","isPartOf":{"@id":"https:\/\/www.portdesitges.com\/#website"},"primaryImageOfPage":{"@id":"https:\/\/www.portdesitges.com\/los-concerts-de-mitjanit-vuelven-con-fuerza-despues-de-dos-anos\/#primaryimage"},"image":{"@id":"https:\/\/www.portdesitges.com\/los-concerts-de-mitjanit-vuelven-con-fuerza-despues-de-dos-anos\/#primaryimage"},"thumbnailUrl":"https:\/\/www.portdesitges.com\/wp-content\/uploads\/2022\/07\/Imatge-programacio\u0301-2022-scaled.jpg","datePublished":"2022-06-30T16:20:31+00:00","dateModified":"2022-07-08T14:30:00+00:00","author":{"@id":"https:\/\/www.portdesitges.com\/#\/schema\/person\/be98f3191d6c7bb6ccddc2e0ac4d861f"},"description":"Els \"Concerts de Mitjanit\" tornen despr\u00e9s de dos anys de pand\u00e8mia amb m\u00e9s for\u00e7a que mai. Una \u00e0mplia oferta que pret\u00e9n acostar la m\u00fasica en viu a tots els p\u00fablics i que donar\u00e0 el tret de sortida el dissabte 9 de juliol i es clausurar\u00e0 el 14 d'agost amb els ja cl\u00e0ssics curts de cinema a la fresca.","breadcrumb":{"@id":"https:\/\/www.portdesitges.com\/los-concerts-de-mitjanit-vuelven-con-fuerza-despues-de-dos-anos\/#breadcrumb"},"inLanguage":"ca","potentialAction":[{"@type":"ReadAction","target":["https:\/\/www.portdesitges.com\/los-concerts-de-mitjanit-vuelven-con-fuerza-despues-de-dos-anos\/"]}]},{"@type":"ImageObject","inLanguage":"ca","@id":"https:\/\/www.portdesitges.com\/los-concerts-de-mitjanit-vuelven-con-fuerza-despues-de-dos-anos\/#primaryimage","url":"https:\/\/www.portdesitges.com\/wp-content\/uploads\/2022\/07\/Imatge-programacio\u0301-2022-scaled.jpg","contentUrl":"https:\/\/www.portdesitges.com\/wp-content\/uploads\/2022\/07\/Imatge-programacio\u0301-2022-scaled.jpg","width":2560,"height":2476},{"@type":"BreadcrumbList","@id":"https:\/\/www.portdesitges.com\/los-concerts-de-mitjanit-vuelven-con-fuerza-despues-de-dos-anos\/#breadcrumb","itemListElement":[{"@type":"ListItem","position":1,"name":"Portada","item":"https:\/\/www.portdesitges.com\/ca\/"},{"@type":"ListItem","position":2,"name":"Els \u00abConcerts de Mitjanit\u00bb tornen amb for\u00e7a despr\u00e9s de dos anys"}]},{"@type":"WebSite","@id":"https:\/\/www.portdesitges.com\/#website","url":"https:\/\/www.portdesitges.com\/","name":"Port de Sitges - Aiguadol\u00e7","description":"lugar donde el mar y la tierra se dan de la mano para crear un espacio \u00fanico y atractivo. Disfruta de un mar de experiencias.","potentialAction":[{"@type":"SearchAction","target":{"@type":"EntryPoint","urlTemplate":"https:\/\/www.portdesitges.com\/?s={search_term_string}"},"query-input":{"@type":"PropertyValueSpecification","valueRequired":true,"valueName":"search_term_string"}}],"inLanguage":"ca"},{"@type":"Person","@id":"https:\/\/www.portdesitges.com\/#\/schema\/person\/be98f3191d6c7bb6ccddc2e0ac4d861f","name":"S\u00f2nia Felip","image":{"@type":"ImageObject","inLanguage":"ca","@id":"https:\/\/secure.gravatar.com\/avatar\/3f5abf961091eed8bea1ba4a0fb5f78e0c728f907fe0cf722e81af4aa82939db?s=96&d=mm&r=g","url":"https:\/\/secure.gravatar.com\/avatar\/3f5abf961091eed8bea1ba4a0fb5f78e0c728f907fe0cf722e81af4aa82939db?s=96&d=mm&r=g","contentUrl":"https:\/\/secure.gravatar.com\/avatar\/3f5abf961091eed8bea1ba4a0fb5f78e0c728f907fe0cf722e81af4aa82939db?s=96&d=mm&r=g","caption":"S\u00f2nia Felip"},"url":"https:\/\/www.portdesitges.com\/ca\/author\/sonia\/"}]}},"_links":{"self":[{"href":"https:\/\/www.portdesitges.com\/ca\/wp-json\/wp\/v2\/posts\/16021","targetHints":{"allow":["GET"]}}],"collection":[{"href":"https:\/\/www.portdesitges.com\/ca\/wp-json\/wp\/v2\/posts"}],"about":[{"href":"https:\/\/www.portdesitges.com\/ca\/wp-json\/wp\/v2\/types\/post"}],"author":[{"embeddable":true,"href":"https:\/\/www.portdesitges.com\/ca\/wp-json\/wp\/v2\/users\/3"}],"replies":[{"embeddable":true,"href":"https:\/\/www.portdesitges.com\/ca\/wp-json\/wp\/v2\/comments?post=16021"}],"version-history":[{"count":7,"href":"https:\/\/www.portdesitges.com\/ca\/wp-json\/wp\/v2\/posts\/16021\/revisions"}],"predecessor-version":[{"id":16085,"href":"https:\/\/www.portdesitges.com\/ca\/wp-json\/wp\/v2\/posts\/16021\/revisions\/16085"}],"wp:featuredmedia":[{"embeddable":true,"href":"https:\/\/www.portdesitges.com\/ca\/wp-json\/wp\/v2\/media\/16081"}],"wp:attachment":[{"href":"https:\/\/www.portdesitges.com\/ca\/wp-json\/wp\/v2\/media?parent=16021"}],"wp:term":[{"taxonomy":"category","embeddable":true,"href":"https:\/\/www.portdesitges.com\/ca\/wp-json\/wp\/v2\/categories?post=16021"},{"taxonomy":"post_tag","embeddable":true,"href":"https:\/\/www.portdesitges.com\/ca\/wp-json\/wp\/v2\/tags?post=16021"}],"curies":[{"name":"wp","href":"https:\/\/api.w.org\/{rel}","templated":true}]}}