{"id":16004,"date":"2022-06-16T15:20:41","date_gmt":"2022-06-16T15:20:41","guid":{"rendered":"https:\/\/www.portdesitges.com\/?p=16004"},"modified":"2022-06-16T15:20:41","modified_gmt":"2022-06-16T15:20:41","slug":"la-primavera-esclata-amb-el-corpus-de-sitges","status":"publish","type":"post","link":"https:\/\/www.portdesitges.com\/ca\/la-primavera-esclata-amb-el-corpus-de-sitges\/","title":{"rendered":"La primavera esclata amb el Corpus de Sitges"},"content":{"rendered":"[vc_row type=&#8221;in_container&#8221; full_screen_row_position=&#8221;middle&#8221; column_margin=&#8221;default&#8221; scene_position=&#8221;center&#8221; text_color=&#8221;dark&#8221; text_align=&#8221;left&#8221; overlay_strength=&#8221;0.3&#8243; shape_divider_position=&#8221;bottom&#8221; bg_image_animation=&#8221;none&#8221;][vc_column column_padding=&#8221;no-extra-padding&#8221; column_padding_position=&#8221;all&#8221; background_color_opacity=&#8221;1&#8243; background_hover_color_opacity=&#8221;1&#8243; column_link_target=&#8221;_self&#8221; column_shadow=&#8221;none&#8221; column_border_radius=&#8221;none&#8221; width=&#8221;1\/1&#8243; tablet_width_inherit=&#8221;default&#8221; tablet_text_alignment=&#8221;default&#8221; phone_text_alignment=&#8221;default&#8221; overlay_strength=&#8221;0.3&#8243; column_border_width=&#8221;none&#8221; column_border_style=&#8221;solid&#8221; bg_image_animation=&#8221;none&#8221;][vc_column_text]El Corpus de Sitges s&#8217;emporta gran part de l&#8217;atracci\u00f3 medi\u00e0tica del cap de setmana amb les espectaculars catifes de flors que ompliran d&#8217;olors i colors tota la vila. La confecci\u00f3 de les catifes de flors comen\u00e7ar\u00e0 la matinada de diumenge i est\u00e0 previst que s\u2019acabi, a tot estirar, cap al migdia. Tres anys despr\u00e9s, tornarem al carrer Sant Joan, al bell mig de la poblaci\u00f3, i confeccionarem la catifa del Port de Sitges. Diumenge tarda, arribar\u00e0 el punt culminant, quan els gegants i tota la imatgeria festiva de Sitges trepitgin la catifa.<\/p>\n<p>Les instal\u00b7lacions del Port de Sitges-Aiguadol\u00e7 tampoc volen faltar a una cita tan important per a la localitat i dissabte es decoraran les seves instal\u00b7lacions amb diferents motius florals com \u00e9s caracter\u00edstic de la Festivitat del Corpus.<\/p>\n<p>Per altra banda, diumenge, el Mediterrani Market s&#8217;instal\u00b7lar\u00e0 davant la Torre de Capitania, com \u00e9s habitual. El mercat ofereix diferents propostes de moda i tend\u00e8ncies a tots els visitants i usuaris d\u2019Aiguadol\u00e7.[\/vc_column_text][\/vc_column][\/vc_row][vc_row type=&#8221;in_container&#8221; full_screen_row_position=&#8221;middle&#8221; column_margin=&#8221;default&#8221; scene_position=&#8221;center&#8221; text_color=&#8221;dark&#8221; text_align=&#8221;left&#8221; overlay_strength=&#8221;0.3&#8243; shape_divider_position=&#8221;bottom&#8221; bg_image_animation=&#8221;none&#8221;][vc_column column_padding=&#8221;no-extra-padding&#8221; column_padding_position=&#8221;all&#8221; background_color_opacity=&#8221;1&#8243; background_hover_color_opacity=&#8221;1&#8243; column_link_target=&#8221;_self&#8221; column_shadow=&#8221;none&#8221; column_border_radius=&#8221;none&#8221; width=&#8221;1\/3&#8243; tablet_width_inherit=&#8221;default&#8221; tablet_text_alignment=&#8221;default&#8221; phone_text_alignment=&#8221;default&#8221; overlay_strength=&#8221;0.3&#8243; column_border_width=&#8221;none&#8221; column_border_style=&#8221;solid&#8221; bg_image_animation=&#8221;none&#8221;][\/vc_column][vc_column column_padding=&#8221;no-extra-padding&#8221; column_padding_position=&#8221;all&#8221; background_color_opacity=&#8221;1&#8243; background_hover_color_opacity=&#8221;1&#8243; column_link_target=&#8221;_self&#8221; column_shadow=&#8221;none&#8221; column_border_radius=&#8221;none&#8221; width=&#8221;1\/3&#8243; tablet_width_inherit=&#8221;default&#8221; tablet_text_alignment=&#8221;default&#8221; phone_text_alignment=&#8221;default&#8221; overlay_strength=&#8221;0.3&#8243; column_border_width=&#8221;none&#8221; column_border_style=&#8221;solid&#8221; bg_image_animation=&#8221;none&#8221;][image_with_animation image_url=&#8221;16012&#8243; alignment=&#8221;&#8221; animation=&#8221;Fade In&#8221; hover_animation=&#8221;none&#8221; border_radius=&#8221;none&#8221; box_shadow=&#8221;none&#8221; image_loading=&#8221;default&#8221; max_width=&#8221;100%&#8221; max_width_mobile=&#8221;default&#8221;][\/vc_column][vc_column column_padding=&#8221;no-extra-padding&#8221; column_padding_position=&#8221;all&#8221; background_color_opacity=&#8221;1&#8243; background_hover_color_opacity=&#8221;1&#8243; column_link_target=&#8221;_self&#8221; column_shadow=&#8221;none&#8221; column_border_radius=&#8221;none&#8221; width=&#8221;1\/3&#8243; tablet_width_inherit=&#8221;default&#8221; tablet_text_alignment=&#8221;default&#8221; phone_text_alignment=&#8221;default&#8221; overlay_strength=&#8221;0.3&#8243; column_border_width=&#8221;none&#8221; column_border_style=&#8221;solid&#8221; bg_image_animation=&#8221;none&#8221;][\/vc_column][\/vc_row][vc_row type=&#8221;in_container&#8221; full_screen_row_position=&#8221;middle&#8221; column_margin=&#8221;default&#8221; scene_position=&#8221;center&#8221; text_color=&#8221;dark&#8221; text_align=&#8221;left&#8221; overlay_strength=&#8221;0.3&#8243; shape_divider_position=&#8221;bottom&#8221; bg_image_animation=&#8221;none&#8221;][vc_column column_padding=&#8221;no-extra-padding&#8221; column_padding_position=&#8221;all&#8221; background_color_opacity=&#8221;1&#8243; background_hover_color_opacity=&#8221;1&#8243; column_link_target=&#8221;_self&#8221; column_shadow=&#8221;none&#8221; column_border_radius=&#8221;none&#8221; width=&#8221;1\/1&#8243; tablet_width_inherit=&#8221;default&#8221; tablet_text_alignment=&#8221;default&#8221; phone_text_alignment=&#8221;default&#8221; overlay_strength=&#8221;0.3&#8243; column_border_width=&#8221;none&#8221; column_border_style=&#8221;solid&#8221; bg_image_animation=&#8221;none&#8221;][vc_column_text][\/ vc_column] [\/ vc_row][\/vc_column_text][\/vc_column][\/vc_row]\n","protected":false},"excerpt":{"rendered":"<p>[vc_row type=&#8221;in_container&#8221; full_screen_row_position=&#8221;middle&#8221; column_margin=&#8221;default&#8221; scene_position=&#8221;center&#8221; text_color=&#8221;dark&#8221; text_align=&#8221;left&#8221; overlay_strength=&#8221;0.3&#8243; shape_divider_position=&#8221;bottom&#8221; bg_image_animation=&#8221;none&#8221;][vc_column column_padding=&#8221;no-extra-padding&#8221; column_padding_position=&#8221;all&#8221; background_color_opacity=&#8221;1&#8243; background_hover_color_opacity=&#8221;1&#8243; column_link_target=&#8221;_self&#8221; column_shadow=&#8221;none&#8221; column_border_radius=&#8221;none&#8221; width=&#8221;1\/1&#8243; tablet_width_inherit=&#8221;default&#8221; tablet_text_alignment=&#8221;default&#8221; phone_text_alignment=&#8221;default&#8221; overlay_strength=&#8221;0.3&#8243; column_border_width=&#8221;none&#8221; column_border_style=&#8221;solid&#8221; bg_image_animation=&#8221;none&#8221;][vc_column_text]El Corpus de Sitges s&#8217;emporta gran&#8230;<\/p>\n","protected":false},"author":3,"featured_media":16012,"comment_status":"closed","ping_status":"closed","sticky":false,"template":"","format":"standard","meta":{"footnotes":""},"categories":[62],"tags":[],"class_list":{"0":"post-16004","1":"post","2":"type-post","3":"status-publish","4":"format-standard","5":"has-post-thumbnail","7":"category-noticias-ca"},"yoast_head":"<!-- This site is optimized with the Yoast SEO plugin v27.3 - https:\/\/yoast.com\/product\/yoast-seo-wordpress\/ -->\n<title>La primavera esclata amb el Corpus de Sitges<\/title>\n<meta name=\"description\" content=\"El Corpus de Sitges s&#039;emporta gran part de l&#039;atracci\u00f3 medi\u00e0tica del cap de setmana amb les espectaculars catifes de flors que ompliran d&#039;olors i colors tota la vila.\" \/>\n<meta name=\"robots\" content=\"index, follow, max-snippet:-1, max-image-preview:large, max-video-preview:-1\" \/>\n<link rel=\"canonical\" href=\"https:\/\/www.portdesitges.com\/la-primavera-estalla-con-el-corpus-de-sitges\/\" \/>\n<meta property=\"og:locale\" content=\"ca_ES\" \/>\n<meta property=\"og:type\" content=\"article\" \/>\n<meta property=\"og:title\" content=\"La primavera esclata amb el Corpus de Sitges\" \/>\n<meta property=\"og:description\" content=\"El Corpus de Sitges s&#039;emporta gran part de l&#039;atracci\u00f3 medi\u00e0tica del cap de setmana amb les espectaculars catifes de flors que ompliran d&#039;olors i colors tota la vila.\" \/>\n<meta property=\"og:url\" content=\"https:\/\/www.portdesitges.com\/la-primavera-estalla-con-el-corpus-de-sitges\/\" \/>\n<meta property=\"og:site_name\" content=\"Port de Sitges - Aiguadol\u00e7\" \/>\n<meta property=\"article:published_time\" content=\"2022-06-16T15:20:41+00:00\" \/>\n<meta property=\"og:image\" content=\"https:\/\/www.portdesitges.com\/wp-content\/uploads\/2022\/06\/Cartell-Corpus-de-Sitges-2022-scaled.jpg\" \/>\n\t<meta property=\"og:image:width\" content=\"1319\" \/>\n\t<meta property=\"og:image:height\" content=\"2560\" \/>\n\t<meta property=\"og:image:type\" content=\"image\/jpeg\" \/>\n<meta name=\"author\" content=\"S\u00f2nia Felip\" \/>\n<meta name=\"twitter:card\" content=\"summary_large_image\" \/>\n<meta name=\"twitter:label1\" content=\"Escrit per\" \/>\n\t<meta name=\"twitter:data1\" content=\"S\u00f2nia Felip\" \/>\n\t<meta name=\"twitter:label2\" content=\"Temps estimat de lectura\" \/>\n\t<meta name=\"twitter:data2\" content=\"3 minuts\" \/>\n<script type=\"application\/ld+json\" class=\"yoast-schema-graph\">{\"@context\":\"https:\\\/\\\/schema.org\",\"@graph\":[{\"@type\":\"Article\",\"@id\":\"https:\\\/\\\/www.portdesitges.com\\\/la-primavera-estalla-con-el-corpus-de-sitges\\\/#article\",\"isPartOf\":{\"@id\":\"https:\\\/\\\/www.portdesitges.com\\\/la-primavera-estalla-con-el-corpus-de-sitges\\\/\"},\"author\":{\"name\":\"S\u00f2nia Felip\",\"@id\":\"https:\\\/\\\/www.portdesitges.com\\\/#\\\/schema\\\/person\\\/be98f3191d6c7bb6ccddc2e0ac4d861f\"},\"headline\":\"La primavera esclata amb el Corpus de Sitges\",\"datePublished\":\"2022-06-16T15:20:41+00:00\",\"mainEntityOfPage\":{\"@id\":\"https:\\\/\\\/www.portdesitges.com\\\/la-primavera-estalla-con-el-corpus-de-sitges\\\/\"},\"wordCount\":608,\"image\":{\"@id\":\"https:\\\/\\\/www.portdesitges.com\\\/la-primavera-estalla-con-el-corpus-de-sitges\\\/#primaryimage\"},\"thumbnailUrl\":\"https:\\\/\\\/www.portdesitges.com\\\/wp-content\\\/uploads\\\/2022\\\/06\\\/Cartell-Corpus-de-Sitges-2022-scaled.jpg\",\"articleSection\":[\"Not\u00edcias\"],\"inLanguage\":\"ca\"},{\"@type\":\"WebPage\",\"@id\":\"https:\\\/\\\/www.portdesitges.com\\\/la-primavera-estalla-con-el-corpus-de-sitges\\\/\",\"url\":\"https:\\\/\\\/www.portdesitges.com\\\/la-primavera-estalla-con-el-corpus-de-sitges\\\/\",\"name\":\"La primavera esclata amb el Corpus de Sitges\",\"isPartOf\":{\"@id\":\"https:\\\/\\\/www.portdesitges.com\\\/#website\"},\"primaryImageOfPage\":{\"@id\":\"https:\\\/\\\/www.portdesitges.com\\\/la-primavera-estalla-con-el-corpus-de-sitges\\\/#primaryimage\"},\"image\":{\"@id\":\"https:\\\/\\\/www.portdesitges.com\\\/la-primavera-estalla-con-el-corpus-de-sitges\\\/#primaryimage\"},\"thumbnailUrl\":\"https:\\\/\\\/www.portdesitges.com\\\/wp-content\\\/uploads\\\/2022\\\/06\\\/Cartell-Corpus-de-Sitges-2022-scaled.jpg\",\"datePublished\":\"2022-06-16T15:20:41+00:00\",\"author\":{\"@id\":\"https:\\\/\\\/www.portdesitges.com\\\/#\\\/schema\\\/person\\\/be98f3191d6c7bb6ccddc2e0ac4d861f\"},\"description\":\"El Corpus de Sitges s'emporta gran part de l'atracci\u00f3 medi\u00e0tica del cap de setmana amb les espectaculars catifes de flors que ompliran d'olors i colors tota la vila.\",\"breadcrumb\":{\"@id\":\"https:\\\/\\\/www.portdesitges.com\\\/la-primavera-estalla-con-el-corpus-de-sitges\\\/#breadcrumb\"},\"inLanguage\":\"ca\",\"potentialAction\":[{\"@type\":\"ReadAction\",\"target\":[\"https:\\\/\\\/www.portdesitges.com\\\/la-primavera-estalla-con-el-corpus-de-sitges\\\/\"]}]},{\"@type\":\"ImageObject\",\"inLanguage\":\"ca\",\"@id\":\"https:\\\/\\\/www.portdesitges.com\\\/la-primavera-estalla-con-el-corpus-de-sitges\\\/#primaryimage\",\"url\":\"https:\\\/\\\/www.portdesitges.com\\\/wp-content\\\/uploads\\\/2022\\\/06\\\/Cartell-Corpus-de-Sitges-2022-scaled.jpg\",\"contentUrl\":\"https:\\\/\\\/www.portdesitges.com\\\/wp-content\\\/uploads\\\/2022\\\/06\\\/Cartell-Corpus-de-Sitges-2022-scaled.jpg\",\"width\":1319,\"height\":2560},{\"@type\":\"BreadcrumbList\",\"@id\":\"https:\\\/\\\/www.portdesitges.com\\\/la-primavera-estalla-con-el-corpus-de-sitges\\\/#breadcrumb\",\"itemListElement\":[{\"@type\":\"ListItem\",\"position\":1,\"name\":\"Portada\",\"item\":\"https:\\\/\\\/www.portdesitges.com\\\/ca\\\/\"},{\"@type\":\"ListItem\",\"position\":2,\"name\":\"La primavera esclata amb el Corpus de Sitges\"}]},{\"@type\":\"WebSite\",\"@id\":\"https:\\\/\\\/www.portdesitges.com\\\/#website\",\"url\":\"https:\\\/\\\/www.portdesitges.com\\\/\",\"name\":\"Port de Sitges - Aiguadol\u00e7\",\"description\":\"lugar donde el mar y la tierra se dan de la mano para crear un espacio \u00fanico y atractivo. Disfruta de un mar de experiencias.\",\"potentialAction\":[{\"@type\":\"SearchAction\",\"target\":{\"@type\":\"EntryPoint\",\"urlTemplate\":\"https:\\\/\\\/www.portdesitges.com\\\/?s={search_term_string}\"},\"query-input\":{\"@type\":\"PropertyValueSpecification\",\"valueRequired\":true,\"valueName\":\"search_term_string\"}}],\"inLanguage\":\"ca\"},{\"@type\":\"Person\",\"@id\":\"https:\\\/\\\/www.portdesitges.com\\\/#\\\/schema\\\/person\\\/be98f3191d6c7bb6ccddc2e0ac4d861f\",\"name\":\"S\u00f2nia Felip\",\"image\":{\"@type\":\"ImageObject\",\"inLanguage\":\"ca\",\"@id\":\"https:\\\/\\\/secure.gravatar.com\\\/avatar\\\/3f5abf961091eed8bea1ba4a0fb5f78e0c728f907fe0cf722e81af4aa82939db?s=96&d=mm&r=g\",\"url\":\"https:\\\/\\\/secure.gravatar.com\\\/avatar\\\/3f5abf961091eed8bea1ba4a0fb5f78e0c728f907fe0cf722e81af4aa82939db?s=96&d=mm&r=g\",\"contentUrl\":\"https:\\\/\\\/secure.gravatar.com\\\/avatar\\\/3f5abf961091eed8bea1ba4a0fb5f78e0c728f907fe0cf722e81af4aa82939db?s=96&d=mm&r=g\",\"caption\":\"S\u00f2nia Felip\"},\"url\":\"https:\\\/\\\/www.portdesitges.com\\\/ca\\\/author\\\/sonia\\\/\"}]}<\/script>\n<!-- \/ Yoast SEO plugin. -->","yoast_head_json":{"title":"La primavera esclata amb el Corpus de Sitges","description":"El Corpus de Sitges s'emporta gran part de l'atracci\u00f3 medi\u00e0tica del cap de setmana amb les espectaculars catifes de flors que ompliran d'olors i colors tota la vila.","robots":{"index":"index","follow":"follow","max-snippet":"max-snippet:-1","max-image-preview":"max-image-preview:large","max-video-preview":"max-video-preview:-1"},"canonical":"https:\/\/www.portdesitges.com\/la-primavera-estalla-con-el-corpus-de-sitges\/","og_locale":"ca_ES","og_type":"article","og_title":"La primavera esclata amb el Corpus de Sitges","og_description":"El Corpus de Sitges s'emporta gran part de l'atracci\u00f3 medi\u00e0tica del cap de setmana amb les espectaculars catifes de flors que ompliran d'olors i colors tota la vila.","og_url":"https:\/\/www.portdesitges.com\/la-primavera-estalla-con-el-corpus-de-sitges\/","og_site_name":"Port de Sitges - Aiguadol\u00e7","article_published_time":"2022-06-16T15:20:41+00:00","og_image":[{"width":1319,"height":2560,"url":"https:\/\/www.portdesitges.com\/wp-content\/uploads\/2022\/06\/Cartell-Corpus-de-Sitges-2022-scaled.jpg","type":"image\/jpeg"}],"author":"S\u00f2nia Felip","twitter_card":"summary_large_image","twitter_misc":{"Escrit per":"S\u00f2nia Felip","Temps estimat de lectura":"3 minuts"},"schema":{"@context":"https:\/\/schema.org","@graph":[{"@type":"Article","@id":"https:\/\/www.portdesitges.com\/la-primavera-estalla-con-el-corpus-de-sitges\/#article","isPartOf":{"@id":"https:\/\/www.portdesitges.com\/la-primavera-estalla-con-el-corpus-de-sitges\/"},"author":{"name":"S\u00f2nia Felip","@id":"https:\/\/www.portdesitges.com\/#\/schema\/person\/be98f3191d6c7bb6ccddc2e0ac4d861f"},"headline":"La primavera esclata amb el Corpus de Sitges","datePublished":"2022-06-16T15:20:41+00:00","mainEntityOfPage":{"@id":"https:\/\/www.portdesitges.com\/la-primavera-estalla-con-el-corpus-de-sitges\/"},"wordCount":608,"image":{"@id":"https:\/\/www.portdesitges.com\/la-primavera-estalla-con-el-corpus-de-sitges\/#primaryimage"},"thumbnailUrl":"https:\/\/www.portdesitges.com\/wp-content\/uploads\/2022\/06\/Cartell-Corpus-de-Sitges-2022-scaled.jpg","articleSection":["Not\u00edcias"],"inLanguage":"ca"},{"@type":"WebPage","@id":"https:\/\/www.portdesitges.com\/la-primavera-estalla-con-el-corpus-de-sitges\/","url":"https:\/\/www.portdesitges.com\/la-primavera-estalla-con-el-corpus-de-sitges\/","name":"La primavera esclata amb el Corpus de Sitges","isPartOf":{"@id":"https:\/\/www.portdesitges.com\/#website"},"primaryImageOfPage":{"@id":"https:\/\/www.portdesitges.com\/la-primavera-estalla-con-el-corpus-de-sitges\/#primaryimage"},"image":{"@id":"https:\/\/www.portdesitges.com\/la-primavera-estalla-con-el-corpus-de-sitges\/#primaryimage"},"thumbnailUrl":"https:\/\/www.portdesitges.com\/wp-content\/uploads\/2022\/06\/Cartell-Corpus-de-Sitges-2022-scaled.jpg","datePublished":"2022-06-16T15:20:41+00:00","author":{"@id":"https:\/\/www.portdesitges.com\/#\/schema\/person\/be98f3191d6c7bb6ccddc2e0ac4d861f"},"description":"El Corpus de Sitges s'emporta gran part de l'atracci\u00f3 medi\u00e0tica del cap de setmana amb les espectaculars catifes de flors que ompliran d'olors i colors tota la vila.","breadcrumb":{"@id":"https:\/\/www.portdesitges.com\/la-primavera-estalla-con-el-corpus-de-sitges\/#breadcrumb"},"inLanguage":"ca","potentialAction":[{"@type":"ReadAction","target":["https:\/\/www.portdesitges.com\/la-primavera-estalla-con-el-corpus-de-sitges\/"]}]},{"@type":"ImageObject","inLanguage":"ca","@id":"https:\/\/www.portdesitges.com\/la-primavera-estalla-con-el-corpus-de-sitges\/#primaryimage","url":"https:\/\/www.portdesitges.com\/wp-content\/uploads\/2022\/06\/Cartell-Corpus-de-Sitges-2022-scaled.jpg","contentUrl":"https:\/\/www.portdesitges.com\/wp-content\/uploads\/2022\/06\/Cartell-Corpus-de-Sitges-2022-scaled.jpg","width":1319,"height":2560},{"@type":"BreadcrumbList","@id":"https:\/\/www.portdesitges.com\/la-primavera-estalla-con-el-corpus-de-sitges\/#breadcrumb","itemListElement":[{"@type":"ListItem","position":1,"name":"Portada","item":"https:\/\/www.portdesitges.com\/ca\/"},{"@type":"ListItem","position":2,"name":"La primavera esclata amb el Corpus de Sitges"}]},{"@type":"WebSite","@id":"https:\/\/www.portdesitges.com\/#website","url":"https:\/\/www.portdesitges.com\/","name":"Port de Sitges - Aiguadol\u00e7","description":"lugar donde el mar y la tierra se dan de la mano para crear un espacio \u00fanico y atractivo. Disfruta de un mar de experiencias.","potentialAction":[{"@type":"SearchAction","target":{"@type":"EntryPoint","urlTemplate":"https:\/\/www.portdesitges.com\/?s={search_term_string}"},"query-input":{"@type":"PropertyValueSpecification","valueRequired":true,"valueName":"search_term_string"}}],"inLanguage":"ca"},{"@type":"Person","@id":"https:\/\/www.portdesitges.com\/#\/schema\/person\/be98f3191d6c7bb6ccddc2e0ac4d861f","name":"S\u00f2nia Felip","image":{"@type":"ImageObject","inLanguage":"ca","@id":"https:\/\/secure.gravatar.com\/avatar\/3f5abf961091eed8bea1ba4a0fb5f78e0c728f907fe0cf722e81af4aa82939db?s=96&d=mm&r=g","url":"https:\/\/secure.gravatar.com\/avatar\/3f5abf961091eed8bea1ba4a0fb5f78e0c728f907fe0cf722e81af4aa82939db?s=96&d=mm&r=g","contentUrl":"https:\/\/secure.gravatar.com\/avatar\/3f5abf961091eed8bea1ba4a0fb5f78e0c728f907fe0cf722e81af4aa82939db?s=96&d=mm&r=g","caption":"S\u00f2nia Felip"},"url":"https:\/\/www.portdesitges.com\/ca\/author\/sonia\/"}]}},"_links":{"self":[{"href":"https:\/\/www.portdesitges.com\/ca\/wp-json\/wp\/v2\/posts\/16004","targetHints":{"allow":["GET"]}}],"collection":[{"href":"https:\/\/www.portdesitges.com\/ca\/wp-json\/wp\/v2\/posts"}],"about":[{"href":"https:\/\/www.portdesitges.com\/ca\/wp-json\/wp\/v2\/types\/post"}],"author":[{"embeddable":true,"href":"https:\/\/www.portdesitges.com\/ca\/wp-json\/wp\/v2\/users\/3"}],"replies":[{"embeddable":true,"href":"https:\/\/www.portdesitges.com\/ca\/wp-json\/wp\/v2\/comments?post=16004"}],"version-history":[{"count":1,"href":"https:\/\/www.portdesitges.com\/ca\/wp-json\/wp\/v2\/posts\/16004\/revisions"}],"predecessor-version":[{"id":16017,"href":"https:\/\/www.portdesitges.com\/ca\/wp-json\/wp\/v2\/posts\/16004\/revisions\/16017"}],"wp:featuredmedia":[{"embeddable":true,"href":"https:\/\/www.portdesitges.com\/ca\/wp-json\/wp\/v2\/media\/16012"}],"wp:attachment":[{"href":"https:\/\/www.portdesitges.com\/ca\/wp-json\/wp\/v2\/media?parent=16004"}],"wp:term":[{"taxonomy":"category","embeddable":true,"href":"https:\/\/www.portdesitges.com\/ca\/wp-json\/wp\/v2\/categories?post=16004"},{"taxonomy":"post_tag","embeddable":true,"href":"https:\/\/www.portdesitges.com\/ca\/wp-json\/wp\/v2\/tags?post=16004"}],"curies":[{"name":"wp","href":"https:\/\/api.w.org\/{rel}","templated":true}]}}