{"id":15939,"date":"2022-06-09T12:32:04","date_gmt":"2022-06-09T12:32:04","guid":{"rendered":"https:\/\/www.portdesitges.com\/?p=15939"},"modified":"2022-06-09T15:03:36","modified_gmt":"2022-06-09T15:03:36","slug":"aquest-dissabte-dia-11-torna-el-marina-day-la-jornada-mes-festiva-del-port-de-sitges","status":"publish","type":"post","link":"https:\/\/www.portdesitges.com\/ca\/aquest-dissabte-dia-11-torna-el-marina-day-la-jornada-mes-festiva-del-port-de-sitges\/","title":{"rendered":"Aquest dissabte dia 11 torna el Marina Day, la jornada m\u00e9s festiva del Port de Sitges"},"content":{"rendered":"[vc_row type=&#8221;in_container&#8221; full_screen_row_position=&#8221;middle&#8221; column_margin=&#8221;default&#8221; scene_position=&#8221;center&#8221; text_color=&#8221;dark&#8221; text_align=&#8221;left&#8221; overlay_strength=&#8221;0.3&#8243; shape_divider_position=&#8221;bottom&#8221; bg_image_animation=&#8221;none&#8221;][vc_column column_padding=&#8221;no-extra-padding&#8221; column_padding_position=&#8221;all&#8221; background_color_opacity=&#8221;1&#8243; background_hover_color_opacity=&#8221;1&#8243; column_link_target=&#8221;_self&#8221; column_shadow=&#8221;none&#8221; column_border_radius=&#8221;none&#8221; width=&#8221;1\/1&#8243; tablet_width_inherit=&#8221;default&#8221; tablet_text_alignment=&#8221;default&#8221; phone_text_alignment=&#8221;default&#8221; overlay_strength=&#8221;0.3&#8243; column_border_width=&#8221;none&#8221; column_border_style=&#8221;solid&#8221; bg_image_animation=&#8221;none&#8221;][vc_column_text]Despr\u00e9s de dos anys sense celebrar-se, aquest dissabte torna el Marina Day als ports catalans: una jornada festiva per apropar a la ciutat els ports esportius. Al Port de Sitges &#8211; Aiguadol\u00e7 hem preparat un seguit d&#8217;activitats gratu\u00eftes perqu\u00e8 les gaudeixis amb nosaltres.<\/p>\n<p>Per participar de les activitats presencials del Marina Day nom\u00e9s fa falta venir i gaudir-les, no \u00e9s necessari apuntar-se a cap lloc.<\/p>\n<p>Ara us podeu informar i reservar online qualsevol activitat n\u00e0utica a trav\u00e9s del nostre portal: <a href=\"http:\/\/bookings.portdesitges.com\" target=\"_blank\" rel=\"noopener noreferrer\">bookings.portdesitges.com<\/a>[\/vc_column_text][\/vc_column][\/vc_row][vc_row type=&#8221;in_container&#8221; full_screen_row_position=&#8221;middle&#8221; column_margin=&#8221;default&#8221; scene_position=&#8221;center&#8221; text_color=&#8221;dark&#8221; text_align=&#8221;left&#8221; overlay_strength=&#8221;0.3&#8243; shape_divider_position=&#8221;bottom&#8221; bg_image_animation=&#8221;none&#8221;][vc_column column_padding=&#8221;no-extra-padding&#8221; column_padding_position=&#8221;all&#8221; background_color_opacity=&#8221;1&#8243; background_hover_color_opacity=&#8221;1&#8243; column_link_target=&#8221;_self&#8221; column_shadow=&#8221;none&#8221; column_border_radius=&#8221;none&#8221; width=&#8221;1\/1&#8243; tablet_width_inherit=&#8221;default&#8221; tablet_text_alignment=&#8221;default&#8221; phone_text_alignment=&#8221;default&#8221; overlay_strength=&#8221;0.3&#8243; column_border_width=&#8221;none&#8221; column_border_style=&#8221;solid&#8221; bg_image_animation=&#8221;none&#8221;][vc_column_text]\n<p style=\"text-align: center;\"><span style=\"color: #0000ff;\"><strong>\u00a0Activitats\u00a0<\/strong><\/span><\/p>\n[\/vc_column_text][vc_column_text]\n<h6 style=\"text-align: center;\">\ud83d\udd64De 9.30 a 10.30 hores. Sport &amp; Games Activitat Esportiva<br \/>\n\ud83c\udfc5 \ud83c\udfc3\ud83c\udffb\u200d\u2640\ufe0f Activitats de jocs en equip i exercici f\u00edsic. Esport i energia organitzat per Expr\u00edmel\ud83d\udca2!<\/h6>\n[\/vc_column_text][divider line_type=&#8221;Small Line&#8221; line_alignment=&#8221;center&#8221; line_thickness=&#8221;2&#8243; divider_color=&#8221;accent-color&#8221;][vc_column_text]\n<h6 style=\"text-align: center;\">\ud83d\udd66D&#8217;11.30 a 14 hores. <span style=\"color: #0000ff;\">Activitats infantils<\/span><br \/>\n\ud83c\udfa8 Concurs de dibuix infantil<br \/>\n\ud83d\udee5\ufe0f\ud83c\udff4\u200d\u2620\ufe0fSortides en vaixell pirata,<br \/>\n\ud83d\udd8cpintacares, taller de reciclatge, manualitats<br \/>\n\ud83e\udd47\ud83e\udd38\ud83c\udffb\u200d\u2640\ufe0fgimcana, relleus, esports diferents,<br \/>\n\ud83d\udd5013 hores. \ud83e\uddd2<span style=\"color: #0000ff;\">Animaci\u00f3 infantil<\/span><\/h6>\n[\/vc_column_text][divider line_type=&#8221;Small Line&#8221; line_alignment=&#8221;center&#8221; line_thickness=&#8221;2&#8243; divider_color=&#8221;accent-color&#8221;][vc_column_text]\n<h6 style=\"text-align: center;\">\ud83d\udd5bDurant tot el dia. <span style=\"color: #0000ff;\">Activitats n\u00e0utiques<\/span><br \/>\n\ud83d\udea3\ud83c\udffb\u200d\u2640\ufe0f\u26f5\ufe0fSortides gratu\u00eftes en kayaks, lancha i veler a l&#8217;Escola de Vela Adaptada de 10h a 13h<br \/>\n\ud83d\udee5\ufe0fDescomptes en lloguers de vaixells a Surcando Mares de 11h a 13h i de 17h a 19h.<br \/>\n\ud83d\udee5\ufe0fExposici\u00f3 i visites dels iots de Surcando Mares de 11h a 13h i de 17 a 19h<br \/>\n\u2693\ufe0fProva una experi\u00e8ncia grat\u00fcita de 30mins (max. 2 adults \/ 2 adults i 1 nen \/ 1 adult i 2 nens per moto) de ruta per costa de Sitges en moto d\u2019aigua amb Jet Ski Sitges Watersports &amp; Adventures de 11h a 12h i de 16h a 17h<br \/>\n\ud83c\udfafSorteig de dos excursi\u00f3ns gratu\u00eftes de 30 minuts en moto d&#8217;aigua per 2 persones, organitzat per Yamaha Jet Center Sitges.<br \/>\n\ud83d\udea4Excursions mar\u00edtimes gratu\u00eftes a Navega Sin Titulo i Eric Boats de 18h a 20h<\/h6>\n[\/vc_column_text][divider line_type=&#8221;Small Line&#8221; line_alignment=&#8221;center&#8221; line_thickness=&#8221;2&#8243; divider_color=&#8221;accent-color&#8221;][vc_column_text]\n<h6 style=\"text-align: center;\">\ud83d\udd5bDurant tot el dia. <span style=\"color: #0000ff;\">Exposicions<\/span><\/h6>\n<h6 style=\"text-align: center;\">\u26d3Exposici\u00f3 d&#8217;estris de pesca a la Seu de la Confraria de Pescadors de Sitges de San Elm<br \/>\n\ud83d\uddbc Exposici\u00f3 de 11h a 19h davant del Torre de Capitania del projecte \u201cAvamcem per una playa neta!\u201d en col\u00b7laboraci\u00f3 amb el Centre d&#8217;Estudis del Mar i la Diputaci\u00f3n de Barcelona<\/h6>\n[\/vc_column_text][divider line_type=&#8221;Small Line&#8221; line_alignment=&#8221;center&#8221; line_thickness=&#8221;2&#8243; divider_color=&#8221;accent-color&#8221;][vc_column_text]\n<h6 style=\"text-align: center;\">\ud83d\udd5bDurant tot el dia. <span style=\"color: #0000ff;\">Port gastron\u00f2mic<\/span><br \/>\n\ud83c\udf7d\ud83e\udd42Els restaurants del Port oferiran &#8220;Copes de benvinguda i men\u00fas especials Marina\u00a0Day&#8221;.<\/h6>\n[\/vc_column_text][\/vc_column][\/vc_row][vc_row type=&#8221;in_container&#8221; full_screen_row_position=&#8221;middle&#8221; column_margin=&#8221;default&#8221; scene_position=&#8221;center&#8221; text_color=&#8221;dark&#8221; text_align=&#8221;left&#8221; overlay_strength=&#8221;0.3&#8243; shape_divider_position=&#8221;bottom&#8221; bg_image_animation=&#8221;none&#8221;][vc_column column_padding=&#8221;no-extra-padding&#8221; column_padding_position=&#8221;all&#8221; background_color_opacity=&#8221;1&#8243; background_hover_color_opacity=&#8221;1&#8243; column_link_target=&#8221;_self&#8221; column_shadow=&#8221;none&#8221; column_border_radius=&#8221;none&#8221; width=&#8221;1\/1&#8243; tablet_width_inherit=&#8221;default&#8221; tablet_text_alignment=&#8221;default&#8221; phone_text_alignment=&#8221;default&#8221; overlay_strength=&#8221;0.3&#8243; column_border_width=&#8221;none&#8221; column_border_style=&#8221;solid&#8221; bg_image_animation=&#8221;none&#8221;][vc_column_text]Dissabte, t\u2019esperem al Port de Sitges![\/vc_column_text][\/vc_column][\/vc_row][vc_row type=&#8221;in_container&#8221; full_screen_row_position=&#8221;middle&#8221; column_margin=&#8221;default&#8221; scene_position=&#8221;center&#8221; text_color=&#8221;dark&#8221; text_align=&#8221;left&#8221; overlay_strength=&#8221;0.3&#8243; shape_divider_position=&#8221;bottom&#8221; bg_image_animation=&#8221;none&#8221;][vc_column column_padding=&#8221;no-extra-padding&#8221; column_padding_position=&#8221;all&#8221; background_color_opacity=&#8221;1&#8243; background_hover_color_opacity=&#8221;1&#8243; column_link_target=&#8221;_self&#8221; column_shadow=&#8221;none&#8221; column_border_radius=&#8221;none&#8221; width=&#8221;1\/1&#8243; tablet_width_inherit=&#8221;default&#8221; tablet_text_alignment=&#8221;default&#8221; phone_text_alignment=&#8221;default&#8221; overlay_strength=&#8221;0.3&#8243; column_border_width=&#8221;none&#8221; column_border_style=&#8221;solid&#8221; bg_image_animation=&#8221;none&#8221;][\/vc_column][\/vc_row][vc_row type=&#8221;in_container&#8221; full_screen_row_position=&#8221;middle&#8221; column_margin=&#8221;default&#8221; scene_position=&#8221;center&#8221; text_color=&#8221;dark&#8221; text_align=&#8221;left&#8221; overlay_strength=&#8221;0.3&#8243; shape_divider_position=&#8221;bottom&#8221; bg_image_animation=&#8221;none&#8221;][vc_column column_padding=&#8221;no-extra-padding&#8221; column_padding_position=&#8221;all&#8221; background_color_opacity=&#8221;1&#8243; background_hover_color_opacity=&#8221;1&#8243; column_link_target=&#8221;_self&#8221; column_shadow=&#8221;none&#8221; column_border_radius=&#8221;none&#8221; width=&#8221;1\/4&#8243; tablet_width_inherit=&#8221;default&#8221; tablet_text_alignment=&#8221;default&#8221; phone_text_alignment=&#8221;default&#8221; overlay_strength=&#8221;0.3&#8243; column_border_width=&#8221;none&#8221; column_border_style=&#8221;solid&#8221; bg_image_animation=&#8221;none&#8221;][\/vc_column][vc_column column_padding=&#8221;no-extra-padding&#8221; column_padding_position=&#8221;all&#8221; background_color_opacity=&#8221;1&#8243; background_hover_color_opacity=&#8221;1&#8243; column_link_target=&#8221;_self&#8221; column_shadow=&#8221;none&#8221; column_border_radius=&#8221;none&#8221; width=&#8221;1\/4&#8243; tablet_width_inherit=&#8221;default&#8221; tablet_text_alignment=&#8221;default&#8221; phone_text_alignment=&#8221;default&#8221; overlay_strength=&#8221;0.3&#8243; column_border_width=&#8221;none&#8221; column_border_style=&#8221;solid&#8221; bg_image_animation=&#8221;none&#8221;][image_with_animation image_url=&#8221;15947&#8243; alignment=&#8221;&#8221; animation=&#8221;Fade In&#8221; hover_animation=&#8221;none&#8221; border_radius=&#8221;none&#8221; box_shadow=&#8221;none&#8221; image_loading=&#8221;default&#8221; max_width=&#8221;100%&#8221; max_width_mobile=&#8221;default&#8221;][\/vc_column][vc_column column_padding=&#8221;no-extra-padding&#8221; column_padding_position=&#8221;all&#8221; background_color_opacity=&#8221;1&#8243; background_hover_color_opacity=&#8221;1&#8243; column_link_target=&#8221;_self&#8221; column_shadow=&#8221;none&#8221; column_border_radius=&#8221;none&#8221; width=&#8221;1\/4&#8243; tablet_width_inherit=&#8221;default&#8221; tablet_text_alignment=&#8221;default&#8221; phone_text_alignment=&#8221;default&#8221; overlay_strength=&#8221;0.3&#8243; column_border_width=&#8221;none&#8221; column_border_style=&#8221;solid&#8221; bg_image_animation=&#8221;none&#8221;][image_with_animation image_url=&#8221;15951&#8243; alignment=&#8221;&#8221; animation=&#8221;Fade In&#8221; hover_animation=&#8221;none&#8221; border_radius=&#8221;none&#8221; box_shadow=&#8221;none&#8221; image_loading=&#8221;default&#8221; max_width=&#8221;100%&#8221; max_width_mobile=&#8221;default&#8221;][\/vc_column][vc_column column_padding=&#8221;no-extra-padding&#8221; column_padding_position=&#8221;all&#8221; background_color_opacity=&#8221;1&#8243; background_hover_color_opacity=&#8221;1&#8243; column_link_target=&#8221;_self&#8221; column_shadow=&#8221;none&#8221; column_border_radius=&#8221;none&#8221; width=&#8221;1\/4&#8243; tablet_width_inherit=&#8221;default&#8221; tablet_text_alignment=&#8221;default&#8221; phone_text_alignment=&#8221;default&#8221; overlay_strength=&#8221;0.3&#8243; column_border_width=&#8221;none&#8221; column_border_style=&#8221;solid&#8221; bg_image_animation=&#8221;none&#8221;][\/vc_column][\/vc_row][vc_row type=&#8221;in_container&#8221; full_screen_row_position=&#8221;middle&#8221; column_margin=&#8221;default&#8221; scene_position=&#8221;center&#8221; text_color=&#8221;dark&#8221; text_align=&#8221;left&#8221; overlay_strength=&#8221;0.3&#8243; shape_divider_position=&#8221;bottom&#8221; bg_image_animation=&#8221;none&#8221;][vc_column column_padding=&#8221;no-extra-padding&#8221; column_padding_position=&#8221;all&#8221; background_color_opacity=&#8221;1&#8243; background_hover_color_opacity=&#8221;1&#8243; column_link_target=&#8221;_self&#8221; column_shadow=&#8221;none&#8221; column_border_radius=&#8221;none&#8221; width=&#8221;1\/1&#8243; tablet_width_inherit=&#8221;default&#8221; tablet_text_alignment=&#8221;default&#8221; phone_text_alignment=&#8221;default&#8221; overlay_strength=&#8221;0.3&#8243; column_border_width=&#8221;none&#8221; column_border_style=&#8221;solid&#8221; bg_image_animation=&#8221;none&#8221;][vc_column_text][\/ vc_column] [\/ vc_row][\/vc_column_text][\/vc_column][\/vc_row]\n","protected":false},"excerpt":{"rendered":"<p>[vc_row type=&#8221;in_container&#8221; full_screen_row_position=&#8221;middle&#8221; column_margin=&#8221;default&#8221; scene_position=&#8221;center&#8221; text_color=&#8221;dark&#8221; text_align=&#8221;left&#8221; overlay_strength=&#8221;0.3&#8243; shape_divider_position=&#8221;bottom&#8221; bg_image_animation=&#8221;none&#8221;][vc_column column_padding=&#8221;no-extra-padding&#8221; column_padding_position=&#8221;all&#8221; background_color_opacity=&#8221;1&#8243; background_hover_color_opacity=&#8221;1&#8243; column_link_target=&#8221;_self&#8221; column_shadow=&#8221;none&#8221; column_border_radius=&#8221;none&#8221; width=&#8221;1\/1&#8243; tablet_width_inherit=&#8221;default&#8221; tablet_text_alignment=&#8221;default&#8221; phone_text_alignment=&#8221;default&#8221; overlay_strength=&#8221;0.3&#8243; column_border_width=&#8221;none&#8221; column_border_style=&#8221;solid&#8221; bg_image_animation=&#8221;none&#8221;][vc_column_text]Despr\u00e9s de dos anys sense celebrar-se,&#8230;<\/p>\n","protected":false},"author":3,"featured_media":15943,"comment_status":"closed","ping_status":"closed","sticky":false,"template":"","format":"standard","meta":{"footnotes":""},"categories":[62],"tags":[],"class_list":{"0":"post-15939","1":"post","2":"type-post","3":"status-publish","4":"format-standard","5":"has-post-thumbnail","7":"category-noticias-ca"},"yoast_head":"<!-- This site is optimized with the Yoast SEO plugin v27.3 - https:\/\/yoast.com\/product\/yoast-seo-wordpress\/ -->\n<title>Aquest dissabte dia 11 torna el Marina Day, la jornada m\u00e9s festiva del Port de Sitges<\/title>\n<meta name=\"description\" content=\"Despr\u00e9s de dos anys sense celebrar-se, aquest dissabte torna el Marina Day als ports catalans: una jornada festiva per apropar a la ciutada els ports esportius. Al Port de Sitges - Aiguadol\u00e7 hem preparat un seguit d&#039;activitats gratu\u00eftes perqu\u00e8 el gaudeixis amb nosaltres.\" \/>\n<meta name=\"robots\" content=\"index, follow, max-snippet:-1, max-image-preview:large, max-video-preview:-1\" \/>\n<link rel=\"canonical\" href=\"https:\/\/www.portdesitges.com\/este-sabado-dia-11-vuelve-el-marina-day-la-jornada-mas-festiva-del-port-de-sitges\/\" \/>\n<meta property=\"og:locale\" content=\"ca_ES\" \/>\n<meta property=\"og:type\" content=\"article\" \/>\n<meta property=\"og:title\" content=\"Aquest dissabte dia 11 torna el Marina Day, la jornada m\u00e9s festiva del Port de Sitges\" \/>\n<meta property=\"og:description\" content=\"Despr\u00e9s de dos anys sense celebrar-se, aquest dissabte torna el Marina Day als ports catalans: una jornada festiva per apropar a la ciutada els ports esportius. Al Port de Sitges - Aiguadol\u00e7 hem preparat un seguit d&#039;activitats gratu\u00eftes perqu\u00e8 el gaudeixis amb nosaltres.\" \/>\n<meta property=\"og:url\" content=\"https:\/\/www.portdesitges.com\/este-sabado-dia-11-vuelve-el-marina-day-la-jornada-mas-festiva-del-port-de-sitges\/\" \/>\n<meta property=\"og:site_name\" content=\"Port de Sitges - Aiguadol\u00e7\" \/>\n<meta property=\"article:published_time\" content=\"2022-06-09T12:32:04+00:00\" \/>\n<meta property=\"article:modified_time\" content=\"2022-06-09T15:03:36+00:00\" \/>\n<meta property=\"og:image\" content=\"https:\/\/www.portdesitges.com\/wp-content\/uploads\/2022\/06\/POST-IG-MD-1-scaled.jpg\" \/>\n\t<meta property=\"og:image:width\" content=\"2050\" \/>\n\t<meta property=\"og:image:height\" content=\"2560\" \/>\n\t<meta property=\"og:image:type\" content=\"image\/jpeg\" \/>\n<meta name=\"author\" content=\"S\u00f2nia Felip\" \/>\n<meta name=\"twitter:card\" content=\"summary_large_image\" \/>\n<meta name=\"twitter:label1\" content=\"Escrit per\" \/>\n\t<meta name=\"twitter:data1\" content=\"S\u00f2nia Felip\" \/>\n\t<meta name=\"twitter:label2\" content=\"Temps estimat de lectura\" \/>\n\t<meta name=\"twitter:data2\" content=\"6 minuts\" \/>\n<script type=\"application\/ld+json\" class=\"yoast-schema-graph\">{\"@context\":\"https:\\\/\\\/schema.org\",\"@graph\":[{\"@type\":\"Article\",\"@id\":\"https:\\\/\\\/www.portdesitges.com\\\/este-sabado-dia-11-vuelve-el-marina-day-la-jornada-mas-festiva-del-port-de-sitges\\\/#article\",\"isPartOf\":{\"@id\":\"https:\\\/\\\/www.portdesitges.com\\\/este-sabado-dia-11-vuelve-el-marina-day-la-jornada-mas-festiva-del-port-de-sitges\\\/\"},\"author\":{\"name\":\"S\u00f2nia Felip\",\"@id\":\"https:\\\/\\\/www.portdesitges.com\\\/#\\\/schema\\\/person\\\/be98f3191d6c7bb6ccddc2e0ac4d861f\"},\"headline\":\"Aquest dissabte dia 11 torna el Marina Day, la jornada m\u00e9s festiva del Port de Sitges\",\"datePublished\":\"2022-06-09T12:32:04+00:00\",\"dateModified\":\"2022-06-09T15:03:36+00:00\",\"mainEntityOfPage\":{\"@id\":\"https:\\\/\\\/www.portdesitges.com\\\/este-sabado-dia-11-vuelve-el-marina-day-la-jornada-mas-festiva-del-port-de-sitges\\\/\"},\"wordCount\":1250,\"image\":{\"@id\":\"https:\\\/\\\/www.portdesitges.com\\\/este-sabado-dia-11-vuelve-el-marina-day-la-jornada-mas-festiva-del-port-de-sitges\\\/#primaryimage\"},\"thumbnailUrl\":\"https:\\\/\\\/www.portdesitges.com\\\/wp-content\\\/uploads\\\/2022\\\/06\\\/POST-IG-MD-1-scaled.jpg\",\"articleSection\":[\"Not\u00edcias\"],\"inLanguage\":\"ca\"},{\"@type\":\"WebPage\",\"@id\":\"https:\\\/\\\/www.portdesitges.com\\\/este-sabado-dia-11-vuelve-el-marina-day-la-jornada-mas-festiva-del-port-de-sitges\\\/\",\"url\":\"https:\\\/\\\/www.portdesitges.com\\\/este-sabado-dia-11-vuelve-el-marina-day-la-jornada-mas-festiva-del-port-de-sitges\\\/\",\"name\":\"Aquest dissabte dia 11 torna el Marina Day, la jornada m\u00e9s festiva del Port de Sitges\",\"isPartOf\":{\"@id\":\"https:\\\/\\\/www.portdesitges.com\\\/#website\"},\"primaryImageOfPage\":{\"@id\":\"https:\\\/\\\/www.portdesitges.com\\\/este-sabado-dia-11-vuelve-el-marina-day-la-jornada-mas-festiva-del-port-de-sitges\\\/#primaryimage\"},\"image\":{\"@id\":\"https:\\\/\\\/www.portdesitges.com\\\/este-sabado-dia-11-vuelve-el-marina-day-la-jornada-mas-festiva-del-port-de-sitges\\\/#primaryimage\"},\"thumbnailUrl\":\"https:\\\/\\\/www.portdesitges.com\\\/wp-content\\\/uploads\\\/2022\\\/06\\\/POST-IG-MD-1-scaled.jpg\",\"datePublished\":\"2022-06-09T12:32:04+00:00\",\"dateModified\":\"2022-06-09T15:03:36+00:00\",\"author\":{\"@id\":\"https:\\\/\\\/www.portdesitges.com\\\/#\\\/schema\\\/person\\\/be98f3191d6c7bb6ccddc2e0ac4d861f\"},\"description\":\"Despr\u00e9s de dos anys sense celebrar-se, aquest dissabte torna el Marina Day als ports catalans: una jornada festiva per apropar a la ciutada els ports esportius. Al Port de Sitges - Aiguadol\u00e7 hem preparat un seguit d'activitats gratu\u00eftes perqu\u00e8 el gaudeixis amb nosaltres.\",\"breadcrumb\":{\"@id\":\"https:\\\/\\\/www.portdesitges.com\\\/este-sabado-dia-11-vuelve-el-marina-day-la-jornada-mas-festiva-del-port-de-sitges\\\/#breadcrumb\"},\"inLanguage\":\"ca\",\"potentialAction\":[{\"@type\":\"ReadAction\",\"target\":[\"https:\\\/\\\/www.portdesitges.com\\\/este-sabado-dia-11-vuelve-el-marina-day-la-jornada-mas-festiva-del-port-de-sitges\\\/\"]}]},{\"@type\":\"ImageObject\",\"inLanguage\":\"ca\",\"@id\":\"https:\\\/\\\/www.portdesitges.com\\\/este-sabado-dia-11-vuelve-el-marina-day-la-jornada-mas-festiva-del-port-de-sitges\\\/#primaryimage\",\"url\":\"https:\\\/\\\/www.portdesitges.com\\\/wp-content\\\/uploads\\\/2022\\\/06\\\/POST-IG-MD-1-scaled.jpg\",\"contentUrl\":\"https:\\\/\\\/www.portdesitges.com\\\/wp-content\\\/uploads\\\/2022\\\/06\\\/POST-IG-MD-1-scaled.jpg\",\"width\":2050,\"height\":2560},{\"@type\":\"BreadcrumbList\",\"@id\":\"https:\\\/\\\/www.portdesitges.com\\\/este-sabado-dia-11-vuelve-el-marina-day-la-jornada-mas-festiva-del-port-de-sitges\\\/#breadcrumb\",\"itemListElement\":[{\"@type\":\"ListItem\",\"position\":1,\"name\":\"Portada\",\"item\":\"https:\\\/\\\/www.portdesitges.com\\\/ca\\\/\"},{\"@type\":\"ListItem\",\"position\":2,\"name\":\"Aquest dissabte dia 11 torna el Marina Day, la jornada m\u00e9s festiva del Port de Sitges\"}]},{\"@type\":\"WebSite\",\"@id\":\"https:\\\/\\\/www.portdesitges.com\\\/#website\",\"url\":\"https:\\\/\\\/www.portdesitges.com\\\/\",\"name\":\"Port de Sitges - Aiguadol\u00e7\",\"description\":\"lugar donde el mar y la tierra se dan de la mano para crear un espacio \u00fanico y atractivo. Disfruta de un mar de experiencias.\",\"potentialAction\":[{\"@type\":\"SearchAction\",\"target\":{\"@type\":\"EntryPoint\",\"urlTemplate\":\"https:\\\/\\\/www.portdesitges.com\\\/?s={search_term_string}\"},\"query-input\":{\"@type\":\"PropertyValueSpecification\",\"valueRequired\":true,\"valueName\":\"search_term_string\"}}],\"inLanguage\":\"ca\"},{\"@type\":\"Person\",\"@id\":\"https:\\\/\\\/www.portdesitges.com\\\/#\\\/schema\\\/person\\\/be98f3191d6c7bb6ccddc2e0ac4d861f\",\"name\":\"S\u00f2nia Felip\",\"image\":{\"@type\":\"ImageObject\",\"inLanguage\":\"ca\",\"@id\":\"https:\\\/\\\/secure.gravatar.com\\\/avatar\\\/3f5abf961091eed8bea1ba4a0fb5f78e0c728f907fe0cf722e81af4aa82939db?s=96&d=mm&r=g\",\"url\":\"https:\\\/\\\/secure.gravatar.com\\\/avatar\\\/3f5abf961091eed8bea1ba4a0fb5f78e0c728f907fe0cf722e81af4aa82939db?s=96&d=mm&r=g\",\"contentUrl\":\"https:\\\/\\\/secure.gravatar.com\\\/avatar\\\/3f5abf961091eed8bea1ba4a0fb5f78e0c728f907fe0cf722e81af4aa82939db?s=96&d=mm&r=g\",\"caption\":\"S\u00f2nia Felip\"},\"url\":\"https:\\\/\\\/www.portdesitges.com\\\/ca\\\/author\\\/sonia\\\/\"}]}<\/script>\n<!-- \/ Yoast SEO plugin. -->","yoast_head_json":{"title":"Aquest dissabte dia 11 torna el Marina Day, la jornada m\u00e9s festiva del Port de Sitges","description":"Despr\u00e9s de dos anys sense celebrar-se, aquest dissabte torna el Marina Day als ports catalans: una jornada festiva per apropar a la ciutada els ports esportius. Al Port de Sitges - Aiguadol\u00e7 hem preparat un seguit d'activitats gratu\u00eftes perqu\u00e8 el gaudeixis amb nosaltres.","robots":{"index":"index","follow":"follow","max-snippet":"max-snippet:-1","max-image-preview":"max-image-preview:large","max-video-preview":"max-video-preview:-1"},"canonical":"https:\/\/www.portdesitges.com\/este-sabado-dia-11-vuelve-el-marina-day-la-jornada-mas-festiva-del-port-de-sitges\/","og_locale":"ca_ES","og_type":"article","og_title":"Aquest dissabte dia 11 torna el Marina Day, la jornada m\u00e9s festiva del Port de Sitges","og_description":"Despr\u00e9s de dos anys sense celebrar-se, aquest dissabte torna el Marina Day als ports catalans: una jornada festiva per apropar a la ciutada els ports esportius. Al Port de Sitges - Aiguadol\u00e7 hem preparat un seguit d'activitats gratu\u00eftes perqu\u00e8 el gaudeixis amb nosaltres.","og_url":"https:\/\/www.portdesitges.com\/este-sabado-dia-11-vuelve-el-marina-day-la-jornada-mas-festiva-del-port-de-sitges\/","og_site_name":"Port de Sitges - Aiguadol\u00e7","article_published_time":"2022-06-09T12:32:04+00:00","article_modified_time":"2022-06-09T15:03:36+00:00","og_image":[{"width":2050,"height":2560,"url":"https:\/\/www.portdesitges.com\/wp-content\/uploads\/2022\/06\/POST-IG-MD-1-scaled.jpg","type":"image\/jpeg"}],"author":"S\u00f2nia Felip","twitter_card":"summary_large_image","twitter_misc":{"Escrit per":"S\u00f2nia Felip","Temps estimat de lectura":"6 minuts"},"schema":{"@context":"https:\/\/schema.org","@graph":[{"@type":"Article","@id":"https:\/\/www.portdesitges.com\/este-sabado-dia-11-vuelve-el-marina-day-la-jornada-mas-festiva-del-port-de-sitges\/#article","isPartOf":{"@id":"https:\/\/www.portdesitges.com\/este-sabado-dia-11-vuelve-el-marina-day-la-jornada-mas-festiva-del-port-de-sitges\/"},"author":{"name":"S\u00f2nia Felip","@id":"https:\/\/www.portdesitges.com\/#\/schema\/person\/be98f3191d6c7bb6ccddc2e0ac4d861f"},"headline":"Aquest dissabte dia 11 torna el Marina Day, la jornada m\u00e9s festiva del Port de Sitges","datePublished":"2022-06-09T12:32:04+00:00","dateModified":"2022-06-09T15:03:36+00:00","mainEntityOfPage":{"@id":"https:\/\/www.portdesitges.com\/este-sabado-dia-11-vuelve-el-marina-day-la-jornada-mas-festiva-del-port-de-sitges\/"},"wordCount":1250,"image":{"@id":"https:\/\/www.portdesitges.com\/este-sabado-dia-11-vuelve-el-marina-day-la-jornada-mas-festiva-del-port-de-sitges\/#primaryimage"},"thumbnailUrl":"https:\/\/www.portdesitges.com\/wp-content\/uploads\/2022\/06\/POST-IG-MD-1-scaled.jpg","articleSection":["Not\u00edcias"],"inLanguage":"ca"},{"@type":"WebPage","@id":"https:\/\/www.portdesitges.com\/este-sabado-dia-11-vuelve-el-marina-day-la-jornada-mas-festiva-del-port-de-sitges\/","url":"https:\/\/www.portdesitges.com\/este-sabado-dia-11-vuelve-el-marina-day-la-jornada-mas-festiva-del-port-de-sitges\/","name":"Aquest dissabte dia 11 torna el Marina Day, la jornada m\u00e9s festiva del Port de Sitges","isPartOf":{"@id":"https:\/\/www.portdesitges.com\/#website"},"primaryImageOfPage":{"@id":"https:\/\/www.portdesitges.com\/este-sabado-dia-11-vuelve-el-marina-day-la-jornada-mas-festiva-del-port-de-sitges\/#primaryimage"},"image":{"@id":"https:\/\/www.portdesitges.com\/este-sabado-dia-11-vuelve-el-marina-day-la-jornada-mas-festiva-del-port-de-sitges\/#primaryimage"},"thumbnailUrl":"https:\/\/www.portdesitges.com\/wp-content\/uploads\/2022\/06\/POST-IG-MD-1-scaled.jpg","datePublished":"2022-06-09T12:32:04+00:00","dateModified":"2022-06-09T15:03:36+00:00","author":{"@id":"https:\/\/www.portdesitges.com\/#\/schema\/person\/be98f3191d6c7bb6ccddc2e0ac4d861f"},"description":"Despr\u00e9s de dos anys sense celebrar-se, aquest dissabte torna el Marina Day als ports catalans: una jornada festiva per apropar a la ciutada els ports esportius. Al Port de Sitges - Aiguadol\u00e7 hem preparat un seguit d'activitats gratu\u00eftes perqu\u00e8 el gaudeixis amb nosaltres.","breadcrumb":{"@id":"https:\/\/www.portdesitges.com\/este-sabado-dia-11-vuelve-el-marina-day-la-jornada-mas-festiva-del-port-de-sitges\/#breadcrumb"},"inLanguage":"ca","potentialAction":[{"@type":"ReadAction","target":["https:\/\/www.portdesitges.com\/este-sabado-dia-11-vuelve-el-marina-day-la-jornada-mas-festiva-del-port-de-sitges\/"]}]},{"@type":"ImageObject","inLanguage":"ca","@id":"https:\/\/www.portdesitges.com\/este-sabado-dia-11-vuelve-el-marina-day-la-jornada-mas-festiva-del-port-de-sitges\/#primaryimage","url":"https:\/\/www.portdesitges.com\/wp-content\/uploads\/2022\/06\/POST-IG-MD-1-scaled.jpg","contentUrl":"https:\/\/www.portdesitges.com\/wp-content\/uploads\/2022\/06\/POST-IG-MD-1-scaled.jpg","width":2050,"height":2560},{"@type":"BreadcrumbList","@id":"https:\/\/www.portdesitges.com\/este-sabado-dia-11-vuelve-el-marina-day-la-jornada-mas-festiva-del-port-de-sitges\/#breadcrumb","itemListElement":[{"@type":"ListItem","position":1,"name":"Portada","item":"https:\/\/www.portdesitges.com\/ca\/"},{"@type":"ListItem","position":2,"name":"Aquest dissabte dia 11 torna el Marina Day, la jornada m\u00e9s festiva del Port de Sitges"}]},{"@type":"WebSite","@id":"https:\/\/www.portdesitges.com\/#website","url":"https:\/\/www.portdesitges.com\/","name":"Port de Sitges - Aiguadol\u00e7","description":"lugar donde el mar y la tierra se dan de la mano para crear un espacio \u00fanico y atractivo. Disfruta de un mar de experiencias.","potentialAction":[{"@type":"SearchAction","target":{"@type":"EntryPoint","urlTemplate":"https:\/\/www.portdesitges.com\/?s={search_term_string}"},"query-input":{"@type":"PropertyValueSpecification","valueRequired":true,"valueName":"search_term_string"}}],"inLanguage":"ca"},{"@type":"Person","@id":"https:\/\/www.portdesitges.com\/#\/schema\/person\/be98f3191d6c7bb6ccddc2e0ac4d861f","name":"S\u00f2nia Felip","image":{"@type":"ImageObject","inLanguage":"ca","@id":"https:\/\/secure.gravatar.com\/avatar\/3f5abf961091eed8bea1ba4a0fb5f78e0c728f907fe0cf722e81af4aa82939db?s=96&d=mm&r=g","url":"https:\/\/secure.gravatar.com\/avatar\/3f5abf961091eed8bea1ba4a0fb5f78e0c728f907fe0cf722e81af4aa82939db?s=96&d=mm&r=g","contentUrl":"https:\/\/secure.gravatar.com\/avatar\/3f5abf961091eed8bea1ba4a0fb5f78e0c728f907fe0cf722e81af4aa82939db?s=96&d=mm&r=g","caption":"S\u00f2nia Felip"},"url":"https:\/\/www.portdesitges.com\/ca\/author\/sonia\/"}]}},"_links":{"self":[{"href":"https:\/\/www.portdesitges.com\/ca\/wp-json\/wp\/v2\/posts\/15939","targetHints":{"allow":["GET"]}}],"collection":[{"href":"https:\/\/www.portdesitges.com\/ca\/wp-json\/wp\/v2\/posts"}],"about":[{"href":"https:\/\/www.portdesitges.com\/ca\/wp-json\/wp\/v2\/types\/post"}],"author":[{"embeddable":true,"href":"https:\/\/www.portdesitges.com\/ca\/wp-json\/wp\/v2\/users\/3"}],"replies":[{"embeddable":true,"href":"https:\/\/www.portdesitges.com\/ca\/wp-json\/wp\/v2\/comments?post=15939"}],"version-history":[{"count":9,"href":"https:\/\/www.portdesitges.com\/ca\/wp-json\/wp\/v2\/posts\/15939\/revisions"}],"predecessor-version":[{"id":15984,"href":"https:\/\/www.portdesitges.com\/ca\/wp-json\/wp\/v2\/posts\/15939\/revisions\/15984"}],"wp:featuredmedia":[{"embeddable":true,"href":"https:\/\/www.portdesitges.com\/ca\/wp-json\/wp\/v2\/media\/15943"}],"wp:attachment":[{"href":"https:\/\/www.portdesitges.com\/ca\/wp-json\/wp\/v2\/media?parent=15939"}],"wp:term":[{"taxonomy":"category","embeddable":true,"href":"https:\/\/www.portdesitges.com\/ca\/wp-json\/wp\/v2\/categories?post=15939"},{"taxonomy":"post_tag","embeddable":true,"href":"https:\/\/www.portdesitges.com\/ca\/wp-json\/wp\/v2\/tags?post=15939"}],"curies":[{"name":"wp","href":"https:\/\/api.w.org\/{rel}","templated":true}]}}