{"id":15914,"date":"2022-06-01T12:05:11","date_gmt":"2022-06-01T12:05:11","guid":{"rendered":"https:\/\/www.portdesitges.com\/?p=15914"},"modified":"2022-06-01T12:10:57","modified_gmt":"2022-06-01T12:10:57","slug":"es-prorroga-la-concessio-del-port-daiguadolc-de-sitges-per-19-anys-mes-amb-un-projecte-de-reforma-de-les-instal-lacions","status":"publish","type":"post","link":"https:\/\/www.portdesitges.com\/ca\/es-prorroga-la-concessio-del-port-daiguadolc-de-sitges-per-19-anys-mes-amb-un-projecte-de-reforma-de-les-instal-lacions\/","title":{"rendered":"Es prorroga la concessi\u00f3 del Port d&#8217;Aiguadol\u00e7 de Sitges per 19 anys m\u00e9s, amb un projecte de reforma de les instal.lacions"},"content":{"rendered":"[vc_row type=&#8221;in_container&#8221; full_screen_row_position=&#8221;middle&#8221; column_margin=&#8221;default&#8221; scene_position=&#8221;center&#8221; text_color=&#8221;dark&#8221; text_align=&#8221;left&#8221; overlay_strength=&#8221;0.3&#8243; shape_divider_position=&#8221;bottom&#8221; bg_image_animation=&#8221;none&#8221;][vc_column column_padding=&#8221;no-extra-padding&#8221; column_padding_position=&#8221;all&#8221; background_color_opacity=&#8221;1&#8243; background_hover_color_opacity=&#8221;1&#8243; column_link_target=&#8221;_self&#8221; column_shadow=&#8221;none&#8221; column_border_radius=&#8221;none&#8221; width=&#8221;1\/1&#8243; tablet_width_inherit=&#8221;default&#8221; tablet_text_alignment=&#8221;default&#8221; phone_text_alignment=&#8221;default&#8221; overlay_strength=&#8221;0.3&#8243; column_border_width=&#8221;none&#8221; column_border_style=&#8221;solid&#8221; bg_image_animation=&#8221;none&#8221;][vc_column_text]La concession\u00e0ria del Port d\u2019Aiguadol\u00e7 de Sitges dels darrers 50 anys ha aconseguit una pr\u00f2rroga de 19 anys m\u00e9s que ve acompanyada d\u2019una inversi\u00f3 de 20 milions d\u2019euros per reformar la instal\u00b7laci\u00f3.<\/p>\n<p>Un gruix important d\u2019aquestes actuacions s\u2019ha de fer els primers cinc anys de la pr\u00f2rroga. A m\u00e9s a m\u00e9s, s\u2019ha firmat un nou contracte de gesti\u00f3 amb unes noves condicions t\u00e8cniques, econ\u00f2miques i de formes d\u2019explotaci\u00f3. Aix\u00f2 implica, per exemple, que l\u2019empresa concession\u00e0ria administri ella mateixa els locals de restauraci\u00f3 i els pisos del poblat mariner a trav\u00e9s d\u2019un lloguer.[\/vc_column_text][\/vc_column][\/vc_row][vc_row type=&#8221;in_container&#8221; full_screen_row_position=&#8221;middle&#8221; column_margin=&#8221;default&#8221; scene_position=&#8221;center&#8221; text_color=&#8221;dark&#8221; text_align=&#8221;left&#8221; overlay_strength=&#8221;0.3&#8243; shape_divider_position=&#8221;bottom&#8221; bg_image_animation=&#8221;none&#8221;][vc_column column_padding=&#8221;no-extra-padding&#8221; column_padding_position=&#8221;all&#8221; background_color_opacity=&#8221;1&#8243; background_hover_color_opacity=&#8221;1&#8243; column_link_target=&#8221;_self&#8221; column_shadow=&#8221;none&#8221; column_border_radius=&#8221;none&#8221; width=&#8221;1\/1&#8243; tablet_width_inherit=&#8221;default&#8221; tablet_text_alignment=&#8221;default&#8221; phone_text_alignment=&#8221;default&#8221; overlay_strength=&#8221;0.3&#8243; column_border_width=&#8221;none&#8221; column_border_style=&#8221;solid&#8221; bg_image_animation=&#8221;none&#8221;][\/vc_column][\/vc_row][vc_row type=&#8221;in_container&#8221; full_screen_row_position=&#8221;middle&#8221; column_margin=&#8221;default&#8221; scene_position=&#8221;center&#8221; text_color=&#8221;dark&#8221; text_align=&#8221;left&#8221; overlay_strength=&#8221;0.3&#8243; shape_divider_position=&#8221;bottom&#8221; bg_image_animation=&#8221;none&#8221;][vc_column column_padding=&#8221;no-extra-padding&#8221; column_padding_position=&#8221;all&#8221; background_color_opacity=&#8221;1&#8243; background_hover_color_opacity=&#8221;1&#8243; column_link_target=&#8221;_self&#8221; column_shadow=&#8221;none&#8221; column_border_radius=&#8221;none&#8221; width=&#8221;1\/1&#8243; tablet_width_inherit=&#8221;default&#8221; tablet_text_alignment=&#8221;default&#8221; phone_text_alignment=&#8221;default&#8221; overlay_strength=&#8221;0.3&#8243; column_border_width=&#8221;none&#8221; column_border_style=&#8221;solid&#8221; bg_image_animation=&#8221;none&#8221;][vc_raw_html]JTNDZGl2JTIwaWQlM0QlMjJlbWJlZC1hbGFjYXJ0YS05Mzg1NyUyMiUzRSUzQyUyRmRpdiUzRSUwQSUzQ3NjcmlwdCUyMHNyYyUzRCUyMmh0dHBzJTNBJTJGJTJGd3d3LmFsYWNhcnRhLmNhdCUyRmpzJTJGZW1iZWQuanMlMjIlMjBkYXRhLWNvbnRhaW5lciUzRCUyMmVtYmVkLWFsYWNhcnRhLTkzODU3JTIyJTIwZGF0YS1zcmMlM0QlMjI2Mjk2MWQzMTgyNjhjNTI1ZjAzOGVhM2YlMkY2Mjk2MWNjNzMwYjI4YTFmZWNlMmQzMWElMjIlM0UlM0MlMkZzY3JpcHQlM0U=[\/vc_raw_html][\/vc_column][\/vc_row][vc_row type=&#8221;in_container&#8221; full_screen_row_position=&#8221;middle&#8221; column_margin=&#8221;default&#8221; scene_position=&#8221;center&#8221; text_color=&#8221;dark&#8221; text_align=&#8221;left&#8221; overlay_strength=&#8221;0.3&#8243; shape_divider_position=&#8221;bottom&#8221; bg_image_animation=&#8221;none&#8221;][vc_column column_padding=&#8221;no-extra-padding&#8221; column_padding_position=&#8221;all&#8221; background_color_opacity=&#8221;1&#8243; background_hover_color_opacity=&#8221;1&#8243; column_link_target=&#8221;_self&#8221; column_shadow=&#8221;none&#8221; column_border_radius=&#8221;none&#8221; width=&#8221;1\/1&#8243; tablet_width_inherit=&#8221;default&#8221; tablet_text_alignment=&#8221;default&#8221; phone_text_alignment=&#8221;default&#8221; overlay_strength=&#8221;0.3&#8243; column_border_width=&#8221;none&#8221; column_border_style=&#8221;solid&#8221; bg_image_animation=&#8221;none&#8221;][vc_column_text][\/ vc_column] [\/ vc_row][\/vc_column_text][\/vc_column][\/vc_row]\n","protected":false},"excerpt":{"rendered":"<p>[vc_row type=&#8221;in_container&#8221; full_screen_row_position=&#8221;middle&#8221; column_margin=&#8221;default&#8221; scene_position=&#8221;center&#8221; text_color=&#8221;dark&#8221; text_align=&#8221;left&#8221; overlay_strength=&#8221;0.3&#8243; shape_divider_position=&#8221;bottom&#8221; bg_image_animation=&#8221;none&#8221;][vc_column column_padding=&#8221;no-extra-padding&#8221; column_padding_position=&#8221;all&#8221; background_color_opacity=&#8221;1&#8243; background_hover_color_opacity=&#8221;1&#8243; column_link_target=&#8221;_self&#8221; column_shadow=&#8221;none&#8221; column_border_radius=&#8221;none&#8221; width=&#8221;1\/1&#8243; tablet_width_inherit=&#8221;default&#8221; tablet_text_alignment=&#8221;default&#8221; phone_text_alignment=&#8221;default&#8221; overlay_strength=&#8221;0.3&#8243; column_border_width=&#8221;none&#8221; column_border_style=&#8221;solid&#8221; bg_image_animation=&#8221;none&#8221;][vc_column_text]La concession\u00e0ria del Port d\u2019Aiguadol\u00e7 de&#8230;<\/p>\n","protected":false},"author":3,"featured_media":15919,"comment_status":"closed","ping_status":"closed","sticky":false,"template":"","format":"standard","meta":{"footnotes":""},"categories":[62],"tags":[],"class_list":{"0":"post-15914","1":"post","2":"type-post","3":"status-publish","4":"format-standard","5":"has-post-thumbnail","7":"category-noticias-ca"},"yoast_head":"<!-- This site is optimized with the Yoast SEO plugin v27.3 - https:\/\/yoast.com\/product\/yoast-seo-wordpress\/ -->\n<title>Es prorroga la concessi\u00f3 del Port d&#039;Aiguadol\u00e7 de Sitges per 19 anys m\u00e9s, amb un projecte de reforma de les instal.lacions<\/title>\n<meta name=\"description\" content=\"La concession\u00e0ria del Port d\u2019Aiguadol\u00e7 de Sitges dels darrers 50 anys ha aconseguit una pr\u00f2rroga de 19 anys m\u00e9s que ve acompanyada d\u2019una inversi\u00f3 de 20 milions d\u2019euros per reformar la instal\u00b7laci\u00f3. Un gruix important d\u2019aquestes actuacions s\u2019ha de fer els primers cinc anys de la pr\u00f2rroga. A m\u00e9s a m\u00e9s, s\u2019ha firmat un nou contracte de gesti\u00f3 amb unes noves condicions t\u00e8cniques, econ\u00f2miques i de formes d\u2019explotaci\u00f3. Aix\u00f2 implica, per exemple, que l\u2019empresa concession\u00e0ria administri ella mateixa els locals de restauraci\u00f3 i els pisos del poblat mariner a trav\u00e9s d\u2019un lloguer.\" \/>\n<meta name=\"robots\" content=\"index, follow, max-snippet:-1, max-image-preview:large, max-video-preview:-1\" \/>\n<link rel=\"canonical\" href=\"https:\/\/www.portdesitges.com\/se-prorroga-la-concesion-del-port-de-aiguadolc-de-sitges-por-19-anos-mas-con-un-proyecto-de-reforma-de-las-instalaciones\/\" \/>\n<meta property=\"og:locale\" content=\"ca_ES\" \/>\n<meta property=\"og:type\" content=\"article\" \/>\n<meta property=\"og:title\" content=\"Es prorroga la concessi\u00f3 del Port d&#039;Aiguadol\u00e7 de Sitges per 19 anys m\u00e9s, amb un projecte de reforma de les instal.lacions\" \/>\n<meta property=\"og:description\" content=\"La concession\u00e0ria del Port d\u2019Aiguadol\u00e7 de Sitges dels darrers 50 anys ha aconseguit una pr\u00f2rroga de 19 anys m\u00e9s que ve acompanyada d\u2019una inversi\u00f3 de 20 milions d\u2019euros per reformar la instal\u00b7laci\u00f3. Un gruix important d\u2019aquestes actuacions s\u2019ha de fer els primers cinc anys de la pr\u00f2rroga. A m\u00e9s a m\u00e9s, s\u2019ha firmat un nou contracte de gesti\u00f3 amb unes noves condicions t\u00e8cniques, econ\u00f2miques i de formes d\u2019explotaci\u00f3. Aix\u00f2 implica, per exemple, que l\u2019empresa concession\u00e0ria administri ella mateixa els locals de restauraci\u00f3 i els pisos del poblat mariner a trav\u00e9s d\u2019un lloguer.\" \/>\n<meta property=\"og:url\" content=\"https:\/\/www.portdesitges.com\/se-prorroga-la-concesion-del-port-de-aiguadolc-de-sitges-por-19-anos-mas-con-un-proyecto-de-reforma-de-las-instalaciones\/\" \/>\n<meta property=\"og:site_name\" content=\"Port de Sitges - Aiguadol\u00e7\" \/>\n<meta property=\"article:published_time\" content=\"2022-06-01T12:05:11+00:00\" \/>\n<meta property=\"article:modified_time\" content=\"2022-06-01T12:10:57+00:00\" \/>\n<meta property=\"og:image\" content=\"https:\/\/www.portdesitges.com\/wp-content\/uploads\/2022\/06\/noticiaCanalBlau.jpg\" \/>\n\t<meta property=\"og:image:width\" content=\"1448\" \/>\n\t<meta property=\"og:image:height\" content=\"810\" \/>\n\t<meta property=\"og:image:type\" content=\"image\/jpeg\" \/>\n<meta name=\"author\" content=\"S\u00f2nia Felip\" \/>\n<meta name=\"twitter:card\" content=\"summary_large_image\" \/>\n<meta name=\"twitter:label1\" content=\"Escrit per\" \/>\n\t<meta name=\"twitter:data1\" content=\"S\u00f2nia Felip\" \/>\n\t<meta name=\"twitter:label2\" content=\"Temps estimat de lectura\" \/>\n\t<meta name=\"twitter:data2\" content=\"3 minuts\" \/>\n<script type=\"application\/ld+json\" class=\"yoast-schema-graph\">{\"@context\":\"https:\\\/\\\/schema.org\",\"@graph\":[{\"@type\":\"Article\",\"@id\":\"https:\\\/\\\/www.portdesitges.com\\\/se-prorroga-la-concesion-del-port-de-aiguadolc-de-sitges-por-19-anos-mas-con-un-proyecto-de-reforma-de-las-instalaciones\\\/#article\",\"isPartOf\":{\"@id\":\"https:\\\/\\\/www.portdesitges.com\\\/se-prorroga-la-concesion-del-port-de-aiguadolc-de-sitges-por-19-anos-mas-con-un-proyecto-de-reforma-de-las-instalaciones\\\/\"},\"author\":{\"name\":\"S\u00f2nia Felip\",\"@id\":\"https:\\\/\\\/www.portdesitges.com\\\/#\\\/schema\\\/person\\\/be98f3191d6c7bb6ccddc2e0ac4d861f\"},\"headline\":\"Es prorroga la concessi\u00f3 del Port d&#8217;Aiguadol\u00e7 de Sitges per 19 anys m\u00e9s, amb un projecte de reforma de les instal.lacions\",\"datePublished\":\"2022-06-01T12:05:11+00:00\",\"dateModified\":\"2022-06-01T12:10:57+00:00\",\"mainEntityOfPage\":{\"@id\":\"https:\\\/\\\/www.portdesitges.com\\\/se-prorroga-la-concesion-del-port-de-aiguadolc-de-sitges-por-19-anos-mas-con-un-proyecto-de-reforma-de-las-instalaciones\\\/\"},\"wordCount\":542,\"image\":{\"@id\":\"https:\\\/\\\/www.portdesitges.com\\\/se-prorroga-la-concesion-del-port-de-aiguadolc-de-sitges-por-19-anos-mas-con-un-proyecto-de-reforma-de-las-instalaciones\\\/#primaryimage\"},\"thumbnailUrl\":\"https:\\\/\\\/www.portdesitges.com\\\/wp-content\\\/uploads\\\/2022\\\/06\\\/noticiaCanalBlau.jpg\",\"articleSection\":[\"Not\u00edcias\"],\"inLanguage\":\"ca\"},{\"@type\":\"WebPage\",\"@id\":\"https:\\\/\\\/www.portdesitges.com\\\/se-prorroga-la-concesion-del-port-de-aiguadolc-de-sitges-por-19-anos-mas-con-un-proyecto-de-reforma-de-las-instalaciones\\\/\",\"url\":\"https:\\\/\\\/www.portdesitges.com\\\/se-prorroga-la-concesion-del-port-de-aiguadolc-de-sitges-por-19-anos-mas-con-un-proyecto-de-reforma-de-las-instalaciones\\\/\",\"name\":\"Es prorroga la concessi\u00f3 del Port d'Aiguadol\u00e7 de Sitges per 19 anys m\u00e9s, amb un projecte de reforma de les instal.lacions\",\"isPartOf\":{\"@id\":\"https:\\\/\\\/www.portdesitges.com\\\/#website\"},\"primaryImageOfPage\":{\"@id\":\"https:\\\/\\\/www.portdesitges.com\\\/se-prorroga-la-concesion-del-port-de-aiguadolc-de-sitges-por-19-anos-mas-con-un-proyecto-de-reforma-de-las-instalaciones\\\/#primaryimage\"},\"image\":{\"@id\":\"https:\\\/\\\/www.portdesitges.com\\\/se-prorroga-la-concesion-del-port-de-aiguadolc-de-sitges-por-19-anos-mas-con-un-proyecto-de-reforma-de-las-instalaciones\\\/#primaryimage\"},\"thumbnailUrl\":\"https:\\\/\\\/www.portdesitges.com\\\/wp-content\\\/uploads\\\/2022\\\/06\\\/noticiaCanalBlau.jpg\",\"datePublished\":\"2022-06-01T12:05:11+00:00\",\"dateModified\":\"2022-06-01T12:10:57+00:00\",\"author\":{\"@id\":\"https:\\\/\\\/www.portdesitges.com\\\/#\\\/schema\\\/person\\\/be98f3191d6c7bb6ccddc2e0ac4d861f\"},\"description\":\"La concession\u00e0ria del Port d\u2019Aiguadol\u00e7 de Sitges dels darrers 50 anys ha aconseguit una pr\u00f2rroga de 19 anys m\u00e9s que ve acompanyada d\u2019una inversi\u00f3 de 20 milions d\u2019euros per reformar la instal\u00b7laci\u00f3. Un gruix important d\u2019aquestes actuacions s\u2019ha de fer els primers cinc anys de la pr\u00f2rroga. A m\u00e9s a m\u00e9s, s\u2019ha firmat un nou contracte de gesti\u00f3 amb unes noves condicions t\u00e8cniques, econ\u00f2miques i de formes d\u2019explotaci\u00f3. Aix\u00f2 implica, per exemple, que l\u2019empresa concession\u00e0ria administri ella mateixa els locals de restauraci\u00f3 i els pisos del poblat mariner a trav\u00e9s d\u2019un lloguer.\",\"breadcrumb\":{\"@id\":\"https:\\\/\\\/www.portdesitges.com\\\/se-prorroga-la-concesion-del-port-de-aiguadolc-de-sitges-por-19-anos-mas-con-un-proyecto-de-reforma-de-las-instalaciones\\\/#breadcrumb\"},\"inLanguage\":\"ca\",\"potentialAction\":[{\"@type\":\"ReadAction\",\"target\":[\"https:\\\/\\\/www.portdesitges.com\\\/se-prorroga-la-concesion-del-port-de-aiguadolc-de-sitges-por-19-anos-mas-con-un-proyecto-de-reforma-de-las-instalaciones\\\/\"]}]},{\"@type\":\"ImageObject\",\"inLanguage\":\"ca\",\"@id\":\"https:\\\/\\\/www.portdesitges.com\\\/se-prorroga-la-concesion-del-port-de-aiguadolc-de-sitges-por-19-anos-mas-con-un-proyecto-de-reforma-de-las-instalaciones\\\/#primaryimage\",\"url\":\"https:\\\/\\\/www.portdesitges.com\\\/wp-content\\\/uploads\\\/2022\\\/06\\\/noticiaCanalBlau.jpg\",\"contentUrl\":\"https:\\\/\\\/www.portdesitges.com\\\/wp-content\\\/uploads\\\/2022\\\/06\\\/noticiaCanalBlau.jpg\",\"width\":1448,\"height\":810},{\"@type\":\"BreadcrumbList\",\"@id\":\"https:\\\/\\\/www.portdesitges.com\\\/se-prorroga-la-concesion-del-port-de-aiguadolc-de-sitges-por-19-anos-mas-con-un-proyecto-de-reforma-de-las-instalaciones\\\/#breadcrumb\",\"itemListElement\":[{\"@type\":\"ListItem\",\"position\":1,\"name\":\"Portada\",\"item\":\"https:\\\/\\\/www.portdesitges.com\\\/ca\\\/\"},{\"@type\":\"ListItem\",\"position\":2,\"name\":\"Es prorroga la concessi\u00f3 del Port d&#8217;Aiguadol\u00e7 de Sitges per 19 anys m\u00e9s, amb un projecte de reforma de les instal.lacions\"}]},{\"@type\":\"WebSite\",\"@id\":\"https:\\\/\\\/www.portdesitges.com\\\/#website\",\"url\":\"https:\\\/\\\/www.portdesitges.com\\\/\",\"name\":\"Port de Sitges - Aiguadol\u00e7\",\"description\":\"lugar donde el mar y la tierra se dan de la mano para crear un espacio \u00fanico y atractivo. Disfruta de un mar de experiencias.\",\"potentialAction\":[{\"@type\":\"SearchAction\",\"target\":{\"@type\":\"EntryPoint\",\"urlTemplate\":\"https:\\\/\\\/www.portdesitges.com\\\/?s={search_term_string}\"},\"query-input\":{\"@type\":\"PropertyValueSpecification\",\"valueRequired\":true,\"valueName\":\"search_term_string\"}}],\"inLanguage\":\"ca\"},{\"@type\":\"Person\",\"@id\":\"https:\\\/\\\/www.portdesitges.com\\\/#\\\/schema\\\/person\\\/be98f3191d6c7bb6ccddc2e0ac4d861f\",\"name\":\"S\u00f2nia Felip\",\"image\":{\"@type\":\"ImageObject\",\"inLanguage\":\"ca\",\"@id\":\"https:\\\/\\\/secure.gravatar.com\\\/avatar\\\/3f5abf961091eed8bea1ba4a0fb5f78e0c728f907fe0cf722e81af4aa82939db?s=96&d=mm&r=g\",\"url\":\"https:\\\/\\\/secure.gravatar.com\\\/avatar\\\/3f5abf961091eed8bea1ba4a0fb5f78e0c728f907fe0cf722e81af4aa82939db?s=96&d=mm&r=g\",\"contentUrl\":\"https:\\\/\\\/secure.gravatar.com\\\/avatar\\\/3f5abf961091eed8bea1ba4a0fb5f78e0c728f907fe0cf722e81af4aa82939db?s=96&d=mm&r=g\",\"caption\":\"S\u00f2nia Felip\"},\"url\":\"https:\\\/\\\/www.portdesitges.com\\\/ca\\\/author\\\/sonia\\\/\"}]}<\/script>\n<!-- \/ Yoast SEO plugin. -->","yoast_head_json":{"title":"Es prorroga la concessi\u00f3 del Port d'Aiguadol\u00e7 de Sitges per 19 anys m\u00e9s, amb un projecte de reforma de les instal.lacions","description":"La concession\u00e0ria del Port d\u2019Aiguadol\u00e7 de Sitges dels darrers 50 anys ha aconseguit una pr\u00f2rroga de 19 anys m\u00e9s que ve acompanyada d\u2019una inversi\u00f3 de 20 milions d\u2019euros per reformar la instal\u00b7laci\u00f3. Un gruix important d\u2019aquestes actuacions s\u2019ha de fer els primers cinc anys de la pr\u00f2rroga. A m\u00e9s a m\u00e9s, s\u2019ha firmat un nou contracte de gesti\u00f3 amb unes noves condicions t\u00e8cniques, econ\u00f2miques i de formes d\u2019explotaci\u00f3. Aix\u00f2 implica, per exemple, que l\u2019empresa concession\u00e0ria administri ella mateixa els locals de restauraci\u00f3 i els pisos del poblat mariner a trav\u00e9s d\u2019un lloguer.","robots":{"index":"index","follow":"follow","max-snippet":"max-snippet:-1","max-image-preview":"max-image-preview:large","max-video-preview":"max-video-preview:-1"},"canonical":"https:\/\/www.portdesitges.com\/se-prorroga-la-concesion-del-port-de-aiguadolc-de-sitges-por-19-anos-mas-con-un-proyecto-de-reforma-de-las-instalaciones\/","og_locale":"ca_ES","og_type":"article","og_title":"Es prorroga la concessi\u00f3 del Port d'Aiguadol\u00e7 de Sitges per 19 anys m\u00e9s, amb un projecte de reforma de les instal.lacions","og_description":"La concession\u00e0ria del Port d\u2019Aiguadol\u00e7 de Sitges dels darrers 50 anys ha aconseguit una pr\u00f2rroga de 19 anys m\u00e9s que ve acompanyada d\u2019una inversi\u00f3 de 20 milions d\u2019euros per reformar la instal\u00b7laci\u00f3. Un gruix important d\u2019aquestes actuacions s\u2019ha de fer els primers cinc anys de la pr\u00f2rroga. A m\u00e9s a m\u00e9s, s\u2019ha firmat un nou contracte de gesti\u00f3 amb unes noves condicions t\u00e8cniques, econ\u00f2miques i de formes d\u2019explotaci\u00f3. Aix\u00f2 implica, per exemple, que l\u2019empresa concession\u00e0ria administri ella mateixa els locals de restauraci\u00f3 i els pisos del poblat mariner a trav\u00e9s d\u2019un lloguer.","og_url":"https:\/\/www.portdesitges.com\/se-prorroga-la-concesion-del-port-de-aiguadolc-de-sitges-por-19-anos-mas-con-un-proyecto-de-reforma-de-las-instalaciones\/","og_site_name":"Port de Sitges - Aiguadol\u00e7","article_published_time":"2022-06-01T12:05:11+00:00","article_modified_time":"2022-06-01T12:10:57+00:00","og_image":[{"width":1448,"height":810,"url":"https:\/\/www.portdesitges.com\/wp-content\/uploads\/2022\/06\/noticiaCanalBlau.jpg","type":"image\/jpeg"}],"author":"S\u00f2nia Felip","twitter_card":"summary_large_image","twitter_misc":{"Escrit per":"S\u00f2nia Felip","Temps estimat de lectura":"3 minuts"},"schema":{"@context":"https:\/\/schema.org","@graph":[{"@type":"Article","@id":"https:\/\/www.portdesitges.com\/se-prorroga-la-concesion-del-port-de-aiguadolc-de-sitges-por-19-anos-mas-con-un-proyecto-de-reforma-de-las-instalaciones\/#article","isPartOf":{"@id":"https:\/\/www.portdesitges.com\/se-prorroga-la-concesion-del-port-de-aiguadolc-de-sitges-por-19-anos-mas-con-un-proyecto-de-reforma-de-las-instalaciones\/"},"author":{"name":"S\u00f2nia Felip","@id":"https:\/\/www.portdesitges.com\/#\/schema\/person\/be98f3191d6c7bb6ccddc2e0ac4d861f"},"headline":"Es prorroga la concessi\u00f3 del Port d&#8217;Aiguadol\u00e7 de Sitges per 19 anys m\u00e9s, amb un projecte de reforma de les instal.lacions","datePublished":"2022-06-01T12:05:11+00:00","dateModified":"2022-06-01T12:10:57+00:00","mainEntityOfPage":{"@id":"https:\/\/www.portdesitges.com\/se-prorroga-la-concesion-del-port-de-aiguadolc-de-sitges-por-19-anos-mas-con-un-proyecto-de-reforma-de-las-instalaciones\/"},"wordCount":542,"image":{"@id":"https:\/\/www.portdesitges.com\/se-prorroga-la-concesion-del-port-de-aiguadolc-de-sitges-por-19-anos-mas-con-un-proyecto-de-reforma-de-las-instalaciones\/#primaryimage"},"thumbnailUrl":"https:\/\/www.portdesitges.com\/wp-content\/uploads\/2022\/06\/noticiaCanalBlau.jpg","articleSection":["Not\u00edcias"],"inLanguage":"ca"},{"@type":"WebPage","@id":"https:\/\/www.portdesitges.com\/se-prorroga-la-concesion-del-port-de-aiguadolc-de-sitges-por-19-anos-mas-con-un-proyecto-de-reforma-de-las-instalaciones\/","url":"https:\/\/www.portdesitges.com\/se-prorroga-la-concesion-del-port-de-aiguadolc-de-sitges-por-19-anos-mas-con-un-proyecto-de-reforma-de-las-instalaciones\/","name":"Es prorroga la concessi\u00f3 del Port d'Aiguadol\u00e7 de Sitges per 19 anys m\u00e9s, amb un projecte de reforma de les instal.lacions","isPartOf":{"@id":"https:\/\/www.portdesitges.com\/#website"},"primaryImageOfPage":{"@id":"https:\/\/www.portdesitges.com\/se-prorroga-la-concesion-del-port-de-aiguadolc-de-sitges-por-19-anos-mas-con-un-proyecto-de-reforma-de-las-instalaciones\/#primaryimage"},"image":{"@id":"https:\/\/www.portdesitges.com\/se-prorroga-la-concesion-del-port-de-aiguadolc-de-sitges-por-19-anos-mas-con-un-proyecto-de-reforma-de-las-instalaciones\/#primaryimage"},"thumbnailUrl":"https:\/\/www.portdesitges.com\/wp-content\/uploads\/2022\/06\/noticiaCanalBlau.jpg","datePublished":"2022-06-01T12:05:11+00:00","dateModified":"2022-06-01T12:10:57+00:00","author":{"@id":"https:\/\/www.portdesitges.com\/#\/schema\/person\/be98f3191d6c7bb6ccddc2e0ac4d861f"},"description":"La concession\u00e0ria del Port d\u2019Aiguadol\u00e7 de Sitges dels darrers 50 anys ha aconseguit una pr\u00f2rroga de 19 anys m\u00e9s que ve acompanyada d\u2019una inversi\u00f3 de 20 milions d\u2019euros per reformar la instal\u00b7laci\u00f3. Un gruix important d\u2019aquestes actuacions s\u2019ha de fer els primers cinc anys de la pr\u00f2rroga. A m\u00e9s a m\u00e9s, s\u2019ha firmat un nou contracte de gesti\u00f3 amb unes noves condicions t\u00e8cniques, econ\u00f2miques i de formes d\u2019explotaci\u00f3. Aix\u00f2 implica, per exemple, que l\u2019empresa concession\u00e0ria administri ella mateixa els locals de restauraci\u00f3 i els pisos del poblat mariner a trav\u00e9s d\u2019un lloguer.","breadcrumb":{"@id":"https:\/\/www.portdesitges.com\/se-prorroga-la-concesion-del-port-de-aiguadolc-de-sitges-por-19-anos-mas-con-un-proyecto-de-reforma-de-las-instalaciones\/#breadcrumb"},"inLanguage":"ca","potentialAction":[{"@type":"ReadAction","target":["https:\/\/www.portdesitges.com\/se-prorroga-la-concesion-del-port-de-aiguadolc-de-sitges-por-19-anos-mas-con-un-proyecto-de-reforma-de-las-instalaciones\/"]}]},{"@type":"ImageObject","inLanguage":"ca","@id":"https:\/\/www.portdesitges.com\/se-prorroga-la-concesion-del-port-de-aiguadolc-de-sitges-por-19-anos-mas-con-un-proyecto-de-reforma-de-las-instalaciones\/#primaryimage","url":"https:\/\/www.portdesitges.com\/wp-content\/uploads\/2022\/06\/noticiaCanalBlau.jpg","contentUrl":"https:\/\/www.portdesitges.com\/wp-content\/uploads\/2022\/06\/noticiaCanalBlau.jpg","width":1448,"height":810},{"@type":"BreadcrumbList","@id":"https:\/\/www.portdesitges.com\/se-prorroga-la-concesion-del-port-de-aiguadolc-de-sitges-por-19-anos-mas-con-un-proyecto-de-reforma-de-las-instalaciones\/#breadcrumb","itemListElement":[{"@type":"ListItem","position":1,"name":"Portada","item":"https:\/\/www.portdesitges.com\/ca\/"},{"@type":"ListItem","position":2,"name":"Es prorroga la concessi\u00f3 del Port d&#8217;Aiguadol\u00e7 de Sitges per 19 anys m\u00e9s, amb un projecte de reforma de les instal.lacions"}]},{"@type":"WebSite","@id":"https:\/\/www.portdesitges.com\/#website","url":"https:\/\/www.portdesitges.com\/","name":"Port de Sitges - Aiguadol\u00e7","description":"lugar donde el mar y la tierra se dan de la mano para crear un espacio \u00fanico y atractivo. Disfruta de un mar de experiencias.","potentialAction":[{"@type":"SearchAction","target":{"@type":"EntryPoint","urlTemplate":"https:\/\/www.portdesitges.com\/?s={search_term_string}"},"query-input":{"@type":"PropertyValueSpecification","valueRequired":true,"valueName":"search_term_string"}}],"inLanguage":"ca"},{"@type":"Person","@id":"https:\/\/www.portdesitges.com\/#\/schema\/person\/be98f3191d6c7bb6ccddc2e0ac4d861f","name":"S\u00f2nia Felip","image":{"@type":"ImageObject","inLanguage":"ca","@id":"https:\/\/secure.gravatar.com\/avatar\/3f5abf961091eed8bea1ba4a0fb5f78e0c728f907fe0cf722e81af4aa82939db?s=96&d=mm&r=g","url":"https:\/\/secure.gravatar.com\/avatar\/3f5abf961091eed8bea1ba4a0fb5f78e0c728f907fe0cf722e81af4aa82939db?s=96&d=mm&r=g","contentUrl":"https:\/\/secure.gravatar.com\/avatar\/3f5abf961091eed8bea1ba4a0fb5f78e0c728f907fe0cf722e81af4aa82939db?s=96&d=mm&r=g","caption":"S\u00f2nia Felip"},"url":"https:\/\/www.portdesitges.com\/ca\/author\/sonia\/"}]}},"_links":{"self":[{"href":"https:\/\/www.portdesitges.com\/ca\/wp-json\/wp\/v2\/posts\/15914","targetHints":{"allow":["GET"]}}],"collection":[{"href":"https:\/\/www.portdesitges.com\/ca\/wp-json\/wp\/v2\/posts"}],"about":[{"href":"https:\/\/www.portdesitges.com\/ca\/wp-json\/wp\/v2\/types\/post"}],"author":[{"embeddable":true,"href":"https:\/\/www.portdesitges.com\/ca\/wp-json\/wp\/v2\/users\/3"}],"replies":[{"embeddable":true,"href":"https:\/\/www.portdesitges.com\/ca\/wp-json\/wp\/v2\/comments?post=15914"}],"version-history":[{"count":5,"href":"https:\/\/www.portdesitges.com\/ca\/wp-json\/wp\/v2\/posts\/15914\/revisions"}],"predecessor-version":[{"id":15925,"href":"https:\/\/www.portdesitges.com\/ca\/wp-json\/wp\/v2\/posts\/15914\/revisions\/15925"}],"wp:featuredmedia":[{"embeddable":true,"href":"https:\/\/www.portdesitges.com\/ca\/wp-json\/wp\/v2\/media\/15919"}],"wp:attachment":[{"href":"https:\/\/www.portdesitges.com\/ca\/wp-json\/wp\/v2\/media?parent=15914"}],"wp:term":[{"taxonomy":"category","embeddable":true,"href":"https:\/\/www.portdesitges.com\/ca\/wp-json\/wp\/v2\/categories?post=15914"},{"taxonomy":"post_tag","embeddable":true,"href":"https:\/\/www.portdesitges.com\/ca\/wp-json\/wp\/v2\/tags?post=15914"}],"curies":[{"name":"wp","href":"https:\/\/api.w.org\/{rel}","templated":true}]}}