{"id":15851,"date":"2022-04-01T11:46:30","date_gmt":"2022-04-01T11:46:30","guid":{"rendered":"https:\/\/www.portdesitges.com\/?p=15851"},"modified":"2022-04-01T11:46:30","modified_gmt":"2022-04-01T11:46:30","slug":"el-mediterrani-market-sinstal%c2%b7la-tots-els-diumenges-al-port","status":"publish","type":"post","link":"https:\/\/www.portdesitges.com\/ca\/el-mediterrani-market-sinstal%c2%b7la-tots-els-diumenges-al-port\/","title":{"rendered":"El Mediterrani Market s&#8217;instal\u00b7la tots els diumenges al Port"},"content":{"rendered":"[vc_row type=&#8221;in_container&#8221; full_screen_row_position=&#8221;middle&#8221; column_margin=&#8221;default&#8221; scene_position=&#8221;center&#8221; text_color=&#8221;dark&#8221; text_align=&#8221;left&#8221; overlay_strength=&#8221;0.3&#8243; shape_divider_position=&#8221;bottom&#8221; bg_image_animation=&#8221;none&#8221;][vc_column column_padding=&#8221;no-extra-padding&#8221; column_padding_position=&#8221;all&#8221; background_color_opacity=&#8221;1&#8243; background_hover_color_opacity=&#8221;1&#8243; column_link_target=&#8221;_self&#8221; column_shadow=&#8221;none&#8221; column_border_radius=&#8221;none&#8221; width=&#8221;1\/1&#8243; tablet_width_inherit=&#8221;default&#8221; tablet_text_alignment=&#8221;default&#8221; phone_text_alignment=&#8221;default&#8221; overlay_strength=&#8221;0.3&#8243; column_border_width=&#8221;none&#8221; column_border_style=&#8221;solid&#8221; bg_image_animation=&#8221;none&#8221;][vc_column_text]Coincidint amb l&#8217;inici del mes d&#8217;abril i de la primavera, arriba una de les fires m\u00e9s esperades: el Mediterrani Market, que s&#8217;instal\u00b7lar\u00e0 cada diumenge al Port de Sitges. El petit mercat de moda i complements, que va tenir una edici\u00f3 zero en l&#8217;\u00e8poca nadalenca, oferir\u00e0 diferents propostes de moda i tend\u00e8ncies a tots els visitants i usuaris d&#8217;Aiguadol\u00e7.<\/p>\n<p>Cada diumenge, de 12 a 18 hores, trobareu un Market de propostes i tend\u00e8ncies davant la Torre de Capitania. Per completar l&#8217;experi\u00e8ncia i poder contagiar-se de la bona energia que transmet el Port i, perqu\u00e8 no, relaxar-se, prendre el sol o petar la xerrada amb els amics i\/o familiars. Tamb\u00e9 hi haur\u00e0 servei de bar, on es podr\u00e0 degustar un excel\u00b7lent vermut artesanal de primera qualitat.<\/p>\n<p>Altrament, si voleu participar al Mediterrani Market, no dubtis en posar-te en contacte amb l\u2019organitzaci\u00f3 a trav\u00e9s de mediterranimarket@gmail.com.<\/p>\n<p>Diumenge, t&#8217;esperem al Port de Sitges![\/vc_column_text][\/vc_column][\/vc_row][vc_row type=&#8221;in_container&#8221; full_screen_row_position=&#8221;middle&#8221; column_margin=&#8221;default&#8221; scene_position=&#8221;center&#8221; text_color=&#8221;dark&#8221; text_align=&#8221;left&#8221; overlay_strength=&#8221;0.3&#8243; shape_divider_position=&#8221;bottom&#8221; bg_image_animation=&#8221;none&#8221;][vc_column column_padding=&#8221;no-extra-padding&#8221; column_padding_position=&#8221;all&#8221; background_color_opacity=&#8221;1&#8243; background_hover_color_opacity=&#8221;1&#8243; column_link_target=&#8221;_self&#8221; column_shadow=&#8221;none&#8221; column_border_radius=&#8221;none&#8221; width=&#8221;1\/1&#8243; tablet_width_inherit=&#8221;default&#8221; tablet_text_alignment=&#8221;default&#8221; phone_text_alignment=&#8221;default&#8221; overlay_strength=&#8221;0.3&#8243; column_border_width=&#8221;none&#8221; column_border_style=&#8221;solid&#8221; bg_image_animation=&#8221;none&#8221;][\/vc_column][\/vc_row][vc_row type=&#8221;in_container&#8221; full_screen_row_position=&#8221;middle&#8221; column_margin=&#8221;default&#8221; scene_position=&#8221;center&#8221; text_color=&#8221;dark&#8221; text_align=&#8221;left&#8221; overlay_strength=&#8221;0.3&#8243; shape_divider_position=&#8221;bottom&#8221; bg_image_animation=&#8221;none&#8221;][vc_column column_padding=&#8221;no-extra-padding&#8221; column_padding_position=&#8221;all&#8221; background_color_opacity=&#8221;1&#8243; background_hover_color_opacity=&#8221;1&#8243; column_link_target=&#8221;_self&#8221; column_shadow=&#8221;none&#8221; column_border_radius=&#8221;none&#8221; width=&#8221;1\/1&#8243; tablet_width_inherit=&#8221;default&#8221; tablet_text_alignment=&#8221;default&#8221; phone_text_alignment=&#8221;default&#8221; overlay_strength=&#8221;0.3&#8243; column_border_width=&#8221;none&#8221; column_border_style=&#8221;solid&#8221; bg_image_animation=&#8221;none&#8221;][image_with_animation image_url=&#8221;15855&#8243; alignment=&#8221;center&#8221; animation=&#8221;Fade In&#8221; hover_animation=&#8221;none&#8221; border_radius=&#8221;none&#8221; box_shadow=&#8221;none&#8221; image_loading=&#8221;default&#8221; max_width=&#8221;50%&#8221; max_width_mobile=&#8221;default&#8221;][\/vc_column][\/vc_row][vc_row type=&#8221;in_container&#8221; full_screen_row_position=&#8221;middle&#8221; column_margin=&#8221;default&#8221; scene_position=&#8221;center&#8221; text_color=&#8221;dark&#8221; text_align=&#8221;left&#8221; overlay_strength=&#8221;0.3&#8243; shape_divider_position=&#8221;bottom&#8221; bg_image_animation=&#8221;none&#8221;][vc_column column_padding=&#8221;no-extra-padding&#8221; column_padding_position=&#8221;all&#8221; background_color_opacity=&#8221;1&#8243; background_hover_color_opacity=&#8221;1&#8243; column_link_target=&#8221;_self&#8221; column_shadow=&#8221;none&#8221; column_border_radius=&#8221;none&#8221; width=&#8221;1\/1&#8243; tablet_width_inherit=&#8221;default&#8221; tablet_text_alignment=&#8221;default&#8221; phone_text_alignment=&#8221;default&#8221; overlay_strength=&#8221;0.3&#8243; column_border_width=&#8221;none&#8221; column_border_style=&#8221;solid&#8221; bg_image_animation=&#8221;none&#8221;][vc_column_text][\/ vc_column] [\/ vc_row][\/vc_column_text][\/vc_column][\/vc_row]\n","protected":false},"excerpt":{"rendered":"<p>[vc_row type=&#8221;in_container&#8221; full_screen_row_position=&#8221;middle&#8221; column_margin=&#8221;default&#8221; scene_position=&#8221;center&#8221; text_color=&#8221;dark&#8221; text_align=&#8221;left&#8221; overlay_strength=&#8221;0.3&#8243; shape_divider_position=&#8221;bottom&#8221; bg_image_animation=&#8221;none&#8221;][vc_column column_padding=&#8221;no-extra-padding&#8221; column_padding_position=&#8221;all&#8221; background_color_opacity=&#8221;1&#8243; background_hover_color_opacity=&#8221;1&#8243; column_link_target=&#8221;_self&#8221; column_shadow=&#8221;none&#8221; column_border_radius=&#8221;none&#8221; width=&#8221;1\/1&#8243; tablet_width_inherit=&#8221;default&#8221; tablet_text_alignment=&#8221;default&#8221; phone_text_alignment=&#8221;default&#8221; overlay_strength=&#8221;0.3&#8243; column_border_width=&#8221;none&#8221; column_border_style=&#8221;solid&#8221; bg_image_animation=&#8221;none&#8221;][vc_column_text]Coincidint amb l&#8217;inici del mes d&#8217;abril&#8230;<\/p>\n","protected":false},"author":3,"featured_media":15855,"comment_status":"closed","ping_status":"closed","sticky":false,"template":"","format":"standard","meta":{"footnotes":""},"categories":[62],"tags":[],"class_list":{"0":"post-15851","1":"post","2":"type-post","3":"status-publish","4":"format-standard","5":"has-post-thumbnail","7":"category-noticias-ca"},"yoast_head":"<!-- This site is optimized with the Yoast SEO plugin v27.3 - https:\/\/yoast.com\/product\/yoast-seo-wordpress\/ -->\n<title>El Mediterrani Market s&#039;instal\u00b7la tots els diumenges al Port<\/title>\n<meta name=\"description\" content=\"Coincidint amb l&#039;inici del mes d&#039;abril i de la primavera, arriba una de les fires m\u00e9s esperades: el Mediterrani Market, que s&#039;instal\u00b7lar\u00e0 cada diumenge al Port de Sitges. El petit mercat de moda i complements, que va tenir una edici\u00f3 zero en l&#039;\u00e8poca nadalenca, oferir\u00e0 diferents propostes de moda i tend\u00e8ncies a tots els visitants i usuaris d&#039;Aiguadol\u00e7.\" \/>\n<meta name=\"robots\" content=\"index, follow, max-snippet:-1, max-image-preview:large, max-video-preview:-1\" \/>\n<link rel=\"canonical\" href=\"https:\/\/www.portdesitges.com\/ca\/el-mediterrani-market-sinstal\u00b7la-tots-els-diumenges-al-port\/\" \/>\n<meta property=\"og:locale\" content=\"ca_ES\" \/>\n<meta property=\"og:type\" content=\"article\" \/>\n<meta property=\"og:title\" content=\"El Mediterrani Market s&#039;instal\u00b7la tots els diumenges al Port\" \/>\n<meta property=\"og:description\" content=\"Coincidint amb l&#039;inici del mes d&#039;abril i de la primavera, arriba una de les fires m\u00e9s esperades: el Mediterrani Market, que s&#039;instal\u00b7lar\u00e0 cada diumenge al Port de Sitges. El petit mercat de moda i complements, que va tenir una edici\u00f3 zero en l&#039;\u00e8poca nadalenca, oferir\u00e0 diferents propostes de moda i tend\u00e8ncies a tots els visitants i usuaris d&#039;Aiguadol\u00e7.\" \/>\n<meta property=\"og:url\" content=\"https:\/\/www.portdesitges.com\/ca\/el-mediterrani-market-sinstal\u00b7la-tots-els-diumenges-al-port\/\" \/>\n<meta property=\"og:site_name\" content=\"Port de Sitges - Aiguadol\u00e7\" \/>\n<meta property=\"article:published_time\" content=\"2022-04-01T11:46:30+00:00\" \/>\n<meta property=\"og:image\" content=\"https:\/\/www.portdesitges.com\/wp-content\/uploads\/2022\/04\/market-scaled.jpg\" \/>\n\t<meta property=\"og:image:width\" content=\"1831\" \/>\n\t<meta property=\"og:image:height\" content=\"2560\" \/>\n\t<meta property=\"og:image:type\" content=\"image\/jpeg\" \/>\n<meta name=\"author\" content=\"S\u00f2nia Felip\" \/>\n<meta name=\"twitter:card\" content=\"summary_large_image\" \/>\n<meta name=\"twitter:label1\" content=\"Escrit per\" \/>\n\t<meta name=\"twitter:data1\" content=\"S\u00f2nia Felip\" \/>\n\t<meta name=\"twitter:label2\" content=\"Temps estimat de lectura\" \/>\n\t<meta name=\"twitter:data2\" content=\"3 minuts\" \/>\n<script type=\"application\/ld+json\" class=\"yoast-schema-graph\">{\"@context\":\"https:\\\/\\\/schema.org\",\"@graph\":[{\"@type\":\"Article\",\"@id\":\"https:\\\/\\\/www.portdesitges.com\\\/ca\\\/el-mediterrani-market-sinstal%c2%b7la-tots-els-diumenges-al-port\\\/#article\",\"isPartOf\":{\"@id\":\"https:\\\/\\\/www.portdesitges.com\\\/ca\\\/el-mediterrani-market-sinstal%c2%b7la-tots-els-diumenges-al-port\\\/\"},\"author\":{\"name\":\"S\u00f2nia Felip\",\"@id\":\"https:\\\/\\\/www.portdesitges.com\\\/#\\\/schema\\\/person\\\/be98f3191d6c7bb6ccddc2e0ac4d861f\"},\"headline\":\"El Mediterrani Market s&#8217;instal\u00b7la tots els diumenges al Port\",\"datePublished\":\"2022-04-01T11:46:30+00:00\",\"mainEntityOfPage\":{\"@id\":\"https:\\\/\\\/www.portdesitges.com\\\/ca\\\/el-mediterrani-market-sinstal%c2%b7la-tots-els-diumenges-al-port\\\/\"},\"wordCount\":580,\"image\":{\"@id\":\"https:\\\/\\\/www.portdesitges.com\\\/ca\\\/el-mediterrani-market-sinstal%c2%b7la-tots-els-diumenges-al-port\\\/#primaryimage\"},\"thumbnailUrl\":\"https:\\\/\\\/www.portdesitges.com\\\/wp-content\\\/uploads\\\/2022\\\/04\\\/market-scaled.jpg\",\"articleSection\":[\"Not\u00edcias\"],\"inLanguage\":\"ca\"},{\"@type\":\"WebPage\",\"@id\":\"https:\\\/\\\/www.portdesitges.com\\\/ca\\\/el-mediterrani-market-sinstal%c2%b7la-tots-els-diumenges-al-port\\\/\",\"url\":\"https:\\\/\\\/www.portdesitges.com\\\/ca\\\/el-mediterrani-market-sinstal%c2%b7la-tots-els-diumenges-al-port\\\/\",\"name\":\"El Mediterrani Market s'instal\u00b7la tots els diumenges al Port\",\"isPartOf\":{\"@id\":\"https:\\\/\\\/www.portdesitges.com\\\/#website\"},\"primaryImageOfPage\":{\"@id\":\"https:\\\/\\\/www.portdesitges.com\\\/ca\\\/el-mediterrani-market-sinstal%c2%b7la-tots-els-diumenges-al-port\\\/#primaryimage\"},\"image\":{\"@id\":\"https:\\\/\\\/www.portdesitges.com\\\/ca\\\/el-mediterrani-market-sinstal%c2%b7la-tots-els-diumenges-al-port\\\/#primaryimage\"},\"thumbnailUrl\":\"https:\\\/\\\/www.portdesitges.com\\\/wp-content\\\/uploads\\\/2022\\\/04\\\/market-scaled.jpg\",\"datePublished\":\"2022-04-01T11:46:30+00:00\",\"author\":{\"@id\":\"https:\\\/\\\/www.portdesitges.com\\\/#\\\/schema\\\/person\\\/be98f3191d6c7bb6ccddc2e0ac4d861f\"},\"description\":\"Coincidint amb l'inici del mes d'abril i de la primavera, arriba una de les fires m\u00e9s esperades: el Mediterrani Market, que s'instal\u00b7lar\u00e0 cada diumenge al Port de Sitges. El petit mercat de moda i complements, que va tenir una edici\u00f3 zero en l'\u00e8poca nadalenca, oferir\u00e0 diferents propostes de moda i tend\u00e8ncies a tots els visitants i usuaris d'Aiguadol\u00e7.\",\"breadcrumb\":{\"@id\":\"https:\\\/\\\/www.portdesitges.com\\\/ca\\\/el-mediterrani-market-sinstal%c2%b7la-tots-els-diumenges-al-port\\\/#breadcrumb\"},\"inLanguage\":\"ca\",\"potentialAction\":[{\"@type\":\"ReadAction\",\"target\":[\"https:\\\/\\\/www.portdesitges.com\\\/ca\\\/el-mediterrani-market-sinstal%c2%b7la-tots-els-diumenges-al-port\\\/\"]}]},{\"@type\":\"ImageObject\",\"inLanguage\":\"ca\",\"@id\":\"https:\\\/\\\/www.portdesitges.com\\\/ca\\\/el-mediterrani-market-sinstal%c2%b7la-tots-els-diumenges-al-port\\\/#primaryimage\",\"url\":\"https:\\\/\\\/www.portdesitges.com\\\/wp-content\\\/uploads\\\/2022\\\/04\\\/market-scaled.jpg\",\"contentUrl\":\"https:\\\/\\\/www.portdesitges.com\\\/wp-content\\\/uploads\\\/2022\\\/04\\\/market-scaled.jpg\",\"width\":1831,\"height\":2560,\"caption\":\"Plantilla by Pixartprinting\"},{\"@type\":\"BreadcrumbList\",\"@id\":\"https:\\\/\\\/www.portdesitges.com\\\/ca\\\/el-mediterrani-market-sinstal%c2%b7la-tots-els-diumenges-al-port\\\/#breadcrumb\",\"itemListElement\":[{\"@type\":\"ListItem\",\"position\":1,\"name\":\"Portada\",\"item\":\"https:\\\/\\\/www.portdesitges.com\\\/ca\\\/\"},{\"@type\":\"ListItem\",\"position\":2,\"name\":\"El Mediterrani Market s&#8217;instal\u00b7la tots els diumenges al Port\"}]},{\"@type\":\"WebSite\",\"@id\":\"https:\\\/\\\/www.portdesitges.com\\\/#website\",\"url\":\"https:\\\/\\\/www.portdesitges.com\\\/\",\"name\":\"Port de Sitges - Aiguadol\u00e7\",\"description\":\"lugar donde el mar y la tierra se dan de la mano para crear un espacio \u00fanico y atractivo. Disfruta de un mar de experiencias.\",\"potentialAction\":[{\"@type\":\"SearchAction\",\"target\":{\"@type\":\"EntryPoint\",\"urlTemplate\":\"https:\\\/\\\/www.portdesitges.com\\\/?s={search_term_string}\"},\"query-input\":{\"@type\":\"PropertyValueSpecification\",\"valueRequired\":true,\"valueName\":\"search_term_string\"}}],\"inLanguage\":\"ca\"},{\"@type\":\"Person\",\"@id\":\"https:\\\/\\\/www.portdesitges.com\\\/#\\\/schema\\\/person\\\/be98f3191d6c7bb6ccddc2e0ac4d861f\",\"name\":\"S\u00f2nia Felip\",\"image\":{\"@type\":\"ImageObject\",\"inLanguage\":\"ca\",\"@id\":\"https:\\\/\\\/secure.gravatar.com\\\/avatar\\\/3f5abf961091eed8bea1ba4a0fb5f78e0c728f907fe0cf722e81af4aa82939db?s=96&d=mm&r=g\",\"url\":\"https:\\\/\\\/secure.gravatar.com\\\/avatar\\\/3f5abf961091eed8bea1ba4a0fb5f78e0c728f907fe0cf722e81af4aa82939db?s=96&d=mm&r=g\",\"contentUrl\":\"https:\\\/\\\/secure.gravatar.com\\\/avatar\\\/3f5abf961091eed8bea1ba4a0fb5f78e0c728f907fe0cf722e81af4aa82939db?s=96&d=mm&r=g\",\"caption\":\"S\u00f2nia Felip\"},\"url\":\"https:\\\/\\\/www.portdesitges.com\\\/ca\\\/author\\\/sonia\\\/\"}]}<\/script>\n<!-- \/ Yoast SEO plugin. -->","yoast_head_json":{"title":"El Mediterrani Market s'instal\u00b7la tots els diumenges al Port","description":"Coincidint amb l'inici del mes d'abril i de la primavera, arriba una de les fires m\u00e9s esperades: el Mediterrani Market, que s'instal\u00b7lar\u00e0 cada diumenge al Port de Sitges. El petit mercat de moda i complements, que va tenir una edici\u00f3 zero en l'\u00e8poca nadalenca, oferir\u00e0 diferents propostes de moda i tend\u00e8ncies a tots els visitants i usuaris d'Aiguadol\u00e7.","robots":{"index":"index","follow":"follow","max-snippet":"max-snippet:-1","max-image-preview":"max-image-preview:large","max-video-preview":"max-video-preview:-1"},"canonical":"https:\/\/www.portdesitges.com\/ca\/el-mediterrani-market-sinstal\u00b7la-tots-els-diumenges-al-port\/","og_locale":"ca_ES","og_type":"article","og_title":"El Mediterrani Market s'instal\u00b7la tots els diumenges al Port","og_description":"Coincidint amb l'inici del mes d'abril i de la primavera, arriba una de les fires m\u00e9s esperades: el Mediterrani Market, que s'instal\u00b7lar\u00e0 cada diumenge al Port de Sitges. El petit mercat de moda i complements, que va tenir una edici\u00f3 zero en l'\u00e8poca nadalenca, oferir\u00e0 diferents propostes de moda i tend\u00e8ncies a tots els visitants i usuaris d'Aiguadol\u00e7.","og_url":"https:\/\/www.portdesitges.com\/ca\/el-mediterrani-market-sinstal\u00b7la-tots-els-diumenges-al-port\/","og_site_name":"Port de Sitges - Aiguadol\u00e7","article_published_time":"2022-04-01T11:46:30+00:00","og_image":[{"width":1831,"height":2560,"url":"https:\/\/www.portdesitges.com\/wp-content\/uploads\/2022\/04\/market-scaled.jpg","type":"image\/jpeg"}],"author":"S\u00f2nia Felip","twitter_card":"summary_large_image","twitter_misc":{"Escrit per":"S\u00f2nia Felip","Temps estimat de lectura":"3 minuts"},"schema":{"@context":"https:\/\/schema.org","@graph":[{"@type":"Article","@id":"https:\/\/www.portdesitges.com\/ca\/el-mediterrani-market-sinstal%c2%b7la-tots-els-diumenges-al-port\/#article","isPartOf":{"@id":"https:\/\/www.portdesitges.com\/ca\/el-mediterrani-market-sinstal%c2%b7la-tots-els-diumenges-al-port\/"},"author":{"name":"S\u00f2nia Felip","@id":"https:\/\/www.portdesitges.com\/#\/schema\/person\/be98f3191d6c7bb6ccddc2e0ac4d861f"},"headline":"El Mediterrani Market s&#8217;instal\u00b7la tots els diumenges al Port","datePublished":"2022-04-01T11:46:30+00:00","mainEntityOfPage":{"@id":"https:\/\/www.portdesitges.com\/ca\/el-mediterrani-market-sinstal%c2%b7la-tots-els-diumenges-al-port\/"},"wordCount":580,"image":{"@id":"https:\/\/www.portdesitges.com\/ca\/el-mediterrani-market-sinstal%c2%b7la-tots-els-diumenges-al-port\/#primaryimage"},"thumbnailUrl":"https:\/\/www.portdesitges.com\/wp-content\/uploads\/2022\/04\/market-scaled.jpg","articleSection":["Not\u00edcias"],"inLanguage":"ca"},{"@type":"WebPage","@id":"https:\/\/www.portdesitges.com\/ca\/el-mediterrani-market-sinstal%c2%b7la-tots-els-diumenges-al-port\/","url":"https:\/\/www.portdesitges.com\/ca\/el-mediterrani-market-sinstal%c2%b7la-tots-els-diumenges-al-port\/","name":"El Mediterrani Market s'instal\u00b7la tots els diumenges al Port","isPartOf":{"@id":"https:\/\/www.portdesitges.com\/#website"},"primaryImageOfPage":{"@id":"https:\/\/www.portdesitges.com\/ca\/el-mediterrani-market-sinstal%c2%b7la-tots-els-diumenges-al-port\/#primaryimage"},"image":{"@id":"https:\/\/www.portdesitges.com\/ca\/el-mediterrani-market-sinstal%c2%b7la-tots-els-diumenges-al-port\/#primaryimage"},"thumbnailUrl":"https:\/\/www.portdesitges.com\/wp-content\/uploads\/2022\/04\/market-scaled.jpg","datePublished":"2022-04-01T11:46:30+00:00","author":{"@id":"https:\/\/www.portdesitges.com\/#\/schema\/person\/be98f3191d6c7bb6ccddc2e0ac4d861f"},"description":"Coincidint amb l'inici del mes d'abril i de la primavera, arriba una de les fires m\u00e9s esperades: el Mediterrani Market, que s'instal\u00b7lar\u00e0 cada diumenge al Port de Sitges. El petit mercat de moda i complements, que va tenir una edici\u00f3 zero en l'\u00e8poca nadalenca, oferir\u00e0 diferents propostes de moda i tend\u00e8ncies a tots els visitants i usuaris d'Aiguadol\u00e7.","breadcrumb":{"@id":"https:\/\/www.portdesitges.com\/ca\/el-mediterrani-market-sinstal%c2%b7la-tots-els-diumenges-al-port\/#breadcrumb"},"inLanguage":"ca","potentialAction":[{"@type":"ReadAction","target":["https:\/\/www.portdesitges.com\/ca\/el-mediterrani-market-sinstal%c2%b7la-tots-els-diumenges-al-port\/"]}]},{"@type":"ImageObject","inLanguage":"ca","@id":"https:\/\/www.portdesitges.com\/ca\/el-mediterrani-market-sinstal%c2%b7la-tots-els-diumenges-al-port\/#primaryimage","url":"https:\/\/www.portdesitges.com\/wp-content\/uploads\/2022\/04\/market-scaled.jpg","contentUrl":"https:\/\/www.portdesitges.com\/wp-content\/uploads\/2022\/04\/market-scaled.jpg","width":1831,"height":2560,"caption":"Plantilla by Pixartprinting"},{"@type":"BreadcrumbList","@id":"https:\/\/www.portdesitges.com\/ca\/el-mediterrani-market-sinstal%c2%b7la-tots-els-diumenges-al-port\/#breadcrumb","itemListElement":[{"@type":"ListItem","position":1,"name":"Portada","item":"https:\/\/www.portdesitges.com\/ca\/"},{"@type":"ListItem","position":2,"name":"El Mediterrani Market s&#8217;instal\u00b7la tots els diumenges al Port"}]},{"@type":"WebSite","@id":"https:\/\/www.portdesitges.com\/#website","url":"https:\/\/www.portdesitges.com\/","name":"Port de Sitges - Aiguadol\u00e7","description":"lugar donde el mar y la tierra se dan de la mano para crear un espacio \u00fanico y atractivo. Disfruta de un mar de experiencias.","potentialAction":[{"@type":"SearchAction","target":{"@type":"EntryPoint","urlTemplate":"https:\/\/www.portdesitges.com\/?s={search_term_string}"},"query-input":{"@type":"PropertyValueSpecification","valueRequired":true,"valueName":"search_term_string"}}],"inLanguage":"ca"},{"@type":"Person","@id":"https:\/\/www.portdesitges.com\/#\/schema\/person\/be98f3191d6c7bb6ccddc2e0ac4d861f","name":"S\u00f2nia Felip","image":{"@type":"ImageObject","inLanguage":"ca","@id":"https:\/\/secure.gravatar.com\/avatar\/3f5abf961091eed8bea1ba4a0fb5f78e0c728f907fe0cf722e81af4aa82939db?s=96&d=mm&r=g","url":"https:\/\/secure.gravatar.com\/avatar\/3f5abf961091eed8bea1ba4a0fb5f78e0c728f907fe0cf722e81af4aa82939db?s=96&d=mm&r=g","contentUrl":"https:\/\/secure.gravatar.com\/avatar\/3f5abf961091eed8bea1ba4a0fb5f78e0c728f907fe0cf722e81af4aa82939db?s=96&d=mm&r=g","caption":"S\u00f2nia Felip"},"url":"https:\/\/www.portdesitges.com\/ca\/author\/sonia\/"}]}},"_links":{"self":[{"href":"https:\/\/www.portdesitges.com\/ca\/wp-json\/wp\/v2\/posts\/15851","targetHints":{"allow":["GET"]}}],"collection":[{"href":"https:\/\/www.portdesitges.com\/ca\/wp-json\/wp\/v2\/posts"}],"about":[{"href":"https:\/\/www.portdesitges.com\/ca\/wp-json\/wp\/v2\/types\/post"}],"author":[{"embeddable":true,"href":"https:\/\/www.portdesitges.com\/ca\/wp-json\/wp\/v2\/users\/3"}],"replies":[{"embeddable":true,"href":"https:\/\/www.portdesitges.com\/ca\/wp-json\/wp\/v2\/comments?post=15851"}],"version-history":[{"count":1,"href":"https:\/\/www.portdesitges.com\/ca\/wp-json\/wp\/v2\/posts\/15851\/revisions"}],"predecessor-version":[{"id":15860,"href":"https:\/\/www.portdesitges.com\/ca\/wp-json\/wp\/v2\/posts\/15851\/revisions\/15860"}],"wp:featuredmedia":[{"embeddable":true,"href":"https:\/\/www.portdesitges.com\/ca\/wp-json\/wp\/v2\/media\/15855"}],"wp:attachment":[{"href":"https:\/\/www.portdesitges.com\/ca\/wp-json\/wp\/v2\/media?parent=15851"}],"wp:term":[{"taxonomy":"category","embeddable":true,"href":"https:\/\/www.portdesitges.com\/ca\/wp-json\/wp\/v2\/categories?post=15851"},{"taxonomy":"post_tag","embeddable":true,"href":"https:\/\/www.portdesitges.com\/ca\/wp-json\/wp\/v2\/tags?post=15851"}],"curies":[{"name":"wp","href":"https:\/\/api.w.org\/{rel}","templated":true}]}}