{"id":15835,"date":"2022-03-31T14:55:48","date_gmt":"2022-03-31T14:55:48","guid":{"rendered":"https:\/\/www.portdesitges.com\/?p=15835"},"modified":"2022-04-01T12:41:31","modified_gmt":"2022-04-01T12:41:31","slug":"el-port-tornara-a-estar-present-al-sitges-vila-del-llibre","status":"publish","type":"post","link":"https:\/\/www.portdesitges.com\/ca\/el-port-tornara-a-estar-present-al-sitges-vila-del-llibre\/","title":{"rendered":"El Port tornar\u00e0 a estar present al Sitges, Vila del Llibre"},"content":{"rendered":"[vc_row type=&#8221;in_container&#8221; full_screen_row_position=&#8221;middle&#8221; column_margin=&#8221;default&#8221; scene_position=&#8221;center&#8221; text_color=&#8221;dark&#8221; text_align=&#8221;left&#8221; overlay_strength=&#8221;0.3&#8243; shape_divider_position=&#8221;bottom&#8221; bg_image_animation=&#8221;none&#8221;][vc_column column_padding=&#8221;no-extra-padding&#8221; column_padding_position=&#8221;all&#8221; background_color_opacity=&#8221;1&#8243; background_hover_color_opacity=&#8221;1&#8243; column_link_target=&#8221;_self&#8221; column_shadow=&#8221;none&#8221; column_border_radius=&#8221;none&#8221; width=&#8221;1\/1&#8243; tablet_width_inherit=&#8221;default&#8221; tablet_text_alignment=&#8221;default&#8221; phone_text_alignment=&#8221;default&#8221; overlay_strength=&#8221;0.3&#8243; column_border_width=&#8221;none&#8221; column_border_style=&#8221;solid&#8221; bg_image_animation=&#8221;none&#8221;][vc_column_text]Sitges esdevindr\u00e0 la capital del m\u00f3n literari a les portes de Sant Jordi, amb la celebraci\u00f3 de la segona edici\u00f3 del festival Vila del Llibre, dissabte 2 i diumenge 3 d\u2019abril. El Port de Sitges &#8211; Aiguadol\u00e7 vol fer una aposta ferma per donar suport a la cultura i tornar\u00e0 a estar present amb una parada al passeig Mar\u00edtim (a la zona de Terramar), en qu\u00e8 oferirem les novetats editorials dels autors d&#8217;Aiguadol\u00e7: Fernando Casanova, amb la seva obra, Al abrigo de Aiguadol\u00e7, 33 relats breus independents entre si encara que coincidents a l&#8217;estreta relaci\u00f3 que l&#8217;autor mant\u00e9 amb el Port, i Albert Bertran Bas, amb la seva \u00f2pera prima La mem\u00f2ria ets tu. Tamb\u00e9 continuarem amb el projecte Salvem els llibres, on donarem una segona vida a les publicacions que hem anat plegant durant aquests anys. A la parada hi haur\u00e0 una col\u00b7lecci\u00f3 molt especial: la recopilaci\u00f3 dels llibres de narracions breus que es va fer durant disset edicions.<\/p>\n<p>Altrament, com a novetat, a l&#8217;espai infantil del passeig, dissabte 2 a les 12.30 hores, s&#8217;hi celebrar\u00e0 el contacontes amb titelles La Nena dels pardals, a proposta del Port de Sitges &#8211; Aiguadol\u00e7. Un conte mediambiental basat en el llibre de la Sara Pennypacker, inspirat en un fet real, per parlar de la import\u00e0ncia de cada esp\u00e8cie en el cicle de la vida. A la Xina del 1950, Mao Zedong va declarar la guerra als pardals a les zones rurals, delmant gaireb\u00e9 tots els ocells i creant una cat\u00e0strofe mediambiental\u2026 Una hist\u00f2ria per reflexionar sobre consci\u00e8ncia mediambiental, valentia i desobedi\u00e8ncia civil.<\/p>\n<p>Durant el cap de setmana, tamb\u00e9 se celebrar\u00e0 tota classe de presentacions i activitats, a l&#8217;Hotel Meli\u00e1 ME, el Centre d&#8217;Estudis del Mar i els Museus sitgetans, i activitats infantils i tallers, al passeig Mar\u00edtim, a la zona de Terramar.<\/p>\n<p><strong><a href=\"https:\/\/viladelllibre.cat\/sitges\/\" target=\"_blank\" rel=\"noopener noreferrer\">VILA DE LLIBRE.\u00a0 \u00a0+ info<\/a><\/strong>[\/vc_column_text][\/vc_column][\/vc_row][vc_row type=&#8221;in_container&#8221; full_screen_row_position=&#8221;middle&#8221; column_margin=&#8221;default&#8221; scene_position=&#8221;center&#8221; text_color=&#8221;dark&#8221; text_align=&#8221;left&#8221; overlay_strength=&#8221;0.3&#8243; shape_divider_position=&#8221;bottom&#8221; bg_image_animation=&#8221;none&#8221;][vc_column column_padding=&#8221;no-extra-padding&#8221; column_padding_position=&#8221;all&#8221; background_color_opacity=&#8221;1&#8243; background_hover_color_opacity=&#8221;1&#8243; column_link_target=&#8221;_self&#8221; column_shadow=&#8221;none&#8221; column_border_radius=&#8221;none&#8221; width=&#8221;1\/1&#8243; tablet_width_inherit=&#8221;default&#8221; tablet_text_alignment=&#8221;default&#8221; phone_text_alignment=&#8221;default&#8221; overlay_strength=&#8221;0.3&#8243; column_border_width=&#8221;none&#8221; column_border_style=&#8221;solid&#8221; bg_image_animation=&#8221;none&#8221;][\/vc_column][\/vc_row][vc_row type=&#8221;in_container&#8221; full_screen_row_position=&#8221;middle&#8221; column_margin=&#8221;default&#8221; scene_position=&#8221;center&#8221; text_color=&#8221;dark&#8221; text_align=&#8221;left&#8221; overlay_strength=&#8221;0.3&#8243; shape_divider_position=&#8221;bottom&#8221; bg_image_animation=&#8221;none&#8221;][vc_column column_padding=&#8221;no-extra-padding&#8221; column_padding_position=&#8221;all&#8221; background_color_opacity=&#8221;1&#8243; background_hover_color_opacity=&#8221;1&#8243; column_link_target=&#8221;_self&#8221; column_shadow=&#8221;none&#8221; column_border_radius=&#8221;none&#8221; width=&#8221;1\/1&#8243; tablet_width_inherit=&#8221;default&#8221; tablet_text_alignment=&#8221;default&#8221; phone_text_alignment=&#8221;default&#8221; overlay_strength=&#8221;0.3&#8243; column_border_width=&#8221;none&#8221; column_border_style=&#8221;solid&#8221; bg_image_animation=&#8221;none&#8221;][image_with_animation image_url=&#8221;15839&#8243; alignment=&#8221;center&#8221; animation=&#8221;Fade In&#8221; hover_animation=&#8221;none&#8221; border_radius=&#8221;none&#8221; box_shadow=&#8221;none&#8221; image_loading=&#8221;default&#8221; max_width=&#8221;50%&#8221; max_width_mobile=&#8221;default&#8221;][\/vc_column][\/vc_row][vc_row type=&#8221;in_container&#8221; full_screen_row_position=&#8221;middle&#8221; column_margin=&#8221;default&#8221; scene_position=&#8221;center&#8221; text_color=&#8221;dark&#8221; text_align=&#8221;left&#8221; overlay_strength=&#8221;0.3&#8243; shape_divider_position=&#8221;bottom&#8221; bg_image_animation=&#8221;none&#8221;][vc_column column_padding=&#8221;no-extra-padding&#8221; column_padding_position=&#8221;all&#8221; background_color_opacity=&#8221;1&#8243; background_hover_color_opacity=&#8221;1&#8243; column_link_target=&#8221;_self&#8221; column_shadow=&#8221;none&#8221; column_border_radius=&#8221;none&#8221; width=&#8221;1\/1&#8243; tablet_width_inherit=&#8221;default&#8221; tablet_text_alignment=&#8221;default&#8221; phone_text_alignment=&#8221;default&#8221; overlay_strength=&#8221;0.3&#8243; column_border_width=&#8221;none&#8221; column_border_style=&#8221;solid&#8221; bg_image_animation=&#8221;none&#8221;][vc_column_text][\/ vc_column] [\/ vc_row][\/vc_column_text][\/vc_column][\/vc_row]\n","protected":false},"excerpt":{"rendered":"<p>[vc_row type=&#8221;in_container&#8221; full_screen_row_position=&#8221;middle&#8221; column_margin=&#8221;default&#8221; scene_position=&#8221;center&#8221; text_color=&#8221;dark&#8221; text_align=&#8221;left&#8221; overlay_strength=&#8221;0.3&#8243; shape_divider_position=&#8221;bottom&#8221; bg_image_animation=&#8221;none&#8221;][vc_column column_padding=&#8221;no-extra-padding&#8221; column_padding_position=&#8221;all&#8221; background_color_opacity=&#8221;1&#8243; background_hover_color_opacity=&#8221;1&#8243; column_link_target=&#8221;_self&#8221; column_shadow=&#8221;none&#8221; column_border_radius=&#8221;none&#8221; width=&#8221;1\/1&#8243; tablet_width_inherit=&#8221;default&#8221; tablet_text_alignment=&#8221;default&#8221; phone_text_alignment=&#8221;default&#8221; overlay_strength=&#8221;0.3&#8243; column_border_width=&#8221;none&#8221; column_border_style=&#8221;solid&#8221; bg_image_animation=&#8221;none&#8221;][vc_column_text]Sitges esdevindr\u00e0 la capital del m\u00f3n&#8230;<\/p>\n","protected":false},"author":3,"featured_media":15839,"comment_status":"closed","ping_status":"closed","sticky":false,"template":"","format":"standard","meta":{"footnotes":""},"categories":[62],"tags":[],"class_list":{"0":"post-15835","1":"post","2":"type-post","3":"status-publish","4":"format-standard","5":"has-post-thumbnail","7":"category-noticias-ca"},"yoast_head":"<!-- This site is optimized with the Yoast SEO plugin v27.3 - https:\/\/yoast.com\/product\/yoast-seo-wordpress\/ -->\n<title>El Port tornar\u00e0 a estar present al Sitges, Vila del Llibre<\/title>\n<meta name=\"description\" content=\"Sitges esdevindr\u00e0 la capital del m\u00f3n literari a les portes de Sant Jordi, amb la celebraci\u00f3 de la segona edici\u00f3 del festival Vila del Llibre, dissabte 2 i diumenge 3 d\u2019abril. El Port de Sitges - Aiguadol\u00e7 vol fer una aposta ferma per donar suport a la cultura i tornar\u00e0 a estar present amb una parada al passeig Mar\u00edtim (a la zona de Terramar), en qu\u00e8 oferirem les novetats editorials dels autors d&#039;Aiguadol\u00e7: Fernando Casanova, amb la seva obra, Al abrigo de Aiguadol\u00e7, 33 relats breus independents entre si encara que coincidents a l&#039;estreta relaci\u00f3 que l&#039;autor mant\u00e9 amb el Port, i Albert Bertran Bas, amb la seva \u00f2pera prima La mem\u00f2ria ets tu.\" \/>\n<meta name=\"robots\" content=\"index, follow, max-snippet:-1, max-image-preview:large, max-video-preview:-1\" \/>\n<link rel=\"canonical\" href=\"https:\/\/www.portdesitges.com\/el-port-volvera-a-estar-presente-en-el-sitges-vila-del-llibre\/\" \/>\n<meta property=\"og:locale\" content=\"ca_ES\" \/>\n<meta property=\"og:type\" content=\"article\" \/>\n<meta property=\"og:title\" content=\"El Port tornar\u00e0 a estar present al Sitges, Vila del Llibre\" \/>\n<meta property=\"og:description\" content=\"Sitges esdevindr\u00e0 la capital del m\u00f3n literari a les portes de Sant Jordi, amb la celebraci\u00f3 de la segona edici\u00f3 del festival Vila del Llibre, dissabte 2 i diumenge 3 d\u2019abril. El Port de Sitges - Aiguadol\u00e7 vol fer una aposta ferma per donar suport a la cultura i tornar\u00e0 a estar present amb una parada al passeig Mar\u00edtim (a la zona de Terramar), en qu\u00e8 oferirem les novetats editorials dels autors d&#039;Aiguadol\u00e7: Fernando Casanova, amb la seva obra, Al abrigo de Aiguadol\u00e7, 33 relats breus independents entre si encara que coincidents a l&#039;estreta relaci\u00f3 que l&#039;autor mant\u00e9 amb el Port, i Albert Bertran Bas, amb la seva \u00f2pera prima La mem\u00f2ria ets tu.\" \/>\n<meta property=\"og:url\" content=\"https:\/\/www.portdesitges.com\/el-port-volvera-a-estar-presente-en-el-sitges-vila-del-llibre\/\" \/>\n<meta property=\"og:site_name\" content=\"Port de Sitges - Aiguadol\u00e7\" \/>\n<meta property=\"article:published_time\" content=\"2022-03-31T14:55:48+00:00\" \/>\n<meta property=\"article:modified_time\" content=\"2022-04-01T12:41:31+00:00\" \/>\n<meta property=\"og:image\" content=\"https:\/\/www.portdesitges.com\/wp-content\/uploads\/2022\/03\/VdL_Sitges-cartell.jpg\" \/>\n\t<meta property=\"og:image:width\" content=\"842\" \/>\n\t<meta property=\"og:image:height\" content=\"1191\" \/>\n\t<meta property=\"og:image:type\" content=\"image\/jpeg\" \/>\n<meta name=\"author\" content=\"S\u00f2nia Felip\" \/>\n<meta name=\"twitter:card\" content=\"summary_large_image\" \/>\n<meta name=\"twitter:label1\" content=\"Escrit per\" \/>\n\t<meta name=\"twitter:data1\" content=\"S\u00f2nia Felip\" \/>\n\t<meta name=\"twitter:label2\" content=\"Temps estimat de lectura\" \/>\n\t<meta name=\"twitter:data2\" content=\"4 minuts\" \/>\n<script type=\"application\/ld+json\" class=\"yoast-schema-graph\">{\"@context\":\"https:\\\/\\\/schema.org\",\"@graph\":[{\"@type\":\"Article\",\"@id\":\"https:\\\/\\\/www.portdesitges.com\\\/el-port-volvera-a-estar-presente-en-el-sitges-vila-del-llibre\\\/#article\",\"isPartOf\":{\"@id\":\"https:\\\/\\\/www.portdesitges.com\\\/el-port-volvera-a-estar-presente-en-el-sitges-vila-del-llibre\\\/\"},\"author\":{\"name\":\"S\u00f2nia Felip\",\"@id\":\"https:\\\/\\\/www.portdesitges.com\\\/#\\\/schema\\\/person\\\/be98f3191d6c7bb6ccddc2e0ac4d861f\"},\"headline\":\"El Port tornar\u00e0 a estar present al Sitges, Vila del Llibre\",\"datePublished\":\"2022-03-31T14:55:48+00:00\",\"dateModified\":\"2022-04-01T12:41:31+00:00\",\"mainEntityOfPage\":{\"@id\":\"https:\\\/\\\/www.portdesitges.com\\\/el-port-volvera-a-estar-presente-en-el-sitges-vila-del-llibre\\\/\"},\"wordCount\":733,\"image\":{\"@id\":\"https:\\\/\\\/www.portdesitges.com\\\/el-port-volvera-a-estar-presente-en-el-sitges-vila-del-llibre\\\/#primaryimage\"},\"thumbnailUrl\":\"https:\\\/\\\/www.portdesitges.com\\\/wp-content\\\/uploads\\\/2022\\\/03\\\/VdL_Sitges-cartell.jpg\",\"articleSection\":[\"Not\u00edcias\"],\"inLanguage\":\"ca\"},{\"@type\":\"WebPage\",\"@id\":\"https:\\\/\\\/www.portdesitges.com\\\/el-port-volvera-a-estar-presente-en-el-sitges-vila-del-llibre\\\/\",\"url\":\"https:\\\/\\\/www.portdesitges.com\\\/el-port-volvera-a-estar-presente-en-el-sitges-vila-del-llibre\\\/\",\"name\":\"El Port tornar\u00e0 a estar present al Sitges, Vila del Llibre\",\"isPartOf\":{\"@id\":\"https:\\\/\\\/www.portdesitges.com\\\/#website\"},\"primaryImageOfPage\":{\"@id\":\"https:\\\/\\\/www.portdesitges.com\\\/el-port-volvera-a-estar-presente-en-el-sitges-vila-del-llibre\\\/#primaryimage\"},\"image\":{\"@id\":\"https:\\\/\\\/www.portdesitges.com\\\/el-port-volvera-a-estar-presente-en-el-sitges-vila-del-llibre\\\/#primaryimage\"},\"thumbnailUrl\":\"https:\\\/\\\/www.portdesitges.com\\\/wp-content\\\/uploads\\\/2022\\\/03\\\/VdL_Sitges-cartell.jpg\",\"datePublished\":\"2022-03-31T14:55:48+00:00\",\"dateModified\":\"2022-04-01T12:41:31+00:00\",\"author\":{\"@id\":\"https:\\\/\\\/www.portdesitges.com\\\/#\\\/schema\\\/person\\\/be98f3191d6c7bb6ccddc2e0ac4d861f\"},\"description\":\"Sitges esdevindr\u00e0 la capital del m\u00f3n literari a les portes de Sant Jordi, amb la celebraci\u00f3 de la segona edici\u00f3 del festival Vila del Llibre, dissabte 2 i diumenge 3 d\u2019abril. El Port de Sitges - Aiguadol\u00e7 vol fer una aposta ferma per donar suport a la cultura i tornar\u00e0 a estar present amb una parada al passeig Mar\u00edtim (a la zona de Terramar), en qu\u00e8 oferirem les novetats editorials dels autors d'Aiguadol\u00e7: Fernando Casanova, amb la seva obra, Al abrigo de Aiguadol\u00e7, 33 relats breus independents entre si encara que coincidents a l'estreta relaci\u00f3 que l'autor mant\u00e9 amb el Port, i Albert Bertran Bas, amb la seva \u00f2pera prima La mem\u00f2ria ets tu.\",\"breadcrumb\":{\"@id\":\"https:\\\/\\\/www.portdesitges.com\\\/el-port-volvera-a-estar-presente-en-el-sitges-vila-del-llibre\\\/#breadcrumb\"},\"inLanguage\":\"ca\",\"potentialAction\":[{\"@type\":\"ReadAction\",\"target\":[\"https:\\\/\\\/www.portdesitges.com\\\/el-port-volvera-a-estar-presente-en-el-sitges-vila-del-llibre\\\/\"]}]},{\"@type\":\"ImageObject\",\"inLanguage\":\"ca\",\"@id\":\"https:\\\/\\\/www.portdesitges.com\\\/el-port-volvera-a-estar-presente-en-el-sitges-vila-del-llibre\\\/#primaryimage\",\"url\":\"https:\\\/\\\/www.portdesitges.com\\\/wp-content\\\/uploads\\\/2022\\\/03\\\/VdL_Sitges-cartell.jpg\",\"contentUrl\":\"https:\\\/\\\/www.portdesitges.com\\\/wp-content\\\/uploads\\\/2022\\\/03\\\/VdL_Sitges-cartell.jpg\",\"width\":842,\"height\":1191},{\"@type\":\"BreadcrumbList\",\"@id\":\"https:\\\/\\\/www.portdesitges.com\\\/el-port-volvera-a-estar-presente-en-el-sitges-vila-del-llibre\\\/#breadcrumb\",\"itemListElement\":[{\"@type\":\"ListItem\",\"position\":1,\"name\":\"Portada\",\"item\":\"https:\\\/\\\/www.portdesitges.com\\\/ca\\\/\"},{\"@type\":\"ListItem\",\"position\":2,\"name\":\"El Port tornar\u00e0 a estar present al Sitges, Vila del Llibre\"}]},{\"@type\":\"WebSite\",\"@id\":\"https:\\\/\\\/www.portdesitges.com\\\/#website\",\"url\":\"https:\\\/\\\/www.portdesitges.com\\\/\",\"name\":\"Port de Sitges - Aiguadol\u00e7\",\"description\":\"lugar donde el mar y la tierra se dan de la mano para crear un espacio \u00fanico y atractivo. Disfruta de un mar de experiencias.\",\"potentialAction\":[{\"@type\":\"SearchAction\",\"target\":{\"@type\":\"EntryPoint\",\"urlTemplate\":\"https:\\\/\\\/www.portdesitges.com\\\/?s={search_term_string}\"},\"query-input\":{\"@type\":\"PropertyValueSpecification\",\"valueRequired\":true,\"valueName\":\"search_term_string\"}}],\"inLanguage\":\"ca\"},{\"@type\":\"Person\",\"@id\":\"https:\\\/\\\/www.portdesitges.com\\\/#\\\/schema\\\/person\\\/be98f3191d6c7bb6ccddc2e0ac4d861f\",\"name\":\"S\u00f2nia Felip\",\"image\":{\"@type\":\"ImageObject\",\"inLanguage\":\"ca\",\"@id\":\"https:\\\/\\\/secure.gravatar.com\\\/avatar\\\/3f5abf961091eed8bea1ba4a0fb5f78e0c728f907fe0cf722e81af4aa82939db?s=96&d=mm&r=g\",\"url\":\"https:\\\/\\\/secure.gravatar.com\\\/avatar\\\/3f5abf961091eed8bea1ba4a0fb5f78e0c728f907fe0cf722e81af4aa82939db?s=96&d=mm&r=g\",\"contentUrl\":\"https:\\\/\\\/secure.gravatar.com\\\/avatar\\\/3f5abf961091eed8bea1ba4a0fb5f78e0c728f907fe0cf722e81af4aa82939db?s=96&d=mm&r=g\",\"caption\":\"S\u00f2nia Felip\"},\"url\":\"https:\\\/\\\/www.portdesitges.com\\\/ca\\\/author\\\/sonia\\\/\"}]}<\/script>\n<!-- \/ Yoast SEO plugin. -->","yoast_head_json":{"title":"El Port tornar\u00e0 a estar present al Sitges, Vila del Llibre","description":"Sitges esdevindr\u00e0 la capital del m\u00f3n literari a les portes de Sant Jordi, amb la celebraci\u00f3 de la segona edici\u00f3 del festival Vila del Llibre, dissabte 2 i diumenge 3 d\u2019abril. El Port de Sitges - Aiguadol\u00e7 vol fer una aposta ferma per donar suport a la cultura i tornar\u00e0 a estar present amb una parada al passeig Mar\u00edtim (a la zona de Terramar), en qu\u00e8 oferirem les novetats editorials dels autors d'Aiguadol\u00e7: Fernando Casanova, amb la seva obra, Al abrigo de Aiguadol\u00e7, 33 relats breus independents entre si encara que coincidents a l'estreta relaci\u00f3 que l'autor mant\u00e9 amb el Port, i Albert Bertran Bas, amb la seva \u00f2pera prima La mem\u00f2ria ets tu.","robots":{"index":"index","follow":"follow","max-snippet":"max-snippet:-1","max-image-preview":"max-image-preview:large","max-video-preview":"max-video-preview:-1"},"canonical":"https:\/\/www.portdesitges.com\/el-port-volvera-a-estar-presente-en-el-sitges-vila-del-llibre\/","og_locale":"ca_ES","og_type":"article","og_title":"El Port tornar\u00e0 a estar present al Sitges, Vila del Llibre","og_description":"Sitges esdevindr\u00e0 la capital del m\u00f3n literari a les portes de Sant Jordi, amb la celebraci\u00f3 de la segona edici\u00f3 del festival Vila del Llibre, dissabte 2 i diumenge 3 d\u2019abril. El Port de Sitges - Aiguadol\u00e7 vol fer una aposta ferma per donar suport a la cultura i tornar\u00e0 a estar present amb una parada al passeig Mar\u00edtim (a la zona de Terramar), en qu\u00e8 oferirem les novetats editorials dels autors d'Aiguadol\u00e7: Fernando Casanova, amb la seva obra, Al abrigo de Aiguadol\u00e7, 33 relats breus independents entre si encara que coincidents a l'estreta relaci\u00f3 que l'autor mant\u00e9 amb el Port, i Albert Bertran Bas, amb la seva \u00f2pera prima La mem\u00f2ria ets tu.","og_url":"https:\/\/www.portdesitges.com\/el-port-volvera-a-estar-presente-en-el-sitges-vila-del-llibre\/","og_site_name":"Port de Sitges - Aiguadol\u00e7","article_published_time":"2022-03-31T14:55:48+00:00","article_modified_time":"2022-04-01T12:41:31+00:00","og_image":[{"width":842,"height":1191,"url":"https:\/\/www.portdesitges.com\/wp-content\/uploads\/2022\/03\/VdL_Sitges-cartell.jpg","type":"image\/jpeg"}],"author":"S\u00f2nia Felip","twitter_card":"summary_large_image","twitter_misc":{"Escrit per":"S\u00f2nia Felip","Temps estimat de lectura":"4 minuts"},"schema":{"@context":"https:\/\/schema.org","@graph":[{"@type":"Article","@id":"https:\/\/www.portdesitges.com\/el-port-volvera-a-estar-presente-en-el-sitges-vila-del-llibre\/#article","isPartOf":{"@id":"https:\/\/www.portdesitges.com\/el-port-volvera-a-estar-presente-en-el-sitges-vila-del-llibre\/"},"author":{"name":"S\u00f2nia Felip","@id":"https:\/\/www.portdesitges.com\/#\/schema\/person\/be98f3191d6c7bb6ccddc2e0ac4d861f"},"headline":"El Port tornar\u00e0 a estar present al Sitges, Vila del Llibre","datePublished":"2022-03-31T14:55:48+00:00","dateModified":"2022-04-01T12:41:31+00:00","mainEntityOfPage":{"@id":"https:\/\/www.portdesitges.com\/el-port-volvera-a-estar-presente-en-el-sitges-vila-del-llibre\/"},"wordCount":733,"image":{"@id":"https:\/\/www.portdesitges.com\/el-port-volvera-a-estar-presente-en-el-sitges-vila-del-llibre\/#primaryimage"},"thumbnailUrl":"https:\/\/www.portdesitges.com\/wp-content\/uploads\/2022\/03\/VdL_Sitges-cartell.jpg","articleSection":["Not\u00edcias"],"inLanguage":"ca"},{"@type":"WebPage","@id":"https:\/\/www.portdesitges.com\/el-port-volvera-a-estar-presente-en-el-sitges-vila-del-llibre\/","url":"https:\/\/www.portdesitges.com\/el-port-volvera-a-estar-presente-en-el-sitges-vila-del-llibre\/","name":"El Port tornar\u00e0 a estar present al Sitges, Vila del Llibre","isPartOf":{"@id":"https:\/\/www.portdesitges.com\/#website"},"primaryImageOfPage":{"@id":"https:\/\/www.portdesitges.com\/el-port-volvera-a-estar-presente-en-el-sitges-vila-del-llibre\/#primaryimage"},"image":{"@id":"https:\/\/www.portdesitges.com\/el-port-volvera-a-estar-presente-en-el-sitges-vila-del-llibre\/#primaryimage"},"thumbnailUrl":"https:\/\/www.portdesitges.com\/wp-content\/uploads\/2022\/03\/VdL_Sitges-cartell.jpg","datePublished":"2022-03-31T14:55:48+00:00","dateModified":"2022-04-01T12:41:31+00:00","author":{"@id":"https:\/\/www.portdesitges.com\/#\/schema\/person\/be98f3191d6c7bb6ccddc2e0ac4d861f"},"description":"Sitges esdevindr\u00e0 la capital del m\u00f3n literari a les portes de Sant Jordi, amb la celebraci\u00f3 de la segona edici\u00f3 del festival Vila del Llibre, dissabte 2 i diumenge 3 d\u2019abril. El Port de Sitges - Aiguadol\u00e7 vol fer una aposta ferma per donar suport a la cultura i tornar\u00e0 a estar present amb una parada al passeig Mar\u00edtim (a la zona de Terramar), en qu\u00e8 oferirem les novetats editorials dels autors d'Aiguadol\u00e7: Fernando Casanova, amb la seva obra, Al abrigo de Aiguadol\u00e7, 33 relats breus independents entre si encara que coincidents a l'estreta relaci\u00f3 que l'autor mant\u00e9 amb el Port, i Albert Bertran Bas, amb la seva \u00f2pera prima La mem\u00f2ria ets tu.","breadcrumb":{"@id":"https:\/\/www.portdesitges.com\/el-port-volvera-a-estar-presente-en-el-sitges-vila-del-llibre\/#breadcrumb"},"inLanguage":"ca","potentialAction":[{"@type":"ReadAction","target":["https:\/\/www.portdesitges.com\/el-port-volvera-a-estar-presente-en-el-sitges-vila-del-llibre\/"]}]},{"@type":"ImageObject","inLanguage":"ca","@id":"https:\/\/www.portdesitges.com\/el-port-volvera-a-estar-presente-en-el-sitges-vila-del-llibre\/#primaryimage","url":"https:\/\/www.portdesitges.com\/wp-content\/uploads\/2022\/03\/VdL_Sitges-cartell.jpg","contentUrl":"https:\/\/www.portdesitges.com\/wp-content\/uploads\/2022\/03\/VdL_Sitges-cartell.jpg","width":842,"height":1191},{"@type":"BreadcrumbList","@id":"https:\/\/www.portdesitges.com\/el-port-volvera-a-estar-presente-en-el-sitges-vila-del-llibre\/#breadcrumb","itemListElement":[{"@type":"ListItem","position":1,"name":"Portada","item":"https:\/\/www.portdesitges.com\/ca\/"},{"@type":"ListItem","position":2,"name":"El Port tornar\u00e0 a estar present al Sitges, Vila del Llibre"}]},{"@type":"WebSite","@id":"https:\/\/www.portdesitges.com\/#website","url":"https:\/\/www.portdesitges.com\/","name":"Port de Sitges - Aiguadol\u00e7","description":"lugar donde el mar y la tierra se dan de la mano para crear un espacio \u00fanico y atractivo. Disfruta de un mar de experiencias.","potentialAction":[{"@type":"SearchAction","target":{"@type":"EntryPoint","urlTemplate":"https:\/\/www.portdesitges.com\/?s={search_term_string}"},"query-input":{"@type":"PropertyValueSpecification","valueRequired":true,"valueName":"search_term_string"}}],"inLanguage":"ca"},{"@type":"Person","@id":"https:\/\/www.portdesitges.com\/#\/schema\/person\/be98f3191d6c7bb6ccddc2e0ac4d861f","name":"S\u00f2nia Felip","image":{"@type":"ImageObject","inLanguage":"ca","@id":"https:\/\/secure.gravatar.com\/avatar\/3f5abf961091eed8bea1ba4a0fb5f78e0c728f907fe0cf722e81af4aa82939db?s=96&d=mm&r=g","url":"https:\/\/secure.gravatar.com\/avatar\/3f5abf961091eed8bea1ba4a0fb5f78e0c728f907fe0cf722e81af4aa82939db?s=96&d=mm&r=g","contentUrl":"https:\/\/secure.gravatar.com\/avatar\/3f5abf961091eed8bea1ba4a0fb5f78e0c728f907fe0cf722e81af4aa82939db?s=96&d=mm&r=g","caption":"S\u00f2nia Felip"},"url":"https:\/\/www.portdesitges.com\/ca\/author\/sonia\/"}]}},"_links":{"self":[{"href":"https:\/\/www.portdesitges.com\/ca\/wp-json\/wp\/v2\/posts\/15835","targetHints":{"allow":["GET"]}}],"collection":[{"href":"https:\/\/www.portdesitges.com\/ca\/wp-json\/wp\/v2\/posts"}],"about":[{"href":"https:\/\/www.portdesitges.com\/ca\/wp-json\/wp\/v2\/types\/post"}],"author":[{"embeddable":true,"href":"https:\/\/www.portdesitges.com\/ca\/wp-json\/wp\/v2\/users\/3"}],"replies":[{"embeddable":true,"href":"https:\/\/www.portdesitges.com\/ca\/wp-json\/wp\/v2\/comments?post=15835"}],"version-history":[{"count":4,"href":"https:\/\/www.portdesitges.com\/ca\/wp-json\/wp\/v2\/posts\/15835\/revisions"}],"predecessor-version":[{"id":15861,"href":"https:\/\/www.portdesitges.com\/ca\/wp-json\/wp\/v2\/posts\/15835\/revisions\/15861"}],"wp:featuredmedia":[{"embeddable":true,"href":"https:\/\/www.portdesitges.com\/ca\/wp-json\/wp\/v2\/media\/15839"}],"wp:attachment":[{"href":"https:\/\/www.portdesitges.com\/ca\/wp-json\/wp\/v2\/media?parent=15835"}],"wp:term":[{"taxonomy":"category","embeddable":true,"href":"https:\/\/www.portdesitges.com\/ca\/wp-json\/wp\/v2\/categories?post=15835"},{"taxonomy":"post_tag","embeddable":true,"href":"https:\/\/www.portdesitges.com\/ca\/wp-json\/wp\/v2\/tags?post=15835"}],"curies":[{"name":"wp","href":"https:\/\/api.w.org\/{rel}","templated":true}]}}