{"id":15807,"date":"2022-03-15T13:37:12","date_gmt":"2022-03-15T13:37:12","guid":{"rendered":"https:\/\/www.portdesitges.com\/?p=15807"},"modified":"2022-03-15T13:38:56","modified_gmt":"2022-03-15T13:38:56","slug":"el-port-de-sitges-i-el-ral%e2%80%a2li-tornen-a-unir-els-seus-camins","status":"publish","type":"post","link":"https:\/\/www.portdesitges.com\/ca\/el-port-de-sitges-i-el-ral%e2%80%a2li-tornen-a-unir-els-seus-camins\/","title":{"rendered":"El Port de Sitges i el Ral\u2022li tornen a unir els seus camins"},"content":{"rendered":"[vc_row type=&#8221;in_container&#8221; full_screen_row_position=&#8221;middle&#8221; column_margin=&#8221;default&#8221; scene_position=&#8221;center&#8221; text_color=&#8221;dark&#8221; text_align=&#8221;left&#8221; overlay_strength=&#8221;0.3&#8243; shape_divider_position=&#8221;bottom&#8221; bg_image_animation=&#8221;none&#8221;][vc_column column_padding=&#8221;no-extra-padding&#8221; column_padding_position=&#8221;all&#8221; background_color_opacity=&#8221;1&#8243; background_hover_color_opacity=&#8221;1&#8243; column_link_target=&#8221;_self&#8221; column_shadow=&#8221;none&#8221; column_border_radius=&#8221;none&#8221; width=&#8221;1\/1&#8243; tablet_width_inherit=&#8221;default&#8221; tablet_text_alignment=&#8221;default&#8221; phone_text_alignment=&#8221;default&#8221; overlay_strength=&#8221;0.3&#8243; column_border_width=&#8221;none&#8221; column_border_style=&#8221;solid&#8221; bg_image_animation=&#8221;none&#8221;][vc_column_text]El Port de Sitges tornar\u00e0 a ser protagonista de la 64a edici\u00f3 del Ral\u2022li Internacional de Cotxes d&#8217;\u00c8poca Barcelona &#8211; Sitges, despr\u00e9s de dos anys d&#8217;aturada per la pand\u00e8mia. El pr\u00f2xim diumenge 20 de mar\u00e7, despr\u00e9s de cobrir els 40 quil\u00f2metres des de la pla\u00e7a de Sant Jaume, els participants, disfressats amb els seus vestits de principis del segle passat, arribaran al Port. Les dones seran rebudes amb clavells, una tradici\u00f3 que perdura des de 1986, quan el Ral\u2022li va trepitjar Aiguadol\u00e7 per primera vegada.<\/p>\n<p>La gran comitiva de cotxes antics s&#8217;exposar\u00e0 a les instal\u2022lacions, el que sempre suposa una espectacular estampa. Tots els usuaris i visitants del Port de Sitges podran gaudir d&#8217;aquests cotxes d&#8217;\u00e8poca, mentre els conductors i acompanyants fan un merescut aperitiu.<\/p>\n<p>A partir d&#8217;aqu\u00ed, el seguici es despla\u00e7ar\u00e0 a la Fragata, despr\u00e9s de passar pels llocs m\u00e9s emblem\u00e0tics de la vila, on els cotxes es podran observar fins a mitja tarda.<\/p>\n<p>Per aquest motiu els hi recordem que des del dissabte dia 19 a les 23:00 h fins al diumenge dia 20 a les 15.30h (aprox.), no es podr\u00e1 aparcar en les zones marcades. Disculpin les molesties.[\/vc_column_text][\/vc_column][\/vc_row][vc_row type=&#8221;in_container&#8221; full_screen_row_position=&#8221;middle&#8221; column_margin=&#8221;default&#8221; scene_position=&#8221;center&#8221; text_color=&#8221;dark&#8221; text_align=&#8221;left&#8221; overlay_strength=&#8221;0.3&#8243; shape_divider_position=&#8221;bottom&#8221; bg_image_animation=&#8221;none&#8221;][vc_column column_padding=&#8221;no-extra-padding&#8221; column_padding_position=&#8221;all&#8221; background_color_opacity=&#8221;1&#8243; background_hover_color_opacity=&#8221;1&#8243; column_link_target=&#8221;_self&#8221; column_shadow=&#8221;none&#8221; column_border_radius=&#8221;none&#8221; width=&#8221;1\/1&#8243; tablet_width_inherit=&#8221;default&#8221; tablet_text_alignment=&#8221;default&#8221; phone_text_alignment=&#8221;default&#8221; overlay_strength=&#8221;0.3&#8243; column_border_width=&#8221;none&#8221; column_border_style=&#8221;solid&#8221; bg_image_animation=&#8221;none&#8221;][\/vc_column][\/vc_row][vc_row type=&#8221;in_container&#8221; full_screen_row_position=&#8221;middle&#8221; column_margin=&#8221;default&#8221; scene_position=&#8221;center&#8221; text_color=&#8221;dark&#8221; text_align=&#8221;left&#8221; overlay_strength=&#8221;0.3&#8243; shape_divider_position=&#8221;bottom&#8221; bg_image_animation=&#8221;none&#8221;][vc_column column_padding=&#8221;no-extra-padding&#8221; column_padding_position=&#8221;all&#8221; background_color_opacity=&#8221;1&#8243; background_hover_color_opacity=&#8221;1&#8243; column_link_target=&#8221;_self&#8221; column_shadow=&#8221;none&#8221; column_border_radius=&#8221;none&#8221; width=&#8221;1\/2&#8243; tablet_width_inherit=&#8221;default&#8221; tablet_text_alignment=&#8221;default&#8221; phone_text_alignment=&#8221;default&#8221; overlay_strength=&#8221;0.3&#8243; column_border_width=&#8221;none&#8221; column_border_style=&#8221;solid&#8221; bg_image_animation=&#8221;none&#8221;][image_with_animation image_url=&#8221;15827&#8243; alignment=&#8221;center&#8221; animation=&#8221;Fade In&#8221; hover_animation=&#8221;none&#8221; border_radius=&#8221;none&#8221; box_shadow=&#8221;none&#8221; image_loading=&#8221;default&#8221; max_width=&#8221;50%&#8221; max_width_mobile=&#8221;default&#8221;][\/vc_column][vc_column column_padding=&#8221;no-extra-padding&#8221; column_padding_position=&#8221;all&#8221; background_color_opacity=&#8221;1&#8243; background_hover_color_opacity=&#8221;1&#8243; column_link_target=&#8221;_self&#8221; column_shadow=&#8221;none&#8221; column_border_radius=&#8221;none&#8221; width=&#8221;1\/2&#8243; tablet_width_inherit=&#8221;default&#8221; tablet_text_alignment=&#8221;default&#8221; phone_text_alignment=&#8221;default&#8221; overlay_strength=&#8221;0.3&#8243; column_border_width=&#8221;none&#8221; column_border_style=&#8221;solid&#8221; bg_image_animation=&#8221;none&#8221;][image_with_animation image_url=&#8221;15815&#8243; alignment=&#8221;&#8221; animation=&#8221;Fade In&#8221; hover_animation=&#8221;none&#8221; border_radius=&#8221;none&#8221; box_shadow=&#8221;none&#8221; image_loading=&#8221;default&#8221; max_width=&#8221;100%&#8221; max_width_mobile=&#8221;default&#8221;][\/vc_column][\/vc_row][vc_row type=&#8221;in_container&#8221; full_screen_row_position=&#8221;middle&#8221; column_margin=&#8221;default&#8221; scene_position=&#8221;center&#8221; text_color=&#8221;dark&#8221; text_align=&#8221;left&#8221; overlay_strength=&#8221;0.3&#8243; shape_divider_position=&#8221;bottom&#8221; bg_image_animation=&#8221;none&#8221;][vc_column column_padding=&#8221;no-extra-padding&#8221; column_padding_position=&#8221;all&#8221; background_color_opacity=&#8221;1&#8243; background_hover_color_opacity=&#8221;1&#8243; column_link_target=&#8221;_self&#8221; column_shadow=&#8221;none&#8221; column_border_radius=&#8221;none&#8221; width=&#8221;1\/1&#8243; tablet_width_inherit=&#8221;default&#8221; tablet_text_alignment=&#8221;default&#8221; phone_text_alignment=&#8221;default&#8221; overlay_strength=&#8221;0.3&#8243; column_border_width=&#8221;none&#8221; column_border_style=&#8221;solid&#8221; bg_image_animation=&#8221;none&#8221;][vc_column_text][\/ vc_column] [\/ vc_row][\/vc_column_text][\/vc_column][\/vc_row]\n","protected":false},"excerpt":{"rendered":"<p>[vc_row type=&#8221;in_container&#8221; full_screen_row_position=&#8221;middle&#8221; column_margin=&#8221;default&#8221; scene_position=&#8221;center&#8221; text_color=&#8221;dark&#8221; text_align=&#8221;left&#8221; overlay_strength=&#8221;0.3&#8243; shape_divider_position=&#8221;bottom&#8221; bg_image_animation=&#8221;none&#8221;][vc_column column_padding=&#8221;no-extra-padding&#8221; column_padding_position=&#8221;all&#8221; background_color_opacity=&#8221;1&#8243; background_hover_color_opacity=&#8221;1&#8243; column_link_target=&#8221;_self&#8221; column_shadow=&#8221;none&#8221; column_border_radius=&#8221;none&#8221; width=&#8221;1\/1&#8243; tablet_width_inherit=&#8221;default&#8221; tablet_text_alignment=&#8221;default&#8221; phone_text_alignment=&#8221;default&#8221; overlay_strength=&#8221;0.3&#8243; column_border_width=&#8221;none&#8221; column_border_style=&#8221;solid&#8221; bg_image_animation=&#8221;none&#8221;][vc_column_text]El Port de Sitges tornar\u00e0 a&#8230;<\/p>\n","protected":false},"author":3,"featured_media":15827,"comment_status":"closed","ping_status":"closed","sticky":false,"template":"","format":"standard","meta":{"footnotes":""},"categories":[62],"tags":[],"class_list":{"0":"post-15807","1":"post","2":"type-post","3":"status-publish","4":"format-standard","5":"has-post-thumbnail","7":"category-noticias-ca"},"yoast_head":"<!-- This site is optimized with the Yoast SEO plugin v27.3 - https:\/\/yoast.com\/product\/yoast-seo-wordpress\/ -->\n<title>El Port de Sitges i el Ral\u2022li tornen a unir els seus camins<\/title>\n<meta name=\"description\" content=\"El Port de Sitges tornar\u00e0 a ser protagonista de la 64a edici\u00f3 del Ral\u2022li Internacional de Cotxes d&#039;\u00c8poca Barcelona - Sitges, despr\u00e9s de dos anys d&#039;aturada per la pand\u00e8mia. El pr\u00f2xim diumenge 20 de mar\u00e7, despr\u00e9s de cobrir els 40 quil\u00f2metres des de la pla\u00e7a de Sant Jaume, els participants, disfressats amb els seus vestits de principis del segle passat, arribaran al Port. Les dones seran rebudes amb clavells, una tradici\u00f3 que perdura des de 1986, quan el Ral\u2022li va trepitjar Aiguadol\u00e7 per primera vegada.\" \/>\n<meta name=\"robots\" content=\"index, follow, max-snippet:-1, max-image-preview:large, max-video-preview:-1\" \/>\n<link rel=\"canonical\" href=\"https:\/\/www.portdesitges.com\/ca\/el-port-de-sitges-i-el-ral\u2022li-tornen-a-unir-els-seus-camins\/\" \/>\n<meta property=\"og:locale\" content=\"ca_ES\" \/>\n<meta property=\"og:type\" content=\"article\" \/>\n<meta property=\"og:title\" content=\"El Port de Sitges i el Ral\u2022li tornen a unir els seus camins\" \/>\n<meta property=\"og:description\" content=\"El Port de Sitges tornar\u00e0 a ser protagonista de la 64a edici\u00f3 del Ral\u2022li Internacional de Cotxes d&#039;\u00c8poca Barcelona - Sitges, despr\u00e9s de dos anys d&#039;aturada per la pand\u00e8mia. El pr\u00f2xim diumenge 20 de mar\u00e7, despr\u00e9s de cobrir els 40 quil\u00f2metres des de la pla\u00e7a de Sant Jaume, els participants, disfressats amb els seus vestits de principis del segle passat, arribaran al Port. Les dones seran rebudes amb clavells, una tradici\u00f3 que perdura des de 1986, quan el Ral\u2022li va trepitjar Aiguadol\u00e7 per primera vegada.\" \/>\n<meta property=\"og:url\" content=\"https:\/\/www.portdesitges.com\/ca\/el-port-de-sitges-i-el-ral\u2022li-tornen-a-unir-els-seus-camins\/\" \/>\n<meta property=\"og:site_name\" content=\"Port de Sitges - Aiguadol\u00e7\" \/>\n<meta property=\"article:published_time\" content=\"2022-03-15T13:37:12+00:00\" \/>\n<meta property=\"article:modified_time\" content=\"2022-03-15T13:38:56+00:00\" \/>\n<meta property=\"og:image\" content=\"https:\/\/www.portdesitges.com\/wp-content\/uploads\/2022\/03\/Cartell_Rally_Sitges-2022-WEB-scaled.jpg\" \/>\n\t<meta property=\"og:image:width\" content=\"1623\" \/>\n\t<meta property=\"og:image:height\" content=\"2560\" \/>\n\t<meta property=\"og:image:type\" content=\"image\/jpeg\" \/>\n<meta name=\"author\" content=\"S\u00f2nia Felip\" \/>\n<meta name=\"twitter:card\" content=\"summary_large_image\" \/>\n<meta name=\"twitter:label1\" content=\"Escrit per\" \/>\n\t<meta name=\"twitter:data1\" content=\"S\u00f2nia Felip\" \/>\n\t<meta name=\"twitter:label2\" content=\"Temps estimat de lectura\" \/>\n\t<meta name=\"twitter:data2\" content=\"3 minuts\" \/>\n<script type=\"application\/ld+json\" class=\"yoast-schema-graph\">{\"@context\":\"https:\\\/\\\/schema.org\",\"@graph\":[{\"@type\":\"Article\",\"@id\":\"https:\\\/\\\/www.portdesitges.com\\\/ca\\\/el-port-de-sitges-i-el-ral%e2%80%a2li-tornen-a-unir-els-seus-camins\\\/#article\",\"isPartOf\":{\"@id\":\"https:\\\/\\\/www.portdesitges.com\\\/ca\\\/el-port-de-sitges-i-el-ral%e2%80%a2li-tornen-a-unir-els-seus-camins\\\/\"},\"author\":{\"name\":\"S\u00f2nia Felip\",\"@id\":\"https:\\\/\\\/www.portdesitges.com\\\/#\\\/schema\\\/person\\\/be98f3191d6c7bb6ccddc2e0ac4d861f\"},\"headline\":\"El Port de Sitges i el Ral\u2022li tornen a unir els seus camins\",\"datePublished\":\"2022-03-15T13:37:12+00:00\",\"dateModified\":\"2022-03-15T13:38:56+00:00\",\"mainEntityOfPage\":{\"@id\":\"https:\\\/\\\/www.portdesitges.com\\\/ca\\\/el-port-de-sitges-i-el-ral%e2%80%a2li-tornen-a-unir-els-seus-camins\\\/\"},\"wordCount\":705,\"image\":{\"@id\":\"https:\\\/\\\/www.portdesitges.com\\\/ca\\\/el-port-de-sitges-i-el-ral%e2%80%a2li-tornen-a-unir-els-seus-camins\\\/#primaryimage\"},\"thumbnailUrl\":\"https:\\\/\\\/www.portdesitges.com\\\/wp-content\\\/uploads\\\/2022\\\/03\\\/Cartell_Rally_Sitges-2022-WEB-scaled.jpg\",\"articleSection\":[\"Not\u00edcias\"],\"inLanguage\":\"ca\"},{\"@type\":\"WebPage\",\"@id\":\"https:\\\/\\\/www.portdesitges.com\\\/ca\\\/el-port-de-sitges-i-el-ral%e2%80%a2li-tornen-a-unir-els-seus-camins\\\/\",\"url\":\"https:\\\/\\\/www.portdesitges.com\\\/ca\\\/el-port-de-sitges-i-el-ral%e2%80%a2li-tornen-a-unir-els-seus-camins\\\/\",\"name\":\"El Port de Sitges i el Ral\u2022li tornen a unir els seus camins\",\"isPartOf\":{\"@id\":\"https:\\\/\\\/www.portdesitges.com\\\/#website\"},\"primaryImageOfPage\":{\"@id\":\"https:\\\/\\\/www.portdesitges.com\\\/ca\\\/el-port-de-sitges-i-el-ral%e2%80%a2li-tornen-a-unir-els-seus-camins\\\/#primaryimage\"},\"image\":{\"@id\":\"https:\\\/\\\/www.portdesitges.com\\\/ca\\\/el-port-de-sitges-i-el-ral%e2%80%a2li-tornen-a-unir-els-seus-camins\\\/#primaryimage\"},\"thumbnailUrl\":\"https:\\\/\\\/www.portdesitges.com\\\/wp-content\\\/uploads\\\/2022\\\/03\\\/Cartell_Rally_Sitges-2022-WEB-scaled.jpg\",\"datePublished\":\"2022-03-15T13:37:12+00:00\",\"dateModified\":\"2022-03-15T13:38:56+00:00\",\"author\":{\"@id\":\"https:\\\/\\\/www.portdesitges.com\\\/#\\\/schema\\\/person\\\/be98f3191d6c7bb6ccddc2e0ac4d861f\"},\"description\":\"El Port de Sitges tornar\u00e0 a ser protagonista de la 64a edici\u00f3 del Ral\u2022li Internacional de Cotxes d'\u00c8poca Barcelona - Sitges, despr\u00e9s de dos anys d'aturada per la pand\u00e8mia. El pr\u00f2xim diumenge 20 de mar\u00e7, despr\u00e9s de cobrir els 40 quil\u00f2metres des de la pla\u00e7a de Sant Jaume, els participants, disfressats amb els seus vestits de principis del segle passat, arribaran al Port. Les dones seran rebudes amb clavells, una tradici\u00f3 que perdura des de 1986, quan el Ral\u2022li va trepitjar Aiguadol\u00e7 per primera vegada.\",\"breadcrumb\":{\"@id\":\"https:\\\/\\\/www.portdesitges.com\\\/ca\\\/el-port-de-sitges-i-el-ral%e2%80%a2li-tornen-a-unir-els-seus-camins\\\/#breadcrumb\"},\"inLanguage\":\"ca\",\"potentialAction\":[{\"@type\":\"ReadAction\",\"target\":[\"https:\\\/\\\/www.portdesitges.com\\\/ca\\\/el-port-de-sitges-i-el-ral%e2%80%a2li-tornen-a-unir-els-seus-camins\\\/\"]}]},{\"@type\":\"ImageObject\",\"inLanguage\":\"ca\",\"@id\":\"https:\\\/\\\/www.portdesitges.com\\\/ca\\\/el-port-de-sitges-i-el-ral%e2%80%a2li-tornen-a-unir-els-seus-camins\\\/#primaryimage\",\"url\":\"https:\\\/\\\/www.portdesitges.com\\\/wp-content\\\/uploads\\\/2022\\\/03\\\/Cartell_Rally_Sitges-2022-WEB-scaled.jpg\",\"contentUrl\":\"https:\\\/\\\/www.portdesitges.com\\\/wp-content\\\/uploads\\\/2022\\\/03\\\/Cartell_Rally_Sitges-2022-WEB-scaled.jpg\",\"width\":1623,\"height\":2560},{\"@type\":\"BreadcrumbList\",\"@id\":\"https:\\\/\\\/www.portdesitges.com\\\/ca\\\/el-port-de-sitges-i-el-ral%e2%80%a2li-tornen-a-unir-els-seus-camins\\\/#breadcrumb\",\"itemListElement\":[{\"@type\":\"ListItem\",\"position\":1,\"name\":\"Portada\",\"item\":\"https:\\\/\\\/www.portdesitges.com\\\/ca\\\/\"},{\"@type\":\"ListItem\",\"position\":2,\"name\":\"El Port de Sitges i el Ral\u2022li tornen a unir els seus camins\"}]},{\"@type\":\"WebSite\",\"@id\":\"https:\\\/\\\/www.portdesitges.com\\\/#website\",\"url\":\"https:\\\/\\\/www.portdesitges.com\\\/\",\"name\":\"Port de Sitges - Aiguadol\u00e7\",\"description\":\"lugar donde el mar y la tierra se dan de la mano para crear un espacio \u00fanico y atractivo. Disfruta de un mar de experiencias.\",\"potentialAction\":[{\"@type\":\"SearchAction\",\"target\":{\"@type\":\"EntryPoint\",\"urlTemplate\":\"https:\\\/\\\/www.portdesitges.com\\\/?s={search_term_string}\"},\"query-input\":{\"@type\":\"PropertyValueSpecification\",\"valueRequired\":true,\"valueName\":\"search_term_string\"}}],\"inLanguage\":\"ca\"},{\"@type\":\"Person\",\"@id\":\"https:\\\/\\\/www.portdesitges.com\\\/#\\\/schema\\\/person\\\/be98f3191d6c7bb6ccddc2e0ac4d861f\",\"name\":\"S\u00f2nia Felip\",\"image\":{\"@type\":\"ImageObject\",\"inLanguage\":\"ca\",\"@id\":\"https:\\\/\\\/secure.gravatar.com\\\/avatar\\\/3f5abf961091eed8bea1ba4a0fb5f78e0c728f907fe0cf722e81af4aa82939db?s=96&d=mm&r=g\",\"url\":\"https:\\\/\\\/secure.gravatar.com\\\/avatar\\\/3f5abf961091eed8bea1ba4a0fb5f78e0c728f907fe0cf722e81af4aa82939db?s=96&d=mm&r=g\",\"contentUrl\":\"https:\\\/\\\/secure.gravatar.com\\\/avatar\\\/3f5abf961091eed8bea1ba4a0fb5f78e0c728f907fe0cf722e81af4aa82939db?s=96&d=mm&r=g\",\"caption\":\"S\u00f2nia Felip\"},\"url\":\"https:\\\/\\\/www.portdesitges.com\\\/ca\\\/author\\\/sonia\\\/\"}]}<\/script>\n<!-- \/ Yoast SEO plugin. -->","yoast_head_json":{"title":"El Port de Sitges i el Ral\u2022li tornen a unir els seus camins","description":"El Port de Sitges tornar\u00e0 a ser protagonista de la 64a edici\u00f3 del Ral\u2022li Internacional de Cotxes d'\u00c8poca Barcelona - Sitges, despr\u00e9s de dos anys d'aturada per la pand\u00e8mia. El pr\u00f2xim diumenge 20 de mar\u00e7, despr\u00e9s de cobrir els 40 quil\u00f2metres des de la pla\u00e7a de Sant Jaume, els participants, disfressats amb els seus vestits de principis del segle passat, arribaran al Port. Les dones seran rebudes amb clavells, una tradici\u00f3 que perdura des de 1986, quan el Ral\u2022li va trepitjar Aiguadol\u00e7 per primera vegada.","robots":{"index":"index","follow":"follow","max-snippet":"max-snippet:-1","max-image-preview":"max-image-preview:large","max-video-preview":"max-video-preview:-1"},"canonical":"https:\/\/www.portdesitges.com\/ca\/el-port-de-sitges-i-el-ral\u2022li-tornen-a-unir-els-seus-camins\/","og_locale":"ca_ES","og_type":"article","og_title":"El Port de Sitges i el Ral\u2022li tornen a unir els seus camins","og_description":"El Port de Sitges tornar\u00e0 a ser protagonista de la 64a edici\u00f3 del Ral\u2022li Internacional de Cotxes d'\u00c8poca Barcelona - Sitges, despr\u00e9s de dos anys d'aturada per la pand\u00e8mia. El pr\u00f2xim diumenge 20 de mar\u00e7, despr\u00e9s de cobrir els 40 quil\u00f2metres des de la pla\u00e7a de Sant Jaume, els participants, disfressats amb els seus vestits de principis del segle passat, arribaran al Port. Les dones seran rebudes amb clavells, una tradici\u00f3 que perdura des de 1986, quan el Ral\u2022li va trepitjar Aiguadol\u00e7 per primera vegada.","og_url":"https:\/\/www.portdesitges.com\/ca\/el-port-de-sitges-i-el-ral\u2022li-tornen-a-unir-els-seus-camins\/","og_site_name":"Port de Sitges - Aiguadol\u00e7","article_published_time":"2022-03-15T13:37:12+00:00","article_modified_time":"2022-03-15T13:38:56+00:00","og_image":[{"width":1623,"height":2560,"url":"https:\/\/www.portdesitges.com\/wp-content\/uploads\/2022\/03\/Cartell_Rally_Sitges-2022-WEB-scaled.jpg","type":"image\/jpeg"}],"author":"S\u00f2nia Felip","twitter_card":"summary_large_image","twitter_misc":{"Escrit per":"S\u00f2nia Felip","Temps estimat de lectura":"3 minuts"},"schema":{"@context":"https:\/\/schema.org","@graph":[{"@type":"Article","@id":"https:\/\/www.portdesitges.com\/ca\/el-port-de-sitges-i-el-ral%e2%80%a2li-tornen-a-unir-els-seus-camins\/#article","isPartOf":{"@id":"https:\/\/www.portdesitges.com\/ca\/el-port-de-sitges-i-el-ral%e2%80%a2li-tornen-a-unir-els-seus-camins\/"},"author":{"name":"S\u00f2nia Felip","@id":"https:\/\/www.portdesitges.com\/#\/schema\/person\/be98f3191d6c7bb6ccddc2e0ac4d861f"},"headline":"El Port de Sitges i el Ral\u2022li tornen a unir els seus camins","datePublished":"2022-03-15T13:37:12+00:00","dateModified":"2022-03-15T13:38:56+00:00","mainEntityOfPage":{"@id":"https:\/\/www.portdesitges.com\/ca\/el-port-de-sitges-i-el-ral%e2%80%a2li-tornen-a-unir-els-seus-camins\/"},"wordCount":705,"image":{"@id":"https:\/\/www.portdesitges.com\/ca\/el-port-de-sitges-i-el-ral%e2%80%a2li-tornen-a-unir-els-seus-camins\/#primaryimage"},"thumbnailUrl":"https:\/\/www.portdesitges.com\/wp-content\/uploads\/2022\/03\/Cartell_Rally_Sitges-2022-WEB-scaled.jpg","articleSection":["Not\u00edcias"],"inLanguage":"ca"},{"@type":"WebPage","@id":"https:\/\/www.portdesitges.com\/ca\/el-port-de-sitges-i-el-ral%e2%80%a2li-tornen-a-unir-els-seus-camins\/","url":"https:\/\/www.portdesitges.com\/ca\/el-port-de-sitges-i-el-ral%e2%80%a2li-tornen-a-unir-els-seus-camins\/","name":"El Port de Sitges i el Ral\u2022li tornen a unir els seus camins","isPartOf":{"@id":"https:\/\/www.portdesitges.com\/#website"},"primaryImageOfPage":{"@id":"https:\/\/www.portdesitges.com\/ca\/el-port-de-sitges-i-el-ral%e2%80%a2li-tornen-a-unir-els-seus-camins\/#primaryimage"},"image":{"@id":"https:\/\/www.portdesitges.com\/ca\/el-port-de-sitges-i-el-ral%e2%80%a2li-tornen-a-unir-els-seus-camins\/#primaryimage"},"thumbnailUrl":"https:\/\/www.portdesitges.com\/wp-content\/uploads\/2022\/03\/Cartell_Rally_Sitges-2022-WEB-scaled.jpg","datePublished":"2022-03-15T13:37:12+00:00","dateModified":"2022-03-15T13:38:56+00:00","author":{"@id":"https:\/\/www.portdesitges.com\/#\/schema\/person\/be98f3191d6c7bb6ccddc2e0ac4d861f"},"description":"El Port de Sitges tornar\u00e0 a ser protagonista de la 64a edici\u00f3 del Ral\u2022li Internacional de Cotxes d'\u00c8poca Barcelona - Sitges, despr\u00e9s de dos anys d'aturada per la pand\u00e8mia. El pr\u00f2xim diumenge 20 de mar\u00e7, despr\u00e9s de cobrir els 40 quil\u00f2metres des de la pla\u00e7a de Sant Jaume, els participants, disfressats amb els seus vestits de principis del segle passat, arribaran al Port. Les dones seran rebudes amb clavells, una tradici\u00f3 que perdura des de 1986, quan el Ral\u2022li va trepitjar Aiguadol\u00e7 per primera vegada.","breadcrumb":{"@id":"https:\/\/www.portdesitges.com\/ca\/el-port-de-sitges-i-el-ral%e2%80%a2li-tornen-a-unir-els-seus-camins\/#breadcrumb"},"inLanguage":"ca","potentialAction":[{"@type":"ReadAction","target":["https:\/\/www.portdesitges.com\/ca\/el-port-de-sitges-i-el-ral%e2%80%a2li-tornen-a-unir-els-seus-camins\/"]}]},{"@type":"ImageObject","inLanguage":"ca","@id":"https:\/\/www.portdesitges.com\/ca\/el-port-de-sitges-i-el-ral%e2%80%a2li-tornen-a-unir-els-seus-camins\/#primaryimage","url":"https:\/\/www.portdesitges.com\/wp-content\/uploads\/2022\/03\/Cartell_Rally_Sitges-2022-WEB-scaled.jpg","contentUrl":"https:\/\/www.portdesitges.com\/wp-content\/uploads\/2022\/03\/Cartell_Rally_Sitges-2022-WEB-scaled.jpg","width":1623,"height":2560},{"@type":"BreadcrumbList","@id":"https:\/\/www.portdesitges.com\/ca\/el-port-de-sitges-i-el-ral%e2%80%a2li-tornen-a-unir-els-seus-camins\/#breadcrumb","itemListElement":[{"@type":"ListItem","position":1,"name":"Portada","item":"https:\/\/www.portdesitges.com\/ca\/"},{"@type":"ListItem","position":2,"name":"El Port de Sitges i el Ral\u2022li tornen a unir els seus camins"}]},{"@type":"WebSite","@id":"https:\/\/www.portdesitges.com\/#website","url":"https:\/\/www.portdesitges.com\/","name":"Port de Sitges - Aiguadol\u00e7","description":"lugar donde el mar y la tierra se dan de la mano para crear un espacio \u00fanico y atractivo. Disfruta de un mar de experiencias.","potentialAction":[{"@type":"SearchAction","target":{"@type":"EntryPoint","urlTemplate":"https:\/\/www.portdesitges.com\/?s={search_term_string}"},"query-input":{"@type":"PropertyValueSpecification","valueRequired":true,"valueName":"search_term_string"}}],"inLanguage":"ca"},{"@type":"Person","@id":"https:\/\/www.portdesitges.com\/#\/schema\/person\/be98f3191d6c7bb6ccddc2e0ac4d861f","name":"S\u00f2nia Felip","image":{"@type":"ImageObject","inLanguage":"ca","@id":"https:\/\/secure.gravatar.com\/avatar\/3f5abf961091eed8bea1ba4a0fb5f78e0c728f907fe0cf722e81af4aa82939db?s=96&d=mm&r=g","url":"https:\/\/secure.gravatar.com\/avatar\/3f5abf961091eed8bea1ba4a0fb5f78e0c728f907fe0cf722e81af4aa82939db?s=96&d=mm&r=g","contentUrl":"https:\/\/secure.gravatar.com\/avatar\/3f5abf961091eed8bea1ba4a0fb5f78e0c728f907fe0cf722e81af4aa82939db?s=96&d=mm&r=g","caption":"S\u00f2nia Felip"},"url":"https:\/\/www.portdesitges.com\/ca\/author\/sonia\/"}]}},"_links":{"self":[{"href":"https:\/\/www.portdesitges.com\/ca\/wp-json\/wp\/v2\/posts\/15807","targetHints":{"allow":["GET"]}}],"collection":[{"href":"https:\/\/www.portdesitges.com\/ca\/wp-json\/wp\/v2\/posts"}],"about":[{"href":"https:\/\/www.portdesitges.com\/ca\/wp-json\/wp\/v2\/types\/post"}],"author":[{"embeddable":true,"href":"https:\/\/www.portdesitges.com\/ca\/wp-json\/wp\/v2\/users\/3"}],"replies":[{"embeddable":true,"href":"https:\/\/www.portdesitges.com\/ca\/wp-json\/wp\/v2\/comments?post=15807"}],"version-history":[{"count":2,"href":"https:\/\/www.portdesitges.com\/ca\/wp-json\/wp\/v2\/posts\/15807\/revisions"}],"predecessor-version":[{"id":15832,"href":"https:\/\/www.portdesitges.com\/ca\/wp-json\/wp\/v2\/posts\/15807\/revisions\/15832"}],"wp:featuredmedia":[{"embeddable":true,"href":"https:\/\/www.portdesitges.com\/ca\/wp-json\/wp\/v2\/media\/15827"}],"wp:attachment":[{"href":"https:\/\/www.portdesitges.com\/ca\/wp-json\/wp\/v2\/media?parent=15807"}],"wp:term":[{"taxonomy":"category","embeddable":true,"href":"https:\/\/www.portdesitges.com\/ca\/wp-json\/wp\/v2\/categories?post=15807"},{"taxonomy":"post_tag","embeddable":true,"href":"https:\/\/www.portdesitges.com\/ca\/wp-json\/wp\/v2\/tags?post=15807"}],"curies":[{"name":"wp","href":"https:\/\/api.w.org\/{rel}","templated":true}]}}