{"id":15732,"date":"2022-02-23T09:21:44","date_gmt":"2022-02-23T09:21:44","guid":{"rendered":"https:\/\/www.portdesitges.com\/?p=15732"},"modified":"2022-02-23T09:21:44","modified_gmt":"2022-02-23T09:21:44","slug":"el-carnaval-arriba-al-port-de-sitges","status":"publish","type":"post","link":"https:\/\/www.portdesitges.com\/ca\/el-carnaval-arriba-al-port-de-sitges\/","title":{"rendered":"El Carnaval arriba al Port de Sitges"},"content":{"rendered":"[vc_row type=&#8221;in_container&#8221; full_screen_row_position=&#8221;middle&#8221; column_margin=&#8221;default&#8221; scene_position=&#8221;center&#8221; text_color=&#8221;dark&#8221; text_align=&#8221;left&#8221; overlay_strength=&#8221;0.3&#8243; shape_divider_position=&#8221;bottom&#8221; bg_image_animation=&#8221;none&#8221;][vc_column column_padding=&#8221;no-extra-padding&#8221; column_padding_position=&#8221;all&#8221; background_color_opacity=&#8221;1&#8243; background_hover_color_opacity=&#8221;1&#8243; column_link_target=&#8221;_self&#8221; column_shadow=&#8221;none&#8221; column_border_radius=&#8221;none&#8221; width=&#8221;1\/1&#8243; tablet_width_inherit=&#8221;default&#8221; tablet_text_alignment=&#8221;default&#8221; phone_text_alignment=&#8221;default&#8221; overlay_strength=&#8221;0.3&#8243; column_border_width=&#8221;none&#8221; column_border_style=&#8221;solid&#8221; bg_image_animation=&#8221;none&#8221;][vc_column_text]El Carnaval del 2022 es viur\u00e0 enguany amb la m\u00e0xima intensitat al Port de Sitges. El pr\u00f2xim dissabte 26 tindrem entre nosaltres a Sa Majestat Carnestoltes i a la Reina del Carnaval, que vindran al migdia amb les seves carrosses a compartir amb nosaltres aquesta esperada celebraci\u00f3. En total, es passejaran pel port cinc carrosses.<\/p>\n<p>Pr\u00e8viament, se celebrar\u00e0 la Travessa Regata de Carnaval, que anir\u00e0 acompanyada d&#8217;un concurs de disfresses amb el seu corresponent premi i d&#8217;una arrossada popular, acompanyats del Rei Carnestoltes i de la Reina.<\/p>\n<p>El Port recupera la hist\u00f2rica regata de Carnaval, que inicialment unia Barcelona i Sitges i posteriorment va ser una regata amb sortida i arribada a Aiguadol\u00e7. Aquest trofeu sempre ha tingut la particularitat que les tripulacions i el vaixell tenien un toc carnavalesc, festa i sarau com no pot ser d&#8217;una altra manera en Carnaval.<\/p>\n<p>Altrament, per aquest motiu, entre les 14.30 i les 15.30h (aprox.), es tallar\u00e0 el tr\u00e0nsit intern al Passeig de les Drassanes i al Moll de Ponent per la pres\u00e8ncia de les carrosses. Si algun usuari vol sortir amb el seu vehicle o b\u00e9 accedir-hi haur\u00e0 d\u2019esperar que acabi la rua.[\/vc_column_text][\/vc_column][\/vc_row][vc_row type=&#8221;in_container&#8221; full_screen_row_position=&#8221;middle&#8221; column_margin=&#8221;default&#8221; scene_position=&#8221;center&#8221; text_color=&#8221;dark&#8221; text_align=&#8221;left&#8221; overlay_strength=&#8221;0.3&#8243; shape_divider_position=&#8221;bottom&#8221; bg_image_animation=&#8221;none&#8221;][vc_column column_padding=&#8221;no-extra-padding&#8221; column_padding_position=&#8221;all&#8221; background_color_opacity=&#8221;1&#8243; background_hover_color_opacity=&#8221;1&#8243; column_link_target=&#8221;_self&#8221; column_shadow=&#8221;none&#8221; column_border_radius=&#8221;none&#8221; width=&#8221;1\/1&#8243; tablet_width_inherit=&#8221;default&#8221; tablet_text_alignment=&#8221;default&#8221; phone_text_alignment=&#8221;default&#8221; overlay_strength=&#8221;0.3&#8243; column_border_width=&#8221;none&#8221; column_border_style=&#8221;solid&#8221; bg_image_animation=&#8221;none&#8221;][\/vc_column][\/vc_row][vc_row type=&#8221;in_container&#8221; full_screen_row_position=&#8221;middle&#8221; column_margin=&#8221;default&#8221; scene_position=&#8221;center&#8221; text_color=&#8221;dark&#8221; text_align=&#8221;left&#8221; overlay_strength=&#8221;0.3&#8243; shape_divider_position=&#8221;bottom&#8221; bg_image_animation=&#8221;none&#8221;][vc_column column_padding=&#8221;no-extra-padding&#8221; column_padding_position=&#8221;all&#8221; background_color_opacity=&#8221;1&#8243; background_hover_color_opacity=&#8221;1&#8243; column_link_target=&#8221;_self&#8221; column_shadow=&#8221;none&#8221; column_border_radius=&#8221;none&#8221; width=&#8221;1\/2&#8243; tablet_width_inherit=&#8221;default&#8221; tablet_text_alignment=&#8221;default&#8221; phone_text_alignment=&#8221;default&#8221; overlay_strength=&#8221;0.3&#8243; column_border_width=&#8221;none&#8221; column_border_style=&#8221;solid&#8221; bg_image_animation=&#8221;none&#8221;][image_with_animation image_url=&#8221;15741&#8243; alignment=&#8221;center&#8221; animation=&#8221;Fade In&#8221; hover_animation=&#8221;none&#8221; border_radius=&#8221;none&#8221; box_shadow=&#8221;none&#8221; image_loading=&#8221;default&#8221; max_width=&#8221;50%&#8221; max_width_mobile=&#8221;default&#8221;][\/vc_column][vc_column column_padding=&#8221;no-extra-padding&#8221; column_padding_position=&#8221;all&#8221; background_color_opacity=&#8221;1&#8243; background_hover_color_opacity=&#8221;1&#8243; column_link_target=&#8221;_self&#8221; column_shadow=&#8221;none&#8221; column_border_radius=&#8221;none&#8221; width=&#8221;1\/2&#8243; tablet_width_inherit=&#8221;default&#8221; tablet_text_alignment=&#8221;default&#8221; phone_text_alignment=&#8221;default&#8221; overlay_strength=&#8221;0.3&#8243; column_border_width=&#8221;none&#8221; column_border_style=&#8221;solid&#8221; bg_image_animation=&#8221;none&#8221;][image_with_animation image_url=&#8221;15736&#8243; alignment=&#8221;&#8221; animation=&#8221;Fade In&#8221; hover_animation=&#8221;none&#8221; border_radius=&#8221;none&#8221; box_shadow=&#8221;none&#8221; image_loading=&#8221;default&#8221; max_width=&#8221;100%&#8221; max_width_mobile=&#8221;default&#8221;][\/vc_column][\/vc_row][vc_row type=&#8221;in_container&#8221; full_screen_row_position=&#8221;middle&#8221; column_margin=&#8221;default&#8221; scene_position=&#8221;center&#8221; text_color=&#8221;dark&#8221; text_align=&#8221;left&#8221; overlay_strength=&#8221;0.3&#8243; shape_divider_position=&#8221;bottom&#8221; bg_image_animation=&#8221;none&#8221;][vc_column column_padding=&#8221;no-extra-padding&#8221; column_padding_position=&#8221;all&#8221; background_color_opacity=&#8221;1&#8243; background_hover_color_opacity=&#8221;1&#8243; column_link_target=&#8221;_self&#8221; column_shadow=&#8221;none&#8221; column_border_radius=&#8221;none&#8221; width=&#8221;1\/1&#8243; tablet_width_inherit=&#8221;default&#8221; tablet_text_alignment=&#8221;default&#8221; phone_text_alignment=&#8221;default&#8221; overlay_strength=&#8221;0.3&#8243; column_border_width=&#8221;none&#8221; column_border_style=&#8221;solid&#8221; bg_image_animation=&#8221;none&#8221;][vc_column_text][\/ vc_column] [\/ vc_row][\/vc_column_text][\/vc_column][\/vc_row]\n","protected":false},"excerpt":{"rendered":"<p>[vc_row type=&#8221;in_container&#8221; full_screen_row_position=&#8221;middle&#8221; column_margin=&#8221;default&#8221; scene_position=&#8221;center&#8221; text_color=&#8221;dark&#8221; text_align=&#8221;left&#8221; overlay_strength=&#8221;0.3&#8243; shape_divider_position=&#8221;bottom&#8221; bg_image_animation=&#8221;none&#8221;][vc_column column_padding=&#8221;no-extra-padding&#8221; column_padding_position=&#8221;all&#8221; background_color_opacity=&#8221;1&#8243; background_hover_color_opacity=&#8221;1&#8243; column_link_target=&#8221;_self&#8221; column_shadow=&#8221;none&#8221; column_border_radius=&#8221;none&#8221; width=&#8221;1\/1&#8243; tablet_width_inherit=&#8221;default&#8221; tablet_text_alignment=&#8221;default&#8221; phone_text_alignment=&#8221;default&#8221; overlay_strength=&#8221;0.3&#8243; column_border_width=&#8221;none&#8221; column_border_style=&#8221;solid&#8221; bg_image_animation=&#8221;none&#8221;][vc_column_text]El Carnaval del 2022 es viur\u00e0&#8230;<\/p>\n","protected":false},"author":3,"featured_media":15741,"comment_status":"closed","ping_status":"closed","sticky":false,"template":"","format":"standard","meta":{"footnotes":""},"categories":[62],"tags":[],"class_list":{"0":"post-15732","1":"post","2":"type-post","3":"status-publish","4":"format-standard","5":"has-post-thumbnail","7":"category-noticias-ca"},"yoast_head":"<!-- This site is optimized with the Yoast SEO plugin v27.3 - https:\/\/yoast.com\/product\/yoast-seo-wordpress\/ -->\n<title>El Carnaval arriba al Port de Sitges<\/title>\n<meta name=\"description\" content=\"El Carnaval del 2022 es viur\u00e0 enguany amb la m\u00e0xima intensitat al Port de Sitges. El pr\u00f2xim dissabte 26 tindrem entre nosaltres a Sa Majestat Carnestoltes i a la Reina del Carnaval, que vindran al migdia amb les seves carrosses a compartir amb nosaltres aquesta esperada celebraci\u00f3. En total, es passejaran pel port cinc carrosses.\" \/>\n<meta name=\"robots\" content=\"index, follow, max-snippet:-1, max-image-preview:large, max-video-preview:-1\" \/>\n<link rel=\"canonical\" href=\"https:\/\/www.portdesitges.com\/el-carnaval-llega-al-port-de-sitges\/\" \/>\n<meta property=\"og:locale\" content=\"ca_ES\" \/>\n<meta property=\"og:type\" content=\"article\" \/>\n<meta property=\"og:title\" content=\"El Carnaval arriba al Port de Sitges\" \/>\n<meta property=\"og:description\" content=\"El Carnaval del 2022 es viur\u00e0 enguany amb la m\u00e0xima intensitat al Port de Sitges. El pr\u00f2xim dissabte 26 tindrem entre nosaltres a Sa Majestat Carnestoltes i a la Reina del Carnaval, que vindran al migdia amb les seves carrosses a compartir amb nosaltres aquesta esperada celebraci\u00f3. En total, es passejaran pel port cinc carrosses.\" \/>\n<meta property=\"og:url\" content=\"https:\/\/www.portdesitges.com\/el-carnaval-llega-al-port-de-sitges\/\" \/>\n<meta property=\"og:site_name\" content=\"Port de Sitges - Aiguadol\u00e7\" \/>\n<meta property=\"article:published_time\" content=\"2022-02-23T09:21:44+00:00\" \/>\n<meta property=\"og:image\" content=\"https:\/\/www.portdesitges.com\/wp-content\/uploads\/2022\/02\/carnaval-de-sitges-22opt.jpg\" \/>\n\t<meta property=\"og:image:width\" content=\"842\" \/>\n\t<meta property=\"og:image:height\" content=\"1191\" \/>\n\t<meta property=\"og:image:type\" content=\"image\/jpeg\" \/>\n<meta name=\"author\" content=\"S\u00f2nia Felip\" \/>\n<meta name=\"twitter:card\" content=\"summary_large_image\" \/>\n<meta name=\"twitter:label1\" content=\"Escrit per\" \/>\n\t<meta name=\"twitter:data1\" content=\"S\u00f2nia Felip\" \/>\n\t<meta name=\"twitter:label2\" content=\"Temps estimat de lectura\" \/>\n\t<meta name=\"twitter:data2\" content=\"3 minuts\" \/>\n<script type=\"application\/ld+json\" class=\"yoast-schema-graph\">{\"@context\":\"https:\\\/\\\/schema.org\",\"@graph\":[{\"@type\":\"Article\",\"@id\":\"https:\\\/\\\/www.portdesitges.com\\\/el-carnaval-llega-al-port-de-sitges\\\/#article\",\"isPartOf\":{\"@id\":\"https:\\\/\\\/www.portdesitges.com\\\/el-carnaval-llega-al-port-de-sitges\\\/\"},\"author\":{\"name\":\"S\u00f2nia Felip\",\"@id\":\"https:\\\/\\\/www.portdesitges.com\\\/#\\\/schema\\\/person\\\/be98f3191d6c7bb6ccddc2e0ac4d861f\"},\"headline\":\"El Carnaval arriba al Port de Sitges\",\"datePublished\":\"2022-02-23T09:21:44+00:00\",\"mainEntityOfPage\":{\"@id\":\"https:\\\/\\\/www.portdesitges.com\\\/el-carnaval-llega-al-port-de-sitges\\\/\"},\"wordCount\":693,\"image\":{\"@id\":\"https:\\\/\\\/www.portdesitges.com\\\/el-carnaval-llega-al-port-de-sitges\\\/#primaryimage\"},\"thumbnailUrl\":\"https:\\\/\\\/www.portdesitges.com\\\/wp-content\\\/uploads\\\/2022\\\/02\\\/carnaval-de-sitges-22opt.jpg\",\"articleSection\":[\"Not\u00edcias\"],\"inLanguage\":\"ca\"},{\"@type\":\"WebPage\",\"@id\":\"https:\\\/\\\/www.portdesitges.com\\\/el-carnaval-llega-al-port-de-sitges\\\/\",\"url\":\"https:\\\/\\\/www.portdesitges.com\\\/el-carnaval-llega-al-port-de-sitges\\\/\",\"name\":\"El Carnaval arriba al Port de Sitges\",\"isPartOf\":{\"@id\":\"https:\\\/\\\/www.portdesitges.com\\\/#website\"},\"primaryImageOfPage\":{\"@id\":\"https:\\\/\\\/www.portdesitges.com\\\/el-carnaval-llega-al-port-de-sitges\\\/#primaryimage\"},\"image\":{\"@id\":\"https:\\\/\\\/www.portdesitges.com\\\/el-carnaval-llega-al-port-de-sitges\\\/#primaryimage\"},\"thumbnailUrl\":\"https:\\\/\\\/www.portdesitges.com\\\/wp-content\\\/uploads\\\/2022\\\/02\\\/carnaval-de-sitges-22opt.jpg\",\"datePublished\":\"2022-02-23T09:21:44+00:00\",\"author\":{\"@id\":\"https:\\\/\\\/www.portdesitges.com\\\/#\\\/schema\\\/person\\\/be98f3191d6c7bb6ccddc2e0ac4d861f\"},\"description\":\"El Carnaval del 2022 es viur\u00e0 enguany amb la m\u00e0xima intensitat al Port de Sitges. El pr\u00f2xim dissabte 26 tindrem entre nosaltres a Sa Majestat Carnestoltes i a la Reina del Carnaval, que vindran al migdia amb les seves carrosses a compartir amb nosaltres aquesta esperada celebraci\u00f3. En total, es passejaran pel port cinc carrosses.\",\"breadcrumb\":{\"@id\":\"https:\\\/\\\/www.portdesitges.com\\\/el-carnaval-llega-al-port-de-sitges\\\/#breadcrumb\"},\"inLanguage\":\"ca\",\"potentialAction\":[{\"@type\":\"ReadAction\",\"target\":[\"https:\\\/\\\/www.portdesitges.com\\\/el-carnaval-llega-al-port-de-sitges\\\/\"]}]},{\"@type\":\"ImageObject\",\"inLanguage\":\"ca\",\"@id\":\"https:\\\/\\\/www.portdesitges.com\\\/el-carnaval-llega-al-port-de-sitges\\\/#primaryimage\",\"url\":\"https:\\\/\\\/www.portdesitges.com\\\/wp-content\\\/uploads\\\/2022\\\/02\\\/carnaval-de-sitges-22opt.jpg\",\"contentUrl\":\"https:\\\/\\\/www.portdesitges.com\\\/wp-content\\\/uploads\\\/2022\\\/02\\\/carnaval-de-sitges-22opt.jpg\",\"width\":842,\"height\":1191},{\"@type\":\"BreadcrumbList\",\"@id\":\"https:\\\/\\\/www.portdesitges.com\\\/el-carnaval-llega-al-port-de-sitges\\\/#breadcrumb\",\"itemListElement\":[{\"@type\":\"ListItem\",\"position\":1,\"name\":\"Portada\",\"item\":\"https:\\\/\\\/www.portdesitges.com\\\/ca\\\/\"},{\"@type\":\"ListItem\",\"position\":2,\"name\":\"El Carnaval arriba al Port de Sitges\"}]},{\"@type\":\"WebSite\",\"@id\":\"https:\\\/\\\/www.portdesitges.com\\\/#website\",\"url\":\"https:\\\/\\\/www.portdesitges.com\\\/\",\"name\":\"Port de Sitges - Aiguadol\u00e7\",\"description\":\"lugar donde el mar y la tierra se dan de la mano para crear un espacio \u00fanico y atractivo. Disfruta de un mar de experiencias.\",\"potentialAction\":[{\"@type\":\"SearchAction\",\"target\":{\"@type\":\"EntryPoint\",\"urlTemplate\":\"https:\\\/\\\/www.portdesitges.com\\\/?s={search_term_string}\"},\"query-input\":{\"@type\":\"PropertyValueSpecification\",\"valueRequired\":true,\"valueName\":\"search_term_string\"}}],\"inLanguage\":\"ca\"},{\"@type\":\"Person\",\"@id\":\"https:\\\/\\\/www.portdesitges.com\\\/#\\\/schema\\\/person\\\/be98f3191d6c7bb6ccddc2e0ac4d861f\",\"name\":\"S\u00f2nia Felip\",\"image\":{\"@type\":\"ImageObject\",\"inLanguage\":\"ca\",\"@id\":\"https:\\\/\\\/secure.gravatar.com\\\/avatar\\\/3f5abf961091eed8bea1ba4a0fb5f78e0c728f907fe0cf722e81af4aa82939db?s=96&d=mm&r=g\",\"url\":\"https:\\\/\\\/secure.gravatar.com\\\/avatar\\\/3f5abf961091eed8bea1ba4a0fb5f78e0c728f907fe0cf722e81af4aa82939db?s=96&d=mm&r=g\",\"contentUrl\":\"https:\\\/\\\/secure.gravatar.com\\\/avatar\\\/3f5abf961091eed8bea1ba4a0fb5f78e0c728f907fe0cf722e81af4aa82939db?s=96&d=mm&r=g\",\"caption\":\"S\u00f2nia Felip\"},\"url\":\"https:\\\/\\\/www.portdesitges.com\\\/ca\\\/author\\\/sonia\\\/\"}]}<\/script>\n<!-- \/ Yoast SEO plugin. -->","yoast_head_json":{"title":"El Carnaval arriba al Port de Sitges","description":"El Carnaval del 2022 es viur\u00e0 enguany amb la m\u00e0xima intensitat al Port de Sitges. El pr\u00f2xim dissabte 26 tindrem entre nosaltres a Sa Majestat Carnestoltes i a la Reina del Carnaval, que vindran al migdia amb les seves carrosses a compartir amb nosaltres aquesta esperada celebraci\u00f3. En total, es passejaran pel port cinc carrosses.","robots":{"index":"index","follow":"follow","max-snippet":"max-snippet:-1","max-image-preview":"max-image-preview:large","max-video-preview":"max-video-preview:-1"},"canonical":"https:\/\/www.portdesitges.com\/el-carnaval-llega-al-port-de-sitges\/","og_locale":"ca_ES","og_type":"article","og_title":"El Carnaval arriba al Port de Sitges","og_description":"El Carnaval del 2022 es viur\u00e0 enguany amb la m\u00e0xima intensitat al Port de Sitges. El pr\u00f2xim dissabte 26 tindrem entre nosaltres a Sa Majestat Carnestoltes i a la Reina del Carnaval, que vindran al migdia amb les seves carrosses a compartir amb nosaltres aquesta esperada celebraci\u00f3. En total, es passejaran pel port cinc carrosses.","og_url":"https:\/\/www.portdesitges.com\/el-carnaval-llega-al-port-de-sitges\/","og_site_name":"Port de Sitges - Aiguadol\u00e7","article_published_time":"2022-02-23T09:21:44+00:00","og_image":[{"width":842,"height":1191,"url":"https:\/\/www.portdesitges.com\/wp-content\/uploads\/2022\/02\/carnaval-de-sitges-22opt.jpg","type":"image\/jpeg"}],"author":"S\u00f2nia Felip","twitter_card":"summary_large_image","twitter_misc":{"Escrit per":"S\u00f2nia Felip","Temps estimat de lectura":"3 minuts"},"schema":{"@context":"https:\/\/schema.org","@graph":[{"@type":"Article","@id":"https:\/\/www.portdesitges.com\/el-carnaval-llega-al-port-de-sitges\/#article","isPartOf":{"@id":"https:\/\/www.portdesitges.com\/el-carnaval-llega-al-port-de-sitges\/"},"author":{"name":"S\u00f2nia Felip","@id":"https:\/\/www.portdesitges.com\/#\/schema\/person\/be98f3191d6c7bb6ccddc2e0ac4d861f"},"headline":"El Carnaval arriba al Port de Sitges","datePublished":"2022-02-23T09:21:44+00:00","mainEntityOfPage":{"@id":"https:\/\/www.portdesitges.com\/el-carnaval-llega-al-port-de-sitges\/"},"wordCount":693,"image":{"@id":"https:\/\/www.portdesitges.com\/el-carnaval-llega-al-port-de-sitges\/#primaryimage"},"thumbnailUrl":"https:\/\/www.portdesitges.com\/wp-content\/uploads\/2022\/02\/carnaval-de-sitges-22opt.jpg","articleSection":["Not\u00edcias"],"inLanguage":"ca"},{"@type":"WebPage","@id":"https:\/\/www.portdesitges.com\/el-carnaval-llega-al-port-de-sitges\/","url":"https:\/\/www.portdesitges.com\/el-carnaval-llega-al-port-de-sitges\/","name":"El Carnaval arriba al Port de Sitges","isPartOf":{"@id":"https:\/\/www.portdesitges.com\/#website"},"primaryImageOfPage":{"@id":"https:\/\/www.portdesitges.com\/el-carnaval-llega-al-port-de-sitges\/#primaryimage"},"image":{"@id":"https:\/\/www.portdesitges.com\/el-carnaval-llega-al-port-de-sitges\/#primaryimage"},"thumbnailUrl":"https:\/\/www.portdesitges.com\/wp-content\/uploads\/2022\/02\/carnaval-de-sitges-22opt.jpg","datePublished":"2022-02-23T09:21:44+00:00","author":{"@id":"https:\/\/www.portdesitges.com\/#\/schema\/person\/be98f3191d6c7bb6ccddc2e0ac4d861f"},"description":"El Carnaval del 2022 es viur\u00e0 enguany amb la m\u00e0xima intensitat al Port de Sitges. El pr\u00f2xim dissabte 26 tindrem entre nosaltres a Sa Majestat Carnestoltes i a la Reina del Carnaval, que vindran al migdia amb les seves carrosses a compartir amb nosaltres aquesta esperada celebraci\u00f3. En total, es passejaran pel port cinc carrosses.","breadcrumb":{"@id":"https:\/\/www.portdesitges.com\/el-carnaval-llega-al-port-de-sitges\/#breadcrumb"},"inLanguage":"ca","potentialAction":[{"@type":"ReadAction","target":["https:\/\/www.portdesitges.com\/el-carnaval-llega-al-port-de-sitges\/"]}]},{"@type":"ImageObject","inLanguage":"ca","@id":"https:\/\/www.portdesitges.com\/el-carnaval-llega-al-port-de-sitges\/#primaryimage","url":"https:\/\/www.portdesitges.com\/wp-content\/uploads\/2022\/02\/carnaval-de-sitges-22opt.jpg","contentUrl":"https:\/\/www.portdesitges.com\/wp-content\/uploads\/2022\/02\/carnaval-de-sitges-22opt.jpg","width":842,"height":1191},{"@type":"BreadcrumbList","@id":"https:\/\/www.portdesitges.com\/el-carnaval-llega-al-port-de-sitges\/#breadcrumb","itemListElement":[{"@type":"ListItem","position":1,"name":"Portada","item":"https:\/\/www.portdesitges.com\/ca\/"},{"@type":"ListItem","position":2,"name":"El Carnaval arriba al Port de Sitges"}]},{"@type":"WebSite","@id":"https:\/\/www.portdesitges.com\/#website","url":"https:\/\/www.portdesitges.com\/","name":"Port de Sitges - Aiguadol\u00e7","description":"lugar donde el mar y la tierra se dan de la mano para crear un espacio \u00fanico y atractivo. Disfruta de un mar de experiencias.","potentialAction":[{"@type":"SearchAction","target":{"@type":"EntryPoint","urlTemplate":"https:\/\/www.portdesitges.com\/?s={search_term_string}"},"query-input":{"@type":"PropertyValueSpecification","valueRequired":true,"valueName":"search_term_string"}}],"inLanguage":"ca"},{"@type":"Person","@id":"https:\/\/www.portdesitges.com\/#\/schema\/person\/be98f3191d6c7bb6ccddc2e0ac4d861f","name":"S\u00f2nia Felip","image":{"@type":"ImageObject","inLanguage":"ca","@id":"https:\/\/secure.gravatar.com\/avatar\/3f5abf961091eed8bea1ba4a0fb5f78e0c728f907fe0cf722e81af4aa82939db?s=96&d=mm&r=g","url":"https:\/\/secure.gravatar.com\/avatar\/3f5abf961091eed8bea1ba4a0fb5f78e0c728f907fe0cf722e81af4aa82939db?s=96&d=mm&r=g","contentUrl":"https:\/\/secure.gravatar.com\/avatar\/3f5abf961091eed8bea1ba4a0fb5f78e0c728f907fe0cf722e81af4aa82939db?s=96&d=mm&r=g","caption":"S\u00f2nia Felip"},"url":"https:\/\/www.portdesitges.com\/ca\/author\/sonia\/"}]}},"_links":{"self":[{"href":"https:\/\/www.portdesitges.com\/ca\/wp-json\/wp\/v2\/posts\/15732","targetHints":{"allow":["GET"]}}],"collection":[{"href":"https:\/\/www.portdesitges.com\/ca\/wp-json\/wp\/v2\/posts"}],"about":[{"href":"https:\/\/www.portdesitges.com\/ca\/wp-json\/wp\/v2\/types\/post"}],"author":[{"embeddable":true,"href":"https:\/\/www.portdesitges.com\/ca\/wp-json\/wp\/v2\/users\/3"}],"replies":[{"embeddable":true,"href":"https:\/\/www.portdesitges.com\/ca\/wp-json\/wp\/v2\/comments?post=15732"}],"version-history":[{"count":1,"href":"https:\/\/www.portdesitges.com\/ca\/wp-json\/wp\/v2\/posts\/15732\/revisions"}],"predecessor-version":[{"id":15748,"href":"https:\/\/www.portdesitges.com\/ca\/wp-json\/wp\/v2\/posts\/15732\/revisions\/15748"}],"wp:featuredmedia":[{"embeddable":true,"href":"https:\/\/www.portdesitges.com\/ca\/wp-json\/wp\/v2\/media\/15741"}],"wp:attachment":[{"href":"https:\/\/www.portdesitges.com\/ca\/wp-json\/wp\/v2\/media?parent=15732"}],"wp:term":[{"taxonomy":"category","embeddable":true,"href":"https:\/\/www.portdesitges.com\/ca\/wp-json\/wp\/v2\/categories?post=15732"},{"taxonomy":"post_tag","embeddable":true,"href":"https:\/\/www.portdesitges.com\/ca\/wp-json\/wp\/v2\/tags?post=15732"}],"curies":[{"name":"wp","href":"https:\/\/api.w.org\/{rel}","templated":true}]}}