{"id":14619,"date":"2021-10-08T13:22:21","date_gmt":"2021-10-08T13:22:21","guid":{"rendered":"https:\/\/www.portdesitges.com\/?p=14619"},"modified":"2021-10-08T13:22:21","modified_gmt":"2021-10-08T13:22:21","slug":"19-velers-surten-del-port-de-sitges-en-una-regata-a-formentera","status":"publish","type":"post","link":"https:\/\/www.portdesitges.com\/ca\/19-velers-surten-del-port-de-sitges-en-una-regata-a-formentera\/","title":{"rendered":"19 velers surten del Port de Sitges en una regata a Formentera"},"content":{"rendered":"[vc_row type=&#8221;in_container&#8221; full_screen_row_position=&#8221;middle&#8221; column_margin=&#8221;default&#8221; scene_position=&#8221;center&#8221; text_color=&#8221;dark&#8221; text_align=&#8221;left&#8221; overlay_strength=&#8221;0.3&#8243; shape_divider_position=&#8221;bottom&#8221; bg_image_animation=&#8221;none&#8221;][vc_column column_padding=&#8221;no-extra-padding&#8221; column_padding_position=&#8221;all&#8221; background_color_opacity=&#8221;1&#8243; background_hover_color_opacity=&#8221;1&#8243; column_link_target=&#8221;_self&#8221; column_shadow=&#8221;none&#8221; column_border_radius=&#8221;none&#8221; width=&#8221;1\/1&#8243; tablet_width_inherit=&#8221;default&#8221; tablet_text_alignment=&#8221;default&#8221; phone_text_alignment=&#8221;default&#8221; overlay_strength=&#8221;0.3&#8243; column_border_width=&#8221;none&#8221; column_border_style=&#8221;solid&#8221; bg_image_animation=&#8221;none&#8221;][vc_column_text]El Port de Sitges ha estat avui, divendres 8 d\u2019octubre, l\u2019escenari de la sortida de la Regata Ophiusa, que enlla\u00e7a Sitges amb Formentera. 19 velers participen enguany en aquesta tradicional cita del Mediterrani, que celebra la seva divuitena edici\u00f3.<\/p>\n<p>Els 19 velers apleguen 105 participants, que han sortit aquest mat\u00ed, quan el ress\u00f2 de la inauguraci\u00f3 del Festival de Cinema encara se sentia al Port, i est\u00e0 previst que al llarg del dia arribin a les Balears. La Regata Ophiusa testimonia, un cop m\u00e9s, els estrets vincles que hi ha entre Sitges i Formentera, cosits a trav\u00e9s de nombroses embarcacions que enllacen les dues costes cada any. En la iniciativa hi participen, a m\u00e9s del Port de Sitges, diferents institucions i empreses de les Illes.[\/vc_column_text][\/vc_column][\/vc_row][vc_row type=&#8221;in_container&#8221; full_screen_row_position=&#8221;middle&#8221; column_margin=&#8221;default&#8221; scene_position=&#8221;center&#8221; text_color=&#8221;dark&#8221; text_align=&#8221;left&#8221; overlay_strength=&#8221;0.3&#8243; shape_divider_position=&#8221;bottom&#8221; bg_image_animation=&#8221;none&#8221;][vc_column column_padding=&#8221;no-extra-padding&#8221; column_padding_position=&#8221;all&#8221; background_color_opacity=&#8221;1&#8243; background_hover_color_opacity=&#8221;1&#8243; column_link_target=&#8221;_self&#8221; column_shadow=&#8221;none&#8221; column_border_radius=&#8221;none&#8221; width=&#8221;1\/1&#8243; tablet_width_inherit=&#8221;default&#8221; tablet_text_alignment=&#8221;default&#8221; phone_text_alignment=&#8221;default&#8221; overlay_strength=&#8221;0.3&#8243; column_border_width=&#8221;none&#8221; column_border_style=&#8221;solid&#8221; bg_image_animation=&#8221;none&#8221;][\/vc_column][\/vc_row][vc_row type=&#8221;in_container&#8221; full_screen_row_position=&#8221;middle&#8221; column_margin=&#8221;default&#8221; scene_position=&#8221;center&#8221; text_color=&#8221;dark&#8221; text_align=&#8221;left&#8221; overlay_strength=&#8221;0.3&#8243; shape_divider_position=&#8221;bottom&#8221; bg_image_animation=&#8221;none&#8221;][vc_column column_padding=&#8221;no-extra-padding&#8221; column_padding_position=&#8221;all&#8221; background_color_opacity=&#8221;1&#8243; background_hover_color_opacity=&#8221;1&#8243; column_link_target=&#8221;_self&#8221; column_shadow=&#8221;none&#8221; column_border_radius=&#8221;none&#8221; width=&#8221;1\/1&#8243; tablet_width_inherit=&#8221;default&#8221; tablet_text_alignment=&#8221;default&#8221; phone_text_alignment=&#8221;default&#8221; overlay_strength=&#8221;0.3&#8243; column_border_width=&#8221;none&#8221; column_border_style=&#8221;solid&#8221; bg_image_animation=&#8221;none&#8221;][vc_column_text][\/ vc_column] [\/ vc_row][\/vc_column_text][\/vc_column][\/vc_row]\n","protected":false},"excerpt":{"rendered":"<p>[vc_row type=&#8221;in_container&#8221; full_screen_row_position=&#8221;middle&#8221; column_margin=&#8221;default&#8221; scene_position=&#8221;center&#8221; text_color=&#8221;dark&#8221; text_align=&#8221;left&#8221; overlay_strength=&#8221;0.3&#8243; shape_divider_position=&#8221;bottom&#8221; bg_image_animation=&#8221;none&#8221;][vc_column column_padding=&#8221;no-extra-padding&#8221; column_padding_position=&#8221;all&#8221; background_color_opacity=&#8221;1&#8243; background_hover_color_opacity=&#8221;1&#8243; column_link_target=&#8221;_self&#8221; column_shadow=&#8221;none&#8221; column_border_radius=&#8221;none&#8221; width=&#8221;1\/1&#8243; tablet_width_inherit=&#8221;default&#8221; tablet_text_alignment=&#8221;default&#8221; phone_text_alignment=&#8221;default&#8221; overlay_strength=&#8221;0.3&#8243; column_border_width=&#8221;none&#8221; column_border_style=&#8221;solid&#8221; bg_image_animation=&#8221;none&#8221;][vc_column_text]El Port de Sitges ha estat&#8230;<\/p>\n","protected":false},"author":3,"featured_media":14623,"comment_status":"closed","ping_status":"closed","sticky":false,"template":"","format":"standard","meta":{"footnotes":""},"categories":[62],"tags":[],"class_list":{"0":"post-14619","1":"post","2":"type-post","3":"status-publish","4":"format-standard","5":"has-post-thumbnail","7":"category-noticias-ca"},"yoast_head":"<!-- This site is optimized with the Yoast SEO plugin v27.3 - https:\/\/yoast.com\/product\/yoast-seo-wordpress\/ -->\n<title>19 velers surten del Port de Sitges en una regata a Formentera<\/title>\n<meta name=\"description\" content=\"El Port de Sitges ha estat avui, divendres 8 d\u2019octubre, l\u2019escenari de la sortida de la Regata Ophiusa, que enlla\u00e7a Sitges amb Formentera. 19 velers participen enguany en aquesta tradicional cita del Mediterrani, que celebra la seva divuitena edici\u00f3.\" \/>\n<meta name=\"robots\" content=\"index, follow, max-snippet:-1, max-image-preview:large, max-video-preview:-1\" \/>\n<link rel=\"canonical\" href=\"https:\/\/www.portdesitges.com\/19-veleros-salen-del-port-de-sitges-en-una-regata-a-formentera\/\" \/>\n<meta property=\"og:locale\" content=\"ca_ES\" \/>\n<meta property=\"og:type\" content=\"article\" \/>\n<meta property=\"og:title\" content=\"19 velers surten del Port de Sitges en una regata a Formentera\" \/>\n<meta property=\"og:description\" content=\"El Port de Sitges ha estat avui, divendres 8 d\u2019octubre, l\u2019escenari de la sortida de la Regata Ophiusa, que enlla\u00e7a Sitges amb Formentera. 19 velers participen enguany en aquesta tradicional cita del Mediterrani, que celebra la seva divuitena edici\u00f3.\" \/>\n<meta property=\"og:url\" content=\"https:\/\/www.portdesitges.com\/19-veleros-salen-del-port-de-sitges-en-una-regata-a-formentera\/\" \/>\n<meta property=\"og:site_name\" content=\"Port de Sitges - Aiguadol\u00e7\" \/>\n<meta property=\"article:published_time\" content=\"2021-10-08T13:22:21+00:00\" \/>\n<meta property=\"og:image\" content=\"https:\/\/www.portdesitges.com\/wp-content\/uploads\/2021\/10\/WhatsApp-Image-2021-10-08-at-12.01.19.jpeg\" \/>\n\t<meta property=\"og:image:width\" content=\"809\" \/>\n\t<meta property=\"og:image:height\" content=\"1024\" \/>\n\t<meta property=\"og:image:type\" content=\"image\/jpeg\" \/>\n<meta name=\"author\" content=\"S\u00f2nia Felip\" \/>\n<meta name=\"twitter:card\" content=\"summary_large_image\" \/>\n<meta name=\"twitter:label1\" content=\"Escrit per\" \/>\n\t<meta name=\"twitter:data1\" content=\"S\u00f2nia Felip\" \/>\n\t<meta name=\"twitter:label2\" content=\"Temps estimat de lectura\" \/>\n\t<meta name=\"twitter:data2\" content=\"2 minuts\" \/>\n<script type=\"application\/ld+json\" class=\"yoast-schema-graph\">{\"@context\":\"https:\\\/\\\/schema.org\",\"@graph\":[{\"@type\":\"Article\",\"@id\":\"https:\\\/\\\/www.portdesitges.com\\\/19-veleros-salen-del-port-de-sitges-en-una-regata-a-formentera\\\/#article\",\"isPartOf\":{\"@id\":\"https:\\\/\\\/www.portdesitges.com\\\/19-veleros-salen-del-port-de-sitges-en-una-regata-a-formentera\\\/\"},\"author\":{\"name\":\"S\u00f2nia Felip\",\"@id\":\"https:\\\/\\\/www.portdesitges.com\\\/#\\\/schema\\\/person\\\/be98f3191d6c7bb6ccddc2e0ac4d861f\"},\"headline\":\"19 velers surten del Port de Sitges en una regata a Formentera\",\"datePublished\":\"2021-10-08T13:22:21+00:00\",\"mainEntityOfPage\":{\"@id\":\"https:\\\/\\\/www.portdesitges.com\\\/19-veleros-salen-del-port-de-sitges-en-una-regata-a-formentera\\\/\"},\"wordCount\":424,\"image\":{\"@id\":\"https:\\\/\\\/www.portdesitges.com\\\/19-veleros-salen-del-port-de-sitges-en-una-regata-a-formentera\\\/#primaryimage\"},\"thumbnailUrl\":\"https:\\\/\\\/www.portdesitges.com\\\/wp-content\\\/uploads\\\/2021\\\/10\\\/WhatsApp-Image-2021-10-08-at-12.01.19.jpeg\",\"articleSection\":[\"Not\u00edcias\"],\"inLanguage\":\"ca\"},{\"@type\":\"WebPage\",\"@id\":\"https:\\\/\\\/www.portdesitges.com\\\/19-veleros-salen-del-port-de-sitges-en-una-regata-a-formentera\\\/\",\"url\":\"https:\\\/\\\/www.portdesitges.com\\\/19-veleros-salen-del-port-de-sitges-en-una-regata-a-formentera\\\/\",\"name\":\"19 velers surten del Port de Sitges en una regata a Formentera\",\"isPartOf\":{\"@id\":\"https:\\\/\\\/www.portdesitges.com\\\/#website\"},\"primaryImageOfPage\":{\"@id\":\"https:\\\/\\\/www.portdesitges.com\\\/19-veleros-salen-del-port-de-sitges-en-una-regata-a-formentera\\\/#primaryimage\"},\"image\":{\"@id\":\"https:\\\/\\\/www.portdesitges.com\\\/19-veleros-salen-del-port-de-sitges-en-una-regata-a-formentera\\\/#primaryimage\"},\"thumbnailUrl\":\"https:\\\/\\\/www.portdesitges.com\\\/wp-content\\\/uploads\\\/2021\\\/10\\\/WhatsApp-Image-2021-10-08-at-12.01.19.jpeg\",\"datePublished\":\"2021-10-08T13:22:21+00:00\",\"author\":{\"@id\":\"https:\\\/\\\/www.portdesitges.com\\\/#\\\/schema\\\/person\\\/be98f3191d6c7bb6ccddc2e0ac4d861f\"},\"description\":\"El Port de Sitges ha estat avui, divendres 8 d\u2019octubre, l\u2019escenari de la sortida de la Regata Ophiusa, que enlla\u00e7a Sitges amb Formentera. 19 velers participen enguany en aquesta tradicional cita del Mediterrani, que celebra la seva divuitena edici\u00f3.\",\"breadcrumb\":{\"@id\":\"https:\\\/\\\/www.portdesitges.com\\\/19-veleros-salen-del-port-de-sitges-en-una-regata-a-formentera\\\/#breadcrumb\"},\"inLanguage\":\"ca\",\"potentialAction\":[{\"@type\":\"ReadAction\",\"target\":[\"https:\\\/\\\/www.portdesitges.com\\\/19-veleros-salen-del-port-de-sitges-en-una-regata-a-formentera\\\/\"]}]},{\"@type\":\"ImageObject\",\"inLanguage\":\"ca\",\"@id\":\"https:\\\/\\\/www.portdesitges.com\\\/19-veleros-salen-del-port-de-sitges-en-una-regata-a-formentera\\\/#primaryimage\",\"url\":\"https:\\\/\\\/www.portdesitges.com\\\/wp-content\\\/uploads\\\/2021\\\/10\\\/WhatsApp-Image-2021-10-08-at-12.01.19.jpeg\",\"contentUrl\":\"https:\\\/\\\/www.portdesitges.com\\\/wp-content\\\/uploads\\\/2021\\\/10\\\/WhatsApp-Image-2021-10-08-at-12.01.19.jpeg\",\"width\":809,\"height\":1024},{\"@type\":\"BreadcrumbList\",\"@id\":\"https:\\\/\\\/www.portdesitges.com\\\/19-veleros-salen-del-port-de-sitges-en-una-regata-a-formentera\\\/#breadcrumb\",\"itemListElement\":[{\"@type\":\"ListItem\",\"position\":1,\"name\":\"Portada\",\"item\":\"https:\\\/\\\/www.portdesitges.com\\\/ca\\\/\"},{\"@type\":\"ListItem\",\"position\":2,\"name\":\"19 velers surten del Port de Sitges en una regata a Formentera\"}]},{\"@type\":\"WebSite\",\"@id\":\"https:\\\/\\\/www.portdesitges.com\\\/#website\",\"url\":\"https:\\\/\\\/www.portdesitges.com\\\/\",\"name\":\"Port de Sitges - Aiguadol\u00e7\",\"description\":\"lugar donde el mar y la tierra se dan de la mano para crear un espacio \u00fanico y atractivo. Disfruta de un mar de experiencias.\",\"potentialAction\":[{\"@type\":\"SearchAction\",\"target\":{\"@type\":\"EntryPoint\",\"urlTemplate\":\"https:\\\/\\\/www.portdesitges.com\\\/?s={search_term_string}\"},\"query-input\":{\"@type\":\"PropertyValueSpecification\",\"valueRequired\":true,\"valueName\":\"search_term_string\"}}],\"inLanguage\":\"ca\"},{\"@type\":\"Person\",\"@id\":\"https:\\\/\\\/www.portdesitges.com\\\/#\\\/schema\\\/person\\\/be98f3191d6c7bb6ccddc2e0ac4d861f\",\"name\":\"S\u00f2nia Felip\",\"image\":{\"@type\":\"ImageObject\",\"inLanguage\":\"ca\",\"@id\":\"https:\\\/\\\/secure.gravatar.com\\\/avatar\\\/3f5abf961091eed8bea1ba4a0fb5f78e0c728f907fe0cf722e81af4aa82939db?s=96&d=mm&r=g\",\"url\":\"https:\\\/\\\/secure.gravatar.com\\\/avatar\\\/3f5abf961091eed8bea1ba4a0fb5f78e0c728f907fe0cf722e81af4aa82939db?s=96&d=mm&r=g\",\"contentUrl\":\"https:\\\/\\\/secure.gravatar.com\\\/avatar\\\/3f5abf961091eed8bea1ba4a0fb5f78e0c728f907fe0cf722e81af4aa82939db?s=96&d=mm&r=g\",\"caption\":\"S\u00f2nia Felip\"},\"url\":\"https:\\\/\\\/www.portdesitges.com\\\/ca\\\/author\\\/sonia\\\/\"}]}<\/script>\n<!-- \/ Yoast SEO plugin. -->","yoast_head_json":{"title":"19 velers surten del Port de Sitges en una regata a Formentera","description":"El Port de Sitges ha estat avui, divendres 8 d\u2019octubre, l\u2019escenari de la sortida de la Regata Ophiusa, que enlla\u00e7a Sitges amb Formentera. 19 velers participen enguany en aquesta tradicional cita del Mediterrani, que celebra la seva divuitena edici\u00f3.","robots":{"index":"index","follow":"follow","max-snippet":"max-snippet:-1","max-image-preview":"max-image-preview:large","max-video-preview":"max-video-preview:-1"},"canonical":"https:\/\/www.portdesitges.com\/19-veleros-salen-del-port-de-sitges-en-una-regata-a-formentera\/","og_locale":"ca_ES","og_type":"article","og_title":"19 velers surten del Port de Sitges en una regata a Formentera","og_description":"El Port de Sitges ha estat avui, divendres 8 d\u2019octubre, l\u2019escenari de la sortida de la Regata Ophiusa, que enlla\u00e7a Sitges amb Formentera. 19 velers participen enguany en aquesta tradicional cita del Mediterrani, que celebra la seva divuitena edici\u00f3.","og_url":"https:\/\/www.portdesitges.com\/19-veleros-salen-del-port-de-sitges-en-una-regata-a-formentera\/","og_site_name":"Port de Sitges - Aiguadol\u00e7","article_published_time":"2021-10-08T13:22:21+00:00","og_image":[{"width":809,"height":1024,"url":"https:\/\/www.portdesitges.com\/wp-content\/uploads\/2021\/10\/WhatsApp-Image-2021-10-08-at-12.01.19.jpeg","type":"image\/jpeg"}],"author":"S\u00f2nia Felip","twitter_card":"summary_large_image","twitter_misc":{"Escrit per":"S\u00f2nia Felip","Temps estimat de lectura":"2 minuts"},"schema":{"@context":"https:\/\/schema.org","@graph":[{"@type":"Article","@id":"https:\/\/www.portdesitges.com\/19-veleros-salen-del-port-de-sitges-en-una-regata-a-formentera\/#article","isPartOf":{"@id":"https:\/\/www.portdesitges.com\/19-veleros-salen-del-port-de-sitges-en-una-regata-a-formentera\/"},"author":{"name":"S\u00f2nia Felip","@id":"https:\/\/www.portdesitges.com\/#\/schema\/person\/be98f3191d6c7bb6ccddc2e0ac4d861f"},"headline":"19 velers surten del Port de Sitges en una regata a Formentera","datePublished":"2021-10-08T13:22:21+00:00","mainEntityOfPage":{"@id":"https:\/\/www.portdesitges.com\/19-veleros-salen-del-port-de-sitges-en-una-regata-a-formentera\/"},"wordCount":424,"image":{"@id":"https:\/\/www.portdesitges.com\/19-veleros-salen-del-port-de-sitges-en-una-regata-a-formentera\/#primaryimage"},"thumbnailUrl":"https:\/\/www.portdesitges.com\/wp-content\/uploads\/2021\/10\/WhatsApp-Image-2021-10-08-at-12.01.19.jpeg","articleSection":["Not\u00edcias"],"inLanguage":"ca"},{"@type":"WebPage","@id":"https:\/\/www.portdesitges.com\/19-veleros-salen-del-port-de-sitges-en-una-regata-a-formentera\/","url":"https:\/\/www.portdesitges.com\/19-veleros-salen-del-port-de-sitges-en-una-regata-a-formentera\/","name":"19 velers surten del Port de Sitges en una regata a Formentera","isPartOf":{"@id":"https:\/\/www.portdesitges.com\/#website"},"primaryImageOfPage":{"@id":"https:\/\/www.portdesitges.com\/19-veleros-salen-del-port-de-sitges-en-una-regata-a-formentera\/#primaryimage"},"image":{"@id":"https:\/\/www.portdesitges.com\/19-veleros-salen-del-port-de-sitges-en-una-regata-a-formentera\/#primaryimage"},"thumbnailUrl":"https:\/\/www.portdesitges.com\/wp-content\/uploads\/2021\/10\/WhatsApp-Image-2021-10-08-at-12.01.19.jpeg","datePublished":"2021-10-08T13:22:21+00:00","author":{"@id":"https:\/\/www.portdesitges.com\/#\/schema\/person\/be98f3191d6c7bb6ccddc2e0ac4d861f"},"description":"El Port de Sitges ha estat avui, divendres 8 d\u2019octubre, l\u2019escenari de la sortida de la Regata Ophiusa, que enlla\u00e7a Sitges amb Formentera. 19 velers participen enguany en aquesta tradicional cita del Mediterrani, que celebra la seva divuitena edici\u00f3.","breadcrumb":{"@id":"https:\/\/www.portdesitges.com\/19-veleros-salen-del-port-de-sitges-en-una-regata-a-formentera\/#breadcrumb"},"inLanguage":"ca","potentialAction":[{"@type":"ReadAction","target":["https:\/\/www.portdesitges.com\/19-veleros-salen-del-port-de-sitges-en-una-regata-a-formentera\/"]}]},{"@type":"ImageObject","inLanguage":"ca","@id":"https:\/\/www.portdesitges.com\/19-veleros-salen-del-port-de-sitges-en-una-regata-a-formentera\/#primaryimage","url":"https:\/\/www.portdesitges.com\/wp-content\/uploads\/2021\/10\/WhatsApp-Image-2021-10-08-at-12.01.19.jpeg","contentUrl":"https:\/\/www.portdesitges.com\/wp-content\/uploads\/2021\/10\/WhatsApp-Image-2021-10-08-at-12.01.19.jpeg","width":809,"height":1024},{"@type":"BreadcrumbList","@id":"https:\/\/www.portdesitges.com\/19-veleros-salen-del-port-de-sitges-en-una-regata-a-formentera\/#breadcrumb","itemListElement":[{"@type":"ListItem","position":1,"name":"Portada","item":"https:\/\/www.portdesitges.com\/ca\/"},{"@type":"ListItem","position":2,"name":"19 velers surten del Port de Sitges en una regata a Formentera"}]},{"@type":"WebSite","@id":"https:\/\/www.portdesitges.com\/#website","url":"https:\/\/www.portdesitges.com\/","name":"Port de Sitges - Aiguadol\u00e7","description":"lugar donde el mar y la tierra se dan de la mano para crear un espacio \u00fanico y atractivo. Disfruta de un mar de experiencias.","potentialAction":[{"@type":"SearchAction","target":{"@type":"EntryPoint","urlTemplate":"https:\/\/www.portdesitges.com\/?s={search_term_string}"},"query-input":{"@type":"PropertyValueSpecification","valueRequired":true,"valueName":"search_term_string"}}],"inLanguage":"ca"},{"@type":"Person","@id":"https:\/\/www.portdesitges.com\/#\/schema\/person\/be98f3191d6c7bb6ccddc2e0ac4d861f","name":"S\u00f2nia Felip","image":{"@type":"ImageObject","inLanguage":"ca","@id":"https:\/\/secure.gravatar.com\/avatar\/3f5abf961091eed8bea1ba4a0fb5f78e0c728f907fe0cf722e81af4aa82939db?s=96&d=mm&r=g","url":"https:\/\/secure.gravatar.com\/avatar\/3f5abf961091eed8bea1ba4a0fb5f78e0c728f907fe0cf722e81af4aa82939db?s=96&d=mm&r=g","contentUrl":"https:\/\/secure.gravatar.com\/avatar\/3f5abf961091eed8bea1ba4a0fb5f78e0c728f907fe0cf722e81af4aa82939db?s=96&d=mm&r=g","caption":"S\u00f2nia Felip"},"url":"https:\/\/www.portdesitges.com\/ca\/author\/sonia\/"}]}},"_links":{"self":[{"href":"https:\/\/www.portdesitges.com\/ca\/wp-json\/wp\/v2\/posts\/14619","targetHints":{"allow":["GET"]}}],"collection":[{"href":"https:\/\/www.portdesitges.com\/ca\/wp-json\/wp\/v2\/posts"}],"about":[{"href":"https:\/\/www.portdesitges.com\/ca\/wp-json\/wp\/v2\/types\/post"}],"author":[{"embeddable":true,"href":"https:\/\/www.portdesitges.com\/ca\/wp-json\/wp\/v2\/users\/3"}],"replies":[{"embeddable":true,"href":"https:\/\/www.portdesitges.com\/ca\/wp-json\/wp\/v2\/comments?post=14619"}],"version-history":[{"count":1,"href":"https:\/\/www.portdesitges.com\/ca\/wp-json\/wp\/v2\/posts\/14619\/revisions"}],"predecessor-version":[{"id":14627,"href":"https:\/\/www.portdesitges.com\/ca\/wp-json\/wp\/v2\/posts\/14619\/revisions\/14627"}],"wp:featuredmedia":[{"embeddable":true,"href":"https:\/\/www.portdesitges.com\/ca\/wp-json\/wp\/v2\/media\/14623"}],"wp:attachment":[{"href":"https:\/\/www.portdesitges.com\/ca\/wp-json\/wp\/v2\/media?parent=14619"}],"wp:term":[{"taxonomy":"category","embeddable":true,"href":"https:\/\/www.portdesitges.com\/ca\/wp-json\/wp\/v2\/categories?post=14619"},{"taxonomy":"post_tag","embeddable":true,"href":"https:\/\/www.portdesitges.com\/ca\/wp-json\/wp\/v2\/tags?post=14619"}],"curies":[{"name":"wp","href":"https:\/\/api.w.org\/{rel}","templated":true}]}}