{"id":14592,"date":"2021-10-07T12:24:17","date_gmt":"2021-10-07T12:24:17","guid":{"rendered":"https:\/\/www.portdesitges.com\/?p=14592"},"modified":"2021-10-08T13:08:03","modified_gmt":"2021-10-08T13:08:03","slug":"el-port-de-sitges-es-un-dels-actors-principals-del-festival-de-cinema","status":"publish","type":"post","link":"https:\/\/www.portdesitges.com\/ca\/el-port-de-sitges-es-un-dels-actors-principals-del-festival-de-cinema\/","title":{"rendered":"El Port de Sitges \u00e9s un dels actors principals del Festival de Cinema"},"content":{"rendered":"[vc_row type=&#8221;in_container&#8221; full_screen_row_position=&#8221;middle&#8221; column_margin=&#8221;default&#8221; scene_position=&#8221;center&#8221; text_color=&#8221;dark&#8221; text_align=&#8221;left&#8221; overlay_strength=&#8221;0.3&#8243; shape_divider_position=&#8221;bottom&#8221; bg_image_animation=&#8221;none&#8221;][vc_column column_padding=&#8221;no-extra-padding&#8221; column_padding_position=&#8221;all&#8221; background_color_opacity=&#8221;1&#8243; background_hover_color_opacity=&#8221;1&#8243; column_link_target=&#8221;_self&#8221; column_shadow=&#8221;none&#8221; column_border_radius=&#8221;none&#8221; width=&#8221;1\/1&#8243; tablet_width_inherit=&#8221;default&#8221; tablet_text_alignment=&#8221;default&#8221; phone_text_alignment=&#8221;default&#8221; overlay_strength=&#8221;0.3&#8243; column_border_width=&#8221;none&#8221; column_border_style=&#8221;solid&#8221; bg_image_animation=&#8221;none&#8221;][vc_column_text]Un any m\u00e9s, renovem el nostre comprom\u00eds amb el Festival de Cinema i acollirem diverses activitats paral\u2022leles durant el certamen, que comen\u00e7a aquest dijous 7 d&#8217;octubre i finalitzar\u00e0 el pr\u00f2xim diumenge dia 17. El Fantastic Stret Art, el Taller de Maquillatge Fant\u00e0stic i tres sopars oficials amb estrelles del fant\u00e0stic, descentralitzaran el Festival i l&#8217;aproparan a primera l\u00ednia de mar a Aiguadol\u00e7.<\/p>\n<p>Les parets del Moll de Ponent seran l\u2019escenari de la tercera edici\u00f3 del concurs de grafits Fantastic Street Art, que pret\u00e9n atreure la creativitat del jovent. Els autors dels esbossos seleccionats en un concurs muntat per a l&#8217;ocasi\u00f3, pintaran les seves creacions a les parets del Port, el dissabte 9 d\u2019octubre, de 10 a 18 hores. El jurat decidir\u00e0 les obres guanyadores el dilluns 11 d\u2019octubre i donar\u00e0 a con\u00e8ixer el veredicte el mateix dia durant l\u2019acte de lliurament de premis, que inclou entrades per assistir al Festival, productes de marxandatge o una experi\u00e8ncia n\u00e0utica.<br \/>\nEls dos dissabtes vinents, el dia 9 i el dia 16, la Torre de Capitania ser\u00e0 la seu del Taller de Maquillatge Fant\u00e0stic i Terror per a alumnes de prim\u00e0ria (de 6 a 12 anys). En grups de deu persones s\u2019ensenyar\u00e0 als m\u00e9s menuts a fer-se ferides de mentida, hematomes i diverses lesions amb els materials que fan servir els professionals de la caracteritzaci\u00f3 per a cinema.<\/p>\n<p>Altrament, el Port tamb\u00e9 \u00e9s sin\u00f2nim de tranquil\u2022litat i bona gastronomia i les grans estrelles que v\u00e9nen aquests dies a Sitges acostumen a realitzar grans \u00e0pats en els restaurants portuaris. Divendres 8, a la Taberna del Puerto, \u00c1lex de la Iglesia i el seu seguici de Veneciafrenia gaudiran d&#8217;una gran velada al m\u00edtic restaurant. Diumenge 10, a l&#8217;Opera Bistro assistir\u00e0 l&#8217;equip de Historias para no dormir, encap\u00e7alats pels quatre directors: Rodrigo Cort\u00e9s, Rodrigo Sorogoyen, Paco Plaza i Paula Ortiz. Finalment, Juanjo Jim\u00e9nez i els seus companys de Tres soparan a Can Laury Peix, dimarts 12.<\/p>\n<p>Per a tothom que vulgui sentir-se estrella per un dia, instal\u2022larem un photocall del Festival al costat de la Torre de Capitania per a qui es vulgui apropar i fer-se fotografies. El Port fa anys que ha esdevingut un dels protagonistes del Sitges &#8211; Festival Internacional de Cinema Fant\u00e0stic de Catalunya organitzant diversos actes: la festa d&#8217;inauguraci\u00f3, sopars amb estrelles del certamen, les entrevistes amb vistes al Moll de Ponent, punt de trobada dels talents, photocalls, catifes vermelles, gravaci\u00f3 de programes de televisi\u00f3 durant el certamen i enguany el concurs de grafits al Moll de Ponent i els tallers de maquillatge. El Port i el Festival mantenen, un any m\u00e9s, la llarga relaci\u00f3.[\/vc_column_text][\/vc_column][\/vc_row][vc_row type=&#8221;in_container&#8221; full_screen_row_position=&#8221;middle&#8221; column_margin=&#8221;default&#8221; scene_position=&#8221;center&#8221; text_color=&#8221;dark&#8221; text_align=&#8221;left&#8221; overlay_strength=&#8221;0.3&#8243; shape_divider_position=&#8221;bottom&#8221; bg_image_animation=&#8221;none&#8221;][vc_column column_padding=&#8221;no-extra-padding&#8221; column_padding_position=&#8221;all&#8221; background_color_opacity=&#8221;1&#8243; background_hover_color_opacity=&#8221;1&#8243; column_link_target=&#8221;_self&#8221; column_shadow=&#8221;none&#8221; column_border_radius=&#8221;none&#8221; width=&#8221;1\/1&#8243; tablet_width_inherit=&#8221;default&#8221; tablet_text_alignment=&#8221;default&#8221; phone_text_alignment=&#8221;default&#8221; overlay_strength=&#8221;0.3&#8243; column_border_width=&#8221;none&#8221; column_border_style=&#8221;solid&#8221; bg_image_animation=&#8221;none&#8221;][\/vc_column][\/vc_row][vc_row type=&#8221;in_container&#8221; full_screen_row_position=&#8221;middle&#8221; column_margin=&#8221;default&#8221; scene_position=&#8221;center&#8221; text_color=&#8221;dark&#8221; text_align=&#8221;left&#8221; overlay_strength=&#8221;0.3&#8243; shape_divider_position=&#8221;bottom&#8221; bg_image_animation=&#8221;none&#8221;][vc_column column_padding=&#8221;no-extra-padding&#8221; column_padding_position=&#8221;all&#8221; background_color_opacity=&#8221;1&#8243; background_hover_color_opacity=&#8221;1&#8243; column_link_target=&#8221;_self&#8221; column_shadow=&#8221;none&#8221; column_border_radius=&#8221;none&#8221; width=&#8221;1\/1&#8243; tablet_width_inherit=&#8221;default&#8221; tablet_text_alignment=&#8221;default&#8221; phone_text_alignment=&#8221;default&#8221; overlay_strength=&#8221;0.3&#8243; column_border_width=&#8221;none&#8221; column_border_style=&#8221;solid&#8221; bg_image_animation=&#8221;none&#8221;][vc_column_text][\/ vc_column] [\/ vc_row][\/vc_column_text][\/vc_column][\/vc_row]\n","protected":false},"excerpt":{"rendered":"<p>[vc_row type=&#8221;in_container&#8221; full_screen_row_position=&#8221;middle&#8221; column_margin=&#8221;default&#8221; scene_position=&#8221;center&#8221; text_color=&#8221;dark&#8221; text_align=&#8221;left&#8221; overlay_strength=&#8221;0.3&#8243; shape_divider_position=&#8221;bottom&#8221; bg_image_animation=&#8221;none&#8221;][vc_column column_padding=&#8221;no-extra-padding&#8221; column_padding_position=&#8221;all&#8221; background_color_opacity=&#8221;1&#8243; background_hover_color_opacity=&#8221;1&#8243; column_link_target=&#8221;_self&#8221; column_shadow=&#8221;none&#8221; column_border_radius=&#8221;none&#8221; width=&#8221;1\/1&#8243; tablet_width_inherit=&#8221;default&#8221; tablet_text_alignment=&#8221;default&#8221; phone_text_alignment=&#8221;default&#8221; overlay_strength=&#8221;0.3&#8243; column_border_width=&#8221;none&#8221; column_border_style=&#8221;solid&#8221; bg_image_animation=&#8221;none&#8221;][vc_column_text]Un any m\u00e9s, renovem el nostre&#8230;<\/p>\n","protected":false},"author":3,"featured_media":14615,"comment_status":"closed","ping_status":"closed","sticky":false,"template":"","format":"standard","meta":{"footnotes":""},"categories":[62],"tags":[],"class_list":{"0":"post-14592","1":"post","2":"type-post","3":"status-publish","4":"format-standard","5":"has-post-thumbnail","7":"category-noticias-ca"},"yoast_head":"<!-- This site is optimized with the Yoast SEO plugin v27.3 - https:\/\/yoast.com\/product\/yoast-seo-wordpress\/ -->\n<title>El Port de Sitges \u00e9s un dels actors principals del Festival de Cinema<\/title>\n<meta name=\"description\" content=\"Un any m\u00e9s, renovem el nostre comprom\u00eds amb el Festival de Cinema i acollirem diverses activitats paral\u2022leles durant el certamen, que comen\u00e7a aquest dijous 7 d&#039;octubre i finalitzar\u00e0 el pr\u00f2xim diumenge dia 17. El Fantastic Stret Art, el Taller de Maquillatge Fant\u00e0stic i tres sopars oficials amb estrelles del fant\u00e0stic, descentralitzaran el Festival i l&#039;aproparan a primera l\u00ednia de mar a Aiguadol\u00e7.\" \/>\n<meta name=\"robots\" content=\"index, follow, max-snippet:-1, max-image-preview:large, max-video-preview:-1\" \/>\n<link rel=\"canonical\" href=\"https:\/\/www.portdesitges.com\/el-port-de-sitges-es-uno-de-los-actores-principales-del-festival-de-cine\/\" \/>\n<meta property=\"og:locale\" content=\"ca_ES\" \/>\n<meta property=\"og:type\" content=\"article\" \/>\n<meta property=\"og:title\" content=\"El Port de Sitges \u00e9s un dels actors principals del Festival de Cinema\" \/>\n<meta property=\"og:description\" content=\"Un any m\u00e9s, renovem el nostre comprom\u00eds amb el Festival de Cinema i acollirem diverses activitats paral\u2022leles durant el certamen, que comen\u00e7a aquest dijous 7 d&#039;octubre i finalitzar\u00e0 el pr\u00f2xim diumenge dia 17. El Fantastic Stret Art, el Taller de Maquillatge Fant\u00e0stic i tres sopars oficials amb estrelles del fant\u00e0stic, descentralitzaran el Festival i l&#039;aproparan a primera l\u00ednia de mar a Aiguadol\u00e7.\" \/>\n<meta property=\"og:url\" content=\"https:\/\/www.portdesitges.com\/el-port-de-sitges-es-uno-de-los-actores-principales-del-festival-de-cine\/\" \/>\n<meta property=\"og:site_name\" content=\"Port de Sitges - Aiguadol\u00e7\" \/>\n<meta property=\"article:published_time\" content=\"2021-10-07T12:24:17+00:00\" \/>\n<meta property=\"article:modified_time\" content=\"2021-10-08T13:08:03+00:00\" \/>\n<meta property=\"og:image\" content=\"https:\/\/www.portdesitges.com\/wp-content\/uploads\/2021\/10\/IMG_8674-scaled.jpg\" \/>\n\t<meta property=\"og:image:width\" content=\"2560\" \/>\n\t<meta property=\"og:image:height\" content=\"1377\" \/>\n\t<meta property=\"og:image:type\" content=\"image\/jpeg\" \/>\n<meta name=\"author\" content=\"S\u00f2nia Felip\" \/>\n<meta name=\"twitter:card\" content=\"summary_large_image\" \/>\n<meta name=\"twitter:label1\" content=\"Escrit per\" \/>\n\t<meta name=\"twitter:data1\" content=\"S\u00f2nia Felip\" \/>\n\t<meta name=\"twitter:label2\" content=\"Temps estimat de lectura\" \/>\n\t<meta name=\"twitter:data2\" content=\"4 minuts\" \/>\n<script type=\"application\/ld+json\" class=\"yoast-schema-graph\">{\"@context\":\"https:\\\/\\\/schema.org\",\"@graph\":[{\"@type\":\"Article\",\"@id\":\"https:\\\/\\\/www.portdesitges.com\\\/el-port-de-sitges-es-uno-de-los-actores-principales-del-festival-de-cine\\\/#article\",\"isPartOf\":{\"@id\":\"https:\\\/\\\/www.portdesitges.com\\\/el-port-de-sitges-es-uno-de-los-actores-principales-del-festival-de-cine\\\/\"},\"author\":{\"name\":\"S\u00f2nia Felip\",\"@id\":\"https:\\\/\\\/www.portdesitges.com\\\/#\\\/schema\\\/person\\\/be98f3191d6c7bb6ccddc2e0ac4d861f\"},\"headline\":\"El Port de Sitges \u00e9s un dels actors principals del Festival de Cinema\",\"datePublished\":\"2021-10-07T12:24:17+00:00\",\"dateModified\":\"2021-10-08T13:08:03+00:00\",\"mainEntityOfPage\":{\"@id\":\"https:\\\/\\\/www.portdesitges.com\\\/el-port-de-sitges-es-uno-de-los-actores-principales-del-festival-de-cine\\\/\"},\"wordCount\":755,\"image\":{\"@id\":\"https:\\\/\\\/www.portdesitges.com\\\/el-port-de-sitges-es-uno-de-los-actores-principales-del-festival-de-cine\\\/#primaryimage\"},\"thumbnailUrl\":\"https:\\\/\\\/www.portdesitges.com\\\/wp-content\\\/uploads\\\/2021\\\/10\\\/IMG_8674-scaled.jpg\",\"articleSection\":[\"Not\u00edcias\"],\"inLanguage\":\"ca\"},{\"@type\":\"WebPage\",\"@id\":\"https:\\\/\\\/www.portdesitges.com\\\/el-port-de-sitges-es-uno-de-los-actores-principales-del-festival-de-cine\\\/\",\"url\":\"https:\\\/\\\/www.portdesitges.com\\\/el-port-de-sitges-es-uno-de-los-actores-principales-del-festival-de-cine\\\/\",\"name\":\"El Port de Sitges \u00e9s un dels actors principals del Festival de Cinema\",\"isPartOf\":{\"@id\":\"https:\\\/\\\/www.portdesitges.com\\\/#website\"},\"primaryImageOfPage\":{\"@id\":\"https:\\\/\\\/www.portdesitges.com\\\/el-port-de-sitges-es-uno-de-los-actores-principales-del-festival-de-cine\\\/#primaryimage\"},\"image\":{\"@id\":\"https:\\\/\\\/www.portdesitges.com\\\/el-port-de-sitges-es-uno-de-los-actores-principales-del-festival-de-cine\\\/#primaryimage\"},\"thumbnailUrl\":\"https:\\\/\\\/www.portdesitges.com\\\/wp-content\\\/uploads\\\/2021\\\/10\\\/IMG_8674-scaled.jpg\",\"datePublished\":\"2021-10-07T12:24:17+00:00\",\"dateModified\":\"2021-10-08T13:08:03+00:00\",\"author\":{\"@id\":\"https:\\\/\\\/www.portdesitges.com\\\/#\\\/schema\\\/person\\\/be98f3191d6c7bb6ccddc2e0ac4d861f\"},\"description\":\"Un any m\u00e9s, renovem el nostre comprom\u00eds amb el Festival de Cinema i acollirem diverses activitats paral\u2022leles durant el certamen, que comen\u00e7a aquest dijous 7 d'octubre i finalitzar\u00e0 el pr\u00f2xim diumenge dia 17. El Fantastic Stret Art, el Taller de Maquillatge Fant\u00e0stic i tres sopars oficials amb estrelles del fant\u00e0stic, descentralitzaran el Festival i l'aproparan a primera l\u00ednia de mar a Aiguadol\u00e7.\",\"breadcrumb\":{\"@id\":\"https:\\\/\\\/www.portdesitges.com\\\/el-port-de-sitges-es-uno-de-los-actores-principales-del-festival-de-cine\\\/#breadcrumb\"},\"inLanguage\":\"ca\",\"potentialAction\":[{\"@type\":\"ReadAction\",\"target\":[\"https:\\\/\\\/www.portdesitges.com\\\/el-port-de-sitges-es-uno-de-los-actores-principales-del-festival-de-cine\\\/\"]}]},{\"@type\":\"ImageObject\",\"inLanguage\":\"ca\",\"@id\":\"https:\\\/\\\/www.portdesitges.com\\\/el-port-de-sitges-es-uno-de-los-actores-principales-del-festival-de-cine\\\/#primaryimage\",\"url\":\"https:\\\/\\\/www.portdesitges.com\\\/wp-content\\\/uploads\\\/2021\\\/10\\\/IMG_8674-scaled.jpg\",\"contentUrl\":\"https:\\\/\\\/www.portdesitges.com\\\/wp-content\\\/uploads\\\/2021\\\/10\\\/IMG_8674-scaled.jpg\",\"width\":2560,\"height\":1377},{\"@type\":\"BreadcrumbList\",\"@id\":\"https:\\\/\\\/www.portdesitges.com\\\/el-port-de-sitges-es-uno-de-los-actores-principales-del-festival-de-cine\\\/#breadcrumb\",\"itemListElement\":[{\"@type\":\"ListItem\",\"position\":1,\"name\":\"Portada\",\"item\":\"https:\\\/\\\/www.portdesitges.com\\\/ca\\\/\"},{\"@type\":\"ListItem\",\"position\":2,\"name\":\"El Port de Sitges \u00e9s un dels actors principals del Festival de Cinema\"}]},{\"@type\":\"WebSite\",\"@id\":\"https:\\\/\\\/www.portdesitges.com\\\/#website\",\"url\":\"https:\\\/\\\/www.portdesitges.com\\\/\",\"name\":\"Port de Sitges - Aiguadol\u00e7\",\"description\":\"lugar donde el mar y la tierra se dan de la mano para crear un espacio \u00fanico y atractivo. Disfruta de un mar de experiencias.\",\"potentialAction\":[{\"@type\":\"SearchAction\",\"target\":{\"@type\":\"EntryPoint\",\"urlTemplate\":\"https:\\\/\\\/www.portdesitges.com\\\/?s={search_term_string}\"},\"query-input\":{\"@type\":\"PropertyValueSpecification\",\"valueRequired\":true,\"valueName\":\"search_term_string\"}}],\"inLanguage\":\"ca\"},{\"@type\":\"Person\",\"@id\":\"https:\\\/\\\/www.portdesitges.com\\\/#\\\/schema\\\/person\\\/be98f3191d6c7bb6ccddc2e0ac4d861f\",\"name\":\"S\u00f2nia Felip\",\"image\":{\"@type\":\"ImageObject\",\"inLanguage\":\"ca\",\"@id\":\"https:\\\/\\\/secure.gravatar.com\\\/avatar\\\/3f5abf961091eed8bea1ba4a0fb5f78e0c728f907fe0cf722e81af4aa82939db?s=96&d=mm&r=g\",\"url\":\"https:\\\/\\\/secure.gravatar.com\\\/avatar\\\/3f5abf961091eed8bea1ba4a0fb5f78e0c728f907fe0cf722e81af4aa82939db?s=96&d=mm&r=g\",\"contentUrl\":\"https:\\\/\\\/secure.gravatar.com\\\/avatar\\\/3f5abf961091eed8bea1ba4a0fb5f78e0c728f907fe0cf722e81af4aa82939db?s=96&d=mm&r=g\",\"caption\":\"S\u00f2nia Felip\"},\"url\":\"https:\\\/\\\/www.portdesitges.com\\\/ca\\\/author\\\/sonia\\\/\"}]}<\/script>\n<!-- \/ Yoast SEO plugin. -->","yoast_head_json":{"title":"El Port de Sitges \u00e9s un dels actors principals del Festival de Cinema","description":"Un any m\u00e9s, renovem el nostre comprom\u00eds amb el Festival de Cinema i acollirem diverses activitats paral\u2022leles durant el certamen, que comen\u00e7a aquest dijous 7 d'octubre i finalitzar\u00e0 el pr\u00f2xim diumenge dia 17. El Fantastic Stret Art, el Taller de Maquillatge Fant\u00e0stic i tres sopars oficials amb estrelles del fant\u00e0stic, descentralitzaran el Festival i l'aproparan a primera l\u00ednia de mar a Aiguadol\u00e7.","robots":{"index":"index","follow":"follow","max-snippet":"max-snippet:-1","max-image-preview":"max-image-preview:large","max-video-preview":"max-video-preview:-1"},"canonical":"https:\/\/www.portdesitges.com\/el-port-de-sitges-es-uno-de-los-actores-principales-del-festival-de-cine\/","og_locale":"ca_ES","og_type":"article","og_title":"El Port de Sitges \u00e9s un dels actors principals del Festival de Cinema","og_description":"Un any m\u00e9s, renovem el nostre comprom\u00eds amb el Festival de Cinema i acollirem diverses activitats paral\u2022leles durant el certamen, que comen\u00e7a aquest dijous 7 d'octubre i finalitzar\u00e0 el pr\u00f2xim diumenge dia 17. El Fantastic Stret Art, el Taller de Maquillatge Fant\u00e0stic i tres sopars oficials amb estrelles del fant\u00e0stic, descentralitzaran el Festival i l'aproparan a primera l\u00ednia de mar a Aiguadol\u00e7.","og_url":"https:\/\/www.portdesitges.com\/el-port-de-sitges-es-uno-de-los-actores-principales-del-festival-de-cine\/","og_site_name":"Port de Sitges - Aiguadol\u00e7","article_published_time":"2021-10-07T12:24:17+00:00","article_modified_time":"2021-10-08T13:08:03+00:00","og_image":[{"width":2560,"height":1377,"url":"https:\/\/www.portdesitges.com\/wp-content\/uploads\/2021\/10\/IMG_8674-scaled.jpg","type":"image\/jpeg"}],"author":"S\u00f2nia Felip","twitter_card":"summary_large_image","twitter_misc":{"Escrit per":"S\u00f2nia Felip","Temps estimat de lectura":"4 minuts"},"schema":{"@context":"https:\/\/schema.org","@graph":[{"@type":"Article","@id":"https:\/\/www.portdesitges.com\/el-port-de-sitges-es-uno-de-los-actores-principales-del-festival-de-cine\/#article","isPartOf":{"@id":"https:\/\/www.portdesitges.com\/el-port-de-sitges-es-uno-de-los-actores-principales-del-festival-de-cine\/"},"author":{"name":"S\u00f2nia Felip","@id":"https:\/\/www.portdesitges.com\/#\/schema\/person\/be98f3191d6c7bb6ccddc2e0ac4d861f"},"headline":"El Port de Sitges \u00e9s un dels actors principals del Festival de Cinema","datePublished":"2021-10-07T12:24:17+00:00","dateModified":"2021-10-08T13:08:03+00:00","mainEntityOfPage":{"@id":"https:\/\/www.portdesitges.com\/el-port-de-sitges-es-uno-de-los-actores-principales-del-festival-de-cine\/"},"wordCount":755,"image":{"@id":"https:\/\/www.portdesitges.com\/el-port-de-sitges-es-uno-de-los-actores-principales-del-festival-de-cine\/#primaryimage"},"thumbnailUrl":"https:\/\/www.portdesitges.com\/wp-content\/uploads\/2021\/10\/IMG_8674-scaled.jpg","articleSection":["Not\u00edcias"],"inLanguage":"ca"},{"@type":"WebPage","@id":"https:\/\/www.portdesitges.com\/el-port-de-sitges-es-uno-de-los-actores-principales-del-festival-de-cine\/","url":"https:\/\/www.portdesitges.com\/el-port-de-sitges-es-uno-de-los-actores-principales-del-festival-de-cine\/","name":"El Port de Sitges \u00e9s un dels actors principals del Festival de Cinema","isPartOf":{"@id":"https:\/\/www.portdesitges.com\/#website"},"primaryImageOfPage":{"@id":"https:\/\/www.portdesitges.com\/el-port-de-sitges-es-uno-de-los-actores-principales-del-festival-de-cine\/#primaryimage"},"image":{"@id":"https:\/\/www.portdesitges.com\/el-port-de-sitges-es-uno-de-los-actores-principales-del-festival-de-cine\/#primaryimage"},"thumbnailUrl":"https:\/\/www.portdesitges.com\/wp-content\/uploads\/2021\/10\/IMG_8674-scaled.jpg","datePublished":"2021-10-07T12:24:17+00:00","dateModified":"2021-10-08T13:08:03+00:00","author":{"@id":"https:\/\/www.portdesitges.com\/#\/schema\/person\/be98f3191d6c7bb6ccddc2e0ac4d861f"},"description":"Un any m\u00e9s, renovem el nostre comprom\u00eds amb el Festival de Cinema i acollirem diverses activitats paral\u2022leles durant el certamen, que comen\u00e7a aquest dijous 7 d'octubre i finalitzar\u00e0 el pr\u00f2xim diumenge dia 17. El Fantastic Stret Art, el Taller de Maquillatge Fant\u00e0stic i tres sopars oficials amb estrelles del fant\u00e0stic, descentralitzaran el Festival i l'aproparan a primera l\u00ednia de mar a Aiguadol\u00e7.","breadcrumb":{"@id":"https:\/\/www.portdesitges.com\/el-port-de-sitges-es-uno-de-los-actores-principales-del-festival-de-cine\/#breadcrumb"},"inLanguage":"ca","potentialAction":[{"@type":"ReadAction","target":["https:\/\/www.portdesitges.com\/el-port-de-sitges-es-uno-de-los-actores-principales-del-festival-de-cine\/"]}]},{"@type":"ImageObject","inLanguage":"ca","@id":"https:\/\/www.portdesitges.com\/el-port-de-sitges-es-uno-de-los-actores-principales-del-festival-de-cine\/#primaryimage","url":"https:\/\/www.portdesitges.com\/wp-content\/uploads\/2021\/10\/IMG_8674-scaled.jpg","contentUrl":"https:\/\/www.portdesitges.com\/wp-content\/uploads\/2021\/10\/IMG_8674-scaled.jpg","width":2560,"height":1377},{"@type":"BreadcrumbList","@id":"https:\/\/www.portdesitges.com\/el-port-de-sitges-es-uno-de-los-actores-principales-del-festival-de-cine\/#breadcrumb","itemListElement":[{"@type":"ListItem","position":1,"name":"Portada","item":"https:\/\/www.portdesitges.com\/ca\/"},{"@type":"ListItem","position":2,"name":"El Port de Sitges \u00e9s un dels actors principals del Festival de Cinema"}]},{"@type":"WebSite","@id":"https:\/\/www.portdesitges.com\/#website","url":"https:\/\/www.portdesitges.com\/","name":"Port de Sitges - Aiguadol\u00e7","description":"lugar donde el mar y la tierra se dan de la mano para crear un espacio \u00fanico y atractivo. Disfruta de un mar de experiencias.","potentialAction":[{"@type":"SearchAction","target":{"@type":"EntryPoint","urlTemplate":"https:\/\/www.portdesitges.com\/?s={search_term_string}"},"query-input":{"@type":"PropertyValueSpecification","valueRequired":true,"valueName":"search_term_string"}}],"inLanguage":"ca"},{"@type":"Person","@id":"https:\/\/www.portdesitges.com\/#\/schema\/person\/be98f3191d6c7bb6ccddc2e0ac4d861f","name":"S\u00f2nia Felip","image":{"@type":"ImageObject","inLanguage":"ca","@id":"https:\/\/secure.gravatar.com\/avatar\/3f5abf961091eed8bea1ba4a0fb5f78e0c728f907fe0cf722e81af4aa82939db?s=96&d=mm&r=g","url":"https:\/\/secure.gravatar.com\/avatar\/3f5abf961091eed8bea1ba4a0fb5f78e0c728f907fe0cf722e81af4aa82939db?s=96&d=mm&r=g","contentUrl":"https:\/\/secure.gravatar.com\/avatar\/3f5abf961091eed8bea1ba4a0fb5f78e0c728f907fe0cf722e81af4aa82939db?s=96&d=mm&r=g","caption":"S\u00f2nia Felip"},"url":"https:\/\/www.portdesitges.com\/ca\/author\/sonia\/"}]}},"_links":{"self":[{"href":"https:\/\/www.portdesitges.com\/ca\/wp-json\/wp\/v2\/posts\/14592","targetHints":{"allow":["GET"]}}],"collection":[{"href":"https:\/\/www.portdesitges.com\/ca\/wp-json\/wp\/v2\/posts"}],"about":[{"href":"https:\/\/www.portdesitges.com\/ca\/wp-json\/wp\/v2\/types\/post"}],"author":[{"embeddable":true,"href":"https:\/\/www.portdesitges.com\/ca\/wp-json\/wp\/v2\/users\/3"}],"replies":[{"embeddable":true,"href":"https:\/\/www.portdesitges.com\/ca\/wp-json\/wp\/v2\/comments?post=14592"}],"version-history":[{"count":1,"href":"https:\/\/www.portdesitges.com\/ca\/wp-json\/wp\/v2\/posts\/14592\/revisions"}],"predecessor-version":[{"id":14605,"href":"https:\/\/www.portdesitges.com\/ca\/wp-json\/wp\/v2\/posts\/14592\/revisions\/14605"}],"wp:featuredmedia":[{"embeddable":true,"href":"https:\/\/www.portdesitges.com\/ca\/wp-json\/wp\/v2\/media\/14615"}],"wp:attachment":[{"href":"https:\/\/www.portdesitges.com\/ca\/wp-json\/wp\/v2\/media?parent=14592"}],"wp:term":[{"taxonomy":"category","embeddable":true,"href":"https:\/\/www.portdesitges.com\/ca\/wp-json\/wp\/v2\/categories?post=14592"},{"taxonomy":"post_tag","embeddable":true,"href":"https:\/\/www.portdesitges.com\/ca\/wp-json\/wp\/v2\/tags?post=14592"}],"curies":[{"name":"wp","href":"https:\/\/api.w.org\/{rel}","templated":true}]}}