{"id":14453,"date":"2021-07-12T14:15:04","date_gmt":"2021-07-12T14:15:04","guid":{"rendered":"https:\/\/www.portdesitges.com\/?p=14453"},"modified":"2021-07-12T14:15:04","modified_gmt":"2021-07-12T14:15:04","slug":"la-verge-del-carme-tornara-a-sortir-en-processo","status":"publish","type":"post","link":"https:\/\/www.portdesitges.com\/ca\/la-verge-del-carme-tornara-a-sortir-en-processo\/","title":{"rendered":"La Verge del Carme tornar\u00e0 a sortir en Process\u00f3"},"content":{"rendered":"[vc_row type=&#8221;in_container&#8221; full_screen_row_position=&#8221;middle&#8221; column_margin=&#8221;default&#8221; scene_position=&#8221;center&#8221; text_color=&#8221;dark&#8221; text_align=&#8221;left&#8221; overlay_strength=&#8221;0.3&#8243; shape_divider_position=&#8221;bottom&#8221; bg_image_animation=&#8221;none&#8221;][vc_column column_padding=&#8221;no-extra-padding&#8221; column_padding_position=&#8221;all&#8221; background_color_opacity=&#8221;1&#8243; background_hover_color_opacity=&#8221;1&#8243; column_link_target=&#8221;_self&#8221; column_shadow=&#8221;none&#8221; column_border_radius=&#8221;none&#8221; width=&#8221;1\/1&#8243; tablet_width_inherit=&#8221;default&#8221; tablet_text_alignment=&#8221;default&#8221; phone_text_alignment=&#8221;default&#8221; overlay_strength=&#8221;0.3&#8243; column_border_width=&#8221;none&#8221; column_border_style=&#8221;solid&#8221; bg_image_animation=&#8221;none&#8221;][vc_column_text]La Verge mar\u00edtima no descansa i les embarcacions tornaran a sortir, si D\u00e9u vol, per homenatjar la Mare de D\u00e9u del Carme. El Port de Sitges viur\u00e0 el pr\u00f2xim divendres 16 de juliol una festivitat diferent, per\u00f2 l&#8217;acte principal de la jornada, s\u00ed que se celebrar\u00e0. La Verge, patrona dels pescadors, encap\u00e7alar\u00e0 la process\u00f3 en una embarcaci\u00f3 amb pocs acompanyants per seguir les mesures de seguretat preventives per mantenir a ratlla la pand\u00e8mia. Des del Port demanem a totes les barques que es vulguin afegir simb\u00f2licament, que ho facin amb el menor nombre de gent possible, per evitar aglomeracions a l&#8217;entrada i la sortida.<\/p>\n<p>Altrament, lamentem informar que, a causa del gran rebrot que pateix la vila, sent la primera poblaci\u00f3 catalana en nombre de contagis, sobretot entre els menors de 30 anys, cancel\u2022lem el concert d&#8217;havaneres posterior: tot un exercici de responsabilitat, pensant en la seguretat de tots els assistents, per evitar aglomeracions innecess\u00e0ries de gent.<\/p>\n<p>La festivitat de la patrona dels pescadors se celebra al Port de Sitges de manera ininterrompuda des del 1996 \u2013encara que les embarcacions ja sortien en Process\u00f3 des d&#8217;un grapat d&#8217;anys enrere\u2013, i per aix\u00f2, tot i la pand\u00e8mia, aquests dos \u00faltims anys hem seguit mantenint la m\u00edtica i esperada sortida de les barques.[\/vc_column_text][\/vc_column][\/vc_row][vc_row type=&#8221;in_container&#8221; full_screen_row_position=&#8221;middle&#8221; column_margin=&#8221;default&#8221; scene_position=&#8221;center&#8221; text_color=&#8221;dark&#8221; text_align=&#8221;left&#8221; overlay_strength=&#8221;0.3&#8243; shape_divider_position=&#8221;bottom&#8221; bg_image_animation=&#8221;none&#8221;][vc_column column_padding=&#8221;no-extra-padding&#8221; column_padding_position=&#8221;all&#8221; background_color_opacity=&#8221;1&#8243; background_hover_color_opacity=&#8221;1&#8243; column_link_target=&#8221;_self&#8221; column_shadow=&#8221;none&#8221; column_border_radius=&#8221;none&#8221; width=&#8221;1\/1&#8243; tablet_width_inherit=&#8221;default&#8221; tablet_text_alignment=&#8221;default&#8221; phone_text_alignment=&#8221;default&#8221; overlay_strength=&#8221;0.3&#8243; column_border_width=&#8221;none&#8221; column_border_style=&#8221;solid&#8221; bg_image_animation=&#8221;none&#8221;][\/vc_column][\/vc_row][vc_row type=&#8221;in_container&#8221; full_screen_row_position=&#8221;middle&#8221; column_margin=&#8221;default&#8221; scene_position=&#8221;center&#8221; text_color=&#8221;dark&#8221; text_align=&#8221;left&#8221; overlay_strength=&#8221;0.3&#8243; shape_divider_position=&#8221;bottom&#8221; bg_image_animation=&#8221;none&#8221;][vc_column column_padding=&#8221;no-extra-padding&#8221; column_padding_position=&#8221;all&#8221; background_color_opacity=&#8221;1&#8243; background_hover_color_opacity=&#8221;1&#8243; column_link_target=&#8221;_self&#8221; column_shadow=&#8221;none&#8221; column_border_radius=&#8221;none&#8221; width=&#8221;1\/1&#8243; tablet_width_inherit=&#8221;default&#8221; tablet_text_alignment=&#8221;default&#8221; phone_text_alignment=&#8221;default&#8221; overlay_strength=&#8221;0.3&#8243; column_border_width=&#8221;none&#8221; column_border_style=&#8221;solid&#8221; bg_image_animation=&#8221;none&#8221;][vc_column_text][\/ vc_column] [\/ vc_row][\/vc_column_text][\/vc_column][\/vc_row]\n","protected":false},"excerpt":{"rendered":"<p>[vc_row type=&#8221;in_container&#8221; full_screen_row_position=&#8221;middle&#8221; column_margin=&#8221;default&#8221; scene_position=&#8221;center&#8221; text_color=&#8221;dark&#8221; text_align=&#8221;left&#8221; overlay_strength=&#8221;0.3&#8243; shape_divider_position=&#8221;bottom&#8221; bg_image_animation=&#8221;none&#8221;][vc_column column_padding=&#8221;no-extra-padding&#8221; column_padding_position=&#8221;all&#8221; background_color_opacity=&#8221;1&#8243; background_hover_color_opacity=&#8221;1&#8243; column_link_target=&#8221;_self&#8221; column_shadow=&#8221;none&#8221; column_border_radius=&#8221;none&#8221; width=&#8221;1\/1&#8243; tablet_width_inherit=&#8221;default&#8221; tablet_text_alignment=&#8221;default&#8221; phone_text_alignment=&#8221;default&#8221; overlay_strength=&#8221;0.3&#8243; column_border_width=&#8221;none&#8221; column_border_style=&#8221;solid&#8221; bg_image_animation=&#8221;none&#8221;][vc_column_text]La Verge mar\u00edtima no descansa i&#8230;<\/p>\n","protected":false},"author":3,"featured_media":14457,"comment_status":"closed","ping_status":"closed","sticky":false,"template":"","format":"standard","meta":{"footnotes":""},"categories":[62],"tags":[],"class_list":{"0":"post-14453","1":"post","2":"type-post","3":"status-publish","4":"format-standard","5":"has-post-thumbnail","7":"category-noticias-ca"},"yoast_head":"<!-- This site is optimized with the Yoast SEO plugin v27.3 - https:\/\/yoast.com\/product\/yoast-seo-wordpress\/ -->\n<title>La Verge del Carme tornar\u00e0 a sortir en Process\u00f3<\/title>\n<meta name=\"description\" content=\"La Verge mar\u00edtima no descansa i les embarcacions tornaran a sortir, si D\u00e9u vol, per homenatjar la Mare de D\u00e9u del Carme. El Port de Sitges viur\u00e0 el pr\u00f2xim divendres 16 de juliol una festivitat diferent, per\u00f2 l&#039;acte principal de la jornada, s\u00ed que se celebrar\u00e0.\" \/>\n<meta name=\"robots\" content=\"index, follow, max-snippet:-1, max-image-preview:large, max-video-preview:-1\" \/>\n<link rel=\"canonical\" href=\"https:\/\/www.portdesitges.com\/la-virgen-del-carmen-volvera-a-salir-en-procesion\/\" \/>\n<meta property=\"og:locale\" content=\"ca_ES\" \/>\n<meta property=\"og:type\" content=\"article\" \/>\n<meta property=\"og:title\" content=\"La Verge del Carme tornar\u00e0 a sortir en Process\u00f3\" \/>\n<meta property=\"og:description\" content=\"La Verge mar\u00edtima no descansa i les embarcacions tornaran a sortir, si D\u00e9u vol, per homenatjar la Mare de D\u00e9u del Carme. El Port de Sitges viur\u00e0 el pr\u00f2xim divendres 16 de juliol una festivitat diferent, per\u00f2 l&#039;acte principal de la jornada, s\u00ed que se celebrar\u00e0.\" \/>\n<meta property=\"og:url\" content=\"https:\/\/www.portdesitges.com\/la-virgen-del-carmen-volvera-a-salir-en-procesion\/\" \/>\n<meta property=\"og:site_name\" content=\"Port de Sitges - Aiguadol\u00e7\" \/>\n<meta property=\"article:published_time\" content=\"2021-07-12T14:15:04+00:00\" \/>\n<meta property=\"og:image\" content=\"https:\/\/www.portdesitges.com\/wp-content\/uploads\/2021\/07\/Mare-de-Deu-del-Carme-Sitges-2019-473-scaled.jpg\" \/>\n\t<meta property=\"og:image:width\" content=\"2560\" \/>\n\t<meta property=\"og:image:height\" content=\"1707\" \/>\n\t<meta property=\"og:image:type\" content=\"image\/jpeg\" \/>\n<meta name=\"author\" content=\"S\u00f2nia Felip\" \/>\n<meta name=\"twitter:card\" content=\"summary_large_image\" \/>\n<meta name=\"twitter:label1\" content=\"Escrit per\" \/>\n\t<meta name=\"twitter:data1\" content=\"S\u00f2nia Felip\" \/>\n\t<meta name=\"twitter:label2\" content=\"Temps estimat de lectura\" \/>\n\t<meta name=\"twitter:data2\" content=\"3 minuts\" \/>\n<script type=\"application\/ld+json\" class=\"yoast-schema-graph\">{\"@context\":\"https:\\\/\\\/schema.org\",\"@graph\":[{\"@type\":\"Article\",\"@id\":\"https:\\\/\\\/www.portdesitges.com\\\/la-virgen-del-carmen-volvera-a-salir-en-procesion\\\/#article\",\"isPartOf\":{\"@id\":\"https:\\\/\\\/www.portdesitges.com\\\/la-virgen-del-carmen-volvera-a-salir-en-procesion\\\/\"},\"author\":{\"name\":\"S\u00f2nia Felip\",\"@id\":\"https:\\\/\\\/www.portdesitges.com\\\/#\\\/schema\\\/person\\\/be98f3191d6c7bb6ccddc2e0ac4d861f\"},\"headline\":\"La Verge del Carme tornar\u00e0 a sortir en Process\u00f3\",\"datePublished\":\"2021-07-12T14:15:04+00:00\",\"mainEntityOfPage\":{\"@id\":\"https:\\\/\\\/www.portdesitges.com\\\/la-virgen-del-carmen-volvera-a-salir-en-procesion\\\/\"},\"wordCount\":519,\"image\":{\"@id\":\"https:\\\/\\\/www.portdesitges.com\\\/la-virgen-del-carmen-volvera-a-salir-en-procesion\\\/#primaryimage\"},\"thumbnailUrl\":\"https:\\\/\\\/www.portdesitges.com\\\/wp-content\\\/uploads\\\/2021\\\/07\\\/Mare-de-Deu-del-Carme-Sitges-2019-473-scaled.jpg\",\"articleSection\":[\"Not\u00edcias\"],\"inLanguage\":\"ca\"},{\"@type\":\"WebPage\",\"@id\":\"https:\\\/\\\/www.portdesitges.com\\\/la-virgen-del-carmen-volvera-a-salir-en-procesion\\\/\",\"url\":\"https:\\\/\\\/www.portdesitges.com\\\/la-virgen-del-carmen-volvera-a-salir-en-procesion\\\/\",\"name\":\"La Verge del Carme tornar\u00e0 a sortir en Process\u00f3\",\"isPartOf\":{\"@id\":\"https:\\\/\\\/www.portdesitges.com\\\/#website\"},\"primaryImageOfPage\":{\"@id\":\"https:\\\/\\\/www.portdesitges.com\\\/la-virgen-del-carmen-volvera-a-salir-en-procesion\\\/#primaryimage\"},\"image\":{\"@id\":\"https:\\\/\\\/www.portdesitges.com\\\/la-virgen-del-carmen-volvera-a-salir-en-procesion\\\/#primaryimage\"},\"thumbnailUrl\":\"https:\\\/\\\/www.portdesitges.com\\\/wp-content\\\/uploads\\\/2021\\\/07\\\/Mare-de-Deu-del-Carme-Sitges-2019-473-scaled.jpg\",\"datePublished\":\"2021-07-12T14:15:04+00:00\",\"author\":{\"@id\":\"https:\\\/\\\/www.portdesitges.com\\\/#\\\/schema\\\/person\\\/be98f3191d6c7bb6ccddc2e0ac4d861f\"},\"description\":\"La Verge mar\u00edtima no descansa i les embarcacions tornaran a sortir, si D\u00e9u vol, per homenatjar la Mare de D\u00e9u del Carme. El Port de Sitges viur\u00e0 el pr\u00f2xim divendres 16 de juliol una festivitat diferent, per\u00f2 l'acte principal de la jornada, s\u00ed que se celebrar\u00e0.\",\"breadcrumb\":{\"@id\":\"https:\\\/\\\/www.portdesitges.com\\\/la-virgen-del-carmen-volvera-a-salir-en-procesion\\\/#breadcrumb\"},\"inLanguage\":\"ca\",\"potentialAction\":[{\"@type\":\"ReadAction\",\"target\":[\"https:\\\/\\\/www.portdesitges.com\\\/la-virgen-del-carmen-volvera-a-salir-en-procesion\\\/\"]}]},{\"@type\":\"ImageObject\",\"inLanguage\":\"ca\",\"@id\":\"https:\\\/\\\/www.portdesitges.com\\\/la-virgen-del-carmen-volvera-a-salir-en-procesion\\\/#primaryimage\",\"url\":\"https:\\\/\\\/www.portdesitges.com\\\/wp-content\\\/uploads\\\/2021\\\/07\\\/Mare-de-Deu-del-Carme-Sitges-2019-473-scaled.jpg\",\"contentUrl\":\"https:\\\/\\\/www.portdesitges.com\\\/wp-content\\\/uploads\\\/2021\\\/07\\\/Mare-de-Deu-del-Carme-Sitges-2019-473-scaled.jpg\",\"width\":2560,\"height\":1707},{\"@type\":\"BreadcrumbList\",\"@id\":\"https:\\\/\\\/www.portdesitges.com\\\/la-virgen-del-carmen-volvera-a-salir-en-procesion\\\/#breadcrumb\",\"itemListElement\":[{\"@type\":\"ListItem\",\"position\":1,\"name\":\"Portada\",\"item\":\"https:\\\/\\\/www.portdesitges.com\\\/ca\\\/\"},{\"@type\":\"ListItem\",\"position\":2,\"name\":\"La Verge del Carme tornar\u00e0 a sortir en Process\u00f3\"}]},{\"@type\":\"WebSite\",\"@id\":\"https:\\\/\\\/www.portdesitges.com\\\/#website\",\"url\":\"https:\\\/\\\/www.portdesitges.com\\\/\",\"name\":\"Port de Sitges - Aiguadol\u00e7\",\"description\":\"lugar donde el mar y la tierra se dan de la mano para crear un espacio \u00fanico y atractivo. Disfruta de un mar de experiencias.\",\"potentialAction\":[{\"@type\":\"SearchAction\",\"target\":{\"@type\":\"EntryPoint\",\"urlTemplate\":\"https:\\\/\\\/www.portdesitges.com\\\/?s={search_term_string}\"},\"query-input\":{\"@type\":\"PropertyValueSpecification\",\"valueRequired\":true,\"valueName\":\"search_term_string\"}}],\"inLanguage\":\"ca\"},{\"@type\":\"Person\",\"@id\":\"https:\\\/\\\/www.portdesitges.com\\\/#\\\/schema\\\/person\\\/be98f3191d6c7bb6ccddc2e0ac4d861f\",\"name\":\"S\u00f2nia Felip\",\"image\":{\"@type\":\"ImageObject\",\"inLanguage\":\"ca\",\"@id\":\"https:\\\/\\\/secure.gravatar.com\\\/avatar\\\/3f5abf961091eed8bea1ba4a0fb5f78e0c728f907fe0cf722e81af4aa82939db?s=96&d=mm&r=g\",\"url\":\"https:\\\/\\\/secure.gravatar.com\\\/avatar\\\/3f5abf961091eed8bea1ba4a0fb5f78e0c728f907fe0cf722e81af4aa82939db?s=96&d=mm&r=g\",\"contentUrl\":\"https:\\\/\\\/secure.gravatar.com\\\/avatar\\\/3f5abf961091eed8bea1ba4a0fb5f78e0c728f907fe0cf722e81af4aa82939db?s=96&d=mm&r=g\",\"caption\":\"S\u00f2nia Felip\"},\"url\":\"https:\\\/\\\/www.portdesitges.com\\\/ca\\\/author\\\/sonia\\\/\"}]}<\/script>\n<!-- \/ Yoast SEO plugin. -->","yoast_head_json":{"title":"La Verge del Carme tornar\u00e0 a sortir en Process\u00f3","description":"La Verge mar\u00edtima no descansa i les embarcacions tornaran a sortir, si D\u00e9u vol, per homenatjar la Mare de D\u00e9u del Carme. El Port de Sitges viur\u00e0 el pr\u00f2xim divendres 16 de juliol una festivitat diferent, per\u00f2 l'acte principal de la jornada, s\u00ed que se celebrar\u00e0.","robots":{"index":"index","follow":"follow","max-snippet":"max-snippet:-1","max-image-preview":"max-image-preview:large","max-video-preview":"max-video-preview:-1"},"canonical":"https:\/\/www.portdesitges.com\/la-virgen-del-carmen-volvera-a-salir-en-procesion\/","og_locale":"ca_ES","og_type":"article","og_title":"La Verge del Carme tornar\u00e0 a sortir en Process\u00f3","og_description":"La Verge mar\u00edtima no descansa i les embarcacions tornaran a sortir, si D\u00e9u vol, per homenatjar la Mare de D\u00e9u del Carme. El Port de Sitges viur\u00e0 el pr\u00f2xim divendres 16 de juliol una festivitat diferent, per\u00f2 l'acte principal de la jornada, s\u00ed que se celebrar\u00e0.","og_url":"https:\/\/www.portdesitges.com\/la-virgen-del-carmen-volvera-a-salir-en-procesion\/","og_site_name":"Port de Sitges - Aiguadol\u00e7","article_published_time":"2021-07-12T14:15:04+00:00","og_image":[{"width":2560,"height":1707,"url":"https:\/\/www.portdesitges.com\/wp-content\/uploads\/2021\/07\/Mare-de-Deu-del-Carme-Sitges-2019-473-scaled.jpg","type":"image\/jpeg"}],"author":"S\u00f2nia Felip","twitter_card":"summary_large_image","twitter_misc":{"Escrit per":"S\u00f2nia Felip","Temps estimat de lectura":"3 minuts"},"schema":{"@context":"https:\/\/schema.org","@graph":[{"@type":"Article","@id":"https:\/\/www.portdesitges.com\/la-virgen-del-carmen-volvera-a-salir-en-procesion\/#article","isPartOf":{"@id":"https:\/\/www.portdesitges.com\/la-virgen-del-carmen-volvera-a-salir-en-procesion\/"},"author":{"name":"S\u00f2nia Felip","@id":"https:\/\/www.portdesitges.com\/#\/schema\/person\/be98f3191d6c7bb6ccddc2e0ac4d861f"},"headline":"La Verge del Carme tornar\u00e0 a sortir en Process\u00f3","datePublished":"2021-07-12T14:15:04+00:00","mainEntityOfPage":{"@id":"https:\/\/www.portdesitges.com\/la-virgen-del-carmen-volvera-a-salir-en-procesion\/"},"wordCount":519,"image":{"@id":"https:\/\/www.portdesitges.com\/la-virgen-del-carmen-volvera-a-salir-en-procesion\/#primaryimage"},"thumbnailUrl":"https:\/\/www.portdesitges.com\/wp-content\/uploads\/2021\/07\/Mare-de-Deu-del-Carme-Sitges-2019-473-scaled.jpg","articleSection":["Not\u00edcias"],"inLanguage":"ca"},{"@type":"WebPage","@id":"https:\/\/www.portdesitges.com\/la-virgen-del-carmen-volvera-a-salir-en-procesion\/","url":"https:\/\/www.portdesitges.com\/la-virgen-del-carmen-volvera-a-salir-en-procesion\/","name":"La Verge del Carme tornar\u00e0 a sortir en Process\u00f3","isPartOf":{"@id":"https:\/\/www.portdesitges.com\/#website"},"primaryImageOfPage":{"@id":"https:\/\/www.portdesitges.com\/la-virgen-del-carmen-volvera-a-salir-en-procesion\/#primaryimage"},"image":{"@id":"https:\/\/www.portdesitges.com\/la-virgen-del-carmen-volvera-a-salir-en-procesion\/#primaryimage"},"thumbnailUrl":"https:\/\/www.portdesitges.com\/wp-content\/uploads\/2021\/07\/Mare-de-Deu-del-Carme-Sitges-2019-473-scaled.jpg","datePublished":"2021-07-12T14:15:04+00:00","author":{"@id":"https:\/\/www.portdesitges.com\/#\/schema\/person\/be98f3191d6c7bb6ccddc2e0ac4d861f"},"description":"La Verge mar\u00edtima no descansa i les embarcacions tornaran a sortir, si D\u00e9u vol, per homenatjar la Mare de D\u00e9u del Carme. El Port de Sitges viur\u00e0 el pr\u00f2xim divendres 16 de juliol una festivitat diferent, per\u00f2 l'acte principal de la jornada, s\u00ed que se celebrar\u00e0.","breadcrumb":{"@id":"https:\/\/www.portdesitges.com\/la-virgen-del-carmen-volvera-a-salir-en-procesion\/#breadcrumb"},"inLanguage":"ca","potentialAction":[{"@type":"ReadAction","target":["https:\/\/www.portdesitges.com\/la-virgen-del-carmen-volvera-a-salir-en-procesion\/"]}]},{"@type":"ImageObject","inLanguage":"ca","@id":"https:\/\/www.portdesitges.com\/la-virgen-del-carmen-volvera-a-salir-en-procesion\/#primaryimage","url":"https:\/\/www.portdesitges.com\/wp-content\/uploads\/2021\/07\/Mare-de-Deu-del-Carme-Sitges-2019-473-scaled.jpg","contentUrl":"https:\/\/www.portdesitges.com\/wp-content\/uploads\/2021\/07\/Mare-de-Deu-del-Carme-Sitges-2019-473-scaled.jpg","width":2560,"height":1707},{"@type":"BreadcrumbList","@id":"https:\/\/www.portdesitges.com\/la-virgen-del-carmen-volvera-a-salir-en-procesion\/#breadcrumb","itemListElement":[{"@type":"ListItem","position":1,"name":"Portada","item":"https:\/\/www.portdesitges.com\/ca\/"},{"@type":"ListItem","position":2,"name":"La Verge del Carme tornar\u00e0 a sortir en Process\u00f3"}]},{"@type":"WebSite","@id":"https:\/\/www.portdesitges.com\/#website","url":"https:\/\/www.portdesitges.com\/","name":"Port de Sitges - Aiguadol\u00e7","description":"lugar donde el mar y la tierra se dan de la mano para crear un espacio \u00fanico y atractivo. Disfruta de un mar de experiencias.","potentialAction":[{"@type":"SearchAction","target":{"@type":"EntryPoint","urlTemplate":"https:\/\/www.portdesitges.com\/?s={search_term_string}"},"query-input":{"@type":"PropertyValueSpecification","valueRequired":true,"valueName":"search_term_string"}}],"inLanguage":"ca"},{"@type":"Person","@id":"https:\/\/www.portdesitges.com\/#\/schema\/person\/be98f3191d6c7bb6ccddc2e0ac4d861f","name":"S\u00f2nia Felip","image":{"@type":"ImageObject","inLanguage":"ca","@id":"https:\/\/secure.gravatar.com\/avatar\/3f5abf961091eed8bea1ba4a0fb5f78e0c728f907fe0cf722e81af4aa82939db?s=96&d=mm&r=g","url":"https:\/\/secure.gravatar.com\/avatar\/3f5abf961091eed8bea1ba4a0fb5f78e0c728f907fe0cf722e81af4aa82939db?s=96&d=mm&r=g","contentUrl":"https:\/\/secure.gravatar.com\/avatar\/3f5abf961091eed8bea1ba4a0fb5f78e0c728f907fe0cf722e81af4aa82939db?s=96&d=mm&r=g","caption":"S\u00f2nia Felip"},"url":"https:\/\/www.portdesitges.com\/ca\/author\/sonia\/"}]}},"_links":{"self":[{"href":"https:\/\/www.portdesitges.com\/ca\/wp-json\/wp\/v2\/posts\/14453","targetHints":{"allow":["GET"]}}],"collection":[{"href":"https:\/\/www.portdesitges.com\/ca\/wp-json\/wp\/v2\/posts"}],"about":[{"href":"https:\/\/www.portdesitges.com\/ca\/wp-json\/wp\/v2\/types\/post"}],"author":[{"embeddable":true,"href":"https:\/\/www.portdesitges.com\/ca\/wp-json\/wp\/v2\/users\/3"}],"replies":[{"embeddable":true,"href":"https:\/\/www.portdesitges.com\/ca\/wp-json\/wp\/v2\/comments?post=14453"}],"version-history":[{"count":1,"href":"https:\/\/www.portdesitges.com\/ca\/wp-json\/wp\/v2\/posts\/14453\/revisions"}],"predecessor-version":[{"id":14461,"href":"https:\/\/www.portdesitges.com\/ca\/wp-json\/wp\/v2\/posts\/14453\/revisions\/14461"}],"wp:featuredmedia":[{"embeddable":true,"href":"https:\/\/www.portdesitges.com\/ca\/wp-json\/wp\/v2\/media\/14457"}],"wp:attachment":[{"href":"https:\/\/www.portdesitges.com\/ca\/wp-json\/wp\/v2\/media?parent=14453"}],"wp:term":[{"taxonomy":"category","embeddable":true,"href":"https:\/\/www.portdesitges.com\/ca\/wp-json\/wp\/v2\/categories?post=14453"},{"taxonomy":"post_tag","embeddable":true,"href":"https:\/\/www.portdesitges.com\/ca\/wp-json\/wp\/v2\/tags?post=14453"}],"curies":[{"name":"wp","href":"https:\/\/api.w.org\/{rel}","templated":true}]}}