{"id":14180,"date":"2021-05-10T14:57:01","date_gmt":"2021-05-10T14:57:01","guid":{"rendered":"https:\/\/www.portdesitges.com\/?p=14180"},"modified":"2021-05-31T08:17:33","modified_gmt":"2021-05-31T08:17:33","slug":"el-port-de-sitges-recupera-la-nit","status":"publish","type":"post","link":"https:\/\/www.portdesitges.com\/ca\/el-port-de-sitges-recupera-la-nit\/","title":{"rendered":"El Port de Sitges recupera la nit"},"content":{"rendered":"[vc_row type=&#8221;in_container&#8221; full_screen_row_position=&#8221;middle&#8221; column_margin=&#8221;default&#8221; scene_position=&#8221;center&#8221; text_color=&#8221;dark&#8221; text_align=&#8221;left&#8221; overlay_strength=&#8221;0.3&#8243; shape_divider_position=&#8221;bottom&#8221; bg_image_animation=&#8221;none&#8221;][vc_column column_padding=&#8221;no-extra-padding&#8221; column_padding_position=&#8221;all&#8221; background_color_opacity=&#8221;1&#8243; background_hover_color_opacity=&#8221;1&#8243; column_link_target=&#8221;_self&#8221; column_shadow=&#8221;none&#8221; column_border_radius=&#8221;none&#8221; width=&#8221;1\/1&#8243; tablet_width_inherit=&#8221;default&#8221; tablet_text_alignment=&#8221;default&#8221; phone_text_alignment=&#8221;default&#8221; overlay_strength=&#8221;0.3&#8243; column_border_width=&#8221;none&#8221; column_border_style=&#8221;solid&#8221; bg_image_animation=&#8221;none&#8221;][vc_column_text]Han estat cinc mesos durs en qu\u00e8, obligats per les mesures aplicades per les males dades de la pand\u00e8mia, els bars i restaurants del Port de Sitges nom\u00e9s tenien perm\u00e8s obrir en el seu horari di\u00fcrn. Per\u00f2 gr\u00e0cies a l\u2019esfor\u00e7 de tots els ciutadans, el bon ritme de vacunaci\u00f3, i la fi de l\u2019Estat d\u2019Alarma, des d\u2019ahir al vespre ja \u00e9s possible tornar a gaudir del Port en tota la seva plenitud.<\/p>\n<p>Ahir a la tarda, passades les 17 hores, els locals d\u2019oci ja no van haver d\u2019abaixar les persianes. Els visitants agra\u00efen aquesta nova normalitat i aprofitaven per fer llargs sobretaules o prendre una copa tranquil\u2022lament a les boniques terrasses portu\u00e0ries. Els restauradors respiren alleujats, ja que a l\u2019hora de sopar podien tornar a servir els seus clients de tota la vida, als quals rebien amb una enorme alegria. Amb l\u2019acabament del toc de queda, els locals recuperen vida i encaren l\u2019estiu amb optimisme. Per\u00f2 no \u00e9s moment d\u2019abaixar la gu\u00e0rdia. Tot i que els n\u00fameros s\u00f3n bons i les dades milloren dia rere dia, cal seguir mantenint les mesures de seguretat per tal de v\u00e8ncer, d\u2019una vegada per totes, la pand\u00e8mia que fa m\u00e9s de catorze mesos que ens colpeja.<br \/>\nAqu\u00ed teniu la llista amb l\u2019horari de tots els establiments.<\/p>\n<p><strong>Restaurants<\/strong><br \/>\n1 &#8211; Can Laury Peix &#8211; 938.946.634: De dilluns a diumenge de 12: 30h a 23h<br \/>\n2 &#8211; El Caf\u00e8 de la Plata &#8211; Dimecres i dijous de 17h a 23h. De divendres a diumenge de 12h a 23h<br \/>\n3 \u2013 La Pizzer\u00eda del Puerto &#8211; 938.945.952 &#8211; De dilluns a diumenge de 12h a 22: 30h<br \/>\n4 &#8211; La Taberna del Puerto &#8211; De dilluns a diumenge de 12h a 23h<br \/>\n5 &#8211; Les Fonts &#8211; (Dijous tancat) De dilluns a diumenge de 11h a 23h<br \/>\n6 &#8211; L&#8217;Opera Bistro &#8211; De dimarts a diumenge 12: 30h a 17h i de 19: 30h a 23h<br \/>\n7 &#8211; Mabu Sitges &#8211; 931.564.225 &#8211; De dilluns a diumenge de 13h a 17h i de 19h a 23h<br \/>\n8 &#8211; Magoa &#8211; 938.943.698 &#8211; (dimarts tancat) De dilluns a diumenge de 12: 30h a 17h. Divendres i dissabte de 19h a 23h<br \/>\n9 &#8211; Pierre by Xef Rino &#8211; De divendres a diumenge de 12h a 23h<br \/>\n10 &#8211; Rosario &#8211; 931.195.695 -: De dimecres a diumenge de 13h a 17h i de 19h a 23h<br \/>\n11 &#8211; Villa Marina &#8211; De dimarts a diumenge 13h a 16h i de 19: 30h a 23h<\/p>\n<p><strong>Bars \/ Oci <\/strong><br \/>\n12 &#8211; La Crossanteria de Port &#8211; 9389848396: De dimecres a divendres de 8h a 13: 30h. Dissabte i diumenge de 8h a 14h<br \/>\n13 &#8211; La Roca &#8211; 938.113.680 &#8211; De dimarts a diumenge 9h a 18h<br \/>\n14 &#8211; La Tasca del Navegante &#8211; 670.989.711 &#8211; Dimecres de 12:30h a 17h. De dijous a diumenge 12:30h a 23h<br \/>\n15 &#8211; Nirvana &#8211; 607.424.456 &#8211; Dimarts a divendres de 16h a 23h. Dissabte i diumenge de 12h a 23h<br \/>\n16 &#8211; Roser &#8211; 938.113.680 &#8211; Dilluns a diumenge de 8h a 23h.<br \/>\n17 &#8211; Sea You &#8211; 658.427.578 &#8211; Divendres de 17h a 22h. Dissabte i diumenge de 12h a 22h<br \/>\n18 &#8211; Slurp &#8211; De dilluns a diumenge de 9h a 20h (Dijous tancat)<\/p>\n[\/vc_column_text][\/vc_column][\/vc_row][vc_row type=&#8221;in_container&#8221; full_screen_row_position=&#8221;middle&#8221; column_margin=&#8221;default&#8221; scene_position=&#8221;center&#8221; text_color=&#8221;dark&#8221; text_align=&#8221;left&#8221; overlay_strength=&#8221;0.3&#8243; shape_divider_position=&#8221;bottom&#8221; bg_image_animation=&#8221;none&#8221;][vc_column column_padding=&#8221;no-extra-padding&#8221; column_padding_position=&#8221;all&#8221; background_color_opacity=&#8221;1&#8243; background_hover_color_opacity=&#8221;1&#8243; column_link_target=&#8221;_self&#8221; column_shadow=&#8221;none&#8221; column_border_radius=&#8221;none&#8221; width=&#8221;1\/1&#8243; tablet_width_inherit=&#8221;default&#8221; tablet_text_alignment=&#8221;default&#8221; phone_text_alignment=&#8221;default&#8221; overlay_strength=&#8221;0.3&#8243; column_border_width=&#8221;none&#8221; column_border_style=&#8221;solid&#8221; bg_image_animation=&#8221;none&#8221;][\/vc_column][\/vc_row][vc_row type=&#8221;in_container&#8221; full_screen_row_position=&#8221;middle&#8221; column_margin=&#8221;default&#8221; scene_position=&#8221;center&#8221; text_color=&#8221;dark&#8221; text_align=&#8221;left&#8221; overlay_strength=&#8221;0.3&#8243; shape_divider_position=&#8221;bottom&#8221; bg_image_animation=&#8221;none&#8221;][vc_column column_padding=&#8221;no-extra-padding&#8221; column_padding_position=&#8221;all&#8221; background_color_opacity=&#8221;1&#8243; background_hover_color_opacity=&#8221;1&#8243; column_link_target=&#8221;_self&#8221; column_shadow=&#8221;none&#8221; column_border_radius=&#8221;none&#8221; width=&#8221;1\/1&#8243; tablet_width_inherit=&#8221;default&#8221; tablet_text_alignment=&#8221;default&#8221; phone_text_alignment=&#8221;default&#8221; overlay_strength=&#8221;0.3&#8243; column_border_width=&#8221;none&#8221; column_border_style=&#8221;solid&#8221; bg_image_animation=&#8221;none&#8221;][vc_column_text][\/ vc_column] [\/ vc_row][\/vc_column_text][\/vc_column][\/vc_row]\n","protected":false},"excerpt":{"rendered":"<p>[vc_row type=&#8221;in_container&#8221; full_screen_row_position=&#8221;middle&#8221; column_margin=&#8221;default&#8221; scene_position=&#8221;center&#8221; text_color=&#8221;dark&#8221; text_align=&#8221;left&#8221; overlay_strength=&#8221;0.3&#8243; shape_divider_position=&#8221;bottom&#8221; bg_image_animation=&#8221;none&#8221;][vc_column column_padding=&#8221;no-extra-padding&#8221; column_padding_position=&#8221;all&#8221; background_color_opacity=&#8221;1&#8243; background_hover_color_opacity=&#8221;1&#8243; column_link_target=&#8221;_self&#8221; column_shadow=&#8221;none&#8221; column_border_radius=&#8221;none&#8221; width=&#8221;1\/1&#8243; tablet_width_inherit=&#8221;default&#8221; tablet_text_alignment=&#8221;default&#8221; phone_text_alignment=&#8221;default&#8221; overlay_strength=&#8221;0.3&#8243; column_border_width=&#8221;none&#8221; column_border_style=&#8221;solid&#8221; bg_image_animation=&#8221;none&#8221;][vc_column_text]Han estat cinc mesos durs en&#8230;<\/p>\n","protected":false},"author":3,"featured_media":14187,"comment_status":"closed","ping_status":"closed","sticky":false,"template":"","format":"standard","meta":{"footnotes":""},"categories":[62],"tags":[],"class_list":{"0":"post-14180","1":"post","2":"type-post","3":"status-publish","4":"format-standard","5":"has-post-thumbnail","7":"category-noticias-ca"},"yoast_head":"<!-- This site is optimized with the Yoast SEO plugin v27.3 - https:\/\/yoast.com\/product\/yoast-seo-wordpress\/ -->\n<title>El Port de Sitges recupera la nit<\/title>\n<meta name=\"description\" content=\"Han estat cinc mesos durs en qu\u00e8, obligats per les mesures aplicades per les males dades de la pand\u00e8mia, els bars i restaurants del Port de Sitges nom\u00e9s tenien perm\u00e8s obrir en el seu horari di\u00fcrn. Per\u00f2 gr\u00e0cies a l\u2019esfor\u00e7 de tots els ciutadans, el bon ritme de vacunaci\u00f3, i la fi de l\u2019Estat d\u2019Alarma, des d\u2019ahir al vespre ja \u00e9s possible tornar a gaudir del Port en tota la seva plenitud.\" \/>\n<meta name=\"robots\" content=\"index, follow, max-snippet:-1, max-image-preview:large, max-video-preview:-1\" \/>\n<link rel=\"canonical\" href=\"https:\/\/www.portdesitges.com\/el-port-de-sitges-preserva-el-medio-ambiente\/\" \/>\n<meta property=\"og:locale\" content=\"ca_ES\" \/>\n<meta property=\"og:type\" content=\"article\" \/>\n<meta property=\"og:title\" content=\"El Port de Sitges recupera la nit\" \/>\n<meta property=\"og:description\" content=\"Han estat cinc mesos durs en qu\u00e8, obligats per les mesures aplicades per les males dades de la pand\u00e8mia, els bars i restaurants del Port de Sitges nom\u00e9s tenien perm\u00e8s obrir en el seu horari di\u00fcrn. Per\u00f2 gr\u00e0cies a l\u2019esfor\u00e7 de tots els ciutadans, el bon ritme de vacunaci\u00f3, i la fi de l\u2019Estat d\u2019Alarma, des d\u2019ahir al vespre ja \u00e9s possible tornar a gaudir del Port en tota la seva plenitud.\" \/>\n<meta property=\"og:url\" content=\"https:\/\/www.portdesitges.com\/el-port-de-sitges-preserva-el-medio-ambiente\/\" \/>\n<meta property=\"og:site_name\" content=\"Port de Sitges - Aiguadol\u00e7\" \/>\n<meta property=\"article:published_time\" content=\"2021-05-10T14:57:01+00:00\" \/>\n<meta property=\"article:modified_time\" content=\"2021-05-31T08:17:33+00:00\" \/>\n<meta property=\"og:image\" content=\"https:\/\/www.portdesitges.com\/wp-content\/uploads\/2021\/05\/can-laury-peix-restaurante-parrilla-sitges-048.jpg\" \/>\n\t<meta property=\"og:image:width\" content=\"1200\" \/>\n\t<meta property=\"og:image:height\" content=\"797\" \/>\n\t<meta property=\"og:image:type\" content=\"image\/jpeg\" \/>\n<meta name=\"author\" content=\"S\u00f2nia Felip\" \/>\n<meta name=\"twitter:card\" content=\"summary_large_image\" \/>\n<meta name=\"twitter:label1\" content=\"Escrit per\" \/>\n\t<meta name=\"twitter:data1\" content=\"S\u00f2nia Felip\" \/>\n\t<meta name=\"twitter:label2\" content=\"Temps estimat de lectura\" \/>\n\t<meta name=\"twitter:data2\" content=\"4 minuts\" \/>\n<script type=\"application\/ld+json\" class=\"yoast-schema-graph\">{\"@context\":\"https:\\\/\\\/schema.org\",\"@graph\":[{\"@type\":\"Article\",\"@id\":\"https:\\\/\\\/www.portdesitges.com\\\/el-port-de-sitges-preserva-el-medio-ambiente\\\/#article\",\"isPartOf\":{\"@id\":\"https:\\\/\\\/www.portdesitges.com\\\/el-port-de-sitges-preserva-el-medio-ambiente\\\/\"},\"author\":{\"name\":\"S\u00f2nia Felip\",\"@id\":\"https:\\\/\\\/www.portdesitges.com\\\/#\\\/schema\\\/person\\\/be98f3191d6c7bb6ccddc2e0ac4d861f\"},\"headline\":\"El Port de Sitges recupera la nit\",\"datePublished\":\"2021-05-10T14:57:01+00:00\",\"dateModified\":\"2021-05-31T08:17:33+00:00\",\"mainEntityOfPage\":{\"@id\":\"https:\\\/\\\/www.portdesitges.com\\\/el-port-de-sitges-preserva-el-medio-ambiente\\\/\"},\"wordCount\":825,\"image\":{\"@id\":\"https:\\\/\\\/www.portdesitges.com\\\/el-port-de-sitges-preserva-el-medio-ambiente\\\/#primaryimage\"},\"thumbnailUrl\":\"https:\\\/\\\/www.portdesitges.com\\\/wp-content\\\/uploads\\\/2021\\\/05\\\/can-laury-peix-restaurante-parrilla-sitges-048.jpg\",\"articleSection\":[\"Not\u00edcias\"],\"inLanguage\":\"ca\"},{\"@type\":\"WebPage\",\"@id\":\"https:\\\/\\\/www.portdesitges.com\\\/el-port-de-sitges-preserva-el-medio-ambiente\\\/\",\"url\":\"https:\\\/\\\/www.portdesitges.com\\\/el-port-de-sitges-preserva-el-medio-ambiente\\\/\",\"name\":\"El Port de Sitges recupera la nit\",\"isPartOf\":{\"@id\":\"https:\\\/\\\/www.portdesitges.com\\\/#website\"},\"primaryImageOfPage\":{\"@id\":\"https:\\\/\\\/www.portdesitges.com\\\/el-port-de-sitges-preserva-el-medio-ambiente\\\/#primaryimage\"},\"image\":{\"@id\":\"https:\\\/\\\/www.portdesitges.com\\\/el-port-de-sitges-preserva-el-medio-ambiente\\\/#primaryimage\"},\"thumbnailUrl\":\"https:\\\/\\\/www.portdesitges.com\\\/wp-content\\\/uploads\\\/2021\\\/05\\\/can-laury-peix-restaurante-parrilla-sitges-048.jpg\",\"datePublished\":\"2021-05-10T14:57:01+00:00\",\"dateModified\":\"2021-05-31T08:17:33+00:00\",\"author\":{\"@id\":\"https:\\\/\\\/www.portdesitges.com\\\/#\\\/schema\\\/person\\\/be98f3191d6c7bb6ccddc2e0ac4d861f\"},\"description\":\"Han estat cinc mesos durs en qu\u00e8, obligats per les mesures aplicades per les males dades de la pand\u00e8mia, els bars i restaurants del Port de Sitges nom\u00e9s tenien perm\u00e8s obrir en el seu horari di\u00fcrn. Per\u00f2 gr\u00e0cies a l\u2019esfor\u00e7 de tots els ciutadans, el bon ritme de vacunaci\u00f3, i la fi de l\u2019Estat d\u2019Alarma, des d\u2019ahir al vespre ja \u00e9s possible tornar a gaudir del Port en tota la seva plenitud.\",\"breadcrumb\":{\"@id\":\"https:\\\/\\\/www.portdesitges.com\\\/el-port-de-sitges-preserva-el-medio-ambiente\\\/#breadcrumb\"},\"inLanguage\":\"ca\",\"potentialAction\":[{\"@type\":\"ReadAction\",\"target\":[\"https:\\\/\\\/www.portdesitges.com\\\/el-port-de-sitges-preserva-el-medio-ambiente\\\/\"]}]},{\"@type\":\"ImageObject\",\"inLanguage\":\"ca\",\"@id\":\"https:\\\/\\\/www.portdesitges.com\\\/el-port-de-sitges-preserva-el-medio-ambiente\\\/#primaryimage\",\"url\":\"https:\\\/\\\/www.portdesitges.com\\\/wp-content\\\/uploads\\\/2021\\\/05\\\/can-laury-peix-restaurante-parrilla-sitges-048.jpg\",\"contentUrl\":\"https:\\\/\\\/www.portdesitges.com\\\/wp-content\\\/uploads\\\/2021\\\/05\\\/can-laury-peix-restaurante-parrilla-sitges-048.jpg\",\"width\":1200,\"height\":797},{\"@type\":\"BreadcrumbList\",\"@id\":\"https:\\\/\\\/www.portdesitges.com\\\/el-port-de-sitges-preserva-el-medio-ambiente\\\/#breadcrumb\",\"itemListElement\":[{\"@type\":\"ListItem\",\"position\":1,\"name\":\"Portada\",\"item\":\"https:\\\/\\\/www.portdesitges.com\\\/ca\\\/\"},{\"@type\":\"ListItem\",\"position\":2,\"name\":\"El Port de Sitges recupera la nit\"}]},{\"@type\":\"WebSite\",\"@id\":\"https:\\\/\\\/www.portdesitges.com\\\/#website\",\"url\":\"https:\\\/\\\/www.portdesitges.com\\\/\",\"name\":\"Port de Sitges - Aiguadol\u00e7\",\"description\":\"lugar donde el mar y la tierra se dan de la mano para crear un espacio \u00fanico y atractivo. Disfruta de un mar de experiencias.\",\"potentialAction\":[{\"@type\":\"SearchAction\",\"target\":{\"@type\":\"EntryPoint\",\"urlTemplate\":\"https:\\\/\\\/www.portdesitges.com\\\/?s={search_term_string}\"},\"query-input\":{\"@type\":\"PropertyValueSpecification\",\"valueRequired\":true,\"valueName\":\"search_term_string\"}}],\"inLanguage\":\"ca\"},{\"@type\":\"Person\",\"@id\":\"https:\\\/\\\/www.portdesitges.com\\\/#\\\/schema\\\/person\\\/be98f3191d6c7bb6ccddc2e0ac4d861f\",\"name\":\"S\u00f2nia Felip\",\"image\":{\"@type\":\"ImageObject\",\"inLanguage\":\"ca\",\"@id\":\"https:\\\/\\\/secure.gravatar.com\\\/avatar\\\/3f5abf961091eed8bea1ba4a0fb5f78e0c728f907fe0cf722e81af4aa82939db?s=96&d=mm&r=g\",\"url\":\"https:\\\/\\\/secure.gravatar.com\\\/avatar\\\/3f5abf961091eed8bea1ba4a0fb5f78e0c728f907fe0cf722e81af4aa82939db?s=96&d=mm&r=g\",\"contentUrl\":\"https:\\\/\\\/secure.gravatar.com\\\/avatar\\\/3f5abf961091eed8bea1ba4a0fb5f78e0c728f907fe0cf722e81af4aa82939db?s=96&d=mm&r=g\",\"caption\":\"S\u00f2nia Felip\"},\"url\":\"https:\\\/\\\/www.portdesitges.com\\\/ca\\\/author\\\/sonia\\\/\"}]}<\/script>\n<!-- \/ Yoast SEO plugin. -->","yoast_head_json":{"title":"El Port de Sitges recupera la nit","description":"Han estat cinc mesos durs en qu\u00e8, obligats per les mesures aplicades per les males dades de la pand\u00e8mia, els bars i restaurants del Port de Sitges nom\u00e9s tenien perm\u00e8s obrir en el seu horari di\u00fcrn. Per\u00f2 gr\u00e0cies a l\u2019esfor\u00e7 de tots els ciutadans, el bon ritme de vacunaci\u00f3, i la fi de l\u2019Estat d\u2019Alarma, des d\u2019ahir al vespre ja \u00e9s possible tornar a gaudir del Port en tota la seva plenitud.","robots":{"index":"index","follow":"follow","max-snippet":"max-snippet:-1","max-image-preview":"max-image-preview:large","max-video-preview":"max-video-preview:-1"},"canonical":"https:\/\/www.portdesitges.com\/el-port-de-sitges-preserva-el-medio-ambiente\/","og_locale":"ca_ES","og_type":"article","og_title":"El Port de Sitges recupera la nit","og_description":"Han estat cinc mesos durs en qu\u00e8, obligats per les mesures aplicades per les males dades de la pand\u00e8mia, els bars i restaurants del Port de Sitges nom\u00e9s tenien perm\u00e8s obrir en el seu horari di\u00fcrn. Per\u00f2 gr\u00e0cies a l\u2019esfor\u00e7 de tots els ciutadans, el bon ritme de vacunaci\u00f3, i la fi de l\u2019Estat d\u2019Alarma, des d\u2019ahir al vespre ja \u00e9s possible tornar a gaudir del Port en tota la seva plenitud.","og_url":"https:\/\/www.portdesitges.com\/el-port-de-sitges-preserva-el-medio-ambiente\/","og_site_name":"Port de Sitges - Aiguadol\u00e7","article_published_time":"2021-05-10T14:57:01+00:00","article_modified_time":"2021-05-31T08:17:33+00:00","og_image":[{"width":1200,"height":797,"url":"https:\/\/www.portdesitges.com\/wp-content\/uploads\/2021\/05\/can-laury-peix-restaurante-parrilla-sitges-048.jpg","type":"image\/jpeg"}],"author":"S\u00f2nia Felip","twitter_card":"summary_large_image","twitter_misc":{"Escrit per":"S\u00f2nia Felip","Temps estimat de lectura":"4 minuts"},"schema":{"@context":"https:\/\/schema.org","@graph":[{"@type":"Article","@id":"https:\/\/www.portdesitges.com\/el-port-de-sitges-preserva-el-medio-ambiente\/#article","isPartOf":{"@id":"https:\/\/www.portdesitges.com\/el-port-de-sitges-preserva-el-medio-ambiente\/"},"author":{"name":"S\u00f2nia Felip","@id":"https:\/\/www.portdesitges.com\/#\/schema\/person\/be98f3191d6c7bb6ccddc2e0ac4d861f"},"headline":"El Port de Sitges recupera la nit","datePublished":"2021-05-10T14:57:01+00:00","dateModified":"2021-05-31T08:17:33+00:00","mainEntityOfPage":{"@id":"https:\/\/www.portdesitges.com\/el-port-de-sitges-preserva-el-medio-ambiente\/"},"wordCount":825,"image":{"@id":"https:\/\/www.portdesitges.com\/el-port-de-sitges-preserva-el-medio-ambiente\/#primaryimage"},"thumbnailUrl":"https:\/\/www.portdesitges.com\/wp-content\/uploads\/2021\/05\/can-laury-peix-restaurante-parrilla-sitges-048.jpg","articleSection":["Not\u00edcias"],"inLanguage":"ca"},{"@type":"WebPage","@id":"https:\/\/www.portdesitges.com\/el-port-de-sitges-preserva-el-medio-ambiente\/","url":"https:\/\/www.portdesitges.com\/el-port-de-sitges-preserva-el-medio-ambiente\/","name":"El Port de Sitges recupera la nit","isPartOf":{"@id":"https:\/\/www.portdesitges.com\/#website"},"primaryImageOfPage":{"@id":"https:\/\/www.portdesitges.com\/el-port-de-sitges-preserva-el-medio-ambiente\/#primaryimage"},"image":{"@id":"https:\/\/www.portdesitges.com\/el-port-de-sitges-preserva-el-medio-ambiente\/#primaryimage"},"thumbnailUrl":"https:\/\/www.portdesitges.com\/wp-content\/uploads\/2021\/05\/can-laury-peix-restaurante-parrilla-sitges-048.jpg","datePublished":"2021-05-10T14:57:01+00:00","dateModified":"2021-05-31T08:17:33+00:00","author":{"@id":"https:\/\/www.portdesitges.com\/#\/schema\/person\/be98f3191d6c7bb6ccddc2e0ac4d861f"},"description":"Han estat cinc mesos durs en qu\u00e8, obligats per les mesures aplicades per les males dades de la pand\u00e8mia, els bars i restaurants del Port de Sitges nom\u00e9s tenien perm\u00e8s obrir en el seu horari di\u00fcrn. Per\u00f2 gr\u00e0cies a l\u2019esfor\u00e7 de tots els ciutadans, el bon ritme de vacunaci\u00f3, i la fi de l\u2019Estat d\u2019Alarma, des d\u2019ahir al vespre ja \u00e9s possible tornar a gaudir del Port en tota la seva plenitud.","breadcrumb":{"@id":"https:\/\/www.portdesitges.com\/el-port-de-sitges-preserva-el-medio-ambiente\/#breadcrumb"},"inLanguage":"ca","potentialAction":[{"@type":"ReadAction","target":["https:\/\/www.portdesitges.com\/el-port-de-sitges-preserva-el-medio-ambiente\/"]}]},{"@type":"ImageObject","inLanguage":"ca","@id":"https:\/\/www.portdesitges.com\/el-port-de-sitges-preserva-el-medio-ambiente\/#primaryimage","url":"https:\/\/www.portdesitges.com\/wp-content\/uploads\/2021\/05\/can-laury-peix-restaurante-parrilla-sitges-048.jpg","contentUrl":"https:\/\/www.portdesitges.com\/wp-content\/uploads\/2021\/05\/can-laury-peix-restaurante-parrilla-sitges-048.jpg","width":1200,"height":797},{"@type":"BreadcrumbList","@id":"https:\/\/www.portdesitges.com\/el-port-de-sitges-preserva-el-medio-ambiente\/#breadcrumb","itemListElement":[{"@type":"ListItem","position":1,"name":"Portada","item":"https:\/\/www.portdesitges.com\/ca\/"},{"@type":"ListItem","position":2,"name":"El Port de Sitges recupera la nit"}]},{"@type":"WebSite","@id":"https:\/\/www.portdesitges.com\/#website","url":"https:\/\/www.portdesitges.com\/","name":"Port de Sitges - Aiguadol\u00e7","description":"lugar donde el mar y la tierra se dan de la mano para crear un espacio \u00fanico y atractivo. Disfruta de un mar de experiencias.","potentialAction":[{"@type":"SearchAction","target":{"@type":"EntryPoint","urlTemplate":"https:\/\/www.portdesitges.com\/?s={search_term_string}"},"query-input":{"@type":"PropertyValueSpecification","valueRequired":true,"valueName":"search_term_string"}}],"inLanguage":"ca"},{"@type":"Person","@id":"https:\/\/www.portdesitges.com\/#\/schema\/person\/be98f3191d6c7bb6ccddc2e0ac4d861f","name":"S\u00f2nia Felip","image":{"@type":"ImageObject","inLanguage":"ca","@id":"https:\/\/secure.gravatar.com\/avatar\/3f5abf961091eed8bea1ba4a0fb5f78e0c728f907fe0cf722e81af4aa82939db?s=96&d=mm&r=g","url":"https:\/\/secure.gravatar.com\/avatar\/3f5abf961091eed8bea1ba4a0fb5f78e0c728f907fe0cf722e81af4aa82939db?s=96&d=mm&r=g","contentUrl":"https:\/\/secure.gravatar.com\/avatar\/3f5abf961091eed8bea1ba4a0fb5f78e0c728f907fe0cf722e81af4aa82939db?s=96&d=mm&r=g","caption":"S\u00f2nia Felip"},"url":"https:\/\/www.portdesitges.com\/ca\/author\/sonia\/"}]}},"_links":{"self":[{"href":"https:\/\/www.portdesitges.com\/ca\/wp-json\/wp\/v2\/posts\/14180","targetHints":{"allow":["GET"]}}],"collection":[{"href":"https:\/\/www.portdesitges.com\/ca\/wp-json\/wp\/v2\/posts"}],"about":[{"href":"https:\/\/www.portdesitges.com\/ca\/wp-json\/wp\/v2\/types\/post"}],"author":[{"embeddable":true,"href":"https:\/\/www.portdesitges.com\/ca\/wp-json\/wp\/v2\/users\/3"}],"replies":[{"embeddable":true,"href":"https:\/\/www.portdesitges.com\/ca\/wp-json\/wp\/v2\/comments?post=14180"}],"version-history":[{"count":2,"href":"https:\/\/www.portdesitges.com\/ca\/wp-json\/wp\/v2\/posts\/14180\/revisions"}],"predecessor-version":[{"id":14190,"href":"https:\/\/www.portdesitges.com\/ca\/wp-json\/wp\/v2\/posts\/14180\/revisions\/14190"}],"wp:featuredmedia":[{"embeddable":true,"href":"https:\/\/www.portdesitges.com\/ca\/wp-json\/wp\/v2\/media\/14187"}],"wp:attachment":[{"href":"https:\/\/www.portdesitges.com\/ca\/wp-json\/wp\/v2\/media?parent=14180"}],"wp:term":[{"taxonomy":"category","embeddable":true,"href":"https:\/\/www.portdesitges.com\/ca\/wp-json\/wp\/v2\/categories?post=14180"},{"taxonomy":"post_tag","embeddable":true,"href":"https:\/\/www.portdesitges.com\/ca\/wp-json\/wp\/v2\/tags?post=14180"}],"curies":[{"name":"wp","href":"https:\/\/api.w.org\/{rel}","templated":true}]}}