{"id":14083,"date":"2021-04-28T11:34:18","date_gmt":"2021-04-28T11:34:18","guid":{"rendered":"https:\/\/www.portdesitges.com\/?p=14083"},"modified":"2021-05-31T08:18:52","modified_gmt":"2021-05-31T08:18:52","slug":"el-port-de-sitges-rep-el-segell-safe-travels","status":"publish","type":"post","link":"https:\/\/www.portdesitges.com\/ca\/el-port-de-sitges-rep-el-segell-safe-travels\/","title":{"rendered":"El Port de Sitges rep el segell SAFE TRAVELS"},"content":{"rendered":"[vc_row type=&#8221;in_container&#8221; full_screen_row_position=&#8221;middle&#8221; column_margin=&#8221;default&#8221; scene_position=&#8221;center&#8221; text_color=&#8221;dark&#8221; text_align=&#8221;left&#8221; overlay_strength=&#8221;0.3&#8243; shape_divider_position=&#8221;bottom&#8221; bg_image_animation=&#8221;none&#8221;][vc_column column_padding=&#8221;no-extra-padding&#8221; column_padding_position=&#8221;all&#8221; background_color_opacity=&#8221;1&#8243; background_hover_color_opacity=&#8221;1&#8243; column_link_target=&#8221;_self&#8221; column_shadow=&#8221;none&#8221; column_border_radius=&#8221;none&#8221; width=&#8221;1\/1&#8243; tablet_width_inherit=&#8221;default&#8221; tablet_text_alignment=&#8221;default&#8221; phone_text_alignment=&#8221;default&#8221; overlay_strength=&#8221;0.3&#8243; column_border_width=&#8221;none&#8221; column_border_style=&#8221;solid&#8221; bg_image_animation=&#8221;none&#8221;][vc_column_text]Arran de la pand\u00e8mia de la Covid-19, el sector tur\u00edstic mundial va haver d\u2019adaptar-se a noves pr\u00e0ctiques i maneres de fer per garantir la seguretat de tots els seus clients, el qual va suposar un gran repte per a totes les empreses del ram. Per aix\u00f2 va n\u00e9ixer el segell SAFE TRAVELS, que reconeix tots els destins que compleixen amb totes les normatives per certificar el benestar del visitant.<br \/>\nEl Port de Sitges sempre ha assegurat la salut de tots els usuaris que ens visiten i des que va iniciar la crisi sanit\u00e0ria, ara fa m\u00e9s d\u2019un any, hem adaptat tots els protocols de seguretat, perqu\u00e8 la visita a Sitges i Aiguadol\u00e7 sigui confortable.<br \/>\nEls protocols inclouen l\u2019elaboraci\u00f3 de manuals i llistes de verificaci\u00f3 pel que fa a pr\u00e0ctiques de salut i seguretat internes i la comunicaci\u00f3 al personal, la implementaci\u00f3 de tecnologies per evitar el contacte f\u00edsic, correcte rentat de mans, \u00fas de mascaretes i guants, i l\u2019\u00fas correcte de productes de desinfecci\u00f3 avalats per les autoritats de salut.[\/vc_column_text][\/vc_column][\/vc_row][vc_row type=&#8221;in_container&#8221; full_screen_row_position=&#8221;middle&#8221; column_margin=&#8221;default&#8221; scene_position=&#8221;center&#8221; text_color=&#8221;dark&#8221; text_align=&#8221;left&#8221; overlay_strength=&#8221;0.3&#8243; shape_divider_position=&#8221;bottom&#8221; bg_image_animation=&#8221;none&#8221;][vc_column column_padding=&#8221;no-extra-padding&#8221; column_padding_position=&#8221;all&#8221; background_color_opacity=&#8221;1&#8243; background_hover_color_opacity=&#8221;1&#8243; column_link_target=&#8221;_self&#8221; column_shadow=&#8221;none&#8221; column_border_radius=&#8221;none&#8221; width=&#8221;1\/1&#8243; tablet_width_inherit=&#8221;default&#8221; tablet_text_alignment=&#8221;default&#8221; phone_text_alignment=&#8221;default&#8221; overlay_strength=&#8221;0.3&#8243; column_border_width=&#8221;none&#8221; column_border_style=&#8221;solid&#8221; bg_image_animation=&#8221;none&#8221;][\/vc_column][\/vc_row][vc_row type=&#8221;in_container&#8221; full_screen_row_position=&#8221;middle&#8221; column_margin=&#8221;default&#8221; scene_position=&#8221;center&#8221; text_color=&#8221;dark&#8221; text_align=&#8221;left&#8221; overlay_strength=&#8221;0.3&#8243; shape_divider_position=&#8221;bottom&#8221; bg_image_animation=&#8221;none&#8221;][vc_column column_padding=&#8221;no-extra-padding&#8221; column_padding_position=&#8221;all&#8221; background_color_opacity=&#8221;1&#8243; background_hover_color_opacity=&#8221;1&#8243; column_link_target=&#8221;_self&#8221; column_shadow=&#8221;none&#8221; column_border_radius=&#8221;none&#8221; width=&#8221;1\/1&#8243; tablet_width_inherit=&#8221;default&#8221; tablet_text_alignment=&#8221;default&#8221; phone_text_alignment=&#8221;default&#8221; overlay_strength=&#8221;0.3&#8243; column_border_width=&#8221;none&#8221; column_border_style=&#8221;solid&#8221; bg_image_animation=&#8221;none&#8221;][vc_column_text][\/ vc_column] [\/ vc_row][\/vc_column_text][\/vc_column][\/vc_row]\n","protected":false},"excerpt":{"rendered":"<p>[vc_row type=&#8221;in_container&#8221; full_screen_row_position=&#8221;middle&#8221; column_margin=&#8221;default&#8221; scene_position=&#8221;center&#8221; text_color=&#8221;dark&#8221; text_align=&#8221;left&#8221; overlay_strength=&#8221;0.3&#8243; shape_divider_position=&#8221;bottom&#8221; bg_image_animation=&#8221;none&#8221;][vc_column column_padding=&#8221;no-extra-padding&#8221; column_padding_position=&#8221;all&#8221; background_color_opacity=&#8221;1&#8243; background_hover_color_opacity=&#8221;1&#8243; column_link_target=&#8221;_self&#8221; column_shadow=&#8221;none&#8221; column_border_radius=&#8221;none&#8221; width=&#8221;1\/1&#8243; tablet_width_inherit=&#8221;default&#8221; tablet_text_alignment=&#8221;default&#8221; phone_text_alignment=&#8221;default&#8221; overlay_strength=&#8221;0.3&#8243; column_border_width=&#8221;none&#8221; column_border_style=&#8221;solid&#8221; bg_image_animation=&#8221;none&#8221;][vc_column_text]Arran de la pand\u00e8mia de la&#8230;<\/p>\n","protected":false},"author":3,"featured_media":14089,"comment_status":"closed","ping_status":"closed","sticky":false,"template":"","format":"standard","meta":{"footnotes":""},"categories":[62],"tags":[],"class_list":{"0":"post-14083","1":"post","2":"type-post","3":"status-publish","4":"format-standard","5":"has-post-thumbnail","7":"category-noticias-ca"},"yoast_head":"<!-- This site is optimized with the Yoast SEO plugin v27.3 - https:\/\/yoast.com\/product\/yoast-seo-wordpress\/ -->\n<title>El Port de Sitges rep el segell SAFE TRAVELS<\/title>\n<meta name=\"description\" content=\"Arran de la pand\u00e8mia de la Covid-19, el sector tur\u00edstic mundial va haver d\u2019adaptar-se a noves pr\u00e0ctiques i maneres de fer per garantir la seguretat de tots els seus clients, el qual va suposar un gran repte per a totes les empreses del ram. Per aix\u00f2 va n\u00e9ixer el segell SAFE TRAVELS, que reconeix tots els destins que compleixen amb totes les normatives per certificar el benestar del visitant.\" \/>\n<meta name=\"robots\" content=\"index, follow, max-snippet:-1, max-image-preview:large, max-video-preview:-1\" \/>\n<link rel=\"canonical\" href=\"https:\/\/www.portdesitges.com\/ca\/el-port-de-sitges-rep-el-segell-safe-travels\/\" \/>\n<meta property=\"og:locale\" content=\"ca_ES\" \/>\n<meta property=\"og:type\" content=\"article\" \/>\n<meta property=\"og:title\" content=\"El Port de Sitges rep el segell SAFE TRAVELS\" \/>\n<meta property=\"og:description\" content=\"Arran de la pand\u00e8mia de la Covid-19, el sector tur\u00edstic mundial va haver d\u2019adaptar-se a noves pr\u00e0ctiques i maneres de fer per garantir la seguretat de tots els seus clients, el qual va suposar un gran repte per a totes les empreses del ram. Per aix\u00f2 va n\u00e9ixer el segell SAFE TRAVELS, que reconeix tots els destins que compleixen amb totes les normatives per certificar el benestar del visitant.\" \/>\n<meta property=\"og:url\" content=\"https:\/\/www.portdesitges.com\/ca\/el-port-de-sitges-rep-el-segell-safe-travels\/\" \/>\n<meta property=\"og:site_name\" content=\"Port de Sitges - Aiguadol\u00e7\" \/>\n<meta property=\"article:published_time\" content=\"2021-04-28T11:34:18+00:00\" \/>\n<meta property=\"article:modified_time\" content=\"2021-05-31T08:18:52+00:00\" \/>\n<meta property=\"og:image\" content=\"https:\/\/www.portdesitges.com\/wp-content\/uploads\/2021\/04\/WTTC-SafeTravelsPortSitges-scaled.jpg\" \/>\n\t<meta property=\"og:image:width\" content=\"2560\" \/>\n\t<meta property=\"og:image:height\" content=\"2560\" \/>\n\t<meta property=\"og:image:type\" content=\"image\/jpeg\" \/>\n<meta name=\"author\" content=\"S\u00f2nia Felip\" \/>\n<meta name=\"twitter:card\" content=\"summary_large_image\" \/>\n<meta name=\"twitter:label1\" content=\"Escrit per\" \/>\n\t<meta name=\"twitter:data1\" content=\"S\u00f2nia Felip\" \/>\n\t<meta name=\"twitter:label2\" content=\"Temps estimat de lectura\" \/>\n\t<meta name=\"twitter:data2\" content=\"2 minuts\" \/>\n<script type=\"application\/ld+json\" class=\"yoast-schema-graph\">{\"@context\":\"https:\\\/\\\/schema.org\",\"@graph\":[{\"@type\":\"Article\",\"@id\":\"https:\\\/\\\/www.portdesitges.com\\\/ca\\\/el-port-de-sitges-rep-el-segell-safe-travels\\\/#article\",\"isPartOf\":{\"@id\":\"https:\\\/\\\/www.portdesitges.com\\\/ca\\\/el-port-de-sitges-rep-el-segell-safe-travels\\\/\"},\"author\":{\"name\":\"S\u00f2nia Felip\",\"@id\":\"https:\\\/\\\/www.portdesitges.com\\\/#\\\/schema\\\/person\\\/be98f3191d6c7bb6ccddc2e0ac4d861f\"},\"headline\":\"El Port de Sitges rep el segell SAFE TRAVELS\",\"datePublished\":\"2021-04-28T11:34:18+00:00\",\"dateModified\":\"2021-05-31T08:18:52+00:00\",\"mainEntityOfPage\":{\"@id\":\"https:\\\/\\\/www.portdesitges.com\\\/ca\\\/el-port-de-sitges-rep-el-segell-safe-travels\\\/\"},\"wordCount\":477,\"image\":{\"@id\":\"https:\\\/\\\/www.portdesitges.com\\\/ca\\\/el-port-de-sitges-rep-el-segell-safe-travels\\\/#primaryimage\"},\"thumbnailUrl\":\"https:\\\/\\\/www.portdesitges.com\\\/wp-content\\\/uploads\\\/2021\\\/04\\\/WTTC-SafeTravelsPortSitges-scaled.jpg\",\"articleSection\":[\"Not\u00edcias\"],\"inLanguage\":\"ca\"},{\"@type\":\"WebPage\",\"@id\":\"https:\\\/\\\/www.portdesitges.com\\\/ca\\\/el-port-de-sitges-rep-el-segell-safe-travels\\\/\",\"url\":\"https:\\\/\\\/www.portdesitges.com\\\/ca\\\/el-port-de-sitges-rep-el-segell-safe-travels\\\/\",\"name\":\"El Port de Sitges rep el segell SAFE TRAVELS\",\"isPartOf\":{\"@id\":\"https:\\\/\\\/www.portdesitges.com\\\/#website\"},\"primaryImageOfPage\":{\"@id\":\"https:\\\/\\\/www.portdesitges.com\\\/ca\\\/el-port-de-sitges-rep-el-segell-safe-travels\\\/#primaryimage\"},\"image\":{\"@id\":\"https:\\\/\\\/www.portdesitges.com\\\/ca\\\/el-port-de-sitges-rep-el-segell-safe-travels\\\/#primaryimage\"},\"thumbnailUrl\":\"https:\\\/\\\/www.portdesitges.com\\\/wp-content\\\/uploads\\\/2021\\\/04\\\/WTTC-SafeTravelsPortSitges-scaled.jpg\",\"datePublished\":\"2021-04-28T11:34:18+00:00\",\"dateModified\":\"2021-05-31T08:18:52+00:00\",\"author\":{\"@id\":\"https:\\\/\\\/www.portdesitges.com\\\/#\\\/schema\\\/person\\\/be98f3191d6c7bb6ccddc2e0ac4d861f\"},\"description\":\"Arran de la pand\u00e8mia de la Covid-19, el sector tur\u00edstic mundial va haver d\u2019adaptar-se a noves pr\u00e0ctiques i maneres de fer per garantir la seguretat de tots els seus clients, el qual va suposar un gran repte per a totes les empreses del ram. Per aix\u00f2 va n\u00e9ixer el segell SAFE TRAVELS, que reconeix tots els destins que compleixen amb totes les normatives per certificar el benestar del visitant.\",\"breadcrumb\":{\"@id\":\"https:\\\/\\\/www.portdesitges.com\\\/ca\\\/el-port-de-sitges-rep-el-segell-safe-travels\\\/#breadcrumb\"},\"inLanguage\":\"ca\",\"potentialAction\":[{\"@type\":\"ReadAction\",\"target\":[\"https:\\\/\\\/www.portdesitges.com\\\/ca\\\/el-port-de-sitges-rep-el-segell-safe-travels\\\/\"]}]},{\"@type\":\"ImageObject\",\"inLanguage\":\"ca\",\"@id\":\"https:\\\/\\\/www.portdesitges.com\\\/ca\\\/el-port-de-sitges-rep-el-segell-safe-travels\\\/#primaryimage\",\"url\":\"https:\\\/\\\/www.portdesitges.com\\\/wp-content\\\/uploads\\\/2021\\\/04\\\/WTTC-SafeTravelsPortSitges-scaled.jpg\",\"contentUrl\":\"https:\\\/\\\/www.portdesitges.com\\\/wp-content\\\/uploads\\\/2021\\\/04\\\/WTTC-SafeTravelsPortSitges-scaled.jpg\",\"width\":2560,\"height\":2560},{\"@type\":\"BreadcrumbList\",\"@id\":\"https:\\\/\\\/www.portdesitges.com\\\/ca\\\/el-port-de-sitges-rep-el-segell-safe-travels\\\/#breadcrumb\",\"itemListElement\":[{\"@type\":\"ListItem\",\"position\":1,\"name\":\"Portada\",\"item\":\"https:\\\/\\\/www.portdesitges.com\\\/ca\\\/\"},{\"@type\":\"ListItem\",\"position\":2,\"name\":\"El Port de Sitges rep el segell SAFE TRAVELS\"}]},{\"@type\":\"WebSite\",\"@id\":\"https:\\\/\\\/www.portdesitges.com\\\/#website\",\"url\":\"https:\\\/\\\/www.portdesitges.com\\\/\",\"name\":\"Port de Sitges - Aiguadol\u00e7\",\"description\":\"lugar donde el mar y la tierra se dan de la mano para crear un espacio \u00fanico y atractivo. Disfruta de un mar de experiencias.\",\"potentialAction\":[{\"@type\":\"SearchAction\",\"target\":{\"@type\":\"EntryPoint\",\"urlTemplate\":\"https:\\\/\\\/www.portdesitges.com\\\/?s={search_term_string}\"},\"query-input\":{\"@type\":\"PropertyValueSpecification\",\"valueRequired\":true,\"valueName\":\"search_term_string\"}}],\"inLanguage\":\"ca\"},{\"@type\":\"Person\",\"@id\":\"https:\\\/\\\/www.portdesitges.com\\\/#\\\/schema\\\/person\\\/be98f3191d6c7bb6ccddc2e0ac4d861f\",\"name\":\"S\u00f2nia Felip\",\"image\":{\"@type\":\"ImageObject\",\"inLanguage\":\"ca\",\"@id\":\"https:\\\/\\\/secure.gravatar.com\\\/avatar\\\/3f5abf961091eed8bea1ba4a0fb5f78e0c728f907fe0cf722e81af4aa82939db?s=96&d=mm&r=g\",\"url\":\"https:\\\/\\\/secure.gravatar.com\\\/avatar\\\/3f5abf961091eed8bea1ba4a0fb5f78e0c728f907fe0cf722e81af4aa82939db?s=96&d=mm&r=g\",\"contentUrl\":\"https:\\\/\\\/secure.gravatar.com\\\/avatar\\\/3f5abf961091eed8bea1ba4a0fb5f78e0c728f907fe0cf722e81af4aa82939db?s=96&d=mm&r=g\",\"caption\":\"S\u00f2nia Felip\"},\"url\":\"https:\\\/\\\/www.portdesitges.com\\\/ca\\\/author\\\/sonia\\\/\"}]}<\/script>\n<!-- \/ Yoast SEO plugin. -->","yoast_head_json":{"title":"El Port de Sitges rep el segell SAFE TRAVELS","description":"Arran de la pand\u00e8mia de la Covid-19, el sector tur\u00edstic mundial va haver d\u2019adaptar-se a noves pr\u00e0ctiques i maneres de fer per garantir la seguretat de tots els seus clients, el qual va suposar un gran repte per a totes les empreses del ram. Per aix\u00f2 va n\u00e9ixer el segell SAFE TRAVELS, que reconeix tots els destins que compleixen amb totes les normatives per certificar el benestar del visitant.","robots":{"index":"index","follow":"follow","max-snippet":"max-snippet:-1","max-image-preview":"max-image-preview:large","max-video-preview":"max-video-preview:-1"},"canonical":"https:\/\/www.portdesitges.com\/ca\/el-port-de-sitges-rep-el-segell-safe-travels\/","og_locale":"ca_ES","og_type":"article","og_title":"El Port de Sitges rep el segell SAFE TRAVELS","og_description":"Arran de la pand\u00e8mia de la Covid-19, el sector tur\u00edstic mundial va haver d\u2019adaptar-se a noves pr\u00e0ctiques i maneres de fer per garantir la seguretat de tots els seus clients, el qual va suposar un gran repte per a totes les empreses del ram. Per aix\u00f2 va n\u00e9ixer el segell SAFE TRAVELS, que reconeix tots els destins que compleixen amb totes les normatives per certificar el benestar del visitant.","og_url":"https:\/\/www.portdesitges.com\/ca\/el-port-de-sitges-rep-el-segell-safe-travels\/","og_site_name":"Port de Sitges - Aiguadol\u00e7","article_published_time":"2021-04-28T11:34:18+00:00","article_modified_time":"2021-05-31T08:18:52+00:00","og_image":[{"width":2560,"height":2560,"url":"https:\/\/www.portdesitges.com\/wp-content\/uploads\/2021\/04\/WTTC-SafeTravelsPortSitges-scaled.jpg","type":"image\/jpeg"}],"author":"S\u00f2nia Felip","twitter_card":"summary_large_image","twitter_misc":{"Escrit per":"S\u00f2nia Felip","Temps estimat de lectura":"2 minuts"},"schema":{"@context":"https:\/\/schema.org","@graph":[{"@type":"Article","@id":"https:\/\/www.portdesitges.com\/ca\/el-port-de-sitges-rep-el-segell-safe-travels\/#article","isPartOf":{"@id":"https:\/\/www.portdesitges.com\/ca\/el-port-de-sitges-rep-el-segell-safe-travels\/"},"author":{"name":"S\u00f2nia Felip","@id":"https:\/\/www.portdesitges.com\/#\/schema\/person\/be98f3191d6c7bb6ccddc2e0ac4d861f"},"headline":"El Port de Sitges rep el segell SAFE TRAVELS","datePublished":"2021-04-28T11:34:18+00:00","dateModified":"2021-05-31T08:18:52+00:00","mainEntityOfPage":{"@id":"https:\/\/www.portdesitges.com\/ca\/el-port-de-sitges-rep-el-segell-safe-travels\/"},"wordCount":477,"image":{"@id":"https:\/\/www.portdesitges.com\/ca\/el-port-de-sitges-rep-el-segell-safe-travels\/#primaryimage"},"thumbnailUrl":"https:\/\/www.portdesitges.com\/wp-content\/uploads\/2021\/04\/WTTC-SafeTravelsPortSitges-scaled.jpg","articleSection":["Not\u00edcias"],"inLanguage":"ca"},{"@type":"WebPage","@id":"https:\/\/www.portdesitges.com\/ca\/el-port-de-sitges-rep-el-segell-safe-travels\/","url":"https:\/\/www.portdesitges.com\/ca\/el-port-de-sitges-rep-el-segell-safe-travels\/","name":"El Port de Sitges rep el segell SAFE TRAVELS","isPartOf":{"@id":"https:\/\/www.portdesitges.com\/#website"},"primaryImageOfPage":{"@id":"https:\/\/www.portdesitges.com\/ca\/el-port-de-sitges-rep-el-segell-safe-travels\/#primaryimage"},"image":{"@id":"https:\/\/www.portdesitges.com\/ca\/el-port-de-sitges-rep-el-segell-safe-travels\/#primaryimage"},"thumbnailUrl":"https:\/\/www.portdesitges.com\/wp-content\/uploads\/2021\/04\/WTTC-SafeTravelsPortSitges-scaled.jpg","datePublished":"2021-04-28T11:34:18+00:00","dateModified":"2021-05-31T08:18:52+00:00","author":{"@id":"https:\/\/www.portdesitges.com\/#\/schema\/person\/be98f3191d6c7bb6ccddc2e0ac4d861f"},"description":"Arran de la pand\u00e8mia de la Covid-19, el sector tur\u00edstic mundial va haver d\u2019adaptar-se a noves pr\u00e0ctiques i maneres de fer per garantir la seguretat de tots els seus clients, el qual va suposar un gran repte per a totes les empreses del ram. Per aix\u00f2 va n\u00e9ixer el segell SAFE TRAVELS, que reconeix tots els destins que compleixen amb totes les normatives per certificar el benestar del visitant.","breadcrumb":{"@id":"https:\/\/www.portdesitges.com\/ca\/el-port-de-sitges-rep-el-segell-safe-travels\/#breadcrumb"},"inLanguage":"ca","potentialAction":[{"@type":"ReadAction","target":["https:\/\/www.portdesitges.com\/ca\/el-port-de-sitges-rep-el-segell-safe-travels\/"]}]},{"@type":"ImageObject","inLanguage":"ca","@id":"https:\/\/www.portdesitges.com\/ca\/el-port-de-sitges-rep-el-segell-safe-travels\/#primaryimage","url":"https:\/\/www.portdesitges.com\/wp-content\/uploads\/2021\/04\/WTTC-SafeTravelsPortSitges-scaled.jpg","contentUrl":"https:\/\/www.portdesitges.com\/wp-content\/uploads\/2021\/04\/WTTC-SafeTravelsPortSitges-scaled.jpg","width":2560,"height":2560},{"@type":"BreadcrumbList","@id":"https:\/\/www.portdesitges.com\/ca\/el-port-de-sitges-rep-el-segell-safe-travels\/#breadcrumb","itemListElement":[{"@type":"ListItem","position":1,"name":"Portada","item":"https:\/\/www.portdesitges.com\/ca\/"},{"@type":"ListItem","position":2,"name":"El Port de Sitges rep el segell SAFE TRAVELS"}]},{"@type":"WebSite","@id":"https:\/\/www.portdesitges.com\/#website","url":"https:\/\/www.portdesitges.com\/","name":"Port de Sitges - Aiguadol\u00e7","description":"lugar donde el mar y la tierra se dan de la mano para crear un espacio \u00fanico y atractivo. Disfruta de un mar de experiencias.","potentialAction":[{"@type":"SearchAction","target":{"@type":"EntryPoint","urlTemplate":"https:\/\/www.portdesitges.com\/?s={search_term_string}"},"query-input":{"@type":"PropertyValueSpecification","valueRequired":true,"valueName":"search_term_string"}}],"inLanguage":"ca"},{"@type":"Person","@id":"https:\/\/www.portdesitges.com\/#\/schema\/person\/be98f3191d6c7bb6ccddc2e0ac4d861f","name":"S\u00f2nia Felip","image":{"@type":"ImageObject","inLanguage":"ca","@id":"https:\/\/secure.gravatar.com\/avatar\/3f5abf961091eed8bea1ba4a0fb5f78e0c728f907fe0cf722e81af4aa82939db?s=96&d=mm&r=g","url":"https:\/\/secure.gravatar.com\/avatar\/3f5abf961091eed8bea1ba4a0fb5f78e0c728f907fe0cf722e81af4aa82939db?s=96&d=mm&r=g","contentUrl":"https:\/\/secure.gravatar.com\/avatar\/3f5abf961091eed8bea1ba4a0fb5f78e0c728f907fe0cf722e81af4aa82939db?s=96&d=mm&r=g","caption":"S\u00f2nia Felip"},"url":"https:\/\/www.portdesitges.com\/ca\/author\/sonia\/"}]}},"_links":{"self":[{"href":"https:\/\/www.portdesitges.com\/ca\/wp-json\/wp\/v2\/posts\/14083","targetHints":{"allow":["GET"]}}],"collection":[{"href":"https:\/\/www.portdesitges.com\/ca\/wp-json\/wp\/v2\/posts"}],"about":[{"href":"https:\/\/www.portdesitges.com\/ca\/wp-json\/wp\/v2\/types\/post"}],"author":[{"embeddable":true,"href":"https:\/\/www.portdesitges.com\/ca\/wp-json\/wp\/v2\/users\/3"}],"replies":[{"embeddable":true,"href":"https:\/\/www.portdesitges.com\/ca\/wp-json\/wp\/v2\/comments?post=14083"}],"version-history":[{"count":2,"href":"https:\/\/www.portdesitges.com\/ca\/wp-json\/wp\/v2\/posts\/14083\/revisions"}],"predecessor-version":[{"id":14088,"href":"https:\/\/www.portdesitges.com\/ca\/wp-json\/wp\/v2\/posts\/14083\/revisions\/14088"}],"wp:featuredmedia":[{"embeddable":true,"href":"https:\/\/www.portdesitges.com\/ca\/wp-json\/wp\/v2\/media\/14089"}],"wp:attachment":[{"href":"https:\/\/www.portdesitges.com\/ca\/wp-json\/wp\/v2\/media?parent=14083"}],"wp:term":[{"taxonomy":"category","embeddable":true,"href":"https:\/\/www.portdesitges.com\/ca\/wp-json\/wp\/v2\/categories?post=14083"},{"taxonomy":"post_tag","embeddable":true,"href":"https:\/\/www.portdesitges.com\/ca\/wp-json\/wp\/v2\/tags?post=14083"}],"curies":[{"name":"wp","href":"https:\/\/api.w.org\/{rel}","templated":true}]}}