{"id":14038,"date":"2021-04-19T16:31:12","date_gmt":"2021-04-19T16:31:12","guid":{"rendered":"https:\/\/www.portdesitges.com\/?p=14038"},"modified":"2021-05-31T08:22:39","modified_gmt":"2021-05-31T08:22:39","slug":"el-port-participa-en-el-festival-sitges-vila-del-llibre","status":"publish","type":"post","link":"https:\/\/www.portdesitges.com\/ca\/el-port-participa-en-el-festival-sitges-vila-del-llibre\/","title":{"rendered":"El Port participa en el festival Sitges, Vila del Llibre"},"content":{"rendered":"[vc_row type=&#8221;in_container&#8221; full_screen_row_position=&#8221;middle&#8221; column_margin=&#8221;default&#8221; scene_position=&#8221;center&#8221; text_color=&#8221;dark&#8221; text_align=&#8221;left&#8221; overlay_strength=&#8221;0.3&#8243; shape_divider_position=&#8221;bottom&#8221; bg_image_animation=&#8221;none&#8221;][vc_column column_padding=&#8221;no-extra-padding&#8221; column_padding_position=&#8221;all&#8221; background_color_opacity=&#8221;1&#8243; background_hover_color_opacity=&#8221;1&#8243; column_link_target=&#8221;_self&#8221; column_shadow=&#8221;none&#8221; column_border_radius=&#8221;none&#8221; width=&#8221;1\/1&#8243; tablet_width_inherit=&#8221;default&#8221; tablet_text_alignment=&#8221;default&#8221; phone_text_alignment=&#8221;default&#8221; overlay_strength=&#8221;0.3&#8243; column_border_width=&#8221;none&#8221; column_border_style=&#8221;solid&#8221; bg_image_animation=&#8221;none&#8221;][vc_column_text]La vila de Sitges continua amb la seva aposta de posicionar-se com a destinaci\u00f3 cultural i va celebrar, el passat cap de setmana, la primera edici\u00f3 del festival literari Sitges, Vila del Llibre. El Port de Sitges i la seva fundaci\u00f3 hi vam ser presents i vam oferir novetats editorials dels autors del Port, Fernando Casanova i Albert Bertran Bas, a m\u00e9s d\u2019una col\u00b7lecci\u00f3 molt especial com \u00e9s el recull dels llibres de narracions breus que es va celebrar durant disset edicions. La presentaci\u00f3 del projecte Salvem els llibres, en qu\u00e8 volem crear la futura biblioteca del mar, va ser un gran \u00e8xit: tothom qui ho va desitjar va aportar els seus llibres, perqu\u00e8 tinguin una segona vida, i va agafar aquells que m\u00e9s l\u2019interessaven. El llibre m\u00e9s venut de la parada del Port va ser l\u2019\u00f2pera prima d\u2019Albert Bertran Bas. La mem\u00f2ria ets tu \u00e9s una magn\u00edfica novel\u00b7la que relata \u201cles aventures d&#8217;un noi que tracta de sobreviure com pot en un moment dif\u00edcil de la nostra hist\u00f2ria mentre es descobreix a si mateix i el m\u00f3n que l&#8217;envolta\u201d, explica el mateix autor. El confinament perimetral comarcal, a causa de les restriccions per combatre a la Covid-19, van fer que les previsions de p\u00fablic no fossin les que inicialment estaven previstes. Per\u00f2, tot i aix\u00f2, el mercat editorial va estar for\u00e7a concorregut. La fira va lluir amb la gran jornada assolellada de diumenge, on l\u2019aflu\u00e8ncia de p\u00fablic va ser major que la de dissabte. Durant el cap de setmana, tamb\u00e9 es van celebrar tota mena de presentacions i activitat , a l\u2019Hotel Meli\u00e0 ME, i activitats infantils i tallers, a l\u2019Hotel Sunway.[\/vc_column_text][\/vc_column][\/vc_row][vc_row type=&#8221;in_container&#8221; full_screen_row_position=&#8221;middle&#8221; column_margin=&#8221;default&#8221; scene_position=&#8221;center&#8221; text_color=&#8221;dark&#8221; text_align=&#8221;left&#8221; overlay_strength=&#8221;0.3&#8243; shape_divider_position=&#8221;bottom&#8221; bg_image_animation=&#8221;none&#8221;][vc_column column_padding=&#8221;no-extra-padding&#8221; column_padding_position=&#8221;all&#8221; background_color_opacity=&#8221;1&#8243; background_hover_color_opacity=&#8221;1&#8243; column_link_target=&#8221;_self&#8221; column_shadow=&#8221;none&#8221; column_border_radius=&#8221;none&#8221; width=&#8221;1\/1&#8243; tablet_width_inherit=&#8221;default&#8221; tablet_text_alignment=&#8221;default&#8221; phone_text_alignment=&#8221;default&#8221; overlay_strength=&#8221;0.3&#8243; column_border_width=&#8221;none&#8221; column_border_style=&#8221;solid&#8221; bg_image_animation=&#8221;none&#8221;][\/vc_column][\/vc_row][vc_row type=&#8221;in_container&#8221; full_screen_row_position=&#8221;middle&#8221; column_margin=&#8221;default&#8221; scene_position=&#8221;center&#8221; text_color=&#8221;dark&#8221; text_align=&#8221;left&#8221; overlay_strength=&#8221;0.3&#8243; shape_divider_position=&#8221;bottom&#8221; bg_image_animation=&#8221;none&#8221;][vc_column column_padding=&#8221;no-extra-padding&#8221; column_padding_position=&#8221;all&#8221; background_color_opacity=&#8221;1&#8243; background_hover_color_opacity=&#8221;1&#8243; column_link_target=&#8221;_self&#8221; column_shadow=&#8221;none&#8221; column_border_radius=&#8221;none&#8221; width=&#8221;1\/1&#8243; tablet_width_inherit=&#8221;default&#8221; tablet_text_alignment=&#8221;default&#8221; phone_text_alignment=&#8221;default&#8221; overlay_strength=&#8221;0.3&#8243; column_border_width=&#8221;none&#8221; column_border_style=&#8221;solid&#8221; bg_image_animation=&#8221;none&#8221;][vc_column_text][\/ vc_column] [\/ vc_row][\/vc_column_text][\/vc_column][\/vc_row]\n","protected":false},"excerpt":{"rendered":"<p>[vc_row type=&#8221;in_container&#8221; full_screen_row_position=&#8221;middle&#8221; column_margin=&#8221;default&#8221; scene_position=&#8221;center&#8221; text_color=&#8221;dark&#8221; text_align=&#8221;left&#8221; overlay_strength=&#8221;0.3&#8243; shape_divider_position=&#8221;bottom&#8221; bg_image_animation=&#8221;none&#8221;][vc_column column_padding=&#8221;no-extra-padding&#8221; column_padding_position=&#8221;all&#8221; background_color_opacity=&#8221;1&#8243; background_hover_color_opacity=&#8221;1&#8243; column_link_target=&#8221;_self&#8221; column_shadow=&#8221;none&#8221; column_border_radius=&#8221;none&#8221; width=&#8221;1\/1&#8243; tablet_width_inherit=&#8221;default&#8221; tablet_text_alignment=&#8221;default&#8221; phone_text_alignment=&#8221;default&#8221; overlay_strength=&#8221;0.3&#8243; column_border_width=&#8221;none&#8221; column_border_style=&#8221;solid&#8221; bg_image_animation=&#8221;none&#8221;][vc_column_text]La vila de Sitges continua amb&#8230;<\/p>\n","protected":false},"author":3,"featured_media":14042,"comment_status":"closed","ping_status":"closed","sticky":false,"template":"","format":"standard","meta":{"footnotes":""},"categories":[62],"tags":[],"class_list":{"0":"post-14038","1":"post","2":"type-post","3":"status-publish","4":"format-standard","5":"has-post-thumbnail","7":"category-noticias-ca"},"yoast_head":"<!-- This site is optimized with the Yoast SEO plugin v27.3 - https:\/\/yoast.com\/product\/yoast-seo-wordpress\/ -->\n<title>El Port participa en el festival Sitges, Vila del Llibre<\/title>\n<meta name=\"description\" content=\"La vila de Sitges continua amb la seva aposta de posicionar-se com a destinaci\u00f3 cultural i va celebrar, el passat cap de setmana, la primera edici\u00f3 del festival literari Sitges, Vila del Llibre. El Port de Sitges i la seva fundaci\u00f3 hi vam ser presents i vam oferir novetats editorials dels autors del Port, Fernando Casanova i Albert Bertran Bas, a m\u00e9s d\u2019una col\u00b7lecci\u00f3 molt especial com \u00e9s el recull dels llibres de narracions breus que es va celebrar durant disset edicions.\" \/>\n<meta name=\"robots\" content=\"index, follow, max-snippet:-1, max-image-preview:large, max-video-preview:-1\" \/>\n<link rel=\"canonical\" href=\"https:\/\/www.portdesitges.com\/ca\/el-port-participa-en-el-festival-sitges-vila-del-llibre\/\" \/>\n<meta property=\"og:locale\" content=\"ca_ES\" \/>\n<meta property=\"og:type\" content=\"article\" \/>\n<meta property=\"og:title\" content=\"El Port participa en el festival Sitges, Vila del Llibre\" \/>\n<meta property=\"og:description\" content=\"La vila de Sitges continua amb la seva aposta de posicionar-se com a destinaci\u00f3 cultural i va celebrar, el passat cap de setmana, la primera edici\u00f3 del festival literari Sitges, Vila del Llibre. El Port de Sitges i la seva fundaci\u00f3 hi vam ser presents i vam oferir novetats editorials dels autors del Port, Fernando Casanova i Albert Bertran Bas, a m\u00e9s d\u2019una col\u00b7lecci\u00f3 molt especial com \u00e9s el recull dels llibres de narracions breus que es va celebrar durant disset edicions.\" \/>\n<meta property=\"og:url\" content=\"https:\/\/www.portdesitges.com\/ca\/el-port-participa-en-el-festival-sitges-vila-del-llibre\/\" \/>\n<meta property=\"og:site_name\" content=\"Port de Sitges - Aiguadol\u00e7\" \/>\n<meta property=\"article:published_time\" content=\"2021-04-19T16:31:12+00:00\" \/>\n<meta property=\"article:modified_time\" content=\"2021-05-31T08:22:39+00:00\" \/>\n<meta property=\"og:image\" content=\"https:\/\/www.portdesitges.com\/wp-content\/uploads\/2021\/04\/WhatsApp-Image-2021-04-17-at-11.20.42.jpeg\" \/>\n\t<meta property=\"og:image:width\" content=\"2048\" \/>\n\t<meta property=\"og:image:height\" content=\"1536\" \/>\n\t<meta property=\"og:image:type\" content=\"image\/jpeg\" \/>\n<meta name=\"author\" content=\"S\u00f2nia Felip\" \/>\n<meta name=\"twitter:card\" content=\"summary_large_image\" \/>\n<meta name=\"twitter:label1\" content=\"Escrit per\" \/>\n\t<meta name=\"twitter:data1\" content=\"S\u00f2nia Felip\" \/>\n\t<meta name=\"twitter:label2\" content=\"Temps estimat de lectura\" \/>\n\t<meta name=\"twitter:data2\" content=\"3 minuts\" \/>\n<script type=\"application\/ld+json\" class=\"yoast-schema-graph\">{\"@context\":\"https:\\\/\\\/schema.org\",\"@graph\":[{\"@type\":\"Article\",\"@id\":\"https:\\\/\\\/www.portdesitges.com\\\/ca\\\/el-port-participa-en-el-festival-sitges-vila-del-llibre\\\/#article\",\"isPartOf\":{\"@id\":\"https:\\\/\\\/www.portdesitges.com\\\/ca\\\/el-port-participa-en-el-festival-sitges-vila-del-llibre\\\/\"},\"author\":{\"name\":\"S\u00f2nia Felip\",\"@id\":\"https:\\\/\\\/www.portdesitges.com\\\/#\\\/schema\\\/person\\\/be98f3191d6c7bb6ccddc2e0ac4d861f\"},\"headline\":\"El Port participa en el festival Sitges, Vila del Llibre\",\"datePublished\":\"2021-04-19T16:31:12+00:00\",\"dateModified\":\"2021-05-31T08:22:39+00:00\",\"mainEntityOfPage\":{\"@id\":\"https:\\\/\\\/www.portdesitges.com\\\/ca\\\/el-port-participa-en-el-festival-sitges-vila-del-llibre\\\/\"},\"wordCount\":591,\"image\":{\"@id\":\"https:\\\/\\\/www.portdesitges.com\\\/ca\\\/el-port-participa-en-el-festival-sitges-vila-del-llibre\\\/#primaryimage\"},\"thumbnailUrl\":\"https:\\\/\\\/www.portdesitges.com\\\/wp-content\\\/uploads\\\/2021\\\/04\\\/WhatsApp-Image-2021-04-17-at-11.20.42.jpeg\",\"articleSection\":[\"Not\u00edcias\"],\"inLanguage\":\"ca\"},{\"@type\":\"WebPage\",\"@id\":\"https:\\\/\\\/www.portdesitges.com\\\/ca\\\/el-port-participa-en-el-festival-sitges-vila-del-llibre\\\/\",\"url\":\"https:\\\/\\\/www.portdesitges.com\\\/ca\\\/el-port-participa-en-el-festival-sitges-vila-del-llibre\\\/\",\"name\":\"El Port participa en el festival Sitges, Vila del Llibre\",\"isPartOf\":{\"@id\":\"https:\\\/\\\/www.portdesitges.com\\\/#website\"},\"primaryImageOfPage\":{\"@id\":\"https:\\\/\\\/www.portdesitges.com\\\/ca\\\/el-port-participa-en-el-festival-sitges-vila-del-llibre\\\/#primaryimage\"},\"image\":{\"@id\":\"https:\\\/\\\/www.portdesitges.com\\\/ca\\\/el-port-participa-en-el-festival-sitges-vila-del-llibre\\\/#primaryimage\"},\"thumbnailUrl\":\"https:\\\/\\\/www.portdesitges.com\\\/wp-content\\\/uploads\\\/2021\\\/04\\\/WhatsApp-Image-2021-04-17-at-11.20.42.jpeg\",\"datePublished\":\"2021-04-19T16:31:12+00:00\",\"dateModified\":\"2021-05-31T08:22:39+00:00\",\"author\":{\"@id\":\"https:\\\/\\\/www.portdesitges.com\\\/#\\\/schema\\\/person\\\/be98f3191d6c7bb6ccddc2e0ac4d861f\"},\"description\":\"La vila de Sitges continua amb la seva aposta de posicionar-se com a destinaci\u00f3 cultural i va celebrar, el passat cap de setmana, la primera edici\u00f3 del festival literari Sitges, Vila del Llibre. El Port de Sitges i la seva fundaci\u00f3 hi vam ser presents i vam oferir novetats editorials dels autors del Port, Fernando Casanova i Albert Bertran Bas, a m\u00e9s d\u2019una col\u00b7lecci\u00f3 molt especial com \u00e9s el recull dels llibres de narracions breus que es va celebrar durant disset edicions.\",\"breadcrumb\":{\"@id\":\"https:\\\/\\\/www.portdesitges.com\\\/ca\\\/el-port-participa-en-el-festival-sitges-vila-del-llibre\\\/#breadcrumb\"},\"inLanguage\":\"ca\",\"potentialAction\":[{\"@type\":\"ReadAction\",\"target\":[\"https:\\\/\\\/www.portdesitges.com\\\/ca\\\/el-port-participa-en-el-festival-sitges-vila-del-llibre\\\/\"]}]},{\"@type\":\"ImageObject\",\"inLanguage\":\"ca\",\"@id\":\"https:\\\/\\\/www.portdesitges.com\\\/ca\\\/el-port-participa-en-el-festival-sitges-vila-del-llibre\\\/#primaryimage\",\"url\":\"https:\\\/\\\/www.portdesitges.com\\\/wp-content\\\/uploads\\\/2021\\\/04\\\/WhatsApp-Image-2021-04-17-at-11.20.42.jpeg\",\"contentUrl\":\"https:\\\/\\\/www.portdesitges.com\\\/wp-content\\\/uploads\\\/2021\\\/04\\\/WhatsApp-Image-2021-04-17-at-11.20.42.jpeg\",\"width\":2048,\"height\":1536},{\"@type\":\"BreadcrumbList\",\"@id\":\"https:\\\/\\\/www.portdesitges.com\\\/ca\\\/el-port-participa-en-el-festival-sitges-vila-del-llibre\\\/#breadcrumb\",\"itemListElement\":[{\"@type\":\"ListItem\",\"position\":1,\"name\":\"Portada\",\"item\":\"https:\\\/\\\/www.portdesitges.com\\\/ca\\\/\"},{\"@type\":\"ListItem\",\"position\":2,\"name\":\"El Port participa en el festival Sitges, Vila del Llibre\"}]},{\"@type\":\"WebSite\",\"@id\":\"https:\\\/\\\/www.portdesitges.com\\\/#website\",\"url\":\"https:\\\/\\\/www.portdesitges.com\\\/\",\"name\":\"Port de Sitges - Aiguadol\u00e7\",\"description\":\"lugar donde el mar y la tierra se dan de la mano para crear un espacio \u00fanico y atractivo. Disfruta de un mar de experiencias.\",\"potentialAction\":[{\"@type\":\"SearchAction\",\"target\":{\"@type\":\"EntryPoint\",\"urlTemplate\":\"https:\\\/\\\/www.portdesitges.com\\\/?s={search_term_string}\"},\"query-input\":{\"@type\":\"PropertyValueSpecification\",\"valueRequired\":true,\"valueName\":\"search_term_string\"}}],\"inLanguage\":\"ca\"},{\"@type\":\"Person\",\"@id\":\"https:\\\/\\\/www.portdesitges.com\\\/#\\\/schema\\\/person\\\/be98f3191d6c7bb6ccddc2e0ac4d861f\",\"name\":\"S\u00f2nia Felip\",\"image\":{\"@type\":\"ImageObject\",\"inLanguage\":\"ca\",\"@id\":\"https:\\\/\\\/secure.gravatar.com\\\/avatar\\\/3f5abf961091eed8bea1ba4a0fb5f78e0c728f907fe0cf722e81af4aa82939db?s=96&d=mm&r=g\",\"url\":\"https:\\\/\\\/secure.gravatar.com\\\/avatar\\\/3f5abf961091eed8bea1ba4a0fb5f78e0c728f907fe0cf722e81af4aa82939db?s=96&d=mm&r=g\",\"contentUrl\":\"https:\\\/\\\/secure.gravatar.com\\\/avatar\\\/3f5abf961091eed8bea1ba4a0fb5f78e0c728f907fe0cf722e81af4aa82939db?s=96&d=mm&r=g\",\"caption\":\"S\u00f2nia Felip\"},\"url\":\"https:\\\/\\\/www.portdesitges.com\\\/ca\\\/author\\\/sonia\\\/\"}]}<\/script>\n<!-- \/ Yoast SEO plugin. -->","yoast_head_json":{"title":"El Port participa en el festival Sitges, Vila del Llibre","description":"La vila de Sitges continua amb la seva aposta de posicionar-se com a destinaci\u00f3 cultural i va celebrar, el passat cap de setmana, la primera edici\u00f3 del festival literari Sitges, Vila del Llibre. El Port de Sitges i la seva fundaci\u00f3 hi vam ser presents i vam oferir novetats editorials dels autors del Port, Fernando Casanova i Albert Bertran Bas, a m\u00e9s d\u2019una col\u00b7lecci\u00f3 molt especial com \u00e9s el recull dels llibres de narracions breus que es va celebrar durant disset edicions.","robots":{"index":"index","follow":"follow","max-snippet":"max-snippet:-1","max-image-preview":"max-image-preview:large","max-video-preview":"max-video-preview:-1"},"canonical":"https:\/\/www.portdesitges.com\/ca\/el-port-participa-en-el-festival-sitges-vila-del-llibre\/","og_locale":"ca_ES","og_type":"article","og_title":"El Port participa en el festival Sitges, Vila del Llibre","og_description":"La vila de Sitges continua amb la seva aposta de posicionar-se com a destinaci\u00f3 cultural i va celebrar, el passat cap de setmana, la primera edici\u00f3 del festival literari Sitges, Vila del Llibre. El Port de Sitges i la seva fundaci\u00f3 hi vam ser presents i vam oferir novetats editorials dels autors del Port, Fernando Casanova i Albert Bertran Bas, a m\u00e9s d\u2019una col\u00b7lecci\u00f3 molt especial com \u00e9s el recull dels llibres de narracions breus que es va celebrar durant disset edicions.","og_url":"https:\/\/www.portdesitges.com\/ca\/el-port-participa-en-el-festival-sitges-vila-del-llibre\/","og_site_name":"Port de Sitges - Aiguadol\u00e7","article_published_time":"2021-04-19T16:31:12+00:00","article_modified_time":"2021-05-31T08:22:39+00:00","og_image":[{"width":2048,"height":1536,"url":"https:\/\/www.portdesitges.com\/wp-content\/uploads\/2021\/04\/WhatsApp-Image-2021-04-17-at-11.20.42.jpeg","type":"image\/jpeg"}],"author":"S\u00f2nia Felip","twitter_card":"summary_large_image","twitter_misc":{"Escrit per":"S\u00f2nia Felip","Temps estimat de lectura":"3 minuts"},"schema":{"@context":"https:\/\/schema.org","@graph":[{"@type":"Article","@id":"https:\/\/www.portdesitges.com\/ca\/el-port-participa-en-el-festival-sitges-vila-del-llibre\/#article","isPartOf":{"@id":"https:\/\/www.portdesitges.com\/ca\/el-port-participa-en-el-festival-sitges-vila-del-llibre\/"},"author":{"name":"S\u00f2nia Felip","@id":"https:\/\/www.portdesitges.com\/#\/schema\/person\/be98f3191d6c7bb6ccddc2e0ac4d861f"},"headline":"El Port participa en el festival Sitges, Vila del Llibre","datePublished":"2021-04-19T16:31:12+00:00","dateModified":"2021-05-31T08:22:39+00:00","mainEntityOfPage":{"@id":"https:\/\/www.portdesitges.com\/ca\/el-port-participa-en-el-festival-sitges-vila-del-llibre\/"},"wordCount":591,"image":{"@id":"https:\/\/www.portdesitges.com\/ca\/el-port-participa-en-el-festival-sitges-vila-del-llibre\/#primaryimage"},"thumbnailUrl":"https:\/\/www.portdesitges.com\/wp-content\/uploads\/2021\/04\/WhatsApp-Image-2021-04-17-at-11.20.42.jpeg","articleSection":["Not\u00edcias"],"inLanguage":"ca"},{"@type":"WebPage","@id":"https:\/\/www.portdesitges.com\/ca\/el-port-participa-en-el-festival-sitges-vila-del-llibre\/","url":"https:\/\/www.portdesitges.com\/ca\/el-port-participa-en-el-festival-sitges-vila-del-llibre\/","name":"El Port participa en el festival Sitges, Vila del Llibre","isPartOf":{"@id":"https:\/\/www.portdesitges.com\/#website"},"primaryImageOfPage":{"@id":"https:\/\/www.portdesitges.com\/ca\/el-port-participa-en-el-festival-sitges-vila-del-llibre\/#primaryimage"},"image":{"@id":"https:\/\/www.portdesitges.com\/ca\/el-port-participa-en-el-festival-sitges-vila-del-llibre\/#primaryimage"},"thumbnailUrl":"https:\/\/www.portdesitges.com\/wp-content\/uploads\/2021\/04\/WhatsApp-Image-2021-04-17-at-11.20.42.jpeg","datePublished":"2021-04-19T16:31:12+00:00","dateModified":"2021-05-31T08:22:39+00:00","author":{"@id":"https:\/\/www.portdesitges.com\/#\/schema\/person\/be98f3191d6c7bb6ccddc2e0ac4d861f"},"description":"La vila de Sitges continua amb la seva aposta de posicionar-se com a destinaci\u00f3 cultural i va celebrar, el passat cap de setmana, la primera edici\u00f3 del festival literari Sitges, Vila del Llibre. El Port de Sitges i la seva fundaci\u00f3 hi vam ser presents i vam oferir novetats editorials dels autors del Port, Fernando Casanova i Albert Bertran Bas, a m\u00e9s d\u2019una col\u00b7lecci\u00f3 molt especial com \u00e9s el recull dels llibres de narracions breus que es va celebrar durant disset edicions.","breadcrumb":{"@id":"https:\/\/www.portdesitges.com\/ca\/el-port-participa-en-el-festival-sitges-vila-del-llibre\/#breadcrumb"},"inLanguage":"ca","potentialAction":[{"@type":"ReadAction","target":["https:\/\/www.portdesitges.com\/ca\/el-port-participa-en-el-festival-sitges-vila-del-llibre\/"]}]},{"@type":"ImageObject","inLanguage":"ca","@id":"https:\/\/www.portdesitges.com\/ca\/el-port-participa-en-el-festival-sitges-vila-del-llibre\/#primaryimage","url":"https:\/\/www.portdesitges.com\/wp-content\/uploads\/2021\/04\/WhatsApp-Image-2021-04-17-at-11.20.42.jpeg","contentUrl":"https:\/\/www.portdesitges.com\/wp-content\/uploads\/2021\/04\/WhatsApp-Image-2021-04-17-at-11.20.42.jpeg","width":2048,"height":1536},{"@type":"BreadcrumbList","@id":"https:\/\/www.portdesitges.com\/ca\/el-port-participa-en-el-festival-sitges-vila-del-llibre\/#breadcrumb","itemListElement":[{"@type":"ListItem","position":1,"name":"Portada","item":"https:\/\/www.portdesitges.com\/ca\/"},{"@type":"ListItem","position":2,"name":"El Port participa en el festival Sitges, Vila del Llibre"}]},{"@type":"WebSite","@id":"https:\/\/www.portdesitges.com\/#website","url":"https:\/\/www.portdesitges.com\/","name":"Port de Sitges - Aiguadol\u00e7","description":"lugar donde el mar y la tierra se dan de la mano para crear un espacio \u00fanico y atractivo. Disfruta de un mar de experiencias.","potentialAction":[{"@type":"SearchAction","target":{"@type":"EntryPoint","urlTemplate":"https:\/\/www.portdesitges.com\/?s={search_term_string}"},"query-input":{"@type":"PropertyValueSpecification","valueRequired":true,"valueName":"search_term_string"}}],"inLanguage":"ca"},{"@type":"Person","@id":"https:\/\/www.portdesitges.com\/#\/schema\/person\/be98f3191d6c7bb6ccddc2e0ac4d861f","name":"S\u00f2nia Felip","image":{"@type":"ImageObject","inLanguage":"ca","@id":"https:\/\/secure.gravatar.com\/avatar\/3f5abf961091eed8bea1ba4a0fb5f78e0c728f907fe0cf722e81af4aa82939db?s=96&d=mm&r=g","url":"https:\/\/secure.gravatar.com\/avatar\/3f5abf961091eed8bea1ba4a0fb5f78e0c728f907fe0cf722e81af4aa82939db?s=96&d=mm&r=g","contentUrl":"https:\/\/secure.gravatar.com\/avatar\/3f5abf961091eed8bea1ba4a0fb5f78e0c728f907fe0cf722e81af4aa82939db?s=96&d=mm&r=g","caption":"S\u00f2nia Felip"},"url":"https:\/\/www.portdesitges.com\/ca\/author\/sonia\/"}]}},"_links":{"self":[{"href":"https:\/\/www.portdesitges.com\/ca\/wp-json\/wp\/v2\/posts\/14038","targetHints":{"allow":["GET"]}}],"collection":[{"href":"https:\/\/www.portdesitges.com\/ca\/wp-json\/wp\/v2\/posts"}],"about":[{"href":"https:\/\/www.portdesitges.com\/ca\/wp-json\/wp\/v2\/types\/post"}],"author":[{"embeddable":true,"href":"https:\/\/www.portdesitges.com\/ca\/wp-json\/wp\/v2\/users\/3"}],"replies":[{"embeddable":true,"href":"https:\/\/www.portdesitges.com\/ca\/wp-json\/wp\/v2\/comments?post=14038"}],"version-history":[{"count":1,"href":"https:\/\/www.portdesitges.com\/ca\/wp-json\/wp\/v2\/posts\/14038\/revisions"}],"predecessor-version":[{"id":14046,"href":"https:\/\/www.portdesitges.com\/ca\/wp-json\/wp\/v2\/posts\/14038\/revisions\/14046"}],"wp:featuredmedia":[{"embeddable":true,"href":"https:\/\/www.portdesitges.com\/ca\/wp-json\/wp\/v2\/media\/14042"}],"wp:attachment":[{"href":"https:\/\/www.portdesitges.com\/ca\/wp-json\/wp\/v2\/media?parent=14038"}],"wp:term":[{"taxonomy":"category","embeddable":true,"href":"https:\/\/www.portdesitges.com\/ca\/wp-json\/wp\/v2\/categories?post=14038"},{"taxonomy":"post_tag","embeddable":true,"href":"https:\/\/www.portdesitges.com\/ca\/wp-json\/wp\/v2\/tags?post=14038"}],"curies":[{"name":"wp","href":"https:\/\/api.w.org\/{rel}","templated":true}]}}