{"id":14032,"date":"2021-04-16T11:32:38","date_gmt":"2021-04-16T11:32:38","guid":{"rendered":"https:\/\/www.portdesitges.com\/?p=14032"},"modified":"2021-05-31T08:23:07","modified_gmt":"2021-05-31T08:23:07","slug":"el-port-promou-la-insercio-laboral","status":"publish","type":"post","link":"https:\/\/www.portdesitges.com\/ca\/el-port-promou-la-insercio-laboral\/","title":{"rendered":"El Port promou la inserci\u00f3 laboral"},"content":{"rendered":"[vc_row type=&#8221;in_container&#8221; full_screen_row_position=&#8221;middle&#8221; column_margin=&#8221;default&#8221; scene_position=&#8221;center&#8221; text_color=&#8221;dark&#8221; text_align=&#8221;left&#8221; overlay_strength=&#8221;0.3&#8243; shape_divider_position=&#8221;bottom&#8221; bg_image_animation=&#8221;none&#8221;][vc_column column_padding=&#8221;no-extra-padding&#8221; column_padding_position=&#8221;all&#8221; background_color_opacity=&#8221;1&#8243; background_hover_color_opacity=&#8221;1&#8243; column_link_target=&#8221;_self&#8221; column_shadow=&#8221;none&#8221; column_border_radius=&#8221;none&#8221; width=&#8221;1\/1&#8243; tablet_width_inherit=&#8221;default&#8221; tablet_text_alignment=&#8221;default&#8221; phone_text_alignment=&#8221;default&#8221; overlay_strength=&#8221;0.3&#8243; column_border_width=&#8221;none&#8221; column_border_style=&#8221;solid&#8221; bg_image_animation=&#8221;none&#8221;][vc_column_text]El Port de Sitges &#8211; Aiguadol\u00e7 i el programa Garraf Singular han arribat a un acord de col\u2022laboraci\u00f3, per tal que un jove de la comarca del Garraf pugui realitzar les pr\u00e0ctiques d&#8217;Auxiliar en Electricitat i Electr\u00f2nica a les instal\u2022lacions portu\u00e0ries, sota la supervisi\u00f3 del cap de manteniment, que ser\u00e0 el seu tutor en tot el per\u00edode de pr\u00e0ctiques.<br \/>\nEl jove ha realitzat un curs de 300 hores i quatre mesos de duraci\u00f3 a l&#8217;Ajuntament de Vilanova i la Geltr\u00fa i ara podr\u00e0 posar en pr\u00e0ctica tots els coneixements adquirits en muntatge de sistemes el\u00e8ctrics i electr\u00f2nics i instal\u2022laci\u00f3 i manteniment el\u00e8ctric i electr\u00f2nic.<\/p>\n<p>El programa Garraf Singular est\u00e0 orientat a joves d\u2019entre 16 i 29 anys en situaci\u00f3 d\u2019atur, i el seu principal objectiu \u00e9s aconseguir la inserci\u00f3 laboral o acad\u00e8mica dels seus participants a partir de la millora de la seva ocupabilitat, alhora que contribuir a cobrir la demanda laboral de la comarca. Els joves poden aprendre a treballar en diferents tasques, des del manteniment d\u2019instal\u2022lacions de ports esportius o d\u2019ajudant de cuina, entre altres ocupacions.<\/p>\n<p>Aquest projecte est\u00e0 subvencionat pel Servei P\u00fablic d\u2019Ocupaci\u00f3 de Catalunya, el Ministeri de Treball i Economia Social i el Fons Social Europeu en el marc de la Iniciativa d\u2019Ocupaci\u00f3 Juvenil, d\u2019acord amb els Projectes Singulars de Garantia Juvenil.[\/vc_column_text][\/vc_column][\/vc_row][vc_row type=&#8221;in_container&#8221; full_screen_row_position=&#8221;middle&#8221; column_margin=&#8221;default&#8221; scene_position=&#8221;center&#8221; text_color=&#8221;dark&#8221; text_align=&#8221;left&#8221; overlay_strength=&#8221;0.3&#8243; shape_divider_position=&#8221;bottom&#8221; bg_image_animation=&#8221;none&#8221;][vc_column column_padding=&#8221;no-extra-padding&#8221; column_padding_position=&#8221;all&#8221; background_color_opacity=&#8221;1&#8243; background_hover_color_opacity=&#8221;1&#8243; column_link_target=&#8221;_self&#8221; column_shadow=&#8221;none&#8221; column_border_radius=&#8221;none&#8221; width=&#8221;1\/1&#8243; tablet_width_inherit=&#8221;default&#8221; tablet_text_alignment=&#8221;default&#8221; phone_text_alignment=&#8221;default&#8221; overlay_strength=&#8221;0.3&#8243; column_border_width=&#8221;none&#8221; column_border_style=&#8221;solid&#8221; bg_image_animation=&#8221;none&#8221;][\/vc_column][\/vc_row][vc_row type=&#8221;in_container&#8221; full_screen_row_position=&#8221;middle&#8221; column_margin=&#8221;default&#8221; scene_position=&#8221;center&#8221; text_color=&#8221;dark&#8221; text_align=&#8221;left&#8221; overlay_strength=&#8221;0.3&#8243; shape_divider_position=&#8221;bottom&#8221; bg_image_animation=&#8221;none&#8221;][vc_column column_padding=&#8221;no-extra-padding&#8221; column_padding_position=&#8221;all&#8221; background_color_opacity=&#8221;1&#8243; background_hover_color_opacity=&#8221;1&#8243; column_link_target=&#8221;_self&#8221; column_shadow=&#8221;none&#8221; column_border_radius=&#8221;none&#8221; width=&#8221;1\/1&#8243; tablet_width_inherit=&#8221;default&#8221; tablet_text_alignment=&#8221;default&#8221; phone_text_alignment=&#8221;default&#8221; overlay_strength=&#8221;0.3&#8243; column_border_width=&#8221;none&#8221; column_border_style=&#8221;solid&#8221; bg_image_animation=&#8221;none&#8221;][vc_column_text][\/ vc_column] [\/ vc_row][\/vc_column_text][\/vc_column][\/vc_row]\n","protected":false},"excerpt":{"rendered":"<p>[vc_row type=&#8221;in_container&#8221; full_screen_row_position=&#8221;middle&#8221; column_margin=&#8221;default&#8221; scene_position=&#8221;center&#8221; text_color=&#8221;dark&#8221; text_align=&#8221;left&#8221; overlay_strength=&#8221;0.3&#8243; shape_divider_position=&#8221;bottom&#8221; bg_image_animation=&#8221;none&#8221;][vc_column column_padding=&#8221;no-extra-padding&#8221; column_padding_position=&#8221;all&#8221; background_color_opacity=&#8221;1&#8243; background_hover_color_opacity=&#8221;1&#8243; column_link_target=&#8221;_self&#8221; column_shadow=&#8221;none&#8221; column_border_radius=&#8221;none&#8221; width=&#8221;1\/1&#8243; tablet_width_inherit=&#8221;default&#8221; tablet_text_alignment=&#8221;default&#8221; phone_text_alignment=&#8221;default&#8221; overlay_strength=&#8221;0.3&#8243; column_border_width=&#8221;none&#8221; column_border_style=&#8221;solid&#8221; bg_image_animation=&#8221;none&#8221;][vc_column_text]El Port de Sitges &#8211; Aiguadol\u00e7&#8230;<\/p>\n","protected":false},"author":3,"featured_media":14028,"comment_status":"closed","ping_status":"closed","sticky":false,"template":"","format":"standard","meta":{"footnotes":""},"categories":[62],"tags":[],"class_list":{"0":"post-14032","1":"post","2":"type-post","3":"status-publish","4":"format-standard","5":"has-post-thumbnail","7":"category-noticias-ca"},"yoast_head":"<!-- This site is optimized with the Yoast SEO plugin v27.3 - https:\/\/yoast.com\/product\/yoast-seo-wordpress\/ -->\n<title>El Port promou la inserci\u00f3 laboral<\/title>\n<meta name=\"description\" content=\"El Port de Sitges - Aiguadol\u00e7 i el programa Garraf Singular han arribat a un acord de col\u2022laboraci\u00f3, per tal que un jove de la comarca del Garraf pugui realitzar les pr\u00e0ctiques d&#039;Auxiliar en Electricitat i Electr\u00f2nica a les instal\u2022lacions portu\u00e0ries, sota la supervisi\u00f3 del cap de manteniment, que ser\u00e0 el seu tutor en tot el per\u00edode de pr\u00e0ctiques.\" \/>\n<meta name=\"robots\" content=\"index, follow, max-snippet:-1, max-image-preview:large, max-video-preview:-1\" \/>\n<link rel=\"canonical\" href=\"https:\/\/www.portdesitges.com\/ca\/el-port-promou-la-insercio-laboral\/\" \/>\n<meta property=\"og:locale\" content=\"ca_ES\" \/>\n<meta property=\"og:type\" content=\"article\" \/>\n<meta property=\"og:title\" content=\"El Port promou la inserci\u00f3 laboral\" \/>\n<meta property=\"og:description\" content=\"El Port de Sitges - Aiguadol\u00e7 i el programa Garraf Singular han arribat a un acord de col\u2022laboraci\u00f3, per tal que un jove de la comarca del Garraf pugui realitzar les pr\u00e0ctiques d&#039;Auxiliar en Electricitat i Electr\u00f2nica a les instal\u2022lacions portu\u00e0ries, sota la supervisi\u00f3 del cap de manteniment, que ser\u00e0 el seu tutor en tot el per\u00edode de pr\u00e0ctiques.\" \/>\n<meta property=\"og:url\" content=\"https:\/\/www.portdesitges.com\/ca\/el-port-promou-la-insercio-laboral\/\" \/>\n<meta property=\"og:site_name\" content=\"Port de Sitges - Aiguadol\u00e7\" \/>\n<meta property=\"article:published_time\" content=\"2021-04-16T11:32:38+00:00\" \/>\n<meta property=\"article:modified_time\" content=\"2021-05-31T08:23:07+00:00\" \/>\n<meta property=\"og:image\" content=\"https:\/\/www.portdesitges.com\/wp-content\/uploads\/2021\/04\/Foto1.jpeg\" \/>\n\t<meta property=\"og:image:width\" content=\"1536\" \/>\n\t<meta property=\"og:image:height\" content=\"2048\" \/>\n\t<meta property=\"og:image:type\" content=\"image\/jpeg\" \/>\n<meta name=\"author\" content=\"S\u00f2nia Felip\" \/>\n<meta name=\"twitter:card\" content=\"summary_large_image\" \/>\n<meta name=\"twitter:label1\" content=\"Escrit per\" \/>\n\t<meta name=\"twitter:data1\" content=\"S\u00f2nia Felip\" \/>\n\t<meta name=\"twitter:label2\" content=\"Temps estimat de lectura\" \/>\n\t<meta name=\"twitter:data2\" content=\"3 minuts\" \/>\n<script type=\"application\/ld+json\" class=\"yoast-schema-graph\">{\"@context\":\"https:\\\/\\\/schema.org\",\"@graph\":[{\"@type\":\"Article\",\"@id\":\"https:\\\/\\\/www.portdesitges.com\\\/ca\\\/el-port-promou-la-insercio-laboral\\\/#article\",\"isPartOf\":{\"@id\":\"https:\\\/\\\/www.portdesitges.com\\\/ca\\\/el-port-promou-la-insercio-laboral\\\/\"},\"author\":{\"name\":\"S\u00f2nia Felip\",\"@id\":\"https:\\\/\\\/www.portdesitges.com\\\/#\\\/schema\\\/person\\\/be98f3191d6c7bb6ccddc2e0ac4d861f\"},\"headline\":\"El Port promou la inserci\u00f3 laboral\",\"datePublished\":\"2021-04-16T11:32:38+00:00\",\"dateModified\":\"2021-05-31T08:23:07+00:00\",\"mainEntityOfPage\":{\"@id\":\"https:\\\/\\\/www.portdesitges.com\\\/ca\\\/el-port-promou-la-insercio-laboral\\\/\"},\"wordCount\":530,\"image\":{\"@id\":\"https:\\\/\\\/www.portdesitges.com\\\/ca\\\/el-port-promou-la-insercio-laboral\\\/#primaryimage\"},\"thumbnailUrl\":\"https:\\\/\\\/www.portdesitges.com\\\/wp-content\\\/uploads\\\/2021\\\/04\\\/Foto1.jpeg\",\"articleSection\":[\"Not\u00edcias\"],\"inLanguage\":\"ca\"},{\"@type\":\"WebPage\",\"@id\":\"https:\\\/\\\/www.portdesitges.com\\\/ca\\\/el-port-promou-la-insercio-laboral\\\/\",\"url\":\"https:\\\/\\\/www.portdesitges.com\\\/ca\\\/el-port-promou-la-insercio-laboral\\\/\",\"name\":\"El Port promou la inserci\u00f3 laboral\",\"isPartOf\":{\"@id\":\"https:\\\/\\\/www.portdesitges.com\\\/#website\"},\"primaryImageOfPage\":{\"@id\":\"https:\\\/\\\/www.portdesitges.com\\\/ca\\\/el-port-promou-la-insercio-laboral\\\/#primaryimage\"},\"image\":{\"@id\":\"https:\\\/\\\/www.portdesitges.com\\\/ca\\\/el-port-promou-la-insercio-laboral\\\/#primaryimage\"},\"thumbnailUrl\":\"https:\\\/\\\/www.portdesitges.com\\\/wp-content\\\/uploads\\\/2021\\\/04\\\/Foto1.jpeg\",\"datePublished\":\"2021-04-16T11:32:38+00:00\",\"dateModified\":\"2021-05-31T08:23:07+00:00\",\"author\":{\"@id\":\"https:\\\/\\\/www.portdesitges.com\\\/#\\\/schema\\\/person\\\/be98f3191d6c7bb6ccddc2e0ac4d861f\"},\"description\":\"El Port de Sitges - Aiguadol\u00e7 i el programa Garraf Singular han arribat a un acord de col\u2022laboraci\u00f3, per tal que un jove de la comarca del Garraf pugui realitzar les pr\u00e0ctiques d'Auxiliar en Electricitat i Electr\u00f2nica a les instal\u2022lacions portu\u00e0ries, sota la supervisi\u00f3 del cap de manteniment, que ser\u00e0 el seu tutor en tot el per\u00edode de pr\u00e0ctiques.\",\"breadcrumb\":{\"@id\":\"https:\\\/\\\/www.portdesitges.com\\\/ca\\\/el-port-promou-la-insercio-laboral\\\/#breadcrumb\"},\"inLanguage\":\"ca\",\"potentialAction\":[{\"@type\":\"ReadAction\",\"target\":[\"https:\\\/\\\/www.portdesitges.com\\\/ca\\\/el-port-promou-la-insercio-laboral\\\/\"]}]},{\"@type\":\"ImageObject\",\"inLanguage\":\"ca\",\"@id\":\"https:\\\/\\\/www.portdesitges.com\\\/ca\\\/el-port-promou-la-insercio-laboral\\\/#primaryimage\",\"url\":\"https:\\\/\\\/www.portdesitges.com\\\/wp-content\\\/uploads\\\/2021\\\/04\\\/Foto1.jpeg\",\"contentUrl\":\"https:\\\/\\\/www.portdesitges.com\\\/wp-content\\\/uploads\\\/2021\\\/04\\\/Foto1.jpeg\",\"width\":1536,\"height\":2048},{\"@type\":\"BreadcrumbList\",\"@id\":\"https:\\\/\\\/www.portdesitges.com\\\/ca\\\/el-port-promou-la-insercio-laboral\\\/#breadcrumb\",\"itemListElement\":[{\"@type\":\"ListItem\",\"position\":1,\"name\":\"Portada\",\"item\":\"https:\\\/\\\/www.portdesitges.com\\\/ca\\\/\"},{\"@type\":\"ListItem\",\"position\":2,\"name\":\"El Port promou la inserci\u00f3 laboral\"}]},{\"@type\":\"WebSite\",\"@id\":\"https:\\\/\\\/www.portdesitges.com\\\/#website\",\"url\":\"https:\\\/\\\/www.portdesitges.com\\\/\",\"name\":\"Port de Sitges - Aiguadol\u00e7\",\"description\":\"lugar donde el mar y la tierra se dan de la mano para crear un espacio \u00fanico y atractivo. Disfruta de un mar de experiencias.\",\"potentialAction\":[{\"@type\":\"SearchAction\",\"target\":{\"@type\":\"EntryPoint\",\"urlTemplate\":\"https:\\\/\\\/www.portdesitges.com\\\/?s={search_term_string}\"},\"query-input\":{\"@type\":\"PropertyValueSpecification\",\"valueRequired\":true,\"valueName\":\"search_term_string\"}}],\"inLanguage\":\"ca\"},{\"@type\":\"Person\",\"@id\":\"https:\\\/\\\/www.portdesitges.com\\\/#\\\/schema\\\/person\\\/be98f3191d6c7bb6ccddc2e0ac4d861f\",\"name\":\"S\u00f2nia Felip\",\"image\":{\"@type\":\"ImageObject\",\"inLanguage\":\"ca\",\"@id\":\"https:\\\/\\\/secure.gravatar.com\\\/avatar\\\/3f5abf961091eed8bea1ba4a0fb5f78e0c728f907fe0cf722e81af4aa82939db?s=96&d=mm&r=g\",\"url\":\"https:\\\/\\\/secure.gravatar.com\\\/avatar\\\/3f5abf961091eed8bea1ba4a0fb5f78e0c728f907fe0cf722e81af4aa82939db?s=96&d=mm&r=g\",\"contentUrl\":\"https:\\\/\\\/secure.gravatar.com\\\/avatar\\\/3f5abf961091eed8bea1ba4a0fb5f78e0c728f907fe0cf722e81af4aa82939db?s=96&d=mm&r=g\",\"caption\":\"S\u00f2nia Felip\"},\"url\":\"https:\\\/\\\/www.portdesitges.com\\\/ca\\\/author\\\/sonia\\\/\"}]}<\/script>\n<!-- \/ Yoast SEO plugin. -->","yoast_head_json":{"title":"El Port promou la inserci\u00f3 laboral","description":"El Port de Sitges - Aiguadol\u00e7 i el programa Garraf Singular han arribat a un acord de col\u2022laboraci\u00f3, per tal que un jove de la comarca del Garraf pugui realitzar les pr\u00e0ctiques d'Auxiliar en Electricitat i Electr\u00f2nica a les instal\u2022lacions portu\u00e0ries, sota la supervisi\u00f3 del cap de manteniment, que ser\u00e0 el seu tutor en tot el per\u00edode de pr\u00e0ctiques.","robots":{"index":"index","follow":"follow","max-snippet":"max-snippet:-1","max-image-preview":"max-image-preview:large","max-video-preview":"max-video-preview:-1"},"canonical":"https:\/\/www.portdesitges.com\/ca\/el-port-promou-la-insercio-laboral\/","og_locale":"ca_ES","og_type":"article","og_title":"El Port promou la inserci\u00f3 laboral","og_description":"El Port de Sitges - Aiguadol\u00e7 i el programa Garraf Singular han arribat a un acord de col\u2022laboraci\u00f3, per tal que un jove de la comarca del Garraf pugui realitzar les pr\u00e0ctiques d'Auxiliar en Electricitat i Electr\u00f2nica a les instal\u2022lacions portu\u00e0ries, sota la supervisi\u00f3 del cap de manteniment, que ser\u00e0 el seu tutor en tot el per\u00edode de pr\u00e0ctiques.","og_url":"https:\/\/www.portdesitges.com\/ca\/el-port-promou-la-insercio-laboral\/","og_site_name":"Port de Sitges - Aiguadol\u00e7","article_published_time":"2021-04-16T11:32:38+00:00","article_modified_time":"2021-05-31T08:23:07+00:00","og_image":[{"width":1536,"height":2048,"url":"https:\/\/www.portdesitges.com\/wp-content\/uploads\/2021\/04\/Foto1.jpeg","type":"image\/jpeg"}],"author":"S\u00f2nia Felip","twitter_card":"summary_large_image","twitter_misc":{"Escrit per":"S\u00f2nia Felip","Temps estimat de lectura":"3 minuts"},"schema":{"@context":"https:\/\/schema.org","@graph":[{"@type":"Article","@id":"https:\/\/www.portdesitges.com\/ca\/el-port-promou-la-insercio-laboral\/#article","isPartOf":{"@id":"https:\/\/www.portdesitges.com\/ca\/el-port-promou-la-insercio-laboral\/"},"author":{"name":"S\u00f2nia Felip","@id":"https:\/\/www.portdesitges.com\/#\/schema\/person\/be98f3191d6c7bb6ccddc2e0ac4d861f"},"headline":"El Port promou la inserci\u00f3 laboral","datePublished":"2021-04-16T11:32:38+00:00","dateModified":"2021-05-31T08:23:07+00:00","mainEntityOfPage":{"@id":"https:\/\/www.portdesitges.com\/ca\/el-port-promou-la-insercio-laboral\/"},"wordCount":530,"image":{"@id":"https:\/\/www.portdesitges.com\/ca\/el-port-promou-la-insercio-laboral\/#primaryimage"},"thumbnailUrl":"https:\/\/www.portdesitges.com\/wp-content\/uploads\/2021\/04\/Foto1.jpeg","articleSection":["Not\u00edcias"],"inLanguage":"ca"},{"@type":"WebPage","@id":"https:\/\/www.portdesitges.com\/ca\/el-port-promou-la-insercio-laboral\/","url":"https:\/\/www.portdesitges.com\/ca\/el-port-promou-la-insercio-laboral\/","name":"El Port promou la inserci\u00f3 laboral","isPartOf":{"@id":"https:\/\/www.portdesitges.com\/#website"},"primaryImageOfPage":{"@id":"https:\/\/www.portdesitges.com\/ca\/el-port-promou-la-insercio-laboral\/#primaryimage"},"image":{"@id":"https:\/\/www.portdesitges.com\/ca\/el-port-promou-la-insercio-laboral\/#primaryimage"},"thumbnailUrl":"https:\/\/www.portdesitges.com\/wp-content\/uploads\/2021\/04\/Foto1.jpeg","datePublished":"2021-04-16T11:32:38+00:00","dateModified":"2021-05-31T08:23:07+00:00","author":{"@id":"https:\/\/www.portdesitges.com\/#\/schema\/person\/be98f3191d6c7bb6ccddc2e0ac4d861f"},"description":"El Port de Sitges - Aiguadol\u00e7 i el programa Garraf Singular han arribat a un acord de col\u2022laboraci\u00f3, per tal que un jove de la comarca del Garraf pugui realitzar les pr\u00e0ctiques d'Auxiliar en Electricitat i Electr\u00f2nica a les instal\u2022lacions portu\u00e0ries, sota la supervisi\u00f3 del cap de manteniment, que ser\u00e0 el seu tutor en tot el per\u00edode de pr\u00e0ctiques.","breadcrumb":{"@id":"https:\/\/www.portdesitges.com\/ca\/el-port-promou-la-insercio-laboral\/#breadcrumb"},"inLanguage":"ca","potentialAction":[{"@type":"ReadAction","target":["https:\/\/www.portdesitges.com\/ca\/el-port-promou-la-insercio-laboral\/"]}]},{"@type":"ImageObject","inLanguage":"ca","@id":"https:\/\/www.portdesitges.com\/ca\/el-port-promou-la-insercio-laboral\/#primaryimage","url":"https:\/\/www.portdesitges.com\/wp-content\/uploads\/2021\/04\/Foto1.jpeg","contentUrl":"https:\/\/www.portdesitges.com\/wp-content\/uploads\/2021\/04\/Foto1.jpeg","width":1536,"height":2048},{"@type":"BreadcrumbList","@id":"https:\/\/www.portdesitges.com\/ca\/el-port-promou-la-insercio-laboral\/#breadcrumb","itemListElement":[{"@type":"ListItem","position":1,"name":"Portada","item":"https:\/\/www.portdesitges.com\/ca\/"},{"@type":"ListItem","position":2,"name":"El Port promou la inserci\u00f3 laboral"}]},{"@type":"WebSite","@id":"https:\/\/www.portdesitges.com\/#website","url":"https:\/\/www.portdesitges.com\/","name":"Port de Sitges - Aiguadol\u00e7","description":"lugar donde el mar y la tierra se dan de la mano para crear un espacio \u00fanico y atractivo. Disfruta de un mar de experiencias.","potentialAction":[{"@type":"SearchAction","target":{"@type":"EntryPoint","urlTemplate":"https:\/\/www.portdesitges.com\/?s={search_term_string}"},"query-input":{"@type":"PropertyValueSpecification","valueRequired":true,"valueName":"search_term_string"}}],"inLanguage":"ca"},{"@type":"Person","@id":"https:\/\/www.portdesitges.com\/#\/schema\/person\/be98f3191d6c7bb6ccddc2e0ac4d861f","name":"S\u00f2nia Felip","image":{"@type":"ImageObject","inLanguage":"ca","@id":"https:\/\/secure.gravatar.com\/avatar\/3f5abf961091eed8bea1ba4a0fb5f78e0c728f907fe0cf722e81af4aa82939db?s=96&d=mm&r=g","url":"https:\/\/secure.gravatar.com\/avatar\/3f5abf961091eed8bea1ba4a0fb5f78e0c728f907fe0cf722e81af4aa82939db?s=96&d=mm&r=g","contentUrl":"https:\/\/secure.gravatar.com\/avatar\/3f5abf961091eed8bea1ba4a0fb5f78e0c728f907fe0cf722e81af4aa82939db?s=96&d=mm&r=g","caption":"S\u00f2nia Felip"},"url":"https:\/\/www.portdesitges.com\/ca\/author\/sonia\/"}]}},"_links":{"self":[{"href":"https:\/\/www.portdesitges.com\/ca\/wp-json\/wp\/v2\/posts\/14032","targetHints":{"allow":["GET"]}}],"collection":[{"href":"https:\/\/www.portdesitges.com\/ca\/wp-json\/wp\/v2\/posts"}],"about":[{"href":"https:\/\/www.portdesitges.com\/ca\/wp-json\/wp\/v2\/types\/post"}],"author":[{"embeddable":true,"href":"https:\/\/www.portdesitges.com\/ca\/wp-json\/wp\/v2\/users\/3"}],"replies":[{"embeddable":true,"href":"https:\/\/www.portdesitges.com\/ca\/wp-json\/wp\/v2\/comments?post=14032"}],"version-history":[{"count":1,"href":"https:\/\/www.portdesitges.com\/ca\/wp-json\/wp\/v2\/posts\/14032\/revisions"}],"predecessor-version":[{"id":14036,"href":"https:\/\/www.portdesitges.com\/ca\/wp-json\/wp\/v2\/posts\/14032\/revisions\/14036"}],"wp:featuredmedia":[{"embeddable":true,"href":"https:\/\/www.portdesitges.com\/ca\/wp-json\/wp\/v2\/media\/14028"}],"wp:attachment":[{"href":"https:\/\/www.portdesitges.com\/ca\/wp-json\/wp\/v2\/media?parent=14032"}],"wp:term":[{"taxonomy":"category","embeddable":true,"href":"https:\/\/www.portdesitges.com\/ca\/wp-json\/wp\/v2\/categories?post=14032"},{"taxonomy":"post_tag","embeddable":true,"href":"https:\/\/www.portdesitges.com\/ca\/wp-json\/wp\/v2\/tags?post=14032"}],"curies":[{"name":"wp","href":"https:\/\/api.w.org\/{rel}","templated":true}]}}