{"id":14001,"date":"2021-03-18T15:31:49","date_gmt":"2021-03-18T15:31:49","guid":{"rendered":"https:\/\/www.portdesitges.com\/?p=14001"},"modified":"2021-05-31T08:25:52","modified_gmt":"2021-05-31T08:25:52","slug":"posa-te-la-be-llenca-la-be","status":"publish","type":"post","link":"https:\/\/www.portdesitges.com\/ca\/posa-te-la-be-llenca-la-be\/","title":{"rendered":"Posa-te-la b\u00e9, llen\u00e7a-la b\u00e9"},"content":{"rendered":"[vc_row type=&#8221;in_container&#8221; full_screen_row_position=&#8221;middle&#8221; column_margin=&#8221;default&#8221; scene_position=&#8221;center&#8221; text_color=&#8221;dark&#8221; text_align=&#8221;left&#8221; overlay_strength=&#8221;0.3&#8243; shape_divider_position=&#8221;bottom&#8221; bg_image_animation=&#8221;none&#8221;][vc_column column_padding=&#8221;no-extra-padding&#8221; column_padding_position=&#8221;all&#8221; background_color_opacity=&#8221;1&#8243; background_hover_color_opacity=&#8221;1&#8243; column_link_target=&#8221;_self&#8221; column_shadow=&#8221;none&#8221; column_border_radius=&#8221;none&#8221; width=&#8221;1\/1&#8243; tablet_width_inherit=&#8221;default&#8221; tablet_text_alignment=&#8221;default&#8221; phone_text_alignment=&#8221;default&#8221; overlay_strength=&#8221;0.3&#8243; column_border_width=&#8221;none&#8221; column_border_style=&#8221;solid&#8221; bg_image_animation=&#8221;none&#8221;][vc_column_text]Des que va comen\u00e7ar l&#8217;\u00fas obligatori de la mascareta, <a href=\"https:\/\/web.gencat.cat\/ca\/actualitat\/detall\/Us-obligatori-de-la-mascareta-00001\">a comen\u00e7aments del passat estiu<\/a>, els carrers i avingudes de tots els municipis han esdevingut un gran contenidor de mascaretes. Al Port de Sitges &#8211; Aiguadol\u00e7 sempre hem tingut gran consci\u00e8ncia mediambiental \u2013<a href=\"https:\/\/www.portdesitges.com\/ca\/medi-ambient\/\">els nostres segells ens avalen<\/a>\u2013 i per aix\u00f2 hem engegat aquesta campanya, per tal que tirin la mascareta al lloc correcte: el contenidor de rebuig (gris). El Port sempre ha estat un dels pioners en el tractament de residus i la preservaci\u00f3 del medi ambient i de la naturalesa que envolta tot l\u2019entorn de Sitges.<\/p>\n<p>Les autoritats sanit\u00e0ries destaquen la import\u00e0ncia de la mascareta per tal d&#8217;aturar la pand\u00e8mia, per\u00f2 per parar un greu problema sanitari no en podem causar un altre: aquests residus van a parar directament al mar i no s\u00f3n biodegradables. Un cop utilitzades, s&#8217;han d&#8217;abocar, ja que no es poden desinfectar rentant-les. Per tant, s&#8217;han de llen\u00e7ar directament a les escombraries normals o de rebuig, i mai al contenidor d\u2019envasos o a l\u2019org\u00e0nic.<\/p>\n<p>Aturem la pand\u00e8mia i cuidem el medi ambient: &#8220;Posa-te-la b\u00e9, llen\u00e7a-la b\u00e9&#8221;.[\/vc_column_text][\/vc_column][\/vc_row][vc_row type=&#8221;in_container&#8221; full_screen_row_position=&#8221;middle&#8221; column_margin=&#8221;default&#8221; scene_position=&#8221;center&#8221; text_color=&#8221;dark&#8221; text_align=&#8221;left&#8221; overlay_strength=&#8221;0.3&#8243; shape_divider_position=&#8221;bottom&#8221; bg_image_animation=&#8221;none&#8221;][vc_column column_padding=&#8221;no-extra-padding&#8221; column_padding_position=&#8221;all&#8221; background_color_opacity=&#8221;1&#8243; background_hover_color_opacity=&#8221;1&#8243; column_link_target=&#8221;_self&#8221; column_shadow=&#8221;none&#8221; column_border_radius=&#8221;none&#8221; width=&#8221;1\/1&#8243; tablet_width_inherit=&#8221;default&#8221; tablet_text_alignment=&#8221;default&#8221; phone_text_alignment=&#8221;default&#8221; overlay_strength=&#8221;0.3&#8243; column_border_width=&#8221;none&#8221; column_border_style=&#8221;solid&#8221; bg_image_animation=&#8221;none&#8221;][\/vc_column][\/vc_row][vc_row type=&#8221;in_container&#8221; full_screen_row_position=&#8221;middle&#8221; column_margin=&#8221;default&#8221; scene_position=&#8221;center&#8221; text_color=&#8221;dark&#8221; text_align=&#8221;left&#8221; overlay_strength=&#8221;0.3&#8243; shape_divider_position=&#8221;bottom&#8221; bg_image_animation=&#8221;none&#8221;][vc_column column_padding=&#8221;no-extra-padding&#8221; column_padding_position=&#8221;all&#8221; background_color_opacity=&#8221;1&#8243; background_hover_color_opacity=&#8221;1&#8243; column_link_target=&#8221;_self&#8221; column_shadow=&#8221;none&#8221; column_border_radius=&#8221;none&#8221; width=&#8221;1\/1&#8243; tablet_width_inherit=&#8221;default&#8221; tablet_text_alignment=&#8221;default&#8221; phone_text_alignment=&#8221;default&#8221; overlay_strength=&#8221;0.3&#8243; column_border_width=&#8221;none&#8221; column_border_style=&#8221;solid&#8221; bg_image_animation=&#8221;none&#8221;][vc_column_text][\/ vc_column] [\/ vc_row][\/vc_column_text][\/vc_column][\/vc_row]\n","protected":false},"excerpt":{"rendered":"<p>[vc_row type=&#8221;in_container&#8221; full_screen_row_position=&#8221;middle&#8221; column_margin=&#8221;default&#8221; scene_position=&#8221;center&#8221; text_color=&#8221;dark&#8221; text_align=&#8221;left&#8221; overlay_strength=&#8221;0.3&#8243; shape_divider_position=&#8221;bottom&#8221; bg_image_animation=&#8221;none&#8221;][vc_column column_padding=&#8221;no-extra-padding&#8221; column_padding_position=&#8221;all&#8221; background_color_opacity=&#8221;1&#8243; background_hover_color_opacity=&#8221;1&#8243; column_link_target=&#8221;_self&#8221; column_shadow=&#8221;none&#8221; column_border_radius=&#8221;none&#8221; width=&#8221;1\/1&#8243; tablet_width_inherit=&#8221;default&#8221; tablet_text_alignment=&#8221;default&#8221; phone_text_alignment=&#8221;default&#8221; overlay_strength=&#8221;0.3&#8243; column_border_width=&#8221;none&#8221; column_border_style=&#8221;solid&#8221; bg_image_animation=&#8221;none&#8221;][vc_column_text]Des que va comen\u00e7ar l&#8217;\u00fas obligatori&#8230;<\/p>\n","protected":false},"author":1,"featured_media":13997,"comment_status":"closed","ping_status":"closed","sticky":false,"template":"","format":"standard","meta":{"footnotes":""},"categories":[62],"tags":[],"class_list":{"0":"post-14001","1":"post","2":"type-post","3":"status-publish","4":"format-standard","5":"has-post-thumbnail","7":"category-noticias-ca"},"yoast_head":"<!-- This site is optimized with the Yoast SEO plugin v27.3 - https:\/\/yoast.com\/product\/yoast-seo-wordpress\/ -->\n<title>Posa-te-la b\u00e9, llen\u00e7a-la b\u00e9<\/title>\n<meta name=\"description\" content=\"Des que va comen\u00e7ar l&#039;\u00fas obligatori de la mascareta, a comen\u00e7aments del passat estiu, els carrers i avingudes de tots els municipis han esdevingut un gran contenidor de mascaretes. Al Port de Sitges - Aiguadol\u00e7 sempre hem tingut gran consci\u00e8ncia mediambiental \u2013els nostres segells ens avalen\u2013 i per aix\u00f2 hem engegat aquesta campanya, per tal que tirin la mascareta al lloc correcte: el contenidor de rebuig (gris). El Port sempre ha estat un dels pioners en el tractament de residus i la preservaci\u00f3 del medi ambient i de la naturalesa que envolta tot l\u2019entorn de Sitges.\" \/>\n<meta name=\"robots\" content=\"index, follow, max-snippet:-1, max-image-preview:large, max-video-preview:-1\" \/>\n<link rel=\"canonical\" href=\"https:\/\/www.portdesitges.com\/ca\/posa-te-la-be-llenca-la-be\/\" \/>\n<meta property=\"og:locale\" content=\"ca_ES\" \/>\n<meta property=\"og:type\" content=\"article\" \/>\n<meta property=\"og:title\" content=\"Posa-te-la b\u00e9, llen\u00e7a-la b\u00e9\" \/>\n<meta property=\"og:description\" content=\"Des que va comen\u00e7ar l&#039;\u00fas obligatori de la mascareta, a comen\u00e7aments del passat estiu, els carrers i avingudes de tots els municipis han esdevingut un gran contenidor de mascaretes. Al Port de Sitges - Aiguadol\u00e7 sempre hem tingut gran consci\u00e8ncia mediambiental \u2013els nostres segells ens avalen\u2013 i per aix\u00f2 hem engegat aquesta campanya, per tal que tirin la mascareta al lloc correcte: el contenidor de rebuig (gris). El Port sempre ha estat un dels pioners en el tractament de residus i la preservaci\u00f3 del medi ambient i de la naturalesa que envolta tot l\u2019entorn de Sitges.\" \/>\n<meta property=\"og:url\" content=\"https:\/\/www.portdesitges.com\/ca\/posa-te-la-be-llenca-la-be\/\" \/>\n<meta property=\"og:site_name\" content=\"Port de Sitges - Aiguadol\u00e7\" \/>\n<meta property=\"article:published_time\" content=\"2021-03-18T15:31:49+00:00\" \/>\n<meta property=\"article:modified_time\" content=\"2021-05-31T08:25:52+00:00\" \/>\n<meta property=\"og:image\" content=\"https:\/\/www.portdesitges.com\/wp-content\/uploads\/2021\/03\/CampanyaMascaretaDEF2-1-scaled.jpg\" \/>\n\t<meta property=\"og:image:width\" content=\"2560\" \/>\n\t<meta property=\"og:image:height\" content=\"2560\" \/>\n\t<meta property=\"og:image:type\" content=\"image\/jpeg\" \/>\n<meta name=\"author\" content=\"admin\" \/>\n<meta name=\"twitter:card\" content=\"summary_large_image\" \/>\n<meta name=\"twitter:label1\" content=\"Escrit per\" \/>\n\t<meta name=\"twitter:data1\" content=\"admin\" \/>\n\t<meta name=\"twitter:label2\" content=\"Temps estimat de lectura\" \/>\n\t<meta name=\"twitter:data2\" content=\"2 minuts\" \/>\n<script type=\"application\/ld+json\" class=\"yoast-schema-graph\">{\"@context\":\"https:\\\/\\\/schema.org\",\"@graph\":[{\"@type\":\"Article\",\"@id\":\"https:\\\/\\\/www.portdesitges.com\\\/ca\\\/posa-te-la-be-llenca-la-be\\\/#article\",\"isPartOf\":{\"@id\":\"https:\\\/\\\/www.portdesitges.com\\\/ca\\\/posa-te-la-be-llenca-la-be\\\/\"},\"author\":{\"name\":\"admin\",\"@id\":\"https:\\\/\\\/www.portdesitges.com\\\/#\\\/schema\\\/person\\\/1eefc99f5083e56db6bd643d0e8649fd\"},\"headline\":\"Posa-te-la b\u00e9, llen\u00e7a-la b\u00e9\",\"datePublished\":\"2021-03-18T15:31:49+00:00\",\"dateModified\":\"2021-05-31T08:25:52+00:00\",\"mainEntityOfPage\":{\"@id\":\"https:\\\/\\\/www.portdesitges.com\\\/ca\\\/posa-te-la-be-llenca-la-be\\\/\"},\"wordCount\":490,\"image\":{\"@id\":\"https:\\\/\\\/www.portdesitges.com\\\/ca\\\/posa-te-la-be-llenca-la-be\\\/#primaryimage\"},\"thumbnailUrl\":\"https:\\\/\\\/www.portdesitges.com\\\/wp-content\\\/uploads\\\/2021\\\/03\\\/CampanyaMascaretaDEF2-1-scaled.jpg\",\"articleSection\":[\"Not\u00edcias\"],\"inLanguage\":\"ca\"},{\"@type\":\"WebPage\",\"@id\":\"https:\\\/\\\/www.portdesitges.com\\\/ca\\\/posa-te-la-be-llenca-la-be\\\/\",\"url\":\"https:\\\/\\\/www.portdesitges.com\\\/ca\\\/posa-te-la-be-llenca-la-be\\\/\",\"name\":\"Posa-te-la b\u00e9, llen\u00e7a-la b\u00e9\",\"isPartOf\":{\"@id\":\"https:\\\/\\\/www.portdesitges.com\\\/#website\"},\"primaryImageOfPage\":{\"@id\":\"https:\\\/\\\/www.portdesitges.com\\\/ca\\\/posa-te-la-be-llenca-la-be\\\/#primaryimage\"},\"image\":{\"@id\":\"https:\\\/\\\/www.portdesitges.com\\\/ca\\\/posa-te-la-be-llenca-la-be\\\/#primaryimage\"},\"thumbnailUrl\":\"https:\\\/\\\/www.portdesitges.com\\\/wp-content\\\/uploads\\\/2021\\\/03\\\/CampanyaMascaretaDEF2-1-scaled.jpg\",\"datePublished\":\"2021-03-18T15:31:49+00:00\",\"dateModified\":\"2021-05-31T08:25:52+00:00\",\"author\":{\"@id\":\"https:\\\/\\\/www.portdesitges.com\\\/#\\\/schema\\\/person\\\/1eefc99f5083e56db6bd643d0e8649fd\"},\"description\":\"Des que va comen\u00e7ar l'\u00fas obligatori de la mascareta, a comen\u00e7aments del passat estiu, els carrers i avingudes de tots els municipis han esdevingut un gran contenidor de mascaretes. Al Port de Sitges - Aiguadol\u00e7 sempre hem tingut gran consci\u00e8ncia mediambiental \u2013els nostres segells ens avalen\u2013 i per aix\u00f2 hem engegat aquesta campanya, per tal que tirin la mascareta al lloc correcte: el contenidor de rebuig (gris). El Port sempre ha estat un dels pioners en el tractament de residus i la preservaci\u00f3 del medi ambient i de la naturalesa que envolta tot l\u2019entorn de Sitges.\",\"breadcrumb\":{\"@id\":\"https:\\\/\\\/www.portdesitges.com\\\/ca\\\/posa-te-la-be-llenca-la-be\\\/#breadcrumb\"},\"inLanguage\":\"ca\",\"potentialAction\":[{\"@type\":\"ReadAction\",\"target\":[\"https:\\\/\\\/www.portdesitges.com\\\/ca\\\/posa-te-la-be-llenca-la-be\\\/\"]}]},{\"@type\":\"ImageObject\",\"inLanguage\":\"ca\",\"@id\":\"https:\\\/\\\/www.portdesitges.com\\\/ca\\\/posa-te-la-be-llenca-la-be\\\/#primaryimage\",\"url\":\"https:\\\/\\\/www.portdesitges.com\\\/wp-content\\\/uploads\\\/2021\\\/03\\\/CampanyaMascaretaDEF2-1-scaled.jpg\",\"contentUrl\":\"https:\\\/\\\/www.portdesitges.com\\\/wp-content\\\/uploads\\\/2021\\\/03\\\/CampanyaMascaretaDEF2-1-scaled.jpg\",\"width\":2560,\"height\":2560},{\"@type\":\"BreadcrumbList\",\"@id\":\"https:\\\/\\\/www.portdesitges.com\\\/ca\\\/posa-te-la-be-llenca-la-be\\\/#breadcrumb\",\"itemListElement\":[{\"@type\":\"ListItem\",\"position\":1,\"name\":\"Portada\",\"item\":\"https:\\\/\\\/www.portdesitges.com\\\/ca\\\/\"},{\"@type\":\"ListItem\",\"position\":2,\"name\":\"Posa-te-la b\u00e9, llen\u00e7a-la b\u00e9\"}]},{\"@type\":\"WebSite\",\"@id\":\"https:\\\/\\\/www.portdesitges.com\\\/#website\",\"url\":\"https:\\\/\\\/www.portdesitges.com\\\/\",\"name\":\"Port de Sitges - Aiguadol\u00e7\",\"description\":\"lugar donde el mar y la tierra se dan de la mano para crear un espacio \u00fanico y atractivo. Disfruta de un mar de experiencias.\",\"potentialAction\":[{\"@type\":\"SearchAction\",\"target\":{\"@type\":\"EntryPoint\",\"urlTemplate\":\"https:\\\/\\\/www.portdesitges.com\\\/?s={search_term_string}\"},\"query-input\":{\"@type\":\"PropertyValueSpecification\",\"valueRequired\":true,\"valueName\":\"search_term_string\"}}],\"inLanguage\":\"ca\"},{\"@type\":\"Person\",\"@id\":\"https:\\\/\\\/www.portdesitges.com\\\/#\\\/schema\\\/person\\\/1eefc99f5083e56db6bd643d0e8649fd\",\"name\":\"admin\",\"image\":{\"@type\":\"ImageObject\",\"inLanguage\":\"ca\",\"@id\":\"https:\\\/\\\/secure.gravatar.com\\\/avatar\\\/2db7db7d08053efc6bbf52674f99717837ec8d1dd72ce992247f1bade9278b82?s=96&d=mm&r=g\",\"url\":\"https:\\\/\\\/secure.gravatar.com\\\/avatar\\\/2db7db7d08053efc6bbf52674f99717837ec8d1dd72ce992247f1bade9278b82?s=96&d=mm&r=g\",\"contentUrl\":\"https:\\\/\\\/secure.gravatar.com\\\/avatar\\\/2db7db7d08053efc6bbf52674f99717837ec8d1dd72ce992247f1bade9278b82?s=96&d=mm&r=g\",\"caption\":\"admin\"},\"url\":\"https:\\\/\\\/www.portdesitges.com\\\/ca\\\/author\\\/admin\\\/\"}]}<\/script>\n<!-- \/ Yoast SEO plugin. -->","yoast_head_json":{"title":"Posa-te-la b\u00e9, llen\u00e7a-la b\u00e9","description":"Des que va comen\u00e7ar l'\u00fas obligatori de la mascareta, a comen\u00e7aments del passat estiu, els carrers i avingudes de tots els municipis han esdevingut un gran contenidor de mascaretes. Al Port de Sitges - Aiguadol\u00e7 sempre hem tingut gran consci\u00e8ncia mediambiental \u2013els nostres segells ens avalen\u2013 i per aix\u00f2 hem engegat aquesta campanya, per tal que tirin la mascareta al lloc correcte: el contenidor de rebuig (gris). El Port sempre ha estat un dels pioners en el tractament de residus i la preservaci\u00f3 del medi ambient i de la naturalesa que envolta tot l\u2019entorn de Sitges.","robots":{"index":"index","follow":"follow","max-snippet":"max-snippet:-1","max-image-preview":"max-image-preview:large","max-video-preview":"max-video-preview:-1"},"canonical":"https:\/\/www.portdesitges.com\/ca\/posa-te-la-be-llenca-la-be\/","og_locale":"ca_ES","og_type":"article","og_title":"Posa-te-la b\u00e9, llen\u00e7a-la b\u00e9","og_description":"Des que va comen\u00e7ar l'\u00fas obligatori de la mascareta, a comen\u00e7aments del passat estiu, els carrers i avingudes de tots els municipis han esdevingut un gran contenidor de mascaretes. Al Port de Sitges - Aiguadol\u00e7 sempre hem tingut gran consci\u00e8ncia mediambiental \u2013els nostres segells ens avalen\u2013 i per aix\u00f2 hem engegat aquesta campanya, per tal que tirin la mascareta al lloc correcte: el contenidor de rebuig (gris). El Port sempre ha estat un dels pioners en el tractament de residus i la preservaci\u00f3 del medi ambient i de la naturalesa que envolta tot l\u2019entorn de Sitges.","og_url":"https:\/\/www.portdesitges.com\/ca\/posa-te-la-be-llenca-la-be\/","og_site_name":"Port de Sitges - Aiguadol\u00e7","article_published_time":"2021-03-18T15:31:49+00:00","article_modified_time":"2021-05-31T08:25:52+00:00","og_image":[{"width":2560,"height":2560,"url":"https:\/\/www.portdesitges.com\/wp-content\/uploads\/2021\/03\/CampanyaMascaretaDEF2-1-scaled.jpg","type":"image\/jpeg"}],"author":"admin","twitter_card":"summary_large_image","twitter_misc":{"Escrit per":"admin","Temps estimat de lectura":"2 minuts"},"schema":{"@context":"https:\/\/schema.org","@graph":[{"@type":"Article","@id":"https:\/\/www.portdesitges.com\/ca\/posa-te-la-be-llenca-la-be\/#article","isPartOf":{"@id":"https:\/\/www.portdesitges.com\/ca\/posa-te-la-be-llenca-la-be\/"},"author":{"name":"admin","@id":"https:\/\/www.portdesitges.com\/#\/schema\/person\/1eefc99f5083e56db6bd643d0e8649fd"},"headline":"Posa-te-la b\u00e9, llen\u00e7a-la b\u00e9","datePublished":"2021-03-18T15:31:49+00:00","dateModified":"2021-05-31T08:25:52+00:00","mainEntityOfPage":{"@id":"https:\/\/www.portdesitges.com\/ca\/posa-te-la-be-llenca-la-be\/"},"wordCount":490,"image":{"@id":"https:\/\/www.portdesitges.com\/ca\/posa-te-la-be-llenca-la-be\/#primaryimage"},"thumbnailUrl":"https:\/\/www.portdesitges.com\/wp-content\/uploads\/2021\/03\/CampanyaMascaretaDEF2-1-scaled.jpg","articleSection":["Not\u00edcias"],"inLanguage":"ca"},{"@type":"WebPage","@id":"https:\/\/www.portdesitges.com\/ca\/posa-te-la-be-llenca-la-be\/","url":"https:\/\/www.portdesitges.com\/ca\/posa-te-la-be-llenca-la-be\/","name":"Posa-te-la b\u00e9, llen\u00e7a-la b\u00e9","isPartOf":{"@id":"https:\/\/www.portdesitges.com\/#website"},"primaryImageOfPage":{"@id":"https:\/\/www.portdesitges.com\/ca\/posa-te-la-be-llenca-la-be\/#primaryimage"},"image":{"@id":"https:\/\/www.portdesitges.com\/ca\/posa-te-la-be-llenca-la-be\/#primaryimage"},"thumbnailUrl":"https:\/\/www.portdesitges.com\/wp-content\/uploads\/2021\/03\/CampanyaMascaretaDEF2-1-scaled.jpg","datePublished":"2021-03-18T15:31:49+00:00","dateModified":"2021-05-31T08:25:52+00:00","author":{"@id":"https:\/\/www.portdesitges.com\/#\/schema\/person\/1eefc99f5083e56db6bd643d0e8649fd"},"description":"Des que va comen\u00e7ar l'\u00fas obligatori de la mascareta, a comen\u00e7aments del passat estiu, els carrers i avingudes de tots els municipis han esdevingut un gran contenidor de mascaretes. Al Port de Sitges - Aiguadol\u00e7 sempre hem tingut gran consci\u00e8ncia mediambiental \u2013els nostres segells ens avalen\u2013 i per aix\u00f2 hem engegat aquesta campanya, per tal que tirin la mascareta al lloc correcte: el contenidor de rebuig (gris). El Port sempre ha estat un dels pioners en el tractament de residus i la preservaci\u00f3 del medi ambient i de la naturalesa que envolta tot l\u2019entorn de Sitges.","breadcrumb":{"@id":"https:\/\/www.portdesitges.com\/ca\/posa-te-la-be-llenca-la-be\/#breadcrumb"},"inLanguage":"ca","potentialAction":[{"@type":"ReadAction","target":["https:\/\/www.portdesitges.com\/ca\/posa-te-la-be-llenca-la-be\/"]}]},{"@type":"ImageObject","inLanguage":"ca","@id":"https:\/\/www.portdesitges.com\/ca\/posa-te-la-be-llenca-la-be\/#primaryimage","url":"https:\/\/www.portdesitges.com\/wp-content\/uploads\/2021\/03\/CampanyaMascaretaDEF2-1-scaled.jpg","contentUrl":"https:\/\/www.portdesitges.com\/wp-content\/uploads\/2021\/03\/CampanyaMascaretaDEF2-1-scaled.jpg","width":2560,"height":2560},{"@type":"BreadcrumbList","@id":"https:\/\/www.portdesitges.com\/ca\/posa-te-la-be-llenca-la-be\/#breadcrumb","itemListElement":[{"@type":"ListItem","position":1,"name":"Portada","item":"https:\/\/www.portdesitges.com\/ca\/"},{"@type":"ListItem","position":2,"name":"Posa-te-la b\u00e9, llen\u00e7a-la b\u00e9"}]},{"@type":"WebSite","@id":"https:\/\/www.portdesitges.com\/#website","url":"https:\/\/www.portdesitges.com\/","name":"Port de Sitges - Aiguadol\u00e7","description":"lugar donde el mar y la tierra se dan de la mano para crear un espacio \u00fanico y atractivo. Disfruta de un mar de experiencias.","potentialAction":[{"@type":"SearchAction","target":{"@type":"EntryPoint","urlTemplate":"https:\/\/www.portdesitges.com\/?s={search_term_string}"},"query-input":{"@type":"PropertyValueSpecification","valueRequired":true,"valueName":"search_term_string"}}],"inLanguage":"ca"},{"@type":"Person","@id":"https:\/\/www.portdesitges.com\/#\/schema\/person\/1eefc99f5083e56db6bd643d0e8649fd","name":"admin","image":{"@type":"ImageObject","inLanguage":"ca","@id":"https:\/\/secure.gravatar.com\/avatar\/2db7db7d08053efc6bbf52674f99717837ec8d1dd72ce992247f1bade9278b82?s=96&d=mm&r=g","url":"https:\/\/secure.gravatar.com\/avatar\/2db7db7d08053efc6bbf52674f99717837ec8d1dd72ce992247f1bade9278b82?s=96&d=mm&r=g","contentUrl":"https:\/\/secure.gravatar.com\/avatar\/2db7db7d08053efc6bbf52674f99717837ec8d1dd72ce992247f1bade9278b82?s=96&d=mm&r=g","caption":"admin"},"url":"https:\/\/www.portdesitges.com\/ca\/author\/admin\/"}]}},"_links":{"self":[{"href":"https:\/\/www.portdesitges.com\/ca\/wp-json\/wp\/v2\/posts\/14001","targetHints":{"allow":["GET"]}}],"collection":[{"href":"https:\/\/www.portdesitges.com\/ca\/wp-json\/wp\/v2\/posts"}],"about":[{"href":"https:\/\/www.portdesitges.com\/ca\/wp-json\/wp\/v2\/types\/post"}],"author":[{"embeddable":true,"href":"https:\/\/www.portdesitges.com\/ca\/wp-json\/wp\/v2\/users\/1"}],"replies":[{"embeddable":true,"href":"https:\/\/www.portdesitges.com\/ca\/wp-json\/wp\/v2\/comments?post=14001"}],"version-history":[{"count":2,"href":"https:\/\/www.portdesitges.com\/ca\/wp-json\/wp\/v2\/posts\/14001\/revisions"}],"predecessor-version":[{"id":14014,"href":"https:\/\/www.portdesitges.com\/ca\/wp-json\/wp\/v2\/posts\/14001\/revisions\/14014"}],"wp:featuredmedia":[{"embeddable":true,"href":"https:\/\/www.portdesitges.com\/ca\/wp-json\/wp\/v2\/media\/13997"}],"wp:attachment":[{"href":"https:\/\/www.portdesitges.com\/ca\/wp-json\/wp\/v2\/media?parent=14001"}],"wp:term":[{"taxonomy":"category","embeddable":true,"href":"https:\/\/www.portdesitges.com\/ca\/wp-json\/wp\/v2\/categories?post=14001"},{"taxonomy":"post_tag","embeddable":true,"href":"https:\/\/www.portdesitges.com\/ca\/wp-json\/wp\/v2\/tags?post=14001"}],"curies":[{"name":"wp","href":"https:\/\/api.w.org\/{rel}","templated":true}]}}