{"id":13926,"date":"2021-03-12T11:27:41","date_gmt":"2021-03-12T11:27:41","guid":{"rendered":"https:\/\/www.portdesitges.com\/?p=13926"},"modified":"2021-05-31T08:26:09","modified_gmt":"2021-05-31T08:26:09","slug":"els-estudiants-del-miquel-utrillo-prenen-consciencia-mediambiental","status":"publish","type":"post","link":"https:\/\/www.portdesitges.com\/ca\/els-estudiants-del-miquel-utrillo-prenen-consciencia-mediambiental\/","title":{"rendered":"Els estudiants del Miquel Utrillo prenen consci\u00e8ncia mediambiental"},"content":{"rendered":"[vc_row type=&#8221;in_container&#8221; full_screen_row_position=&#8221;middle&#8221; column_margin=&#8221;default&#8221; scene_position=&#8221;center&#8221; text_color=&#8221;dark&#8221; text_align=&#8221;left&#8221; overlay_strength=&#8221;0.3&#8243; shape_divider_position=&#8221;bottom&#8221; bg_image_animation=&#8221;none&#8221;][vc_column column_padding=&#8221;no-extra-padding&#8221; column_padding_position=&#8221;all&#8221; background_color_opacity=&#8221;1&#8243; background_hover_color_opacity=&#8221;1&#8243; column_link_target=&#8221;_self&#8221; column_shadow=&#8221;none&#8221; column_border_radius=&#8221;none&#8221; width=&#8221;1\/1&#8243; tablet_width_inherit=&#8221;default&#8221; tablet_text_alignment=&#8221;default&#8221; phone_text_alignment=&#8221;default&#8221; overlay_strength=&#8221;0.3&#8243; column_border_width=&#8221;none&#8221; column_border_style=&#8221;solid&#8221; bg_image_animation=&#8221;none&#8221;][vc_column_text]Els estudiants de cinqu\u00e8 i sis\u00e8 de l&#8217;escola Miquel Utrillo van visitar les instal\u00b7lacions del Port de Sitges &#8211; Aiguadol\u00e7 ahir dijous per dur a terme una part del projecte que estan realitzant de neteja de platges. Els alumnes van ser rebuts pel capit\u00e0, David Vellvet, i d&#8217;all\u00e0 van sortir en barca per allunyar-se de la costa un parell de quil\u00f2metres. All\u00e0, van llen\u00e7ar un pot amb un GPS i un missatge dins per a qui se&#8217;l trobi, explicant el projecte que estan realitzant els alumnes i amb un <a href=\"https:\/\/sites.google.com\/escolamiquelutrillo.cat\/projecte-gps\/catal%C3%A0\">codi QR perqu\u00e8 visitin el seu web.<\/a><\/p>\n<p>Ara, di\u00e0riament estudiaran l&#8217;evoluci\u00f3 de l&#8217;objecte: quants quil\u00f2metres ha fet, on es troba, etc., amb l&#8217;esperan\u00e7a que arribi lluny (Balears o It\u00e0lia). La intenci\u00f3 \u00e9s descobrir qu\u00e8 passa amb les escombraries que es llencen al mar i conscienciar a la poblaci\u00f3 que m\u00f3n nom\u00e9s n&#8217;hi ha un i s&#8217;ha de cuidar.<\/p>\n<p>El projecte va n\u00e9ixer despr\u00e9s d&#8217;una excursi\u00f3 a les platges de Sitges per observar la fa\u00e7ana mar\u00edtima. Els alumnes de l&#8217;escola Miquel Utrillo van tornar espantats de tota la brut\u00edcia que hi van trobar: burilles, pl\u00e0stics, residus, etc. A partir d&#8217;aqu\u00ed van prendre consci\u00e8ncia que havien de fer alguna cosa per arreglar-ho. Com que no eren prous per netejar tota la porqueria que hi ha, van decidir crear una campanya de neteja de platges, i van crear aquest projecte que engloba diversos \u00e0mbits.[\/vc_column_text][\/vc_column][\/vc_row][vc_row type=&#8221;in_container&#8221; full_screen_row_position=&#8221;middle&#8221; column_margin=&#8221;default&#8221; scene_position=&#8221;center&#8221; text_color=&#8221;dark&#8221; text_align=&#8221;left&#8221; overlay_strength=&#8221;0.3&#8243; shape_divider_position=&#8221;bottom&#8221; bg_image_animation=&#8221;none&#8221;][vc_column column_padding=&#8221;no-extra-padding&#8221; column_padding_position=&#8221;all&#8221; background_color_opacity=&#8221;1&#8243; background_hover_color_opacity=&#8221;1&#8243; column_link_target=&#8221;_self&#8221; column_shadow=&#8221;none&#8221; column_border_radius=&#8221;none&#8221; width=&#8221;1\/1&#8243; tablet_width_inherit=&#8221;default&#8221; tablet_text_alignment=&#8221;default&#8221; phone_text_alignment=&#8221;default&#8221; overlay_strength=&#8221;0.3&#8243; column_border_width=&#8221;none&#8221; column_border_style=&#8221;solid&#8221; bg_image_animation=&#8221;none&#8221;][\/vc_column][\/vc_row][vc_row type=&#8221;in_container&#8221; full_screen_row_position=&#8221;middle&#8221; column_margin=&#8221;default&#8221; scene_position=&#8221;center&#8221; text_color=&#8221;dark&#8221; text_align=&#8221;left&#8221; overlay_strength=&#8221;0.3&#8243; shape_divider_position=&#8221;bottom&#8221; bg_image_animation=&#8221;none&#8221;][vc_column column_padding=&#8221;no-extra-padding&#8221; column_padding_position=&#8221;all&#8221; background_color_opacity=&#8221;1&#8243; background_hover_color_opacity=&#8221;1&#8243; column_link_target=&#8221;_self&#8221; column_shadow=&#8221;none&#8221; column_border_radius=&#8221;none&#8221; width=&#8221;1\/1&#8243; tablet_width_inherit=&#8221;default&#8221; tablet_text_alignment=&#8221;default&#8221; phone_text_alignment=&#8221;default&#8221; overlay_strength=&#8221;0.3&#8243; column_border_width=&#8221;none&#8221; column_border_style=&#8221;solid&#8221; bg_image_animation=&#8221;none&#8221;][vc_column_text][\/ vc_column] [\/ vc_row][\/vc_column_text][\/vc_column][\/vc_row]\n","protected":false},"excerpt":{"rendered":"<p>[vc_row type=&#8221;in_container&#8221; full_screen_row_position=&#8221;middle&#8221; column_margin=&#8221;default&#8221; scene_position=&#8221;center&#8221; text_color=&#8221;dark&#8221; text_align=&#8221;left&#8221; overlay_strength=&#8221;0.3&#8243; shape_divider_position=&#8221;bottom&#8221; bg_image_animation=&#8221;none&#8221;][vc_column column_padding=&#8221;no-extra-padding&#8221; column_padding_position=&#8221;all&#8221; background_color_opacity=&#8221;1&#8243; background_hover_color_opacity=&#8221;1&#8243; column_link_target=&#8221;_self&#8221; column_shadow=&#8221;none&#8221; column_border_radius=&#8221;none&#8221; width=&#8221;1\/1&#8243; tablet_width_inherit=&#8221;default&#8221; tablet_text_alignment=&#8221;default&#8221; phone_text_alignment=&#8221;default&#8221; overlay_strength=&#8221;0.3&#8243; column_border_width=&#8221;none&#8221; column_border_style=&#8221;solid&#8221; bg_image_animation=&#8221;none&#8221;][vc_column_text]Els estudiants de cinqu\u00e8 i sis\u00e8&#8230;<\/p>\n","protected":false},"author":1,"featured_media":13922,"comment_status":"closed","ping_status":"closed","sticky":false,"template":"","format":"standard","meta":{"footnotes":""},"categories":[62],"tags":[],"class_list":{"0":"post-13926","1":"post","2":"type-post","3":"status-publish","4":"format-standard","5":"has-post-thumbnail","7":"category-noticias-ca"},"yoast_head":"<!-- This site is optimized with the Yoast SEO plugin v27.3 - https:\/\/yoast.com\/product\/yoast-seo-wordpress\/ -->\n<title>Els estudiants del Miquel Utrillo prenen consci\u00e8ncia mediambiental<\/title>\n<meta name=\"description\" content=\"Els estudiants de cinqu\u00e8 i sis\u00e8 de l&#039;escola Miquel Utrillo van visitar les instal\u00b7lacions del Port de Sitges - Aiguadol\u00e7 ahir dijous per dur a terme una part del projecte que estan realitzant de neteja de platges. Els alumnes van ser rebuts pel capit\u00e0, David Vellvet, i d&#039;all\u00e0 van sortir en barca per allunyar-se de la costa un parell de quil\u00f2metres. All\u00e0, van llen\u00e7ar un pot amb un GPS i un missatge dins per a qui se&#039;l trobi, explicant el projecte que estan realitzant els alumnes i amb un codi QR perqu\u00e8 visitin el seu web.\" \/>\n<meta name=\"robots\" content=\"index, follow, max-snippet:-1, max-image-preview:large, max-video-preview:-1\" \/>\n<link rel=\"canonical\" href=\"https:\/\/www.portdesitges.com\/ca\/els-estudiants-del-miquel-utrillo-prenen-consciencia-mediambiental\/\" \/>\n<meta property=\"og:locale\" content=\"ca_ES\" \/>\n<meta property=\"og:type\" content=\"article\" \/>\n<meta property=\"og:title\" content=\"Els estudiants del Miquel Utrillo prenen consci\u00e8ncia mediambiental\" \/>\n<meta property=\"og:description\" content=\"Els estudiants de cinqu\u00e8 i sis\u00e8 de l&#039;escola Miquel Utrillo van visitar les instal\u00b7lacions del Port de Sitges - Aiguadol\u00e7 ahir dijous per dur a terme una part del projecte que estan realitzant de neteja de platges. Els alumnes van ser rebuts pel capit\u00e0, David Vellvet, i d&#039;all\u00e0 van sortir en barca per allunyar-se de la costa un parell de quil\u00f2metres. All\u00e0, van llen\u00e7ar un pot amb un GPS i un missatge dins per a qui se&#039;l trobi, explicant el projecte que estan realitzant els alumnes i amb un codi QR perqu\u00e8 visitin el seu web.\" \/>\n<meta property=\"og:url\" content=\"https:\/\/www.portdesitges.com\/ca\/els-estudiants-del-miquel-utrillo-prenen-consciencia-mediambiental\/\" \/>\n<meta property=\"og:site_name\" content=\"Port de Sitges - Aiguadol\u00e7\" \/>\n<meta property=\"article:published_time\" content=\"2021-03-12T11:27:41+00:00\" \/>\n<meta property=\"article:modified_time\" content=\"2021-05-31T08:26:09+00:00\" \/>\n<meta property=\"og:image\" content=\"https:\/\/www.portdesitges.com\/wp-content\/uploads\/2021\/03\/WhatsApp-Image-2021-03-12-at-09.23.35.jpeg\" \/>\n\t<meta property=\"og:image:width\" content=\"2048\" \/>\n\t<meta property=\"og:image:height\" content=\"1152\" \/>\n\t<meta property=\"og:image:type\" content=\"image\/jpeg\" \/>\n<meta name=\"author\" content=\"admin\" \/>\n<meta name=\"twitter:card\" content=\"summary_large_image\" \/>\n<meta name=\"twitter:label1\" content=\"Escrit per\" \/>\n\t<meta name=\"twitter:data1\" content=\"admin\" \/>\n\t<meta name=\"twitter:label2\" content=\"Temps estimat de lectura\" \/>\n\t<meta name=\"twitter:data2\" content=\"3 minuts\" \/>\n<script type=\"application\/ld+json\" class=\"yoast-schema-graph\">{\"@context\":\"https:\\\/\\\/schema.org\",\"@graph\":[{\"@type\":\"Article\",\"@id\":\"https:\\\/\\\/www.portdesitges.com\\\/ca\\\/els-estudiants-del-miquel-utrillo-prenen-consciencia-mediambiental\\\/#article\",\"isPartOf\":{\"@id\":\"https:\\\/\\\/www.portdesitges.com\\\/ca\\\/els-estudiants-del-miquel-utrillo-prenen-consciencia-mediambiental\\\/\"},\"author\":{\"name\":\"admin\",\"@id\":\"https:\\\/\\\/www.portdesitges.com\\\/#\\\/schema\\\/person\\\/1eefc99f5083e56db6bd643d0e8649fd\"},\"headline\":\"Els estudiants del Miquel Utrillo prenen consci\u00e8ncia mediambiental\",\"datePublished\":\"2021-03-12T11:27:41+00:00\",\"dateModified\":\"2021-05-31T08:26:09+00:00\",\"mainEntityOfPage\":{\"@id\":\"https:\\\/\\\/www.portdesitges.com\\\/ca\\\/els-estudiants-del-miquel-utrillo-prenen-consciencia-mediambiental\\\/\"},\"wordCount\":552,\"image\":{\"@id\":\"https:\\\/\\\/www.portdesitges.com\\\/ca\\\/els-estudiants-del-miquel-utrillo-prenen-consciencia-mediambiental\\\/#primaryimage\"},\"thumbnailUrl\":\"https:\\\/\\\/www.portdesitges.com\\\/wp-content\\\/uploads\\\/2021\\\/03\\\/WhatsApp-Image-2021-03-12-at-09.23.35.jpeg\",\"articleSection\":[\"Not\u00edcias\"],\"inLanguage\":\"ca\"},{\"@type\":\"WebPage\",\"@id\":\"https:\\\/\\\/www.portdesitges.com\\\/ca\\\/els-estudiants-del-miquel-utrillo-prenen-consciencia-mediambiental\\\/\",\"url\":\"https:\\\/\\\/www.portdesitges.com\\\/ca\\\/els-estudiants-del-miquel-utrillo-prenen-consciencia-mediambiental\\\/\",\"name\":\"Els estudiants del Miquel Utrillo prenen consci\u00e8ncia mediambiental\",\"isPartOf\":{\"@id\":\"https:\\\/\\\/www.portdesitges.com\\\/#website\"},\"primaryImageOfPage\":{\"@id\":\"https:\\\/\\\/www.portdesitges.com\\\/ca\\\/els-estudiants-del-miquel-utrillo-prenen-consciencia-mediambiental\\\/#primaryimage\"},\"image\":{\"@id\":\"https:\\\/\\\/www.portdesitges.com\\\/ca\\\/els-estudiants-del-miquel-utrillo-prenen-consciencia-mediambiental\\\/#primaryimage\"},\"thumbnailUrl\":\"https:\\\/\\\/www.portdesitges.com\\\/wp-content\\\/uploads\\\/2021\\\/03\\\/WhatsApp-Image-2021-03-12-at-09.23.35.jpeg\",\"datePublished\":\"2021-03-12T11:27:41+00:00\",\"dateModified\":\"2021-05-31T08:26:09+00:00\",\"author\":{\"@id\":\"https:\\\/\\\/www.portdesitges.com\\\/#\\\/schema\\\/person\\\/1eefc99f5083e56db6bd643d0e8649fd\"},\"description\":\"Els estudiants de cinqu\u00e8 i sis\u00e8 de l'escola Miquel Utrillo van visitar les instal\u00b7lacions del Port de Sitges - Aiguadol\u00e7 ahir dijous per dur a terme una part del projecte que estan realitzant de neteja de platges. Els alumnes van ser rebuts pel capit\u00e0, David Vellvet, i d'all\u00e0 van sortir en barca per allunyar-se de la costa un parell de quil\u00f2metres. All\u00e0, van llen\u00e7ar un pot amb un GPS i un missatge dins per a qui se'l trobi, explicant el projecte que estan realitzant els alumnes i amb un codi QR perqu\u00e8 visitin el seu web.\",\"breadcrumb\":{\"@id\":\"https:\\\/\\\/www.portdesitges.com\\\/ca\\\/els-estudiants-del-miquel-utrillo-prenen-consciencia-mediambiental\\\/#breadcrumb\"},\"inLanguage\":\"ca\",\"potentialAction\":[{\"@type\":\"ReadAction\",\"target\":[\"https:\\\/\\\/www.portdesitges.com\\\/ca\\\/els-estudiants-del-miquel-utrillo-prenen-consciencia-mediambiental\\\/\"]}]},{\"@type\":\"ImageObject\",\"inLanguage\":\"ca\",\"@id\":\"https:\\\/\\\/www.portdesitges.com\\\/ca\\\/els-estudiants-del-miquel-utrillo-prenen-consciencia-mediambiental\\\/#primaryimage\",\"url\":\"https:\\\/\\\/www.portdesitges.com\\\/wp-content\\\/uploads\\\/2021\\\/03\\\/WhatsApp-Image-2021-03-12-at-09.23.35.jpeg\",\"contentUrl\":\"https:\\\/\\\/www.portdesitges.com\\\/wp-content\\\/uploads\\\/2021\\\/03\\\/WhatsApp-Image-2021-03-12-at-09.23.35.jpeg\",\"width\":2048,\"height\":1152},{\"@type\":\"BreadcrumbList\",\"@id\":\"https:\\\/\\\/www.portdesitges.com\\\/ca\\\/els-estudiants-del-miquel-utrillo-prenen-consciencia-mediambiental\\\/#breadcrumb\",\"itemListElement\":[{\"@type\":\"ListItem\",\"position\":1,\"name\":\"Portada\",\"item\":\"https:\\\/\\\/www.portdesitges.com\\\/ca\\\/\"},{\"@type\":\"ListItem\",\"position\":2,\"name\":\"Els estudiants del Miquel Utrillo prenen consci\u00e8ncia mediambiental\"}]},{\"@type\":\"WebSite\",\"@id\":\"https:\\\/\\\/www.portdesitges.com\\\/#website\",\"url\":\"https:\\\/\\\/www.portdesitges.com\\\/\",\"name\":\"Port de Sitges - Aiguadol\u00e7\",\"description\":\"lugar donde el mar y la tierra se dan de la mano para crear un espacio \u00fanico y atractivo. Disfruta de un mar de experiencias.\",\"potentialAction\":[{\"@type\":\"SearchAction\",\"target\":{\"@type\":\"EntryPoint\",\"urlTemplate\":\"https:\\\/\\\/www.portdesitges.com\\\/?s={search_term_string}\"},\"query-input\":{\"@type\":\"PropertyValueSpecification\",\"valueRequired\":true,\"valueName\":\"search_term_string\"}}],\"inLanguage\":\"ca\"},{\"@type\":\"Person\",\"@id\":\"https:\\\/\\\/www.portdesitges.com\\\/#\\\/schema\\\/person\\\/1eefc99f5083e56db6bd643d0e8649fd\",\"name\":\"admin\",\"image\":{\"@type\":\"ImageObject\",\"inLanguage\":\"ca\",\"@id\":\"https:\\\/\\\/secure.gravatar.com\\\/avatar\\\/2db7db7d08053efc6bbf52674f99717837ec8d1dd72ce992247f1bade9278b82?s=96&d=mm&r=g\",\"url\":\"https:\\\/\\\/secure.gravatar.com\\\/avatar\\\/2db7db7d08053efc6bbf52674f99717837ec8d1dd72ce992247f1bade9278b82?s=96&d=mm&r=g\",\"contentUrl\":\"https:\\\/\\\/secure.gravatar.com\\\/avatar\\\/2db7db7d08053efc6bbf52674f99717837ec8d1dd72ce992247f1bade9278b82?s=96&d=mm&r=g\",\"caption\":\"admin\"},\"url\":\"https:\\\/\\\/www.portdesitges.com\\\/ca\\\/author\\\/admin\\\/\"}]}<\/script>\n<!-- \/ Yoast SEO plugin. -->","yoast_head_json":{"title":"Els estudiants del Miquel Utrillo prenen consci\u00e8ncia mediambiental","description":"Els estudiants de cinqu\u00e8 i sis\u00e8 de l'escola Miquel Utrillo van visitar les instal\u00b7lacions del Port de Sitges - Aiguadol\u00e7 ahir dijous per dur a terme una part del projecte que estan realitzant de neteja de platges. Els alumnes van ser rebuts pel capit\u00e0, David Vellvet, i d'all\u00e0 van sortir en barca per allunyar-se de la costa un parell de quil\u00f2metres. All\u00e0, van llen\u00e7ar un pot amb un GPS i un missatge dins per a qui se'l trobi, explicant el projecte que estan realitzant els alumnes i amb un codi QR perqu\u00e8 visitin el seu web.","robots":{"index":"index","follow":"follow","max-snippet":"max-snippet:-1","max-image-preview":"max-image-preview:large","max-video-preview":"max-video-preview:-1"},"canonical":"https:\/\/www.portdesitges.com\/ca\/els-estudiants-del-miquel-utrillo-prenen-consciencia-mediambiental\/","og_locale":"ca_ES","og_type":"article","og_title":"Els estudiants del Miquel Utrillo prenen consci\u00e8ncia mediambiental","og_description":"Els estudiants de cinqu\u00e8 i sis\u00e8 de l'escola Miquel Utrillo van visitar les instal\u00b7lacions del Port de Sitges - Aiguadol\u00e7 ahir dijous per dur a terme una part del projecte que estan realitzant de neteja de platges. Els alumnes van ser rebuts pel capit\u00e0, David Vellvet, i d'all\u00e0 van sortir en barca per allunyar-se de la costa un parell de quil\u00f2metres. All\u00e0, van llen\u00e7ar un pot amb un GPS i un missatge dins per a qui se'l trobi, explicant el projecte que estan realitzant els alumnes i amb un codi QR perqu\u00e8 visitin el seu web.","og_url":"https:\/\/www.portdesitges.com\/ca\/els-estudiants-del-miquel-utrillo-prenen-consciencia-mediambiental\/","og_site_name":"Port de Sitges - Aiguadol\u00e7","article_published_time":"2021-03-12T11:27:41+00:00","article_modified_time":"2021-05-31T08:26:09+00:00","og_image":[{"width":2048,"height":1152,"url":"https:\/\/www.portdesitges.com\/wp-content\/uploads\/2021\/03\/WhatsApp-Image-2021-03-12-at-09.23.35.jpeg","type":"image\/jpeg"}],"author":"admin","twitter_card":"summary_large_image","twitter_misc":{"Escrit per":"admin","Temps estimat de lectura":"3 minuts"},"schema":{"@context":"https:\/\/schema.org","@graph":[{"@type":"Article","@id":"https:\/\/www.portdesitges.com\/ca\/els-estudiants-del-miquel-utrillo-prenen-consciencia-mediambiental\/#article","isPartOf":{"@id":"https:\/\/www.portdesitges.com\/ca\/els-estudiants-del-miquel-utrillo-prenen-consciencia-mediambiental\/"},"author":{"name":"admin","@id":"https:\/\/www.portdesitges.com\/#\/schema\/person\/1eefc99f5083e56db6bd643d0e8649fd"},"headline":"Els estudiants del Miquel Utrillo prenen consci\u00e8ncia mediambiental","datePublished":"2021-03-12T11:27:41+00:00","dateModified":"2021-05-31T08:26:09+00:00","mainEntityOfPage":{"@id":"https:\/\/www.portdesitges.com\/ca\/els-estudiants-del-miquel-utrillo-prenen-consciencia-mediambiental\/"},"wordCount":552,"image":{"@id":"https:\/\/www.portdesitges.com\/ca\/els-estudiants-del-miquel-utrillo-prenen-consciencia-mediambiental\/#primaryimage"},"thumbnailUrl":"https:\/\/www.portdesitges.com\/wp-content\/uploads\/2021\/03\/WhatsApp-Image-2021-03-12-at-09.23.35.jpeg","articleSection":["Not\u00edcias"],"inLanguage":"ca"},{"@type":"WebPage","@id":"https:\/\/www.portdesitges.com\/ca\/els-estudiants-del-miquel-utrillo-prenen-consciencia-mediambiental\/","url":"https:\/\/www.portdesitges.com\/ca\/els-estudiants-del-miquel-utrillo-prenen-consciencia-mediambiental\/","name":"Els estudiants del Miquel Utrillo prenen consci\u00e8ncia mediambiental","isPartOf":{"@id":"https:\/\/www.portdesitges.com\/#website"},"primaryImageOfPage":{"@id":"https:\/\/www.portdesitges.com\/ca\/els-estudiants-del-miquel-utrillo-prenen-consciencia-mediambiental\/#primaryimage"},"image":{"@id":"https:\/\/www.portdesitges.com\/ca\/els-estudiants-del-miquel-utrillo-prenen-consciencia-mediambiental\/#primaryimage"},"thumbnailUrl":"https:\/\/www.portdesitges.com\/wp-content\/uploads\/2021\/03\/WhatsApp-Image-2021-03-12-at-09.23.35.jpeg","datePublished":"2021-03-12T11:27:41+00:00","dateModified":"2021-05-31T08:26:09+00:00","author":{"@id":"https:\/\/www.portdesitges.com\/#\/schema\/person\/1eefc99f5083e56db6bd643d0e8649fd"},"description":"Els estudiants de cinqu\u00e8 i sis\u00e8 de l'escola Miquel Utrillo van visitar les instal\u00b7lacions del Port de Sitges - Aiguadol\u00e7 ahir dijous per dur a terme una part del projecte que estan realitzant de neteja de platges. Els alumnes van ser rebuts pel capit\u00e0, David Vellvet, i d'all\u00e0 van sortir en barca per allunyar-se de la costa un parell de quil\u00f2metres. All\u00e0, van llen\u00e7ar un pot amb un GPS i un missatge dins per a qui se'l trobi, explicant el projecte que estan realitzant els alumnes i amb un codi QR perqu\u00e8 visitin el seu web.","breadcrumb":{"@id":"https:\/\/www.portdesitges.com\/ca\/els-estudiants-del-miquel-utrillo-prenen-consciencia-mediambiental\/#breadcrumb"},"inLanguage":"ca","potentialAction":[{"@type":"ReadAction","target":["https:\/\/www.portdesitges.com\/ca\/els-estudiants-del-miquel-utrillo-prenen-consciencia-mediambiental\/"]}]},{"@type":"ImageObject","inLanguage":"ca","@id":"https:\/\/www.portdesitges.com\/ca\/els-estudiants-del-miquel-utrillo-prenen-consciencia-mediambiental\/#primaryimage","url":"https:\/\/www.portdesitges.com\/wp-content\/uploads\/2021\/03\/WhatsApp-Image-2021-03-12-at-09.23.35.jpeg","contentUrl":"https:\/\/www.portdesitges.com\/wp-content\/uploads\/2021\/03\/WhatsApp-Image-2021-03-12-at-09.23.35.jpeg","width":2048,"height":1152},{"@type":"BreadcrumbList","@id":"https:\/\/www.portdesitges.com\/ca\/els-estudiants-del-miquel-utrillo-prenen-consciencia-mediambiental\/#breadcrumb","itemListElement":[{"@type":"ListItem","position":1,"name":"Portada","item":"https:\/\/www.portdesitges.com\/ca\/"},{"@type":"ListItem","position":2,"name":"Els estudiants del Miquel Utrillo prenen consci\u00e8ncia mediambiental"}]},{"@type":"WebSite","@id":"https:\/\/www.portdesitges.com\/#website","url":"https:\/\/www.portdesitges.com\/","name":"Port de Sitges - Aiguadol\u00e7","description":"lugar donde el mar y la tierra se dan de la mano para crear un espacio \u00fanico y atractivo. Disfruta de un mar de experiencias.","potentialAction":[{"@type":"SearchAction","target":{"@type":"EntryPoint","urlTemplate":"https:\/\/www.portdesitges.com\/?s={search_term_string}"},"query-input":{"@type":"PropertyValueSpecification","valueRequired":true,"valueName":"search_term_string"}}],"inLanguage":"ca"},{"@type":"Person","@id":"https:\/\/www.portdesitges.com\/#\/schema\/person\/1eefc99f5083e56db6bd643d0e8649fd","name":"admin","image":{"@type":"ImageObject","inLanguage":"ca","@id":"https:\/\/secure.gravatar.com\/avatar\/2db7db7d08053efc6bbf52674f99717837ec8d1dd72ce992247f1bade9278b82?s=96&d=mm&r=g","url":"https:\/\/secure.gravatar.com\/avatar\/2db7db7d08053efc6bbf52674f99717837ec8d1dd72ce992247f1bade9278b82?s=96&d=mm&r=g","contentUrl":"https:\/\/secure.gravatar.com\/avatar\/2db7db7d08053efc6bbf52674f99717837ec8d1dd72ce992247f1bade9278b82?s=96&d=mm&r=g","caption":"admin"},"url":"https:\/\/www.portdesitges.com\/ca\/author\/admin\/"}]}},"_links":{"self":[{"href":"https:\/\/www.portdesitges.com\/ca\/wp-json\/wp\/v2\/posts\/13926","targetHints":{"allow":["GET"]}}],"collection":[{"href":"https:\/\/www.portdesitges.com\/ca\/wp-json\/wp\/v2\/posts"}],"about":[{"href":"https:\/\/www.portdesitges.com\/ca\/wp-json\/wp\/v2\/types\/post"}],"author":[{"embeddable":true,"href":"https:\/\/www.portdesitges.com\/ca\/wp-json\/wp\/v2\/users\/1"}],"replies":[{"embeddable":true,"href":"https:\/\/www.portdesitges.com\/ca\/wp-json\/wp\/v2\/comments?post=13926"}],"version-history":[{"count":3,"href":"https:\/\/www.portdesitges.com\/ca\/wp-json\/wp\/v2\/posts\/13926\/revisions"}],"predecessor-version":[{"id":14139,"href":"https:\/\/www.portdesitges.com\/ca\/wp-json\/wp\/v2\/posts\/13926\/revisions\/14139"}],"wp:featuredmedia":[{"embeddable":true,"href":"https:\/\/www.portdesitges.com\/ca\/wp-json\/wp\/v2\/media\/13922"}],"wp:attachment":[{"href":"https:\/\/www.portdesitges.com\/ca\/wp-json\/wp\/v2\/media?parent=13926"}],"wp:term":[{"taxonomy":"category","embeddable":true,"href":"https:\/\/www.portdesitges.com\/ca\/wp-json\/wp\/v2\/categories?post=13926"},{"taxonomy":"post_tag","embeddable":true,"href":"https:\/\/www.portdesitges.com\/ca\/wp-json\/wp\/v2\/tags?post=13926"}],"curies":[{"name":"wp","href":"https:\/\/api.w.org\/{rel}","templated":true}]}}