{"id":13905,"date":"2021-03-09T20:58:33","date_gmt":"2021-03-09T20:58:33","guid":{"rendered":"https:\/\/www.portdesitges.com\/?p=13905"},"modified":"2021-05-31T08:28:56","modified_gmt":"2021-05-31T08:28:56","slug":"la-draga-com-a-solucio","status":"publish","type":"post","link":"https:\/\/www.portdesitges.com\/ca\/la-draga-com-a-solucio\/","title":{"rendered":"La draga com a soluci\u00f3"},"content":{"rendered":"[vc_row type=&#8221;in_container&#8221; full_screen_row_position=&#8221;middle&#8221; column_margin=&#8221;default&#8221; scene_position=&#8221;center&#8221; text_color=&#8221;dark&#8221; text_align=&#8221;left&#8221; overlay_strength=&#8221;0.3&#8243; shape_divider_position=&#8221;bottom&#8221; bg_image_animation=&#8221;none&#8221;][vc_column column_padding=&#8221;no-extra-padding&#8221; column_padding_position=&#8221;all&#8221; background_color_opacity=&#8221;1&#8243; background_hover_color_opacity=&#8221;1&#8243; column_link_target=&#8221;_self&#8221; column_shadow=&#8221;none&#8221; column_border_radius=&#8221;none&#8221; width=&#8221;1\/1&#8243; tablet_width_inherit=&#8221;default&#8221; tablet_text_alignment=&#8221;default&#8221; phone_text_alignment=&#8221;default&#8221; overlay_strength=&#8221;0.3&#8243; column_border_width=&#8221;none&#8221; column_border_style=&#8221;solid&#8221; bg_image_animation=&#8221;none&#8221;][vc_column_text]<strong>Article publicat per Albert Bertran, president executiu del Port de Sitges, a L&#8217;Eco de Sitges del 5 de mar\u00e7 de 2021<\/strong><\/p>\n<p>L\u2019hivern va minvant i, com cada any, torna el debat de les platges de Sitges, aquest any accentuat per la decisi\u00f3 que enguany no operi la draga. Sense sorra, els vilatans no podran gaudir de la seva platja i una part important del turisme buscar\u00e0 altres destinacions. Tenim turisme cultural, esportiu i de negocis, per\u00f2, fins i tot, aquests col\u2022lectius, en un moment o altre, passaran tamb\u00e9 per la platja. El que est\u00e0 fora de qualsevol dubte \u00e9s que el turisme vinculat al mar, i m\u00e9s concretament de sol i platja, \u00e9s capdavanter i beneficia tots els sectors econ\u00f2mics de la vila.<\/p>\n<p>Si tot aix\u00f2 est\u00e0 tan clar i \u00e9s bo per a tanta gent, per qu\u00e8 es posen tants problemes en fer aportacions de sorra a les platges? \u00c9s cert que fer aportacions de sorra amb una draga no \u00e9s cosa f\u00fatil, per\u00f2 encara \u00e9s m\u00e9s cert, que si no es fa, els perjudicis econ\u00f2mics per a molts vilatans i per al poble en general encara seran molt m\u00e9s quantiosos.<\/p>\n<p>Des de la Torre tot aix\u00f2 ho veig d&#8217;una manera n\u00edtida. Per\u00f2 encara veig m\u00e9s coses amb claredat. Veig clar que quan s&#8217;acaben els arguments en contra per fer qualsevol cosa, sempre hi ha un argument recurrent per tal de paralitzar all\u00f2 que, a segons qui, no interessa. L\u2019argument t\u00e9 a veure amb les pol\u00edtiques mediambientals. El medi ambient serveix per a tot. Casualment aquestes contradiccions i negacions, estan molt sovint vinculades a les picabaralles pol\u00edtiques i a all\u00f2 que es pensa per\u00f2 no es diu, i que va d'&#8221;acontentar les bases&#8221;, no sigui que a la seg\u00fcent ja no ens votin. Nom\u00e9s aix\u00ed es pot entendre que en el discurs pol\u00edtic d&#8217;aquest poble es puguin escoltar barbaritats com que per tenir platges el primer que cal fer \u00e9s arrasar els espigons i, de pas, el port, que \u00e9s l&#8217;espig\u00f3 m\u00e9s gran. Queda molt b\u00e9 dir que els espigons afecten la din\u00e0mica litoral.<\/p>\n<p>Davant d&#8217;aquestes afirmacions cal ser una mica did\u00e0ctic, i dir amb contund\u00e8ncia que si traiem els espigons, el primer Gl\u00f2ria que pass\u00e9s per aqu\u00ed s&#8217;ho emportaria tot. Molts trams del passeig s&#8217;enfonsarien, els peixos nadarien a les piscines dels hotels Me Terramar i Subur Mar\u00edtim. El Kansas, el Club de Mar, i el P\u00edc Nic, no tan sols no tindrien platja, sin\u00f3 que les seves instal\u2022lacions haurien patit greus inundacions. El Club N\u00e0utic, directament hauria desaparegut esmicolat per la for\u00e7a de les onades, i la gran platja de la Fragata estaria gaireb\u00e9 tota sota l&#8217;aigua. Les fotografies antigues de Sitges mostren que abans que es constru\u00eds l&#8217;espig\u00f3 de la Punta, la l\u00ednia de mar estava mes enll\u00e0 de les escales i les onades dels temporals arribaven a les portes i m\u00e9s endins, dels avui restaurants Maricel, Pinxo, Fragata, que eren abans cases de pescadors.<\/p>\n<p>\u00c9s necessari que Sitges cuidi les seves platges urbanes. S\u00f3n molt necess\u00e0ries econ\u00f2micament. Pel propi esbarjo dels qui vivim aqu\u00ed. Pel gaudi dels qui v\u00e9nen de fora. Per les fam\u00edlies que, generaci\u00f3 rere generaci\u00f3, han fonamentat el seu benestar en el lloguer de gandules i para-sols. Per\u00f2, a m\u00e9s, la sorra de les platges \u00e9s fonamental per a la pr\u00f2pia protecci\u00f3 del poble. Contra m\u00e9s sorra tinguin les platges, m\u00e9s dificultats trobar\u00e0 el mar per penetrar terra endins i provocar estralls en el nucli urb\u00e0.<\/p>\n<p>Tan sols hi ha una manera de tornar a les platges la sorra que s\u2019enduen els temporals, i \u00e9s succionar-la del fons mar\u00ed amb una draga i abocar-la un altre cop al lloc on les onades se l\u2019havia emportat. Despr\u00e9s podem fer esculleres submarines, espigons inflables o allargar els existents, per\u00f2 ara toca omplir les platges de sorra. De la sorra sitgetana que el mar ha dipositat al fons mar\u00ed davant de cada platja o de cada port sitget\u00e0. Si l\u2019excusa per no dragar \u00e9s l&#8217;impacte mediambiental, m\u00e9s val que s\u2019ho treguin del cap i en busquin una altra m\u00e9s consistent, que de ben segur no trobaran.<\/p>\n<p>El dragatge de sorres del fons mar\u00ed \u00e9s avui dia un procediment que necessita un exhaustiu control administratiu, tant en l&#8217;\u00e0mbit estatal com auton\u00f2mic i municipal.<\/p>\n<p>La rigorositat dels controls mediambientals fa que la tramitaci\u00f3 sigui llarga i enrevessada. Es revisa tot. La granulometria de la sorra, les quantitats de metres c\u00fabics, el lloc d\u2019extracci\u00f3, lloc d\u2019abocament. Que ning\u00fa pensi que es draga de qualsevol manera com fa trenta o quaranta anys. Ara les garanties s\u00f3n totals i les multes quantioses si les coses no es fan com cal.<\/p>\n<p>No hi ha un \u00fanic motiu pel fet que les platges tinguin cada cop menys sorra, per\u00f2 un dels principals \u00e9s el nivell del mar. L\u2019escalfament global, el desgla\u00e7 dels territoris polars i la desaparici\u00f3 de moltes glaceres a les muntanyes fa que el nivell del mar sigui cada cop m\u00e9s elevat. 1 cent\u00edmetre de pujada del nivell del mar t\u00e9 una equival\u00e8ncia a 1 metre menys de platja de mitjana, especialment si la platja t\u00e9 poca pendent i poc volum de sorra. Si a tot aix\u00f2 li afegim que les rieres i els rius ja quasi no aporten sorra al litoral, podem concloure que la situaci\u00f3 de les platges \u00e9s problem\u00e0tica.<\/p>\n<p>No hi ha solucions \u00f2ptimes i menys encara solucions miraculoses, per\u00f2 una soluci\u00f3 realista la trobem en la draga. El canvi clim\u00e0tic, la pujada del nivell del mar, i la magnitud dels temporals faran que cada cop m\u00e9s, tenir platges urbanes sigui tot un privilegi a l\u2019abast de pocs pobles. Sitges ha de cuidar el seu privilegi sense contemplacions. Ja no valen explicacions inconsistents per prescindir de la draga i veure com la sorra sitgetana acaba a les platges de Gav\u00e0 perqu\u00e8 aqu\u00ed som tan rucs que no la volem per les nostres malmeses platges. Mentrestant, la draga treballa i s\u2019emporta la sorra del nostre fons mar\u00ed a un altre lloc. Hem de buscar culpables? No cal. El que cal \u00e9s que no es repeteixi.[\/vc_column_text][\/vc_column][\/vc_row][vc_row type=&#8221;in_container&#8221; full_screen_row_position=&#8221;middle&#8221; column_margin=&#8221;default&#8221; scene_position=&#8221;center&#8221; text_color=&#8221;dark&#8221; text_align=&#8221;left&#8221; overlay_strength=&#8221;0.3&#8243; shape_divider_position=&#8221;bottom&#8221; bg_image_animation=&#8221;none&#8221;][vc_column column_padding=&#8221;no-extra-padding&#8221; column_padding_position=&#8221;all&#8221; background_color_opacity=&#8221;1&#8243; background_hover_color_opacity=&#8221;1&#8243; column_link_target=&#8221;_self&#8221; column_shadow=&#8221;none&#8221; column_border_radius=&#8221;none&#8221; width=&#8221;1\/1&#8243; tablet_width_inherit=&#8221;default&#8221; tablet_text_alignment=&#8221;default&#8221; phone_text_alignment=&#8221;default&#8221; overlay_strength=&#8221;0.3&#8243; column_border_width=&#8221;none&#8221; column_border_style=&#8221;solid&#8221; bg_image_animation=&#8221;none&#8221;][\/vc_column][\/vc_row][vc_row type=&#8221;in_container&#8221; full_screen_row_position=&#8221;middle&#8221; column_margin=&#8221;default&#8221; scene_position=&#8221;center&#8221; text_color=&#8221;dark&#8221; text_align=&#8221;left&#8221; overlay_strength=&#8221;0.3&#8243; shape_divider_position=&#8221;bottom&#8221; bg_image_animation=&#8221;none&#8221;][vc_column column_padding=&#8221;no-extra-padding&#8221; column_padding_position=&#8221;all&#8221; background_color_opacity=&#8221;1&#8243; background_hover_color_opacity=&#8221;1&#8243; column_link_target=&#8221;_self&#8221; column_shadow=&#8221;none&#8221; column_border_radius=&#8221;none&#8221; width=&#8221;1\/1&#8243; tablet_width_inherit=&#8221;default&#8221; tablet_text_alignment=&#8221;default&#8221; phone_text_alignment=&#8221;default&#8221; overlay_strength=&#8221;0.3&#8243; column_border_width=&#8221;none&#8221; column_border_style=&#8221;solid&#8221; bg_image_animation=&#8221;none&#8221;][vc_column_text][\/ vc_column] [\/ vc_row][\/vc_column_text][\/vc_column][\/vc_row]\n","protected":false},"excerpt":{"rendered":"<p>[vc_row type=&#8221;in_container&#8221; full_screen_row_position=&#8221;middle&#8221; column_margin=&#8221;default&#8221; scene_position=&#8221;center&#8221; text_color=&#8221;dark&#8221; text_align=&#8221;left&#8221; overlay_strength=&#8221;0.3&#8243; shape_divider_position=&#8221;bottom&#8221; bg_image_animation=&#8221;none&#8221;][vc_column column_padding=&#8221;no-extra-padding&#8221; column_padding_position=&#8221;all&#8221; background_color_opacity=&#8221;1&#8243; background_hover_color_opacity=&#8221;1&#8243; column_link_target=&#8221;_self&#8221; column_shadow=&#8221;none&#8221; column_border_radius=&#8221;none&#8221; width=&#8221;1\/1&#8243; tablet_width_inherit=&#8221;default&#8221; tablet_text_alignment=&#8221;default&#8221; phone_text_alignment=&#8221;default&#8221; overlay_strength=&#8221;0.3&#8243; column_border_width=&#8221;none&#8221; column_border_style=&#8221;solid&#8221; bg_image_animation=&#8221;none&#8221;][vc_column_text]Article publicat per Albert Bertran, president&#8230;<\/p>\n","protected":false},"author":1,"featured_media":13910,"comment_status":"closed","ping_status":"closed","sticky":false,"template":"","format":"standard","meta":{"footnotes":""},"categories":[62],"tags":[],"class_list":{"0":"post-13905","1":"post","2":"type-post","3":"status-publish","4":"format-standard","5":"has-post-thumbnail","7":"category-noticias-ca"},"yoast_head":"<!-- This site is optimized with the Yoast SEO plugin v27.3 - https:\/\/yoast.com\/product\/yoast-seo-wordpress\/ -->\n<title>La draga com a soluci\u00f3<\/title>\n<meta name=\"description\" content=\"Article publicat per Albert Bertran, president executiu del Port de Sitges, a L&#039;Eco de Sitges del 5 de mar\u00e7 de 2021\" \/>\n<meta name=\"robots\" content=\"index, follow, max-snippet:-1, max-image-preview:large, max-video-preview:-1\" \/>\n<link rel=\"canonical\" href=\"https:\/\/www.portdesitges.com\/ca\/la-draga-com-a-solucio\/\" \/>\n<meta property=\"og:locale\" content=\"ca_ES\" \/>\n<meta property=\"og:type\" content=\"article\" \/>\n<meta property=\"og:title\" content=\"La draga com a soluci\u00f3\" \/>\n<meta property=\"og:description\" content=\"Article publicat per Albert Bertran, president executiu del Port de Sitges, a L&#039;Eco de Sitges del 5 de mar\u00e7 de 2021\" \/>\n<meta property=\"og:url\" content=\"https:\/\/www.portdesitges.com\/ca\/la-draga-com-a-solucio\/\" \/>\n<meta property=\"og:site_name\" content=\"Port de Sitges - Aiguadol\u00e7\" \/>\n<meta property=\"article:published_time\" content=\"2021-03-09T20:58:33+00:00\" \/>\n<meta property=\"article:modified_time\" content=\"2021-05-31T08:28:56+00:00\" \/>\n<meta property=\"og:image\" content=\"https:\/\/www.portdesitges.com\/wp-content\/uploads\/2021\/03\/WhatsApp-Image-2021-03-09-at-18.25.16.jpeg\" \/>\n\t<meta property=\"og:image:width\" content=\"1600\" \/>\n\t<meta property=\"og:image:height\" content=\"1200\" \/>\n\t<meta property=\"og:image:type\" content=\"image\/jpeg\" \/>\n<meta name=\"author\" content=\"admin\" \/>\n<meta name=\"twitter:card\" content=\"summary_large_image\" \/>\n<meta name=\"twitter:label1\" content=\"Escrit per\" \/>\n\t<meta name=\"twitter:data1\" content=\"admin\" \/>\n\t<meta name=\"twitter:label2\" content=\"Temps estimat de lectura\" \/>\n\t<meta name=\"twitter:data2\" content=\"7 minuts\" \/>\n<script type=\"application\/ld+json\" class=\"yoast-schema-graph\">{\"@context\":\"https:\\\/\\\/schema.org\",\"@graph\":[{\"@type\":\"Article\",\"@id\":\"https:\\\/\\\/www.portdesitges.com\\\/ca\\\/la-draga-com-a-solucio\\\/#article\",\"isPartOf\":{\"@id\":\"https:\\\/\\\/www.portdesitges.com\\\/ca\\\/la-draga-com-a-solucio\\\/\"},\"author\":{\"name\":\"admin\",\"@id\":\"https:\\\/\\\/www.portdesitges.com\\\/#\\\/schema\\\/person\\\/1eefc99f5083e56db6bd643d0e8649fd\"},\"headline\":\"La draga com a soluci\u00f3\",\"datePublished\":\"2021-03-09T20:58:33+00:00\",\"dateModified\":\"2021-05-31T08:28:56+00:00\",\"mainEntityOfPage\":{\"@id\":\"https:\\\/\\\/www.portdesitges.com\\\/ca\\\/la-draga-com-a-solucio\\\/\"},\"wordCount\":1367,\"image\":{\"@id\":\"https:\\\/\\\/www.portdesitges.com\\\/ca\\\/la-draga-com-a-solucio\\\/#primaryimage\"},\"thumbnailUrl\":\"https:\\\/\\\/www.portdesitges.com\\\/wp-content\\\/uploads\\\/2021\\\/03\\\/WhatsApp-Image-2021-03-09-at-18.25.16.jpeg\",\"articleSection\":[\"Not\u00edcias\"],\"inLanguage\":\"ca\"},{\"@type\":\"WebPage\",\"@id\":\"https:\\\/\\\/www.portdesitges.com\\\/ca\\\/la-draga-com-a-solucio\\\/\",\"url\":\"https:\\\/\\\/www.portdesitges.com\\\/ca\\\/la-draga-com-a-solucio\\\/\",\"name\":\"La draga com a soluci\u00f3\",\"isPartOf\":{\"@id\":\"https:\\\/\\\/www.portdesitges.com\\\/#website\"},\"primaryImageOfPage\":{\"@id\":\"https:\\\/\\\/www.portdesitges.com\\\/ca\\\/la-draga-com-a-solucio\\\/#primaryimage\"},\"image\":{\"@id\":\"https:\\\/\\\/www.portdesitges.com\\\/ca\\\/la-draga-com-a-solucio\\\/#primaryimage\"},\"thumbnailUrl\":\"https:\\\/\\\/www.portdesitges.com\\\/wp-content\\\/uploads\\\/2021\\\/03\\\/WhatsApp-Image-2021-03-09-at-18.25.16.jpeg\",\"datePublished\":\"2021-03-09T20:58:33+00:00\",\"dateModified\":\"2021-05-31T08:28:56+00:00\",\"author\":{\"@id\":\"https:\\\/\\\/www.portdesitges.com\\\/#\\\/schema\\\/person\\\/1eefc99f5083e56db6bd643d0e8649fd\"},\"description\":\"Article publicat per Albert Bertran, president executiu del Port de Sitges, a L'Eco de Sitges del 5 de mar\u00e7 de 2021\",\"breadcrumb\":{\"@id\":\"https:\\\/\\\/www.portdesitges.com\\\/ca\\\/la-draga-com-a-solucio\\\/#breadcrumb\"},\"inLanguage\":\"ca\",\"potentialAction\":[{\"@type\":\"ReadAction\",\"target\":[\"https:\\\/\\\/www.portdesitges.com\\\/ca\\\/la-draga-com-a-solucio\\\/\"]}]},{\"@type\":\"ImageObject\",\"inLanguage\":\"ca\",\"@id\":\"https:\\\/\\\/www.portdesitges.com\\\/ca\\\/la-draga-com-a-solucio\\\/#primaryimage\",\"url\":\"https:\\\/\\\/www.portdesitges.com\\\/wp-content\\\/uploads\\\/2021\\\/03\\\/WhatsApp-Image-2021-03-09-at-18.25.16.jpeg\",\"contentUrl\":\"https:\\\/\\\/www.portdesitges.com\\\/wp-content\\\/uploads\\\/2021\\\/03\\\/WhatsApp-Image-2021-03-09-at-18.25.16.jpeg\",\"width\":1600,\"height\":1200},{\"@type\":\"BreadcrumbList\",\"@id\":\"https:\\\/\\\/www.portdesitges.com\\\/ca\\\/la-draga-com-a-solucio\\\/#breadcrumb\",\"itemListElement\":[{\"@type\":\"ListItem\",\"position\":1,\"name\":\"Portada\",\"item\":\"https:\\\/\\\/www.portdesitges.com\\\/ca\\\/\"},{\"@type\":\"ListItem\",\"position\":2,\"name\":\"La draga com a soluci\u00f3\"}]},{\"@type\":\"WebSite\",\"@id\":\"https:\\\/\\\/www.portdesitges.com\\\/#website\",\"url\":\"https:\\\/\\\/www.portdesitges.com\\\/\",\"name\":\"Port de Sitges - Aiguadol\u00e7\",\"description\":\"lugar donde el mar y la tierra se dan de la mano para crear un espacio \u00fanico y atractivo. Disfruta de un mar de experiencias.\",\"potentialAction\":[{\"@type\":\"SearchAction\",\"target\":{\"@type\":\"EntryPoint\",\"urlTemplate\":\"https:\\\/\\\/www.portdesitges.com\\\/?s={search_term_string}\"},\"query-input\":{\"@type\":\"PropertyValueSpecification\",\"valueRequired\":true,\"valueName\":\"search_term_string\"}}],\"inLanguage\":\"ca\"},{\"@type\":\"Person\",\"@id\":\"https:\\\/\\\/www.portdesitges.com\\\/#\\\/schema\\\/person\\\/1eefc99f5083e56db6bd643d0e8649fd\",\"name\":\"admin\",\"image\":{\"@type\":\"ImageObject\",\"inLanguage\":\"ca\",\"@id\":\"https:\\\/\\\/secure.gravatar.com\\\/avatar\\\/2db7db7d08053efc6bbf52674f99717837ec8d1dd72ce992247f1bade9278b82?s=96&d=mm&r=g\",\"url\":\"https:\\\/\\\/secure.gravatar.com\\\/avatar\\\/2db7db7d08053efc6bbf52674f99717837ec8d1dd72ce992247f1bade9278b82?s=96&d=mm&r=g\",\"contentUrl\":\"https:\\\/\\\/secure.gravatar.com\\\/avatar\\\/2db7db7d08053efc6bbf52674f99717837ec8d1dd72ce992247f1bade9278b82?s=96&d=mm&r=g\",\"caption\":\"admin\"},\"url\":\"https:\\\/\\\/www.portdesitges.com\\\/ca\\\/author\\\/admin\\\/\"}]}<\/script>\n<!-- \/ Yoast SEO plugin. -->","yoast_head_json":{"title":"La draga com a soluci\u00f3","description":"Article publicat per Albert Bertran, president executiu del Port de Sitges, a L'Eco de Sitges del 5 de mar\u00e7 de 2021","robots":{"index":"index","follow":"follow","max-snippet":"max-snippet:-1","max-image-preview":"max-image-preview:large","max-video-preview":"max-video-preview:-1"},"canonical":"https:\/\/www.portdesitges.com\/ca\/la-draga-com-a-solucio\/","og_locale":"ca_ES","og_type":"article","og_title":"La draga com a soluci\u00f3","og_description":"Article publicat per Albert Bertran, president executiu del Port de Sitges, a L'Eco de Sitges del 5 de mar\u00e7 de 2021","og_url":"https:\/\/www.portdesitges.com\/ca\/la-draga-com-a-solucio\/","og_site_name":"Port de Sitges - Aiguadol\u00e7","article_published_time":"2021-03-09T20:58:33+00:00","article_modified_time":"2021-05-31T08:28:56+00:00","og_image":[{"width":1600,"height":1200,"url":"https:\/\/www.portdesitges.com\/wp-content\/uploads\/2021\/03\/WhatsApp-Image-2021-03-09-at-18.25.16.jpeg","type":"image\/jpeg"}],"author":"admin","twitter_card":"summary_large_image","twitter_misc":{"Escrit per":"admin","Temps estimat de lectura":"7 minuts"},"schema":{"@context":"https:\/\/schema.org","@graph":[{"@type":"Article","@id":"https:\/\/www.portdesitges.com\/ca\/la-draga-com-a-solucio\/#article","isPartOf":{"@id":"https:\/\/www.portdesitges.com\/ca\/la-draga-com-a-solucio\/"},"author":{"name":"admin","@id":"https:\/\/www.portdesitges.com\/#\/schema\/person\/1eefc99f5083e56db6bd643d0e8649fd"},"headline":"La draga com a soluci\u00f3","datePublished":"2021-03-09T20:58:33+00:00","dateModified":"2021-05-31T08:28:56+00:00","mainEntityOfPage":{"@id":"https:\/\/www.portdesitges.com\/ca\/la-draga-com-a-solucio\/"},"wordCount":1367,"image":{"@id":"https:\/\/www.portdesitges.com\/ca\/la-draga-com-a-solucio\/#primaryimage"},"thumbnailUrl":"https:\/\/www.portdesitges.com\/wp-content\/uploads\/2021\/03\/WhatsApp-Image-2021-03-09-at-18.25.16.jpeg","articleSection":["Not\u00edcias"],"inLanguage":"ca"},{"@type":"WebPage","@id":"https:\/\/www.portdesitges.com\/ca\/la-draga-com-a-solucio\/","url":"https:\/\/www.portdesitges.com\/ca\/la-draga-com-a-solucio\/","name":"La draga com a soluci\u00f3","isPartOf":{"@id":"https:\/\/www.portdesitges.com\/#website"},"primaryImageOfPage":{"@id":"https:\/\/www.portdesitges.com\/ca\/la-draga-com-a-solucio\/#primaryimage"},"image":{"@id":"https:\/\/www.portdesitges.com\/ca\/la-draga-com-a-solucio\/#primaryimage"},"thumbnailUrl":"https:\/\/www.portdesitges.com\/wp-content\/uploads\/2021\/03\/WhatsApp-Image-2021-03-09-at-18.25.16.jpeg","datePublished":"2021-03-09T20:58:33+00:00","dateModified":"2021-05-31T08:28:56+00:00","author":{"@id":"https:\/\/www.portdesitges.com\/#\/schema\/person\/1eefc99f5083e56db6bd643d0e8649fd"},"description":"Article publicat per Albert Bertran, president executiu del Port de Sitges, a L'Eco de Sitges del 5 de mar\u00e7 de 2021","breadcrumb":{"@id":"https:\/\/www.portdesitges.com\/ca\/la-draga-com-a-solucio\/#breadcrumb"},"inLanguage":"ca","potentialAction":[{"@type":"ReadAction","target":["https:\/\/www.portdesitges.com\/ca\/la-draga-com-a-solucio\/"]}]},{"@type":"ImageObject","inLanguage":"ca","@id":"https:\/\/www.portdesitges.com\/ca\/la-draga-com-a-solucio\/#primaryimage","url":"https:\/\/www.portdesitges.com\/wp-content\/uploads\/2021\/03\/WhatsApp-Image-2021-03-09-at-18.25.16.jpeg","contentUrl":"https:\/\/www.portdesitges.com\/wp-content\/uploads\/2021\/03\/WhatsApp-Image-2021-03-09-at-18.25.16.jpeg","width":1600,"height":1200},{"@type":"BreadcrumbList","@id":"https:\/\/www.portdesitges.com\/ca\/la-draga-com-a-solucio\/#breadcrumb","itemListElement":[{"@type":"ListItem","position":1,"name":"Portada","item":"https:\/\/www.portdesitges.com\/ca\/"},{"@type":"ListItem","position":2,"name":"La draga com a soluci\u00f3"}]},{"@type":"WebSite","@id":"https:\/\/www.portdesitges.com\/#website","url":"https:\/\/www.portdesitges.com\/","name":"Port de Sitges - Aiguadol\u00e7","description":"lugar donde el mar y la tierra se dan de la mano para crear un espacio \u00fanico y atractivo. Disfruta de un mar de experiencias.","potentialAction":[{"@type":"SearchAction","target":{"@type":"EntryPoint","urlTemplate":"https:\/\/www.portdesitges.com\/?s={search_term_string}"},"query-input":{"@type":"PropertyValueSpecification","valueRequired":true,"valueName":"search_term_string"}}],"inLanguage":"ca"},{"@type":"Person","@id":"https:\/\/www.portdesitges.com\/#\/schema\/person\/1eefc99f5083e56db6bd643d0e8649fd","name":"admin","image":{"@type":"ImageObject","inLanguage":"ca","@id":"https:\/\/secure.gravatar.com\/avatar\/2db7db7d08053efc6bbf52674f99717837ec8d1dd72ce992247f1bade9278b82?s=96&d=mm&r=g","url":"https:\/\/secure.gravatar.com\/avatar\/2db7db7d08053efc6bbf52674f99717837ec8d1dd72ce992247f1bade9278b82?s=96&d=mm&r=g","contentUrl":"https:\/\/secure.gravatar.com\/avatar\/2db7db7d08053efc6bbf52674f99717837ec8d1dd72ce992247f1bade9278b82?s=96&d=mm&r=g","caption":"admin"},"url":"https:\/\/www.portdesitges.com\/ca\/author\/admin\/"}]}},"_links":{"self":[{"href":"https:\/\/www.portdesitges.com\/ca\/wp-json\/wp\/v2\/posts\/13905","targetHints":{"allow":["GET"]}}],"collection":[{"href":"https:\/\/www.portdesitges.com\/ca\/wp-json\/wp\/v2\/posts"}],"about":[{"href":"https:\/\/www.portdesitges.com\/ca\/wp-json\/wp\/v2\/types\/post"}],"author":[{"embeddable":true,"href":"https:\/\/www.portdesitges.com\/ca\/wp-json\/wp\/v2\/users\/1"}],"replies":[{"embeddable":true,"href":"https:\/\/www.portdesitges.com\/ca\/wp-json\/wp\/v2\/comments?post=13905"}],"version-history":[{"count":4,"href":"https:\/\/www.portdesitges.com\/ca\/wp-json\/wp\/v2\/posts\/13905\/revisions"}],"predecessor-version":[{"id":14380,"href":"https:\/\/www.portdesitges.com\/ca\/wp-json\/wp\/v2\/posts\/13905\/revisions\/14380"}],"wp:featuredmedia":[{"embeddable":true,"href":"https:\/\/www.portdesitges.com\/ca\/wp-json\/wp\/v2\/media\/13910"}],"wp:attachment":[{"href":"https:\/\/www.portdesitges.com\/ca\/wp-json\/wp\/v2\/media?parent=13905"}],"wp:term":[{"taxonomy":"category","embeddable":true,"href":"https:\/\/www.portdesitges.com\/ca\/wp-json\/wp\/v2\/categories?post=13905"},{"taxonomy":"post_tag","embeddable":true,"href":"https:\/\/www.portdesitges.com\/ca\/wp-json\/wp\/v2\/tags?post=13905"}],"curies":[{"name":"wp","href":"https:\/\/api.w.org\/{rel}","templated":true}]}}