{"id":13858,"date":"2020-12-28T11:55:37","date_gmt":"2020-12-28T11:55:37","guid":{"rendered":"https:\/\/www.portdesitges.com\/?p=13858"},"modified":"2021-05-31T08:29:38","modified_gmt":"2021-05-31T08:29:38","slug":"la-jove-fotografa-marinaphotg-sendu-el-concurs-postesalport","status":"publish","type":"post","link":"https:\/\/www.portdesitges.com\/ca\/la-jove-fotografa-marinaphotg-sendu-el-concurs-postesalport\/","title":{"rendered":"La jove fot\u00f2grafa Marinaphotg s&#8217;end\u00fa el concurs #PostesAlPort"},"content":{"rendered":"[vc_row type=&#8221;in_container&#8221; full_screen_row_position=&#8221;middle&#8221; column_margin=&#8221;default&#8221; scene_position=&#8221;center&#8221; text_color=&#8221;dark&#8221; text_align=&#8221;left&#8221; overlay_strength=&#8221;0.3&#8243; shape_divider_position=&#8221;bottom&#8221; bg_image_animation=&#8221;none&#8221;][vc_column column_padding=&#8221;no-extra-padding&#8221; column_padding_position=&#8221;all&#8221; background_color_opacity=&#8221;1&#8243; background_hover_color_opacity=&#8221;1&#8243; column_link_target=&#8221;_self&#8221; column_shadow=&#8221;none&#8221; column_border_radius=&#8221;none&#8221; width=&#8221;1\/1&#8243; tablet_width_inherit=&#8221;default&#8221; tablet_text_alignment=&#8221;default&#8221; phone_text_alignment=&#8221;default&#8221; overlay_strength=&#8221;0.3&#8243; column_border_width=&#8221;none&#8221; column_border_style=&#8221;solid&#8221; bg_image_animation=&#8221;none&#8221;][vc_column_text]Marinaphotg \u00e9s la guanyadora del concurs #PostesAlPort i del dinar per a dues persones al Port de Sitges. La seva magn\u00edfica fotografia, plena de colors c\u00e0lids ataronjats, en la qual s&#8217;intueix \u2013sobresortint entremig dels vaixells\u2013 la Punta de fons, ha aconseguit m\u00e9s de 450 m&#8217;agrades i ha guanyat clarament la primera edici\u00f3 del certamen, entre m\u00e9s de 140 imatges.<\/p>\n<p>La segona posici\u00f3 ha estat per a Jordi_Fontela, amb una espectacular foto amb el &#8220;cel acolorit entre els vaixells, la calma i el relax&#8221;, segons citava el mateix autor entre els comentaris, amb m\u00e9s de 300 m&#8217;agrades. El premi per al subcampi\u00f3 \u00e9s la subscripci\u00f3 anual a <em>L&#8217;Eco<\/em>.<\/p>\n<p>La primera edici\u00f3 del Concurs ha estat tot un \u00e8xit de participaci\u00f3, amb 140 imatges presentades, que han retratat la bellesa del sol o dels \u00faltims rajos de llum del dia, ponent-se sobre el mar. Tamb\u00e9 han mostrat la gran espectacularitat de Sitges i el seu litoral. El concurs planejava aquestes dates per fer aquesta competici\u00f3, ja que cada any, a finals de la tardor, es poden veure unes brillants postes de sol sobre el mar. S\u00f3n les \u00faniques setmanes de l\u2019any, en qu\u00e8 el dia acaba damunt del Mediterrani.[\/vc_column_text][\/vc_column][\/vc_row][vc_row type=&#8221;in_container&#8221; full_screen_row_position=&#8221;middle&#8221; column_margin=&#8221;default&#8221; scene_position=&#8221;center&#8221; text_color=&#8221;dark&#8221; text_align=&#8221;left&#8221; overlay_strength=&#8221;0.3&#8243; shape_divider_position=&#8221;bottom&#8221; bg_image_animation=&#8221;none&#8221;][vc_column column_padding=&#8221;no-extra-padding&#8221; column_padding_position=&#8221;all&#8221; background_color_opacity=&#8221;1&#8243; background_hover_color_opacity=&#8221;1&#8243; column_link_target=&#8221;_self&#8221; column_shadow=&#8221;none&#8221; column_border_radius=&#8221;none&#8221; width=&#8221;1\/1&#8243; tablet_width_inherit=&#8221;default&#8221; tablet_text_alignment=&#8221;default&#8221; phone_text_alignment=&#8221;default&#8221; overlay_strength=&#8221;0.3&#8243; column_border_width=&#8221;none&#8221; column_border_style=&#8221;solid&#8221; bg_image_animation=&#8221;none&#8221;][\/vc_column][\/vc_row][vc_row type=&#8221;in_container&#8221; full_screen_row_position=&#8221;middle&#8221; column_margin=&#8221;default&#8221; scene_position=&#8221;center&#8221; text_color=&#8221;dark&#8221; text_align=&#8221;left&#8221; overlay_strength=&#8221;0.3&#8243; shape_divider_position=&#8221;bottom&#8221; bg_image_animation=&#8221;none&#8221;][vc_column column_padding=&#8221;no-extra-padding&#8221; column_padding_position=&#8221;all&#8221; background_color_opacity=&#8221;1&#8243; background_hover_color_opacity=&#8221;1&#8243; column_link_target=&#8221;_self&#8221; column_shadow=&#8221;none&#8221; column_border_radius=&#8221;none&#8221; width=&#8221;1\/1&#8243; tablet_width_inherit=&#8221;default&#8221; tablet_text_alignment=&#8221;default&#8221; phone_text_alignment=&#8221;default&#8221; overlay_strength=&#8221;0.3&#8243; column_border_width=&#8221;none&#8221; column_border_style=&#8221;solid&#8221; bg_image_animation=&#8221;none&#8221;][vc_column_text][\/ vc_column] [\/ vc_row][\/vc_column_text][\/vc_column][\/vc_row]\n","protected":false},"excerpt":{"rendered":"<p>[vc_row type=&#8221;in_container&#8221; full_screen_row_position=&#8221;middle&#8221; column_margin=&#8221;default&#8221; scene_position=&#8221;center&#8221; text_color=&#8221;dark&#8221; text_align=&#8221;left&#8221; overlay_strength=&#8221;0.3&#8243; shape_divider_position=&#8221;bottom&#8221; bg_image_animation=&#8221;none&#8221;][vc_column column_padding=&#8221;no-extra-padding&#8221; column_padding_position=&#8221;all&#8221; background_color_opacity=&#8221;1&#8243; background_hover_color_opacity=&#8221;1&#8243; column_link_target=&#8221;_self&#8221; column_shadow=&#8221;none&#8221; column_border_radius=&#8221;none&#8221; width=&#8221;1\/1&#8243; tablet_width_inherit=&#8221;default&#8221; tablet_text_alignment=&#8221;default&#8221; phone_text_alignment=&#8221;default&#8221; overlay_strength=&#8221;0.3&#8243; column_border_width=&#8221;none&#8221; column_border_style=&#8221;solid&#8221; bg_image_animation=&#8221;none&#8221;][vc_column_text]Marinaphotg \u00e9s la guanyadora del concurs&#8230;<\/p>\n","protected":false},"author":1,"featured_media":13863,"comment_status":"closed","ping_status":"closed","sticky":false,"template":"","format":"standard","meta":{"footnotes":""},"categories":[62],"tags":[],"class_list":{"0":"post-13858","1":"post","2":"type-post","3":"status-publish","4":"format-standard","5":"has-post-thumbnail","7":"category-noticias-ca"},"yoast_head":"<!-- This site is optimized with the Yoast SEO plugin v27.3 - https:\/\/yoast.com\/product\/yoast-seo-wordpress\/ -->\n<title>La jove fot\u00f2grafa Marinaphotg s&#039;end\u00fa el concurs #PostesAlPort<\/title>\n<meta name=\"description\" content=\"Marinaphotg \u00e9s la guanyadora del concurs #PostesAlPort i del dinar per a dues persones al Port de Sitges. La seva magn\u00edfica fotografia, plena de colors c\u00e0lids ataronjats, en la qual s&#039;intueix \u2013sobresortint entremig dels vaixells\u2013 la Punta de fons, ha aconseguit m\u00e9s de 450 m&#039;agrades i ha guanyat clarament la primera edici\u00f3 del certamen, entre m\u00e9s de 140 imatges.\" \/>\n<meta name=\"robots\" content=\"index, follow, max-snippet:-1, max-image-preview:large, max-video-preview:-1\" \/>\n<link rel=\"canonical\" href=\"https:\/\/www.portdesitges.com\/la-joven-fotografa-marinaphotg-gana-el-concurso-postesalport\/\" \/>\n<meta property=\"og:locale\" content=\"ca_ES\" \/>\n<meta property=\"og:type\" content=\"article\" \/>\n<meta property=\"og:title\" content=\"La jove fot\u00f2grafa Marinaphotg s&#039;end\u00fa el concurs #PostesAlPort\" \/>\n<meta property=\"og:description\" content=\"Marinaphotg \u00e9s la guanyadora del concurs #PostesAlPort i del dinar per a dues persones al Port de Sitges. La seva magn\u00edfica fotografia, plena de colors c\u00e0lids ataronjats, en la qual s&#039;intueix \u2013sobresortint entremig dels vaixells\u2013 la Punta de fons, ha aconseguit m\u00e9s de 450 m&#039;agrades i ha guanyat clarament la primera edici\u00f3 del certamen, entre m\u00e9s de 140 imatges.\" \/>\n<meta property=\"og:url\" content=\"https:\/\/www.portdesitges.com\/la-joven-fotografa-marinaphotg-gana-el-concurso-postesalport\/\" \/>\n<meta property=\"og:site_name\" content=\"Port de Sitges - Aiguadol\u00e7\" \/>\n<meta property=\"article:published_time\" content=\"2020-12-28T11:55:37+00:00\" \/>\n<meta property=\"article:modified_time\" content=\"2021-05-31T08:29:38+00:00\" \/>\n<meta property=\"og:image\" content=\"https:\/\/www.portdesitges.com\/wp-content\/uploads\/2020\/12\/Guanyadors.jpg\" \/>\n\t<meta property=\"og:image:width\" content=\"714\" \/>\n\t<meta property=\"og:image:height\" content=\"362\" \/>\n\t<meta property=\"og:image:type\" content=\"image\/jpeg\" \/>\n<meta name=\"author\" content=\"admin\" \/>\n<meta name=\"twitter:card\" content=\"summary_large_image\" \/>\n<meta name=\"twitter:label1\" content=\"Escrit per\" \/>\n\t<meta name=\"twitter:data1\" content=\"admin\" \/>\n\t<meta name=\"twitter:label2\" content=\"Temps estimat de lectura\" \/>\n\t<meta name=\"twitter:data2\" content=\"2 minuts\" \/>\n<script type=\"application\/ld+json\" class=\"yoast-schema-graph\">{\"@context\":\"https:\\\/\\\/schema.org\",\"@graph\":[{\"@type\":\"Article\",\"@id\":\"https:\\\/\\\/www.portdesitges.com\\\/la-joven-fotografa-marinaphotg-gana-el-concurso-postesalport\\\/#article\",\"isPartOf\":{\"@id\":\"https:\\\/\\\/www.portdesitges.com\\\/la-joven-fotografa-marinaphotg-gana-el-concurso-postesalport\\\/\"},\"author\":{\"name\":\"admin\",\"@id\":\"https:\\\/\\\/www.portdesitges.com\\\/#\\\/schema\\\/person\\\/1eefc99f5083e56db6bd643d0e8649fd\"},\"headline\":\"La jove fot\u00f2grafa Marinaphotg s&#8217;end\u00fa el concurs #PostesAlPort\",\"datePublished\":\"2020-12-28T11:55:37+00:00\",\"dateModified\":\"2021-05-31T08:29:38+00:00\",\"mainEntityOfPage\":{\"@id\":\"https:\\\/\\\/www.portdesitges.com\\\/la-joven-fotografa-marinaphotg-gana-el-concurso-postesalport\\\/\"},\"wordCount\":501,\"image\":{\"@id\":\"https:\\\/\\\/www.portdesitges.com\\\/la-joven-fotografa-marinaphotg-gana-el-concurso-postesalport\\\/#primaryimage\"},\"thumbnailUrl\":\"https:\\\/\\\/www.portdesitges.com\\\/wp-content\\\/uploads\\\/2020\\\/12\\\/Guanyadors.jpg\",\"articleSection\":[\"Not\u00edcias\"],\"inLanguage\":\"ca\"},{\"@type\":\"WebPage\",\"@id\":\"https:\\\/\\\/www.portdesitges.com\\\/la-joven-fotografa-marinaphotg-gana-el-concurso-postesalport\\\/\",\"url\":\"https:\\\/\\\/www.portdesitges.com\\\/la-joven-fotografa-marinaphotg-gana-el-concurso-postesalport\\\/\",\"name\":\"La jove fot\u00f2grafa Marinaphotg s'end\u00fa el concurs #PostesAlPort\",\"isPartOf\":{\"@id\":\"https:\\\/\\\/www.portdesitges.com\\\/#website\"},\"primaryImageOfPage\":{\"@id\":\"https:\\\/\\\/www.portdesitges.com\\\/la-joven-fotografa-marinaphotg-gana-el-concurso-postesalport\\\/#primaryimage\"},\"image\":{\"@id\":\"https:\\\/\\\/www.portdesitges.com\\\/la-joven-fotografa-marinaphotg-gana-el-concurso-postesalport\\\/#primaryimage\"},\"thumbnailUrl\":\"https:\\\/\\\/www.portdesitges.com\\\/wp-content\\\/uploads\\\/2020\\\/12\\\/Guanyadors.jpg\",\"datePublished\":\"2020-12-28T11:55:37+00:00\",\"dateModified\":\"2021-05-31T08:29:38+00:00\",\"author\":{\"@id\":\"https:\\\/\\\/www.portdesitges.com\\\/#\\\/schema\\\/person\\\/1eefc99f5083e56db6bd643d0e8649fd\"},\"description\":\"Marinaphotg \u00e9s la guanyadora del concurs #PostesAlPort i del dinar per a dues persones al Port de Sitges. La seva magn\u00edfica fotografia, plena de colors c\u00e0lids ataronjats, en la qual s'intueix \u2013sobresortint entremig dels vaixells\u2013 la Punta de fons, ha aconseguit m\u00e9s de 450 m'agrades i ha guanyat clarament la primera edici\u00f3 del certamen, entre m\u00e9s de 140 imatges.\",\"breadcrumb\":{\"@id\":\"https:\\\/\\\/www.portdesitges.com\\\/la-joven-fotografa-marinaphotg-gana-el-concurso-postesalport\\\/#breadcrumb\"},\"inLanguage\":\"ca\",\"potentialAction\":[{\"@type\":\"ReadAction\",\"target\":[\"https:\\\/\\\/www.portdesitges.com\\\/la-joven-fotografa-marinaphotg-gana-el-concurso-postesalport\\\/\"]}]},{\"@type\":\"ImageObject\",\"inLanguage\":\"ca\",\"@id\":\"https:\\\/\\\/www.portdesitges.com\\\/la-joven-fotografa-marinaphotg-gana-el-concurso-postesalport\\\/#primaryimage\",\"url\":\"https:\\\/\\\/www.portdesitges.com\\\/wp-content\\\/uploads\\\/2020\\\/12\\\/Guanyadors.jpg\",\"contentUrl\":\"https:\\\/\\\/www.portdesitges.com\\\/wp-content\\\/uploads\\\/2020\\\/12\\\/Guanyadors.jpg\",\"width\":714,\"height\":362},{\"@type\":\"BreadcrumbList\",\"@id\":\"https:\\\/\\\/www.portdesitges.com\\\/la-joven-fotografa-marinaphotg-gana-el-concurso-postesalport\\\/#breadcrumb\",\"itemListElement\":[{\"@type\":\"ListItem\",\"position\":1,\"name\":\"Portada\",\"item\":\"https:\\\/\\\/www.portdesitges.com\\\/ca\\\/\"},{\"@type\":\"ListItem\",\"position\":2,\"name\":\"La jove fot\u00f2grafa Marinaphotg s&#8217;end\u00fa el concurs #PostesAlPort\"}]},{\"@type\":\"WebSite\",\"@id\":\"https:\\\/\\\/www.portdesitges.com\\\/#website\",\"url\":\"https:\\\/\\\/www.portdesitges.com\\\/\",\"name\":\"Port de Sitges - Aiguadol\u00e7\",\"description\":\"lugar donde el mar y la tierra se dan de la mano para crear un espacio \u00fanico y atractivo. Disfruta de un mar de experiencias.\",\"potentialAction\":[{\"@type\":\"SearchAction\",\"target\":{\"@type\":\"EntryPoint\",\"urlTemplate\":\"https:\\\/\\\/www.portdesitges.com\\\/?s={search_term_string}\"},\"query-input\":{\"@type\":\"PropertyValueSpecification\",\"valueRequired\":true,\"valueName\":\"search_term_string\"}}],\"inLanguage\":\"ca\"},{\"@type\":\"Person\",\"@id\":\"https:\\\/\\\/www.portdesitges.com\\\/#\\\/schema\\\/person\\\/1eefc99f5083e56db6bd643d0e8649fd\",\"name\":\"admin\",\"image\":{\"@type\":\"ImageObject\",\"inLanguage\":\"ca\",\"@id\":\"https:\\\/\\\/secure.gravatar.com\\\/avatar\\\/2db7db7d08053efc6bbf52674f99717837ec8d1dd72ce992247f1bade9278b82?s=96&d=mm&r=g\",\"url\":\"https:\\\/\\\/secure.gravatar.com\\\/avatar\\\/2db7db7d08053efc6bbf52674f99717837ec8d1dd72ce992247f1bade9278b82?s=96&d=mm&r=g\",\"contentUrl\":\"https:\\\/\\\/secure.gravatar.com\\\/avatar\\\/2db7db7d08053efc6bbf52674f99717837ec8d1dd72ce992247f1bade9278b82?s=96&d=mm&r=g\",\"caption\":\"admin\"},\"url\":\"https:\\\/\\\/www.portdesitges.com\\\/ca\\\/author\\\/admin\\\/\"}]}<\/script>\n<!-- \/ Yoast SEO plugin. -->","yoast_head_json":{"title":"La jove fot\u00f2grafa Marinaphotg s'end\u00fa el concurs #PostesAlPort","description":"Marinaphotg \u00e9s la guanyadora del concurs #PostesAlPort i del dinar per a dues persones al Port de Sitges. La seva magn\u00edfica fotografia, plena de colors c\u00e0lids ataronjats, en la qual s'intueix \u2013sobresortint entremig dels vaixells\u2013 la Punta de fons, ha aconseguit m\u00e9s de 450 m'agrades i ha guanyat clarament la primera edici\u00f3 del certamen, entre m\u00e9s de 140 imatges.","robots":{"index":"index","follow":"follow","max-snippet":"max-snippet:-1","max-image-preview":"max-image-preview:large","max-video-preview":"max-video-preview:-1"},"canonical":"https:\/\/www.portdesitges.com\/la-joven-fotografa-marinaphotg-gana-el-concurso-postesalport\/","og_locale":"ca_ES","og_type":"article","og_title":"La jove fot\u00f2grafa Marinaphotg s'end\u00fa el concurs #PostesAlPort","og_description":"Marinaphotg \u00e9s la guanyadora del concurs #PostesAlPort i del dinar per a dues persones al Port de Sitges. La seva magn\u00edfica fotografia, plena de colors c\u00e0lids ataronjats, en la qual s'intueix \u2013sobresortint entremig dels vaixells\u2013 la Punta de fons, ha aconseguit m\u00e9s de 450 m'agrades i ha guanyat clarament la primera edici\u00f3 del certamen, entre m\u00e9s de 140 imatges.","og_url":"https:\/\/www.portdesitges.com\/la-joven-fotografa-marinaphotg-gana-el-concurso-postesalport\/","og_site_name":"Port de Sitges - Aiguadol\u00e7","article_published_time":"2020-12-28T11:55:37+00:00","article_modified_time":"2021-05-31T08:29:38+00:00","og_image":[{"width":714,"height":362,"url":"https:\/\/www.portdesitges.com\/wp-content\/uploads\/2020\/12\/Guanyadors.jpg","type":"image\/jpeg"}],"author":"admin","twitter_card":"summary_large_image","twitter_misc":{"Escrit per":"admin","Temps estimat de lectura":"2 minuts"},"schema":{"@context":"https:\/\/schema.org","@graph":[{"@type":"Article","@id":"https:\/\/www.portdesitges.com\/la-joven-fotografa-marinaphotg-gana-el-concurso-postesalport\/#article","isPartOf":{"@id":"https:\/\/www.portdesitges.com\/la-joven-fotografa-marinaphotg-gana-el-concurso-postesalport\/"},"author":{"name":"admin","@id":"https:\/\/www.portdesitges.com\/#\/schema\/person\/1eefc99f5083e56db6bd643d0e8649fd"},"headline":"La jove fot\u00f2grafa Marinaphotg s&#8217;end\u00fa el concurs #PostesAlPort","datePublished":"2020-12-28T11:55:37+00:00","dateModified":"2021-05-31T08:29:38+00:00","mainEntityOfPage":{"@id":"https:\/\/www.portdesitges.com\/la-joven-fotografa-marinaphotg-gana-el-concurso-postesalport\/"},"wordCount":501,"image":{"@id":"https:\/\/www.portdesitges.com\/la-joven-fotografa-marinaphotg-gana-el-concurso-postesalport\/#primaryimage"},"thumbnailUrl":"https:\/\/www.portdesitges.com\/wp-content\/uploads\/2020\/12\/Guanyadors.jpg","articleSection":["Not\u00edcias"],"inLanguage":"ca"},{"@type":"WebPage","@id":"https:\/\/www.portdesitges.com\/la-joven-fotografa-marinaphotg-gana-el-concurso-postesalport\/","url":"https:\/\/www.portdesitges.com\/la-joven-fotografa-marinaphotg-gana-el-concurso-postesalport\/","name":"La jove fot\u00f2grafa Marinaphotg s'end\u00fa el concurs #PostesAlPort","isPartOf":{"@id":"https:\/\/www.portdesitges.com\/#website"},"primaryImageOfPage":{"@id":"https:\/\/www.portdesitges.com\/la-joven-fotografa-marinaphotg-gana-el-concurso-postesalport\/#primaryimage"},"image":{"@id":"https:\/\/www.portdesitges.com\/la-joven-fotografa-marinaphotg-gana-el-concurso-postesalport\/#primaryimage"},"thumbnailUrl":"https:\/\/www.portdesitges.com\/wp-content\/uploads\/2020\/12\/Guanyadors.jpg","datePublished":"2020-12-28T11:55:37+00:00","dateModified":"2021-05-31T08:29:38+00:00","author":{"@id":"https:\/\/www.portdesitges.com\/#\/schema\/person\/1eefc99f5083e56db6bd643d0e8649fd"},"description":"Marinaphotg \u00e9s la guanyadora del concurs #PostesAlPort i del dinar per a dues persones al Port de Sitges. La seva magn\u00edfica fotografia, plena de colors c\u00e0lids ataronjats, en la qual s'intueix \u2013sobresortint entremig dels vaixells\u2013 la Punta de fons, ha aconseguit m\u00e9s de 450 m'agrades i ha guanyat clarament la primera edici\u00f3 del certamen, entre m\u00e9s de 140 imatges.","breadcrumb":{"@id":"https:\/\/www.portdesitges.com\/la-joven-fotografa-marinaphotg-gana-el-concurso-postesalport\/#breadcrumb"},"inLanguage":"ca","potentialAction":[{"@type":"ReadAction","target":["https:\/\/www.portdesitges.com\/la-joven-fotografa-marinaphotg-gana-el-concurso-postesalport\/"]}]},{"@type":"ImageObject","inLanguage":"ca","@id":"https:\/\/www.portdesitges.com\/la-joven-fotografa-marinaphotg-gana-el-concurso-postesalport\/#primaryimage","url":"https:\/\/www.portdesitges.com\/wp-content\/uploads\/2020\/12\/Guanyadors.jpg","contentUrl":"https:\/\/www.portdesitges.com\/wp-content\/uploads\/2020\/12\/Guanyadors.jpg","width":714,"height":362},{"@type":"BreadcrumbList","@id":"https:\/\/www.portdesitges.com\/la-joven-fotografa-marinaphotg-gana-el-concurso-postesalport\/#breadcrumb","itemListElement":[{"@type":"ListItem","position":1,"name":"Portada","item":"https:\/\/www.portdesitges.com\/ca\/"},{"@type":"ListItem","position":2,"name":"La jove fot\u00f2grafa Marinaphotg s&#8217;end\u00fa el concurs #PostesAlPort"}]},{"@type":"WebSite","@id":"https:\/\/www.portdesitges.com\/#website","url":"https:\/\/www.portdesitges.com\/","name":"Port de Sitges - Aiguadol\u00e7","description":"lugar donde el mar y la tierra se dan de la mano para crear un espacio \u00fanico y atractivo. Disfruta de un mar de experiencias.","potentialAction":[{"@type":"SearchAction","target":{"@type":"EntryPoint","urlTemplate":"https:\/\/www.portdesitges.com\/?s={search_term_string}"},"query-input":{"@type":"PropertyValueSpecification","valueRequired":true,"valueName":"search_term_string"}}],"inLanguage":"ca"},{"@type":"Person","@id":"https:\/\/www.portdesitges.com\/#\/schema\/person\/1eefc99f5083e56db6bd643d0e8649fd","name":"admin","image":{"@type":"ImageObject","inLanguage":"ca","@id":"https:\/\/secure.gravatar.com\/avatar\/2db7db7d08053efc6bbf52674f99717837ec8d1dd72ce992247f1bade9278b82?s=96&d=mm&r=g","url":"https:\/\/secure.gravatar.com\/avatar\/2db7db7d08053efc6bbf52674f99717837ec8d1dd72ce992247f1bade9278b82?s=96&d=mm&r=g","contentUrl":"https:\/\/secure.gravatar.com\/avatar\/2db7db7d08053efc6bbf52674f99717837ec8d1dd72ce992247f1bade9278b82?s=96&d=mm&r=g","caption":"admin"},"url":"https:\/\/www.portdesitges.com\/ca\/author\/admin\/"}]}},"_links":{"self":[{"href":"https:\/\/www.portdesitges.com\/ca\/wp-json\/wp\/v2\/posts\/13858","targetHints":{"allow":["GET"]}}],"collection":[{"href":"https:\/\/www.portdesitges.com\/ca\/wp-json\/wp\/v2\/posts"}],"about":[{"href":"https:\/\/www.portdesitges.com\/ca\/wp-json\/wp\/v2\/types\/post"}],"author":[{"embeddable":true,"href":"https:\/\/www.portdesitges.com\/ca\/wp-json\/wp\/v2\/users\/1"}],"replies":[{"embeddable":true,"href":"https:\/\/www.portdesitges.com\/ca\/wp-json\/wp\/v2\/comments?post=13858"}],"version-history":[{"count":3,"href":"https:\/\/www.portdesitges.com\/ca\/wp-json\/wp\/v2\/posts\/13858\/revisions"}],"predecessor-version":[{"id":14143,"href":"https:\/\/www.portdesitges.com\/ca\/wp-json\/wp\/v2\/posts\/13858\/revisions\/14143"}],"wp:featuredmedia":[{"embeddable":true,"href":"https:\/\/www.portdesitges.com\/ca\/wp-json\/wp\/v2\/media\/13863"}],"wp:attachment":[{"href":"https:\/\/www.portdesitges.com\/ca\/wp-json\/wp\/v2\/media?parent=13858"}],"wp:term":[{"taxonomy":"category","embeddable":true,"href":"https:\/\/www.portdesitges.com\/ca\/wp-json\/wp\/v2\/categories?post=13858"},{"taxonomy":"post_tag","embeddable":true,"href":"https:\/\/www.portdesitges.com\/ca\/wp-json\/wp\/v2\/tags?post=13858"}],"curies":[{"name":"wp","href":"https:\/\/api.w.org\/{rel}","templated":true}]}}