{"id":13793,"date":"2020-11-29T10:20:43","date_gmt":"2020-11-29T10:20:43","guid":{"rendered":"https:\/\/www.portdesitges.com\/?p=13793"},"modified":"2021-05-31T08:31:01","modified_gmt":"2021-05-31T08:31:01","slug":"llarga-vida-a-les-terrasses-en-el-port-de-sitges","status":"publish","type":"post","link":"https:\/\/www.portdesitges.com\/ca\/llarga-vida-a-les-terrasses-en-el-port-de-sitges\/","title":{"rendered":"Llarga vida a les terrasses en el Port de Sitges"},"content":{"rendered":"[vc_row type=&#8221;in_container&#8221; full_screen_row_position=&#8221;middle&#8221; column_margin=&#8221;default&#8221; scene_position=&#8221;center&#8221; text_color=&#8221;dark&#8221; text_align=&#8221;left&#8221; overlay_strength=&#8221;0.3&#8243; shape_divider_position=&#8221;bottom&#8221; bg_image_animation=&#8221;none&#8221;][vc_column column_padding=&#8221;no-extra-padding&#8221; column_padding_position=&#8221;all&#8221; background_color_opacity=&#8221;1&#8243; background_hover_color_opacity=&#8221;1&#8243; column_link_target=&#8221;_self&#8221; column_shadow=&#8221;none&#8221; column_border_radius=&#8221;none&#8221; width=&#8221;1\/1&#8243; tablet_width_inherit=&#8221;default&#8221; tablet_text_alignment=&#8221;default&#8221; phone_text_alignment=&#8221;default&#8221; overlay_strength=&#8221;0.3&#8243; column_border_width=&#8221;none&#8221; column_border_style=&#8221;solid&#8221; bg_image_animation=&#8221;none&#8221;][vc_column_text]Les terrasses sempre han estat un privilegi en bars i restaurants. Sobretot en un pa\u00eds com el nostre on el sol \u00e9s el seu principal aliat la major part de l&#8217;any. Per\u00f2 ara, a m\u00e9s d&#8217;un privilegi les terrasses s&#8217;han convertit en una necessitat. Espais amplis, agradables i segurs s\u00f3n un dels majors reclams avui dia i un dels punts forts del Port de Sitges. Multitud de terrasses a escassos minuts caminant del centre de Sitges.<\/p>\n<p>S\u00ed, els nostres bars i restaurants tornen a estar oberts, no sols amb totes les mesures de seguretat vigents, sin\u00f3 amb tota la il\u00b7lusi\u00f3 del m\u00f3n. Aix\u00ed que us esperem amb els bra\u00e7os \u2013i les terrasses\u2013 ben obertes.<\/p>\n<p>Aprofitant la reobertura us convidem tamb\u00e9 a fotografiar les millors postes de sol des del Port de Sitges. Feu totes les fotos que pugueu, perqu\u00e8 aquest mes de desembre ve carregat de sorpreses. El Port de Sitges al costat de L&#8217;Eco de Sitges, estem preparant un concurs de fotografia a trav\u00e9s del nostre Instagram @portdesitges amb uns excel\u00b7lents premis: un menjar per a dues persones i una subscripci\u00f3 gratu\u00efta al peri\u00f2dic.<\/p>\n<p>La setmana que ve tindreu tota la informaci\u00f3 disponible per a participar.<\/p>\n<p>Ens veiem a les terrasses!<\/p>\n<p>&nbsp;<\/p>\n<p><strong>Llistat de locals de gastronomia i oci del Port de Sitges<\/strong><\/p>\n<p><strong>Restaurants<\/strong><\/p>\n<p>1 &#8211; Can Laury Peix &#8211; 938946634<br \/>\nDe Dilluns a Diumenge obert de 12:30h a 17h<br \/>\nTAKE AWAY: tots els dies fins a les 16 h<\/p>\n<p>2 &#8211; El Caf\u00e8 de la Plata &#8211; 938949081<br \/>\nA partir del duia 3 de desembre. De Dijous a Diumenge obert de 12:30h a 9:30h<\/p>\n<p>3 &#8211; La Pizzer\u00eda del Port &#8211; 938945952<br \/>\nDe Dilluns a Diumenge de 12h a 21:30h<br \/>\nDELIVERY: De Dilluns a Diumenge de 13h a 22h<\/p>\n<p>4 &#8211; La Taberna del Puerto &#8211; 938942058<br \/>\nDe Dilluns a Diumenge obert de 12h a 21:30h<\/p>\n<p>5 &#8211; Les Fonts &#8211; 938947954<br \/>\nDe Dilluns a Diumenge obert de 10h a 21:30h<\/p>\n<p>6 &#8211; L\u2019Opera Bistro &#8211; CERRADO<\/p>\n<p>7 &#8211; Mab\u00fa Sitges &#8211; 931564225<br \/>\nDe Dilluns a Divendres obert de 17h a 21:30h<br \/>\nDissabte i Diumenge obert de 12:30h a 21:30h<br \/>\nDELIVERY: Dilluns a Divendres de 17h a 23h. Dissabte i Diumenge de 12:30h a 23h<\/p>\n<p>8 &#8211; Magoa &#8211; 938943698<br \/>\nDe Diumenge a Dijous obert de 12h a 18h. Divendres i Dissabte de 12:30h a 21:30h<\/p>\n<p>9 &#8211; Pierre by Chef Rino &#8211; 938110239<br \/>\nDe Divendres a Diumenge obert de 12h a 21:30h<\/p>\n<p>10 &#8211; Rosario &#8211; 931195695<br \/>\nDe Dijous a Diumenge obert de 12h a 21:30h<br \/>\nTAKE AWAY: Divendres, Dissabte i Diumenge<\/p>\n<p>11 &#8211; Villa Marina &#8211; CERRADO<\/p>\n<p><strong>Bars \/ Oci<\/strong><\/p>\n<p>12 \u2013 La Croissanteria del Port \u2013 938948396<br \/>\nDe Dimecres a Divendres de 8h a 13:30h. Dissabte i Diumenge de 8h a 14h<\/p>\n<p>13 &#8211; La Roca &#8211; 938113680<br \/>\nDe Dilluns a Diumenge obert de 9h a 18h<br \/>\nTAKE AWAY: De Dilluns a Diumenge de 9h a 18h<\/p>\n<p>14 &#8211; La Tasca del Navegante &#8211; 670989711<br \/>\nDe Dilluns a Diumenge obert de 11h a 21:30h<\/p>\n<p>15 &#8211; Nirvana &#8211; 607424456<br \/>\nDe Dimecres a Divendres obert de 16h a 21:30h<br \/>\nDissabtes i Diumenges de 12h a 21:30h<\/p>\n<p>16 &#8211; Roser &#8211; 938113680<br \/>\nDe Dilluns a Diumenge obert de 7:30h a 20:30h<br \/>\nTAKE AWAY: De Dilluns a Diumenge fins a les 17 h<\/p>\n<p>17 &#8211; Slurp<br \/>\nDe Dilluns a Diumenge obert de 9h a 18h[\/vc_column_text][\/vc_column][\/vc_row][vc_row type=&#8221;in_container&#8221; full_screen_row_position=&#8221;middle&#8221; column_margin=&#8221;default&#8221; scene_position=&#8221;center&#8221; text_color=&#8221;dark&#8221; text_align=&#8221;left&#8221; overlay_strength=&#8221;0.3&#8243; shape_divider_position=&#8221;bottom&#8221; bg_image_animation=&#8221;none&#8221;][vc_column column_padding=&#8221;no-extra-padding&#8221; column_padding_position=&#8221;all&#8221; background_color_opacity=&#8221;1&#8243; background_hover_color_opacity=&#8221;1&#8243; column_link_target=&#8221;_self&#8221; column_shadow=&#8221;none&#8221; column_border_radius=&#8221;none&#8221; width=&#8221;1\/1&#8243; tablet_width_inherit=&#8221;default&#8221; tablet_text_alignment=&#8221;default&#8221; phone_text_alignment=&#8221;default&#8221; overlay_strength=&#8221;0.3&#8243; column_border_width=&#8221;none&#8221; column_border_style=&#8221;solid&#8221; bg_image_animation=&#8221;none&#8221;][\/vc_column][\/vc_row][vc_row type=&#8221;in_container&#8221; full_screen_row_position=&#8221;middle&#8221; column_margin=&#8221;default&#8221; scene_position=&#8221;center&#8221; text_color=&#8221;dark&#8221; text_align=&#8221;left&#8221; overlay_strength=&#8221;0.3&#8243; shape_divider_position=&#8221;bottom&#8221; bg_image_animation=&#8221;none&#8221;][vc_column column_padding=&#8221;no-extra-padding&#8221; column_padding_position=&#8221;all&#8221; background_color_opacity=&#8221;1&#8243; background_hover_color_opacity=&#8221;1&#8243; column_link_target=&#8221;_self&#8221; column_shadow=&#8221;none&#8221; column_border_radius=&#8221;none&#8221; width=&#8221;1\/1&#8243; tablet_width_inherit=&#8221;default&#8221; tablet_text_alignment=&#8221;default&#8221; phone_text_alignment=&#8221;default&#8221; overlay_strength=&#8221;0.3&#8243; column_border_width=&#8221;none&#8221; column_border_style=&#8221;solid&#8221; bg_image_animation=&#8221;none&#8221;][vc_column_text][\/ vc_column] [\/ vc_row][\/vc_column_text][\/vc_column][\/vc_row]\n","protected":false},"excerpt":{"rendered":"<p>[vc_row type=&#8221;in_container&#8221; full_screen_row_position=&#8221;middle&#8221; column_margin=&#8221;default&#8221; scene_position=&#8221;center&#8221; text_color=&#8221;dark&#8221; text_align=&#8221;left&#8221; overlay_strength=&#8221;0.3&#8243; shape_divider_position=&#8221;bottom&#8221; bg_image_animation=&#8221;none&#8221;][vc_column column_padding=&#8221;no-extra-padding&#8221; column_padding_position=&#8221;all&#8221; background_color_opacity=&#8221;1&#8243; background_hover_color_opacity=&#8221;1&#8243; column_link_target=&#8221;_self&#8221; column_shadow=&#8221;none&#8221; column_border_radius=&#8221;none&#8221; width=&#8221;1\/1&#8243; tablet_width_inherit=&#8221;default&#8221; tablet_text_alignment=&#8221;default&#8221; phone_text_alignment=&#8221;default&#8221; overlay_strength=&#8221;0.3&#8243; column_border_width=&#8221;none&#8221; column_border_style=&#8221;solid&#8221; bg_image_animation=&#8221;none&#8221;][vc_column_text]Les terrasses sempre han estat un&#8230;<\/p>\n","protected":false},"author":1,"featured_media":13797,"comment_status":"closed","ping_status":"closed","sticky":false,"template":"","format":"standard","meta":{"footnotes":""},"categories":[62],"tags":[],"class_list":{"0":"post-13793","1":"post","2":"type-post","3":"status-publish","4":"format-standard","5":"has-post-thumbnail","7":"category-noticias-ca"},"yoast_head":"<!-- This site is optimized with the Yoast SEO plugin v27.3 - https:\/\/yoast.com\/product\/yoast-seo-wordpress\/ -->\n<title>Llarga vida a les terrasses en el Port de Sitges<\/title>\n<meta name=\"description\" content=\"Les terrasses sempre han estat un privilegi en bars i restaurants. Sobretot en un pa\u00eds com el nostre on el sol \u00e9s el seu principal aliat la major part de l&#039;any. Per\u00f2 ara, a m\u00e9s d&#039;un privilegi les terrasses s&#039;han convertit en una necessitat. Espais amplis, agradables i segurs s\u00f3n un dels majors reclams avui dia i un dels punts forts del Port de Sitges. Multitud de terrasses a escassos minuts caminant del centre de Sitges.\" \/>\n<meta name=\"robots\" content=\"index, follow, max-snippet:-1, max-image-preview:large, max-video-preview:-1\" \/>\n<link rel=\"canonical\" href=\"https:\/\/www.portdesitges.com\/ca\/llarga-vida-a-les-terrasses-en-el-port-de-sitges\/\" \/>\n<meta property=\"og:locale\" content=\"ca_ES\" \/>\n<meta property=\"og:type\" content=\"article\" \/>\n<meta property=\"og:title\" content=\"Llarga vida a les terrasses en el Port de Sitges\" \/>\n<meta property=\"og:description\" content=\"Les terrasses sempre han estat un privilegi en bars i restaurants. Sobretot en un pa\u00eds com el nostre on el sol \u00e9s el seu principal aliat la major part de l&#039;any. Per\u00f2 ara, a m\u00e9s d&#039;un privilegi les terrasses s&#039;han convertit en una necessitat. Espais amplis, agradables i segurs s\u00f3n un dels majors reclams avui dia i un dels punts forts del Port de Sitges. Multitud de terrasses a escassos minuts caminant del centre de Sitges.\" \/>\n<meta property=\"og:url\" content=\"https:\/\/www.portdesitges.com\/ca\/llarga-vida-a-les-terrasses-en-el-port-de-sitges\/\" \/>\n<meta property=\"og:site_name\" content=\"Port de Sitges - Aiguadol\u00e7\" \/>\n<meta property=\"article:published_time\" content=\"2020-11-29T10:20:43+00:00\" \/>\n<meta property=\"article:modified_time\" content=\"2021-05-31T08:31:01+00:00\" \/>\n<meta property=\"og:image\" content=\"https:\/\/www.portdesitges.com\/wp-content\/uploads\/2020\/11\/33-scaled.jpg\" \/>\n\t<meta property=\"og:image:width\" content=\"2560\" \/>\n\t<meta property=\"og:image:height\" content=\"1920\" \/>\n\t<meta property=\"og:image:type\" content=\"image\/jpeg\" \/>\n<meta name=\"author\" content=\"admin\" \/>\n<meta name=\"twitter:card\" content=\"summary_large_image\" \/>\n<meta name=\"twitter:label1\" content=\"Escrit per\" \/>\n\t<meta name=\"twitter:data1\" content=\"admin\" \/>\n\t<meta name=\"twitter:label2\" content=\"Temps estimat de lectura\" \/>\n\t<meta name=\"twitter:data2\" content=\"4 minuts\" \/>\n<script type=\"application\/ld+json\" class=\"yoast-schema-graph\">{\"@context\":\"https:\\\/\\\/schema.org\",\"@graph\":[{\"@type\":\"Article\",\"@id\":\"https:\\\/\\\/www.portdesitges.com\\\/ca\\\/llarga-vida-a-les-terrasses-en-el-port-de-sitges\\\/#article\",\"isPartOf\":{\"@id\":\"https:\\\/\\\/www.portdesitges.com\\\/ca\\\/llarga-vida-a-les-terrasses-en-el-port-de-sitges\\\/\"},\"author\":{\"name\":\"admin\",\"@id\":\"https:\\\/\\\/www.portdesitges.com\\\/#\\\/schema\\\/person\\\/1eefc99f5083e56db6bd643d0e8649fd\"},\"headline\":\"Llarga vida a les terrasses en el Port de Sitges\",\"datePublished\":\"2020-11-29T10:20:43+00:00\",\"dateModified\":\"2021-05-31T08:31:01+00:00\",\"mainEntityOfPage\":{\"@id\":\"https:\\\/\\\/www.portdesitges.com\\\/ca\\\/llarga-vida-a-les-terrasses-en-el-port-de-sitges\\\/\"},\"wordCount\":832,\"image\":{\"@id\":\"https:\\\/\\\/www.portdesitges.com\\\/ca\\\/llarga-vida-a-les-terrasses-en-el-port-de-sitges\\\/#primaryimage\"},\"thumbnailUrl\":\"https:\\\/\\\/www.portdesitges.com\\\/wp-content\\\/uploads\\\/2020\\\/11\\\/33-scaled.jpg\",\"articleSection\":[\"Not\u00edcias\"],\"inLanguage\":\"ca\"},{\"@type\":\"WebPage\",\"@id\":\"https:\\\/\\\/www.portdesitges.com\\\/ca\\\/llarga-vida-a-les-terrasses-en-el-port-de-sitges\\\/\",\"url\":\"https:\\\/\\\/www.portdesitges.com\\\/ca\\\/llarga-vida-a-les-terrasses-en-el-port-de-sitges\\\/\",\"name\":\"Llarga vida a les terrasses en el Port de Sitges\",\"isPartOf\":{\"@id\":\"https:\\\/\\\/www.portdesitges.com\\\/#website\"},\"primaryImageOfPage\":{\"@id\":\"https:\\\/\\\/www.portdesitges.com\\\/ca\\\/llarga-vida-a-les-terrasses-en-el-port-de-sitges\\\/#primaryimage\"},\"image\":{\"@id\":\"https:\\\/\\\/www.portdesitges.com\\\/ca\\\/llarga-vida-a-les-terrasses-en-el-port-de-sitges\\\/#primaryimage\"},\"thumbnailUrl\":\"https:\\\/\\\/www.portdesitges.com\\\/wp-content\\\/uploads\\\/2020\\\/11\\\/33-scaled.jpg\",\"datePublished\":\"2020-11-29T10:20:43+00:00\",\"dateModified\":\"2021-05-31T08:31:01+00:00\",\"author\":{\"@id\":\"https:\\\/\\\/www.portdesitges.com\\\/#\\\/schema\\\/person\\\/1eefc99f5083e56db6bd643d0e8649fd\"},\"description\":\"Les terrasses sempre han estat un privilegi en bars i restaurants. Sobretot en un pa\u00eds com el nostre on el sol \u00e9s el seu principal aliat la major part de l'any. Per\u00f2 ara, a m\u00e9s d'un privilegi les terrasses s'han convertit en una necessitat. Espais amplis, agradables i segurs s\u00f3n un dels majors reclams avui dia i un dels punts forts del Port de Sitges. Multitud de terrasses a escassos minuts caminant del centre de Sitges.\",\"breadcrumb\":{\"@id\":\"https:\\\/\\\/www.portdesitges.com\\\/ca\\\/llarga-vida-a-les-terrasses-en-el-port-de-sitges\\\/#breadcrumb\"},\"inLanguage\":\"ca\",\"potentialAction\":[{\"@type\":\"ReadAction\",\"target\":[\"https:\\\/\\\/www.portdesitges.com\\\/ca\\\/llarga-vida-a-les-terrasses-en-el-port-de-sitges\\\/\"]}]},{\"@type\":\"ImageObject\",\"inLanguage\":\"ca\",\"@id\":\"https:\\\/\\\/www.portdesitges.com\\\/ca\\\/llarga-vida-a-les-terrasses-en-el-port-de-sitges\\\/#primaryimage\",\"url\":\"https:\\\/\\\/www.portdesitges.com\\\/wp-content\\\/uploads\\\/2020\\\/11\\\/33-scaled.jpg\",\"contentUrl\":\"https:\\\/\\\/www.portdesitges.com\\\/wp-content\\\/uploads\\\/2020\\\/11\\\/33-scaled.jpg\",\"width\":2560,\"height\":1920},{\"@type\":\"BreadcrumbList\",\"@id\":\"https:\\\/\\\/www.portdesitges.com\\\/ca\\\/llarga-vida-a-les-terrasses-en-el-port-de-sitges\\\/#breadcrumb\",\"itemListElement\":[{\"@type\":\"ListItem\",\"position\":1,\"name\":\"Portada\",\"item\":\"https:\\\/\\\/www.portdesitges.com\\\/ca\\\/\"},{\"@type\":\"ListItem\",\"position\":2,\"name\":\"Llarga vida a les terrasses en el Port de Sitges\"}]},{\"@type\":\"WebSite\",\"@id\":\"https:\\\/\\\/www.portdesitges.com\\\/#website\",\"url\":\"https:\\\/\\\/www.portdesitges.com\\\/\",\"name\":\"Port de Sitges - Aiguadol\u00e7\",\"description\":\"lugar donde el mar y la tierra se dan de la mano para crear un espacio \u00fanico y atractivo. Disfruta de un mar de experiencias.\",\"potentialAction\":[{\"@type\":\"SearchAction\",\"target\":{\"@type\":\"EntryPoint\",\"urlTemplate\":\"https:\\\/\\\/www.portdesitges.com\\\/?s={search_term_string}\"},\"query-input\":{\"@type\":\"PropertyValueSpecification\",\"valueRequired\":true,\"valueName\":\"search_term_string\"}}],\"inLanguage\":\"ca\"},{\"@type\":\"Person\",\"@id\":\"https:\\\/\\\/www.portdesitges.com\\\/#\\\/schema\\\/person\\\/1eefc99f5083e56db6bd643d0e8649fd\",\"name\":\"admin\",\"image\":{\"@type\":\"ImageObject\",\"inLanguage\":\"ca\",\"@id\":\"https:\\\/\\\/secure.gravatar.com\\\/avatar\\\/2db7db7d08053efc6bbf52674f99717837ec8d1dd72ce992247f1bade9278b82?s=96&d=mm&r=g\",\"url\":\"https:\\\/\\\/secure.gravatar.com\\\/avatar\\\/2db7db7d08053efc6bbf52674f99717837ec8d1dd72ce992247f1bade9278b82?s=96&d=mm&r=g\",\"contentUrl\":\"https:\\\/\\\/secure.gravatar.com\\\/avatar\\\/2db7db7d08053efc6bbf52674f99717837ec8d1dd72ce992247f1bade9278b82?s=96&d=mm&r=g\",\"caption\":\"admin\"},\"url\":\"https:\\\/\\\/www.portdesitges.com\\\/ca\\\/author\\\/admin\\\/\"}]}<\/script>\n<!-- \/ Yoast SEO plugin. -->","yoast_head_json":{"title":"Llarga vida a les terrasses en el Port de Sitges","description":"Les terrasses sempre han estat un privilegi en bars i restaurants. Sobretot en un pa\u00eds com el nostre on el sol \u00e9s el seu principal aliat la major part de l'any. Per\u00f2 ara, a m\u00e9s d'un privilegi les terrasses s'han convertit en una necessitat. Espais amplis, agradables i segurs s\u00f3n un dels majors reclams avui dia i un dels punts forts del Port de Sitges. Multitud de terrasses a escassos minuts caminant del centre de Sitges.","robots":{"index":"index","follow":"follow","max-snippet":"max-snippet:-1","max-image-preview":"max-image-preview:large","max-video-preview":"max-video-preview:-1"},"canonical":"https:\/\/www.portdesitges.com\/ca\/llarga-vida-a-les-terrasses-en-el-port-de-sitges\/","og_locale":"ca_ES","og_type":"article","og_title":"Llarga vida a les terrasses en el Port de Sitges","og_description":"Les terrasses sempre han estat un privilegi en bars i restaurants. Sobretot en un pa\u00eds com el nostre on el sol \u00e9s el seu principal aliat la major part de l'any. Per\u00f2 ara, a m\u00e9s d'un privilegi les terrasses s'han convertit en una necessitat. Espais amplis, agradables i segurs s\u00f3n un dels majors reclams avui dia i un dels punts forts del Port de Sitges. Multitud de terrasses a escassos minuts caminant del centre de Sitges.","og_url":"https:\/\/www.portdesitges.com\/ca\/llarga-vida-a-les-terrasses-en-el-port-de-sitges\/","og_site_name":"Port de Sitges - Aiguadol\u00e7","article_published_time":"2020-11-29T10:20:43+00:00","article_modified_time":"2021-05-31T08:31:01+00:00","og_image":[{"width":2560,"height":1920,"url":"https:\/\/www.portdesitges.com\/wp-content\/uploads\/2020\/11\/33-scaled.jpg","type":"image\/jpeg"}],"author":"admin","twitter_card":"summary_large_image","twitter_misc":{"Escrit per":"admin","Temps estimat de lectura":"4 minuts"},"schema":{"@context":"https:\/\/schema.org","@graph":[{"@type":"Article","@id":"https:\/\/www.portdesitges.com\/ca\/llarga-vida-a-les-terrasses-en-el-port-de-sitges\/#article","isPartOf":{"@id":"https:\/\/www.portdesitges.com\/ca\/llarga-vida-a-les-terrasses-en-el-port-de-sitges\/"},"author":{"name":"admin","@id":"https:\/\/www.portdesitges.com\/#\/schema\/person\/1eefc99f5083e56db6bd643d0e8649fd"},"headline":"Llarga vida a les terrasses en el Port de Sitges","datePublished":"2020-11-29T10:20:43+00:00","dateModified":"2021-05-31T08:31:01+00:00","mainEntityOfPage":{"@id":"https:\/\/www.portdesitges.com\/ca\/llarga-vida-a-les-terrasses-en-el-port-de-sitges\/"},"wordCount":832,"image":{"@id":"https:\/\/www.portdesitges.com\/ca\/llarga-vida-a-les-terrasses-en-el-port-de-sitges\/#primaryimage"},"thumbnailUrl":"https:\/\/www.portdesitges.com\/wp-content\/uploads\/2020\/11\/33-scaled.jpg","articleSection":["Not\u00edcias"],"inLanguage":"ca"},{"@type":"WebPage","@id":"https:\/\/www.portdesitges.com\/ca\/llarga-vida-a-les-terrasses-en-el-port-de-sitges\/","url":"https:\/\/www.portdesitges.com\/ca\/llarga-vida-a-les-terrasses-en-el-port-de-sitges\/","name":"Llarga vida a les terrasses en el Port de Sitges","isPartOf":{"@id":"https:\/\/www.portdesitges.com\/#website"},"primaryImageOfPage":{"@id":"https:\/\/www.portdesitges.com\/ca\/llarga-vida-a-les-terrasses-en-el-port-de-sitges\/#primaryimage"},"image":{"@id":"https:\/\/www.portdesitges.com\/ca\/llarga-vida-a-les-terrasses-en-el-port-de-sitges\/#primaryimage"},"thumbnailUrl":"https:\/\/www.portdesitges.com\/wp-content\/uploads\/2020\/11\/33-scaled.jpg","datePublished":"2020-11-29T10:20:43+00:00","dateModified":"2021-05-31T08:31:01+00:00","author":{"@id":"https:\/\/www.portdesitges.com\/#\/schema\/person\/1eefc99f5083e56db6bd643d0e8649fd"},"description":"Les terrasses sempre han estat un privilegi en bars i restaurants. Sobretot en un pa\u00eds com el nostre on el sol \u00e9s el seu principal aliat la major part de l'any. Per\u00f2 ara, a m\u00e9s d'un privilegi les terrasses s'han convertit en una necessitat. Espais amplis, agradables i segurs s\u00f3n un dels majors reclams avui dia i un dels punts forts del Port de Sitges. Multitud de terrasses a escassos minuts caminant del centre de Sitges.","breadcrumb":{"@id":"https:\/\/www.portdesitges.com\/ca\/llarga-vida-a-les-terrasses-en-el-port-de-sitges\/#breadcrumb"},"inLanguage":"ca","potentialAction":[{"@type":"ReadAction","target":["https:\/\/www.portdesitges.com\/ca\/llarga-vida-a-les-terrasses-en-el-port-de-sitges\/"]}]},{"@type":"ImageObject","inLanguage":"ca","@id":"https:\/\/www.portdesitges.com\/ca\/llarga-vida-a-les-terrasses-en-el-port-de-sitges\/#primaryimage","url":"https:\/\/www.portdesitges.com\/wp-content\/uploads\/2020\/11\/33-scaled.jpg","contentUrl":"https:\/\/www.portdesitges.com\/wp-content\/uploads\/2020\/11\/33-scaled.jpg","width":2560,"height":1920},{"@type":"BreadcrumbList","@id":"https:\/\/www.portdesitges.com\/ca\/llarga-vida-a-les-terrasses-en-el-port-de-sitges\/#breadcrumb","itemListElement":[{"@type":"ListItem","position":1,"name":"Portada","item":"https:\/\/www.portdesitges.com\/ca\/"},{"@type":"ListItem","position":2,"name":"Llarga vida a les terrasses en el Port de Sitges"}]},{"@type":"WebSite","@id":"https:\/\/www.portdesitges.com\/#website","url":"https:\/\/www.portdesitges.com\/","name":"Port de Sitges - Aiguadol\u00e7","description":"lugar donde el mar y la tierra se dan de la mano para crear un espacio \u00fanico y atractivo. Disfruta de un mar de experiencias.","potentialAction":[{"@type":"SearchAction","target":{"@type":"EntryPoint","urlTemplate":"https:\/\/www.portdesitges.com\/?s={search_term_string}"},"query-input":{"@type":"PropertyValueSpecification","valueRequired":true,"valueName":"search_term_string"}}],"inLanguage":"ca"},{"@type":"Person","@id":"https:\/\/www.portdesitges.com\/#\/schema\/person\/1eefc99f5083e56db6bd643d0e8649fd","name":"admin","image":{"@type":"ImageObject","inLanguage":"ca","@id":"https:\/\/secure.gravatar.com\/avatar\/2db7db7d08053efc6bbf52674f99717837ec8d1dd72ce992247f1bade9278b82?s=96&d=mm&r=g","url":"https:\/\/secure.gravatar.com\/avatar\/2db7db7d08053efc6bbf52674f99717837ec8d1dd72ce992247f1bade9278b82?s=96&d=mm&r=g","contentUrl":"https:\/\/secure.gravatar.com\/avatar\/2db7db7d08053efc6bbf52674f99717837ec8d1dd72ce992247f1bade9278b82?s=96&d=mm&r=g","caption":"admin"},"url":"https:\/\/www.portdesitges.com\/ca\/author\/admin\/"}]}},"_links":{"self":[{"href":"https:\/\/www.portdesitges.com\/ca\/wp-json\/wp\/v2\/posts\/13793","targetHints":{"allow":["GET"]}}],"collection":[{"href":"https:\/\/www.portdesitges.com\/ca\/wp-json\/wp\/v2\/posts"}],"about":[{"href":"https:\/\/www.portdesitges.com\/ca\/wp-json\/wp\/v2\/types\/post"}],"author":[{"embeddable":true,"href":"https:\/\/www.portdesitges.com\/ca\/wp-json\/wp\/v2\/users\/1"}],"replies":[{"embeddable":true,"href":"https:\/\/www.portdesitges.com\/ca\/wp-json\/wp\/v2\/comments?post=13793"}],"version-history":[{"count":5,"href":"https:\/\/www.portdesitges.com\/ca\/wp-json\/wp\/v2\/posts\/13793\/revisions"}],"predecessor-version":[{"id":14145,"href":"https:\/\/www.portdesitges.com\/ca\/wp-json\/wp\/v2\/posts\/13793\/revisions\/14145"}],"wp:featuredmedia":[{"embeddable":true,"href":"https:\/\/www.portdesitges.com\/ca\/wp-json\/wp\/v2\/media\/13797"}],"wp:attachment":[{"href":"https:\/\/www.portdesitges.com\/ca\/wp-json\/wp\/v2\/media?parent=13793"}],"wp:term":[{"taxonomy":"category","embeddable":true,"href":"https:\/\/www.portdesitges.com\/ca\/wp-json\/wp\/v2\/categories?post=13793"},{"taxonomy":"post_tag","embeddable":true,"href":"https:\/\/www.portdesitges.com\/ca\/wp-json\/wp\/v2\/tags?post=13793"}],"curies":[{"name":"wp","href":"https:\/\/api.w.org\/{rel}","templated":true}]}}