{"id":1324,"date":"2014-10-23T17:30:40","date_gmt":"2014-10-23T17:30:40","guid":{"rendered":"http:\/\/www.portdesitges.com\/port\/?p=1324"},"modified":"2014-10-23T17:30:40","modified_gmt":"2014-10-23T17:30:40","slug":"el-port-de-sitges-aiguadolc-acull-un-any-mes-la-regata-sitges-ciutadella","status":"publish","type":"post","link":"https:\/\/www.portdesitges.com\/ca\/el-port-de-sitges-aiguadolc-acull-un-any-mes-la-regata-sitges-ciutadella\/","title":{"rendered":"El Port de Sitges-Aiguadol\u00e7 acull un any m\u00e9s la Regata Sitges-Ciutadella"},"content":{"rendered":"<p><!--more--><\/p>\n<p><strong>El Port de Sitges-Aiguadol\u00e7 acull un any m\u00e9s la Regata Sitges-Ciutadella<\/strong><\/p>\n<p><em>Enrique Curt va destacar que a part del valor n\u00e0utic esportiu de la regata Sitges-Ciutadella, un afegit \u00e9s poder gaudir d&#8217;un magnifica sopar en les instal\u00b7lacions del Port de Sitges-Aiguadol\u00e7.<\/em><\/p>\n<p>Una regata de navegaci\u00f3 d&#8217;altura puntuable que uneix dos ports emblem\u00e0tics mediterranis. La IV edici\u00f3 de la Regata Sitges-Ciutadella, que uneix de forma directa el port de la poblaci\u00f3 de Sitges, des del Port de Sitges-Aiguadol\u00e7, amb el de la capital oriental de Menorca, el port de Ciutadella, tindr\u00e0 lloc els dies 12 i 13 de juny del 2015.<\/p>\n<p>La regata ha estat presentada als armadors al Sal\u00f3 N\u00e0utic de Barcelona i ser\u00e0 puntuable per al Campionat de Catalunya de Navegaci\u00f3 d&#8217;Altura 2015. Organitzada pel Club N\u00e0utic de Ciutadella, el Port de Sitges-Aiguadol\u00e7 i Difusi\u00f3 N\u00e0utica, ser\u00e0 la quarta edici\u00f3 d&#8217;aquesta prova que s&#8217;est\u00e0 consolidant en el calendari mediterrani del creuer d&#8217;altura.<\/p>\n<p>A la presentaci\u00f3 va assistir el comodor del Club N\u00e0utic de Ciutadella, Rafael Torrent, el Cap d\u2019Explotaci\u00f3 del Port de Sitges-Aiguadol\u00e7, Toni Franco, el president del Comit\u00e8 de Creuers de la Federaci\u00f3 Catalana de Vela, Joan Cabrero, i Enrique *Curt de Difusi\u00f3 N\u00e0utica. Tots van coincidir a ressaltar que la navegaci\u00f3 d&#8217;altura est\u00e0 recuperant adeptes els \u00faltims anys.<\/p>\n<p>Toni Franco destac\u00e0 l&#8217;ambient d&#8217;aquesta regata, \u201camb la qual ens sentim plenament identificats, perqu\u00e8 sempre ens ha agradat organitzar proves n\u00e0utiques, i aquesta \u00e9s una de les m\u00e9s atractives que s&#8217;ofereix als navegants, tant peninsulars com de les Balears. Ens sentim molt lligats amb ella i agermanats amb Ciutadella.\u201d<\/p>\n<p>Enrique Curt en finalitzar l&#8217;acte va destacar que a part del valor n\u00e0utic esportiu de la regata Sitges-Ciutadella, paral\u00b7lelament t\u00e9 altres atractius que la fan \u00fanica, com la de poder gaudir d&#8217;un magnific sopar a les instal\u00b7lacions del Port de Sitges-Aiguadol\u00e7, poder estar en primer l\u00ednia del port de Ciutadella a les instal\u00b7lacions del Club N\u00e0utic, gaudir de Menorca, i pel guanyador absolut de la prova el trofeu d&#8217;un quadre pintat per l&#8217;artista menorqu\u00ed Pepe Torrent Viv\u00f3, que ser\u00e0 lliurat finalitzada la regata.<\/p>\n<p><img loading=\"lazy\" decoding=\"async\" class=\"aligncenter wp-image-1325 size-full\" src=\"http:\/\/www.portdesitges.com\/port\/wp-content\/uploads\/2014\/10\/Regata-Sitges-Ciutadella-Port-de-Sitges.jpg\" alt=\"Regata Sitges - Ciutadella - Port de Sitges\" width=\"400\" height=\"300\" srcset=\"https:\/\/www.portdesitges.com\/wp-content\/uploads\/2014\/10\/Regata-Sitges-Ciutadella-Port-de-Sitges.jpg 400w, https:\/\/www.portdesitges.com\/wp-content\/uploads\/2014\/10\/Regata-Sitges-Ciutadella-Port-de-Sitges-300x225.jpg 300w\" sizes=\"auto, (max-width: 400px) 100vw, 400px\" \/><\/p>\n","protected":false},"excerpt":{"rendered":"El Port de Sitges-Aiguadol\u00e7 acull un any m\u00e9s la Regata Sitges-Ciutadella Enrique Curt va destacar que a part del valor n\u00e0utic esportiu de la regata Sitges-Ciutadella, un afegit \u00e9s poder...","protected":false},"author":2,"featured_media":1326,"comment_status":"closed","ping_status":"closed","sticky":false,"template":"","format":"standard","meta":{"footnotes":""},"categories":[],"tags":[],"class_list":["post-1324","post","type-post","status-publish","format-standard","has-post-thumbnail"],"yoast_head":"<!-- This site is optimized with the Yoast SEO plugin v27.3 - https:\/\/yoast.com\/product\/yoast-seo-wordpress\/ -->\n<title>El Port de Sitges-Aiguadol\u00e7 acull un any m\u00e9s la Regata Sitges-Ciutadella - Port de Sitges - Aiguadol\u00e7<\/title>\n<meta name=\"robots\" content=\"index, follow, max-snippet:-1, max-image-preview:large, max-video-preview:-1\" \/>\n<link rel=\"canonical\" href=\"https:\/\/www.portdesitges.com\/ca\/el-port-de-sitges-aiguadolc-acull-un-any-mes-la-regata-sitges-ciutadella\/\" \/>\n<meta property=\"og:locale\" content=\"ca_ES\" \/>\n<meta property=\"og:type\" content=\"article\" \/>\n<meta property=\"og:title\" content=\"El Port de Sitges-Aiguadol\u00e7 acull un any m\u00e9s la Regata Sitges-Ciutadella - Port de Sitges - Aiguadol\u00e7\" \/>\n<meta property=\"og:url\" content=\"https:\/\/www.portdesitges.com\/ca\/el-port-de-sitges-aiguadolc-acull-un-any-mes-la-regata-sitges-ciutadella\/\" \/>\n<meta property=\"og:site_name\" content=\"Port de Sitges - Aiguadol\u00e7\" \/>\n<meta property=\"article:published_time\" content=\"2014-10-23T17:30:40+00:00\" \/>\n<meta property=\"og:image\" content=\"https:\/\/www.portdesitges.com\/wp-content\/uploads\/2014\/10\/Regata-Sitges-Ciutadella-Thumb.jpg\" \/>\n\t<meta property=\"og:image:width\" content=\"300\" \/>\n\t<meta property=\"og:image:height\" content=\"300\" \/>\n\t<meta property=\"og:image:type\" content=\"image\/jpeg\" \/>\n<meta name=\"author\" content=\"portsitg\" \/>\n<meta name=\"twitter:card\" content=\"summary_large_image\" \/>\n<meta name=\"twitter:label1\" content=\"Escrit per\" \/>\n\t<meta name=\"twitter:data1\" content=\"portsitg\" \/>\n\t<meta name=\"twitter:label2\" content=\"Temps estimat de lectura\" \/>\n\t<meta name=\"twitter:data2\" content=\"2 minuts\" \/>\n<script type=\"application\/ld+json\" class=\"yoast-schema-graph\">{\"@context\":\"https:\\\/\\\/schema.org\",\"@graph\":[{\"@type\":\"Article\",\"@id\":\"https:\\\/\\\/www.portdesitges.com\\\/ca\\\/el-port-de-sitges-aiguadolc-acull-un-any-mes-la-regata-sitges-ciutadella\\\/#article\",\"isPartOf\":{\"@id\":\"https:\\\/\\\/www.portdesitges.com\\\/ca\\\/el-port-de-sitges-aiguadolc-acull-un-any-mes-la-regata-sitges-ciutadella\\\/\"},\"author\":{\"name\":\"portsitg\",\"@id\":\"https:\\\/\\\/www.portdesitges.com\\\/#\\\/schema\\\/person\\\/a9e788079fa8154d434e3acb5cc9a560\"},\"headline\":\"El Port de Sitges-Aiguadol\u00e7 acull un any m\u00e9s la Regata Sitges-Ciutadella\",\"datePublished\":\"2014-10-23T17:30:40+00:00\",\"mainEntityOfPage\":{\"@id\":\"https:\\\/\\\/www.portdesitges.com\\\/ca\\\/el-port-de-sitges-aiguadolc-acull-un-any-mes-la-regata-sitges-ciutadella\\\/\"},\"wordCount\":383,\"image\":{\"@id\":\"https:\\\/\\\/www.portdesitges.com\\\/ca\\\/el-port-de-sitges-aiguadolc-acull-un-any-mes-la-regata-sitges-ciutadella\\\/#primaryimage\"},\"thumbnailUrl\":\"https:\\\/\\\/www.portdesitges.com\\\/wp-content\\\/uploads\\\/2014\\\/10\\\/Regata-Sitges-Ciutadella-Thumb.jpg\",\"inLanguage\":\"ca\"},{\"@type\":\"WebPage\",\"@id\":\"https:\\\/\\\/www.portdesitges.com\\\/ca\\\/el-port-de-sitges-aiguadolc-acull-un-any-mes-la-regata-sitges-ciutadella\\\/\",\"url\":\"https:\\\/\\\/www.portdesitges.com\\\/ca\\\/el-port-de-sitges-aiguadolc-acull-un-any-mes-la-regata-sitges-ciutadella\\\/\",\"name\":\"El Port de Sitges-Aiguadol\u00e7 acull un any m\u00e9s la Regata Sitges-Ciutadella - Port de Sitges - Aiguadol\u00e7\",\"isPartOf\":{\"@id\":\"https:\\\/\\\/www.portdesitges.com\\\/#website\"},\"primaryImageOfPage\":{\"@id\":\"https:\\\/\\\/www.portdesitges.com\\\/ca\\\/el-port-de-sitges-aiguadolc-acull-un-any-mes-la-regata-sitges-ciutadella\\\/#primaryimage\"},\"image\":{\"@id\":\"https:\\\/\\\/www.portdesitges.com\\\/ca\\\/el-port-de-sitges-aiguadolc-acull-un-any-mes-la-regata-sitges-ciutadella\\\/#primaryimage\"},\"thumbnailUrl\":\"https:\\\/\\\/www.portdesitges.com\\\/wp-content\\\/uploads\\\/2014\\\/10\\\/Regata-Sitges-Ciutadella-Thumb.jpg\",\"datePublished\":\"2014-10-23T17:30:40+00:00\",\"author\":{\"@id\":\"https:\\\/\\\/www.portdesitges.com\\\/#\\\/schema\\\/person\\\/a9e788079fa8154d434e3acb5cc9a560\"},\"breadcrumb\":{\"@id\":\"https:\\\/\\\/www.portdesitges.com\\\/ca\\\/el-port-de-sitges-aiguadolc-acull-un-any-mes-la-regata-sitges-ciutadella\\\/#breadcrumb\"},\"inLanguage\":\"ca\",\"potentialAction\":[{\"@type\":\"ReadAction\",\"target\":[\"https:\\\/\\\/www.portdesitges.com\\\/ca\\\/el-port-de-sitges-aiguadolc-acull-un-any-mes-la-regata-sitges-ciutadella\\\/\"]}]},{\"@type\":\"ImageObject\",\"inLanguage\":\"ca\",\"@id\":\"https:\\\/\\\/www.portdesitges.com\\\/ca\\\/el-port-de-sitges-aiguadolc-acull-un-any-mes-la-regata-sitges-ciutadella\\\/#primaryimage\",\"url\":\"https:\\\/\\\/www.portdesitges.com\\\/wp-content\\\/uploads\\\/2014\\\/10\\\/Regata-Sitges-Ciutadella-Thumb.jpg\",\"contentUrl\":\"https:\\\/\\\/www.portdesitges.com\\\/wp-content\\\/uploads\\\/2014\\\/10\\\/Regata-Sitges-Ciutadella-Thumb.jpg\",\"width\":300,\"height\":300},{\"@type\":\"BreadcrumbList\",\"@id\":\"https:\\\/\\\/www.portdesitges.com\\\/ca\\\/el-port-de-sitges-aiguadolc-acull-un-any-mes-la-regata-sitges-ciutadella\\\/#breadcrumb\",\"itemListElement\":[{\"@type\":\"ListItem\",\"position\":1,\"name\":\"Portada\",\"item\":\"https:\\\/\\\/www.portdesitges.com\\\/ca\\\/\"},{\"@type\":\"ListItem\",\"position\":2,\"name\":\"El Port de Sitges-Aiguadol\u00e7 acull un any m\u00e9s la Regata Sitges-Ciutadella\"}]},{\"@type\":\"WebSite\",\"@id\":\"https:\\\/\\\/www.portdesitges.com\\\/#website\",\"url\":\"https:\\\/\\\/www.portdesitges.com\\\/\",\"name\":\"Port de Sitges - Aiguadol\u00e7\",\"description\":\"lugar donde el mar y la tierra se dan de la mano para crear un espacio \u00fanico y atractivo. Disfruta de un mar de experiencias.\",\"potentialAction\":[{\"@type\":\"SearchAction\",\"target\":{\"@type\":\"EntryPoint\",\"urlTemplate\":\"https:\\\/\\\/www.portdesitges.com\\\/?s={search_term_string}\"},\"query-input\":{\"@type\":\"PropertyValueSpecification\",\"valueRequired\":true,\"valueName\":\"search_term_string\"}}],\"inLanguage\":\"ca\"},{\"@type\":\"Person\",\"@id\":\"https:\\\/\\\/www.portdesitges.com\\\/#\\\/schema\\\/person\\\/a9e788079fa8154d434e3acb5cc9a560\",\"name\":\"portsitg\",\"image\":{\"@type\":\"ImageObject\",\"inLanguage\":\"ca\",\"@id\":\"https:\\\/\\\/secure.gravatar.com\\\/avatar\\\/3859401686883dbd8076c2e625e0365be0dfac18bea72e75083833b81bf7c3a7?s=96&d=mm&r=g\",\"url\":\"https:\\\/\\\/secure.gravatar.com\\\/avatar\\\/3859401686883dbd8076c2e625e0365be0dfac18bea72e75083833b81bf7c3a7?s=96&d=mm&r=g\",\"contentUrl\":\"https:\\\/\\\/secure.gravatar.com\\\/avatar\\\/3859401686883dbd8076c2e625e0365be0dfac18bea72e75083833b81bf7c3a7?s=96&d=mm&r=g\",\"caption\":\"portsitg\"},\"url\":\"https:\\\/\\\/www.portdesitges.com\\\/ca\\\/author\\\/portsitg\\\/\"}]}<\/script>\n<!-- \/ Yoast SEO plugin. -->","yoast_head_json":{"title":"El Port de Sitges-Aiguadol\u00e7 acull un any m\u00e9s la Regata Sitges-Ciutadella - Port de Sitges - Aiguadol\u00e7","robots":{"index":"index","follow":"follow","max-snippet":"max-snippet:-1","max-image-preview":"max-image-preview:large","max-video-preview":"max-video-preview:-1"},"canonical":"https:\/\/www.portdesitges.com\/ca\/el-port-de-sitges-aiguadolc-acull-un-any-mes-la-regata-sitges-ciutadella\/","og_locale":"ca_ES","og_type":"article","og_title":"El Port de Sitges-Aiguadol\u00e7 acull un any m\u00e9s la Regata Sitges-Ciutadella - Port de Sitges - Aiguadol\u00e7","og_url":"https:\/\/www.portdesitges.com\/ca\/el-port-de-sitges-aiguadolc-acull-un-any-mes-la-regata-sitges-ciutadella\/","og_site_name":"Port de Sitges - Aiguadol\u00e7","article_published_time":"2014-10-23T17:30:40+00:00","og_image":[{"width":300,"height":300,"url":"https:\/\/www.portdesitges.com\/wp-content\/uploads\/2014\/10\/Regata-Sitges-Ciutadella-Thumb.jpg","type":"image\/jpeg"}],"author":"portsitg","twitter_card":"summary_large_image","twitter_misc":{"Escrit per":"portsitg","Temps estimat de lectura":"2 minuts"},"schema":{"@context":"https:\/\/schema.org","@graph":[{"@type":"Article","@id":"https:\/\/www.portdesitges.com\/ca\/el-port-de-sitges-aiguadolc-acull-un-any-mes-la-regata-sitges-ciutadella\/#article","isPartOf":{"@id":"https:\/\/www.portdesitges.com\/ca\/el-port-de-sitges-aiguadolc-acull-un-any-mes-la-regata-sitges-ciutadella\/"},"author":{"name":"portsitg","@id":"https:\/\/www.portdesitges.com\/#\/schema\/person\/a9e788079fa8154d434e3acb5cc9a560"},"headline":"El Port de Sitges-Aiguadol\u00e7 acull un any m\u00e9s la Regata Sitges-Ciutadella","datePublished":"2014-10-23T17:30:40+00:00","mainEntityOfPage":{"@id":"https:\/\/www.portdesitges.com\/ca\/el-port-de-sitges-aiguadolc-acull-un-any-mes-la-regata-sitges-ciutadella\/"},"wordCount":383,"image":{"@id":"https:\/\/www.portdesitges.com\/ca\/el-port-de-sitges-aiguadolc-acull-un-any-mes-la-regata-sitges-ciutadella\/#primaryimage"},"thumbnailUrl":"https:\/\/www.portdesitges.com\/wp-content\/uploads\/2014\/10\/Regata-Sitges-Ciutadella-Thumb.jpg","inLanguage":"ca"},{"@type":"WebPage","@id":"https:\/\/www.portdesitges.com\/ca\/el-port-de-sitges-aiguadolc-acull-un-any-mes-la-regata-sitges-ciutadella\/","url":"https:\/\/www.portdesitges.com\/ca\/el-port-de-sitges-aiguadolc-acull-un-any-mes-la-regata-sitges-ciutadella\/","name":"El Port de Sitges-Aiguadol\u00e7 acull un any m\u00e9s la Regata Sitges-Ciutadella - Port de Sitges - Aiguadol\u00e7","isPartOf":{"@id":"https:\/\/www.portdesitges.com\/#website"},"primaryImageOfPage":{"@id":"https:\/\/www.portdesitges.com\/ca\/el-port-de-sitges-aiguadolc-acull-un-any-mes-la-regata-sitges-ciutadella\/#primaryimage"},"image":{"@id":"https:\/\/www.portdesitges.com\/ca\/el-port-de-sitges-aiguadolc-acull-un-any-mes-la-regata-sitges-ciutadella\/#primaryimage"},"thumbnailUrl":"https:\/\/www.portdesitges.com\/wp-content\/uploads\/2014\/10\/Regata-Sitges-Ciutadella-Thumb.jpg","datePublished":"2014-10-23T17:30:40+00:00","author":{"@id":"https:\/\/www.portdesitges.com\/#\/schema\/person\/a9e788079fa8154d434e3acb5cc9a560"},"breadcrumb":{"@id":"https:\/\/www.portdesitges.com\/ca\/el-port-de-sitges-aiguadolc-acull-un-any-mes-la-regata-sitges-ciutadella\/#breadcrumb"},"inLanguage":"ca","potentialAction":[{"@type":"ReadAction","target":["https:\/\/www.portdesitges.com\/ca\/el-port-de-sitges-aiguadolc-acull-un-any-mes-la-regata-sitges-ciutadella\/"]}]},{"@type":"ImageObject","inLanguage":"ca","@id":"https:\/\/www.portdesitges.com\/ca\/el-port-de-sitges-aiguadolc-acull-un-any-mes-la-regata-sitges-ciutadella\/#primaryimage","url":"https:\/\/www.portdesitges.com\/wp-content\/uploads\/2014\/10\/Regata-Sitges-Ciutadella-Thumb.jpg","contentUrl":"https:\/\/www.portdesitges.com\/wp-content\/uploads\/2014\/10\/Regata-Sitges-Ciutadella-Thumb.jpg","width":300,"height":300},{"@type":"BreadcrumbList","@id":"https:\/\/www.portdesitges.com\/ca\/el-port-de-sitges-aiguadolc-acull-un-any-mes-la-regata-sitges-ciutadella\/#breadcrumb","itemListElement":[{"@type":"ListItem","position":1,"name":"Portada","item":"https:\/\/www.portdesitges.com\/ca\/"},{"@type":"ListItem","position":2,"name":"El Port de Sitges-Aiguadol\u00e7 acull un any m\u00e9s la Regata Sitges-Ciutadella"}]},{"@type":"WebSite","@id":"https:\/\/www.portdesitges.com\/#website","url":"https:\/\/www.portdesitges.com\/","name":"Port de Sitges - Aiguadol\u00e7","description":"lugar donde el mar y la tierra se dan de la mano para crear un espacio \u00fanico y atractivo. Disfruta de un mar de experiencias.","potentialAction":[{"@type":"SearchAction","target":{"@type":"EntryPoint","urlTemplate":"https:\/\/www.portdesitges.com\/?s={search_term_string}"},"query-input":{"@type":"PropertyValueSpecification","valueRequired":true,"valueName":"search_term_string"}}],"inLanguage":"ca"},{"@type":"Person","@id":"https:\/\/www.portdesitges.com\/#\/schema\/person\/a9e788079fa8154d434e3acb5cc9a560","name":"portsitg","image":{"@type":"ImageObject","inLanguage":"ca","@id":"https:\/\/secure.gravatar.com\/avatar\/3859401686883dbd8076c2e625e0365be0dfac18bea72e75083833b81bf7c3a7?s=96&d=mm&r=g","url":"https:\/\/secure.gravatar.com\/avatar\/3859401686883dbd8076c2e625e0365be0dfac18bea72e75083833b81bf7c3a7?s=96&d=mm&r=g","contentUrl":"https:\/\/secure.gravatar.com\/avatar\/3859401686883dbd8076c2e625e0365be0dfac18bea72e75083833b81bf7c3a7?s=96&d=mm&r=g","caption":"portsitg"},"url":"https:\/\/www.portdesitges.com\/ca\/author\/portsitg\/"}]}},"_links":{"self":[{"href":"https:\/\/www.portdesitges.com\/ca\/wp-json\/wp\/v2\/posts\/1324","targetHints":{"allow":["GET"]}}],"collection":[{"href":"https:\/\/www.portdesitges.com\/ca\/wp-json\/wp\/v2\/posts"}],"about":[{"href":"https:\/\/www.portdesitges.com\/ca\/wp-json\/wp\/v2\/types\/post"}],"author":[{"embeddable":true,"href":"https:\/\/www.portdesitges.com\/ca\/wp-json\/wp\/v2\/users\/2"}],"replies":[{"embeddable":true,"href":"https:\/\/www.portdesitges.com\/ca\/wp-json\/wp\/v2\/comments?post=1324"}],"version-history":[{"count":0,"href":"https:\/\/www.portdesitges.com\/ca\/wp-json\/wp\/v2\/posts\/1324\/revisions"}],"wp:featuredmedia":[{"embeddable":true,"href":"https:\/\/www.portdesitges.com\/ca\/wp-json\/wp\/v2\/media\/1326"}],"wp:attachment":[{"href":"https:\/\/www.portdesitges.com\/ca\/wp-json\/wp\/v2\/media?parent=1324"}],"wp:term":[{"taxonomy":"category","embeddable":true,"href":"https:\/\/www.portdesitges.com\/ca\/wp-json\/wp\/v2\/categories?post=1324"},{"taxonomy":"post_tag","embeddable":true,"href":"https:\/\/www.portdesitges.com\/ca\/wp-json\/wp\/v2\/tags?post=1324"}],"curies":[{"name":"wp","href":"https:\/\/api.w.org\/{rel}","templated":true}]}}